{"id":248574,"date":"2025-11-17T18:32:37","date_gmt":"2025-11-17T21:32:37","guid":{"rendered":"https:\/\/www.manaus.am.gov.br\/semcom\/atividade-formacao\/"},"modified":"2025-11-17T18:32:37","modified_gmt":"2025-11-17T21:32:37","slug":"atividade-formacao","status":"publish","type":"post","link":"https:\/\/www.manaus.am.gov.br\/semcom\/atividade-formacao\/","title":{"rendered":"Prefeitura de Manaus realiza encontro para fortalecer lideran\u00e7a e gest\u00e3o escolar na rede municipal de ensino"},"content":{"rendered":"\n<p>Com objetivo de fortalecer a lideran\u00e7a, a postura profissional e a atua\u00e7\u00e3o estrat\u00e9gica dos gestores escolares, a Prefeitura de Manaus, por meio da Secretaria Municipal de Educa\u00e7\u00e3o (Semed), realizou, nesta segunda-feira, 17\/11, na sede da secretaria, na avenida Macei\u00f3, zona Centro-Sul, o Encontro com Diretores Escolares e Coordenadores Distritais 2025.<br>\u00a0<br>A atividade reuniu diretores e coordenadores de todas as Divis\u00f5es Distritais Zonais (DDZs), no per\u00edodo da manh\u00e3 e tarde. A programa\u00e7\u00e3o incluiu temas como lideran\u00e7a inspiradora, \u00e9tica na gest\u00e3o, desafios da intelig\u00eancia artificial na educa\u00e7\u00e3o e pr\u00e1ticas de comunica\u00e7\u00e3o no ambiente escolar.<br><br>Durante o evento, o secret\u00e1rio municipal de Educa\u00e7\u00e3o, Junior Mar, destacou a import\u00e2ncia de investir no desenvolvimento das equipes gestoras. \u201cN\u00f3s estamos investindo em pessoas. Quando fortalecemos nossos diretores, fortalecemos toda a rede. A escola precisa de lideran\u00e7a, acolhimento e vis\u00e3o estrat\u00e9gica para avan\u00e7ar\u201d, afirmou o secret\u00e1rio.<br><br>A jornalista e especialista em comunica\u00e7\u00e3o educacional, H\u00e9lida Tavares, respons\u00e1vel pela palestra do encontro, ressaltou o papel dos gestores no cotidiano escolar. \u201cO gestor \u00e9 a for\u00e7a que inspira, organiza e direciona a comunidade escolar. Liderar \u00e9 servir, influenciar e transformar\u201d, destacou.<br><br>Representando as unidades de ensino, a gestora do Centro Municipal de Educa\u00e7\u00e3o Infantil (Cmei) Maria da F\u00e9, Ism\u00eania Alves, avaliou positivamente a forma\u00e7\u00e3o. \u201cEsses momentos fortalecem nossa pr\u00e1tica di\u00e1ria. Saio daqui renovada e pronta para aplicar novas estrat\u00e9gias no Cmei\u201d, disse.<\/p>\n\n\n\n<p>\u2014- \u2014- \u2014-\u00a0<br><strong>Texto &#8211; <\/strong>\u00a0Jordana Rodrigues\/ Semed\u00a0<br><strong>Fotos &#8211;<\/strong>\u00a0 Ulisson Santos\/ Semed<br><strong>Dispon\u00edveis em &#8211; <\/strong><a href=\"https:\/\/flic.kr\/s\/aHBqjCB4gx\">https:\/\/flic.kr\/s\/aHBqjCB4gx<\/a>\u00a0<\/p>\n","protected":false},"excerpt":{"rendered":"","protected":false},"author":68,"featured_media":248575,"comment_status":"closed","ping_status":"closed","sticky":false,"template":"","format":"standard","meta":{"footnotes":""},"categories":[4981],"tags":[17996,77,62],"acf":[],"yoast_head":"<!-- This site is optimized with the Yoast SEO plugin v23.0 - https:\/\/yoast.com\/wordpress\/plugins\/seo\/ -->\n<title>Prefeitura realiza encontro para fortalecer gest\u00e3o escolar<\/title>\n<meta name=\"description\" content=\"A Prefeitura de Manausrealizou, nesta segunda, na sede da secretaria, na avenida Macei\u00f3, zona Centro-Sul, o Encontro com Diretores Escolares.\" \/>\n<meta name=\"robots\" content=\"index, follow, max-snippet:-1, max-image-preview:large, max-video-preview:-1\" \/>\n<link rel=\"canonical\" href=\"https:\/\/www.manaus.am.gov.br\/semcom\/atividade-formacao\/\" \/>\n<meta property=\"og:locale\" content=\"pt_BR\" \/>\n<meta property=\"og:type\" content=\"article\" \/>\n<meta property=\"og:title\" content=\"Prefeitura realiza encontro para fortalecer gest\u00e3o escolar\" \/>\n<meta property=\"og:description\" content=\"A Prefeitura de Manausrealizou, nesta segunda, na sede da secretaria, na avenida Macei\u00f3, zona Centro-Sul, o Encontro com Diretores Escolares.\" \/>\n<meta property=\"og:url\" content=\"https:\/\/www.manaus.am.gov.br\/semcom\/atividade-formacao\/\" \/>\n<meta property=\"og:site_name\" content=\"SEMCOM\" \/>\n<meta property=\"article:published_time\" content=\"2025-11-17T21:32:37+00:00\" \/>\n<meta property=\"og:image\" content=\"https:\/\/www.manaus.am.gov.br\/semcom\/wp-content\/uploads\/sites\/5\/2025\/11\/54930321316_446e623421_c.jpg\" \/>\n\t<meta property=\"og:image:width\" content=\"799\" \/>\n\t<meta property=\"og:image:height\" content=\"533\" \/>\n\t<meta property=\"og:image:type\" content=\"image\/jpeg\" \/>\n<meta name=\"author\" content=\"bvalente\" \/>\n<meta name=\"twitter:card\" content=\"summary_large_image\" \/>\n<meta name=\"twitter:label1\" content=\"Written by\" \/>\n\t<meta name=\"twitter:data1\" content=\"bvalente\" \/>\n\t<meta name=\"twitter:label2\" content=\"Est. reading time\" \/>\n\t<meta name=\"twitter:data2\" content=\"2 minutos\" \/>\n<script type=\"application\/ld+json\" class=\"yoast-schema-graph\">{\"@context\":\"https:\/\/schema.org\",\"@graph\":[{\"@type\":\"WebPage\",\"@id\":\"https:\/\/www.manaus.am.gov.br\/semcom\/atividade-formacao\/\",\"url\":\"https:\/\/www.manaus.am.gov.br\/semcom\/atividade-formacao\/\",\"name\":\"Prefeitura realiza encontro para fortalecer gest\u00e3o escolar\",\"isPartOf\":{\"@id\":\"https:\/\/www.manaus.am.gov.br\/semcom\/#website\"},\"primaryImageOfPage\":{\"@id\":\"https:\/\/www.manaus.am.gov.br\/semcom\/atividade-formacao\/#primaryimage\"},\"image\":{\"@id\":\"https:\/\/www.manaus.am.gov.br\/semcom\/atividade-formacao\/#primaryimage\"},\"thumbnailUrl\":\"https:\/\/www.manaus.am.gov.br\/semcom\/wp-content\/uploads\/sites\/5\/2025\/11\/54930321316_446e623421_c.jpg\",\"datePublished\":\"2025-11-17T21:32:37+00:00\",\"dateModified\":\"2025-11-17T21:32:37+00:00\",\"author\":{\"@id\":\"https:\/\/www.manaus.am.gov.br\/semcom\/#\/schema\/person\/466a0e03ae4b6062809046bd560ac955\"},\"description\":\"A Prefeitura de Manausrealizou, nesta segunda, na sede da secretaria, na avenida Macei\u00f3, zona Centro-Sul, o Encontro com Diretores Escolares.\",\"inLanguage\":\"pt-BR\",\"potentialAction\":[{\"@type\":\"ReadAction\",\"target\":[\"https:\/\/www.manaus.am.gov.br\/semcom\/atividade-formacao\/\"]}]},{\"@type\":\"ImageObject\",\"inLanguage\":\"pt-BR\",\"@id\":\"https:\/\/www.manaus.am.gov.br\/semcom\/atividade-formacao\/#primaryimage\",\"url\":\"https:\/\/www.manaus.am.gov.br\/semcom\/wp-content\/uploads\/sites\/5\/2025\/11\/54930321316_446e623421_c.jpg\",\"contentUrl\":\"https:\/\/www.manaus.am.gov.br\/semcom\/wp-content\/uploads\/sites\/5\/2025\/11\/54930321316_446e623421_c.jpg\",\"width\":799,\"height\":533,\"caption\":\"#paratodosverem \u2013 Diretores escolares e coordenadores distritais durante atividade de forma\u00e7\u00e3o\"},{\"@type\":\"WebSite\",\"@id\":\"https:\/\/www.manaus.am.gov.br\/semcom\/#website\",\"url\":\"https:\/\/www.manaus.am.gov.br\/semcom\/\",\"name\":\"SEMCOM\",\"description\":\"Secretaria Municipal de Comunica\u00e7\u00e3o\",\"potentialAction\":[{\"@type\":\"SearchAction\",\"target\":{\"@type\":\"EntryPoint\",\"urlTemplate\":\"https:\/\/www.manaus.am.gov.br\/semcom\/?s={search_term_string}\"},\"query-input\":\"required name=search_term_string\"}],\"inLanguage\":\"pt-BR\"},{\"@type\":\"Person\",\"@id\":\"https:\/\/www.manaus.am.gov.br\/semcom\/#\/schema\/person\/466a0e03ae4b6062809046bd560ac955\",\"name\":\"bvalente\",\"image\":{\"@type\":\"ImageObject\",\"inLanguage\":\"pt-BR\",\"@id\":\"https:\/\/www.manaus.am.gov.br\/semcom\/#\/schema\/person\/image\/\",\"url\":\"https:\/\/secure.gravatar.com\/avatar\/3e69bc2b014bdad41adfec3a39de07d2?s=96&d=mm&r=g\",\"contentUrl\":\"https:\/\/secure.gravatar.com\/avatar\/3e69bc2b014bdad41adfec3a39de07d2?s=96&d=mm&r=g\",\"caption\":\"bvalente\"}}]}<\/script>\n<!-- \/ Yoast SEO plugin. -->","yoast_head_json":{"title":"Prefeitura realiza encontro para fortalecer gest\u00e3o escolar","description":"A Prefeitura de Manausrealizou, nesta segunda, na sede da secretaria, na avenida Macei\u00f3, zona Centro-Sul, o Encontro com Diretores Escolares.","robots":{"index":"index","follow":"follow","max-snippet":"max-snippet:-1","max-image-preview":"max-image-preview:large","max-video-preview":"max-video-preview:-1"},"canonical":"https:\/\/www.manaus.am.gov.br\/semcom\/atividade-formacao\/","og_locale":"pt_BR","og_type":"article","og_title":"Prefeitura realiza encontro para fortalecer gest\u00e3o escolar","og_description":"A Prefeitura de Manausrealizou, nesta segunda, na sede da secretaria, na avenida Macei\u00f3, zona Centro-Sul, o Encontro com Diretores Escolares.","og_url":"https:\/\/www.manaus.am.gov.br\/semcom\/atividade-formacao\/","og_site_name":"SEMCOM","article_published_time":"2025-11-17T21:32:37+00:00","og_image":[{"width":799,"height":533,"url":"https:\/\/www.manaus.am.gov.br\/semcom\/wp-content\/uploads\/sites\/5\/2025\/11\/54930321316_446e623421_c.jpg","type":"image\/jpeg"}],"author":"bvalente","twitter_card":"summary_large_image","twitter_misc":{"Written by":"bvalente","Est. reading time":"2 minutos"},"schema":{"@context":"https:\/\/schema.org","@graph":[{"@type":"WebPage","@id":"https:\/\/www.manaus.am.gov.br\/semcom\/atividade-formacao\/","url":"https:\/\/www.manaus.am.gov.br\/semcom\/atividade-formacao\/","name":"Prefeitura realiza encontro para fortalecer gest\u00e3o escolar","isPartOf":{"@id":"https:\/\/www.manaus.am.gov.br\/semcom\/#website"},"primaryImageOfPage":{"@id":"https:\/\/www.manaus.am.gov.br\/semcom\/atividade-formacao\/#primaryimage"},"image":{"@id":"https:\/\/www.manaus.am.gov.br\/semcom\/atividade-formacao\/#primaryimage"},"thumbnailUrl":"https:\/\/www.manaus.am.gov.br\/semcom\/wp-content\/uploads\/sites\/5\/2025\/11\/54930321316_446e623421_c.jpg","datePublished":"2025-11-17T21:32:37+00:00","dateModified":"2025-11-17T21:32:37+00:00","author":{"@id":"https:\/\/www.manaus.am.gov.br\/semcom\/#\/schema\/person\/466a0e03ae4b6062809046bd560ac955"},"description":"A Prefeitura de Manausrealizou, nesta segunda, na sede da secretaria, na avenida Macei\u00f3, zona Centro-Sul, o Encontro com Diretores Escolares.","inLanguage":"pt-BR","potentialAction":[{"@type":"ReadAction","target":["https:\/\/www.manaus.am.gov.br\/semcom\/atividade-formacao\/"]}]},{"@type":"ImageObject","inLanguage":"pt-BR","@id":"https:\/\/www.manaus.am.gov.br\/semcom\/atividade-formacao\/#primaryimage","url":"https:\/\/www.manaus.am.gov.br\/semcom\/wp-content\/uploads\/sites\/5\/2025\/11\/54930321316_446e623421_c.jpg","contentUrl":"https:\/\/www.manaus.am.gov.br\/semcom\/wp-content\/uploads\/sites\/5\/2025\/11\/54930321316_446e623421_c.jpg","width":799,"height":533,"caption":"#paratodosverem \u2013 Diretores escolares e coordenadores distritais durante atividade de forma\u00e7\u00e3o"},{"@type":"WebSite","@id":"https:\/\/www.manaus.am.gov.br\/semcom\/#website","url":"https:\/\/www.manaus.am.gov.br\/semcom\/","name":"SEMCOM","description":"Secretaria Municipal de Comunica\u00e7\u00e3o","potentialAction":[{"@type":"SearchAction","target":{"@type":"EntryPoint","urlTemplate":"https:\/\/www.manaus.am.gov.br\/semcom\/?s={search_term_string}"},"query-input":"required name=search_term_string"}],"inLanguage":"pt-BR"},{"@type":"Person","@id":"https:\/\/www.manaus.am.gov.br\/semcom\/#\/schema\/person\/466a0e03ae4b6062809046bd560ac955","name":"bvalente","image":{"@type":"ImageObject","inLanguage":"pt-BR","@id":"https:\/\/www.manaus.am.gov.br\/semcom\/#\/schema\/person\/image\/","url":"https:\/\/secure.gravatar.com\/avatar\/3e69bc2b014bdad41adfec3a39de07d2?s=96&d=mm&r=g","contentUrl":"https:\/\/secure.gravatar.com\/avatar\/3e69bc2b014bdad41adfec3a39de07d2?s=96&d=mm&r=g","caption":"bvalente"}}]}},"_links":{"self":[{"href":"https:\/\/www.manaus.am.gov.br\/semcom\/wp-json\/wp\/v2\/posts\/248574"}],"collection":[{"href":"https:\/\/www.manaus.am.gov.br\/semcom\/wp-json\/wp\/v2\/posts"}],"about":[{"href":"https:\/\/www.manaus.am.gov.br\/semcom\/wp-json\/wp\/v2\/types\/post"}],"author":[{"embeddable":true,"href":"https:\/\/www.manaus.am.gov.br\/semcom\/wp-json\/wp\/v2\/users\/68"}],"replies":[{"embeddable":true,"href":"https:\/\/www.manaus.am.gov.br\/semcom\/wp-json\/wp\/v2\/comments?post=248574"}],"version-history":[{"count":0,"href":"https:\/\/www.manaus.am.gov.br\/semcom\/wp-json\/wp\/v2\/posts\/248574\/revisions"}],"wp:featuredmedia":[{"embeddable":true,"href":"https:\/\/www.manaus.am.gov.br\/semcom\/wp-json\/wp\/v2\/media\/248575"}],"wp:attachment":[{"href":"https:\/\/www.manaus.am.gov.br\/semcom\/wp-json\/wp\/v2\/media?parent=248574"}],"wp:term":[{"taxonomy":"category","embeddable":true,"href":"https:\/\/www.manaus.am.gov.br\/semcom\/wp-json\/wp\/v2\/categories?post=248574"},{"taxonomy":"post_tag","embeddable":true,"href":"https:\/\/www.manaus.am.gov.br\/semcom\/wp-json\/wp\/v2\/tags?post=248574"}],"curies":[{"name":"wp","href":"https:\/\/api.w.org\/{rel}","templated":true}]}}