{"id":248570,"date":"2025-11-17T17:18:07","date_gmt":"2025-11-17T21:18:07","guid":{"rendered":"https:\/\/www.manaus.am.gov.br\/semcom\/manausprev-recertificacao-iso-90012015\/"},"modified":"2025-11-17T17:18:07","modified_gmt":"2025-11-17T21:18:07","slug":"manausprev-recertificacao-iso-90012015","status":"publish","type":"post","link":"https:\/\/www.manaus.am.gov.br\/semcom\/manausprev-recertificacao-iso-90012015\/","title":{"rendered":"Manaus Previd\u00eancia inicia auditoria para recertifica\u00e7\u00e3o da ISO 9001:2015"},"content":{"rendered":"\n<p>A Manaus Previd\u00eancia deu in\u00edcio, nesta segunda-feira, 17\/11, \u00e0 auditoria externa para recertifica\u00e7\u00e3o da ISO 9001:2015, conduzida pela empresa Bureau Veritas, refer\u00eancia internacional em certifica\u00e7\u00f5es de qualidade. O processo seguir\u00e1 nos dias 18, 19 e 24\/11, avaliando a conformidade da autarquia com os requisitos do Sistema de Gest\u00e3o da Qualidade.<\/p>\n\n\n\n<p>Os trabalhos come\u00e7aram com a reuni\u00e3o de abertura, em que foram apresentados o planejamento, os objetivos e o escopo da auditoria. Na sequ\u00eancia, a avaliadora Luciene Cime iniciou a an\u00e1lise dos primeiros setores, come\u00e7ando pela Assessoria T\u00e9cnica (Astec), passando pela Alta Dire\u00e7\u00e3o e pela Auditoria Interna (Audin).<\/p>\n\n\n\n<p>\u201cEstamos preparados para esse momento. Somos um RPPS de refer\u00eancia e atuamos conscientes da responsabilidade que carregamos, sempre com um time de excel\u00eancia\u201d, aponta a diretora-presidente da autarquia, Daniela Benayon.<\/p>\n\n\n\n<p>Para o segundo dia, a programa\u00e7\u00e3o inclui a verifica\u00e7\u00e3o dos processos das \u00e1reas financeira e de arrecada\u00e7\u00e3o, seguida pela contabilidade. No per\u00edodo da tarde, ser\u00e1 a vez dos setores respons\u00e1veis pela concess\u00e3o de benef\u00edcios e, em seguida, pela manuten\u00e7\u00e3o de benef\u00edcios, \u00e1reas estrat\u00e9gicas para a garantia de servi\u00e7os eficientes e seguros.<\/p>\n\n\n\n<p>Os demais dias incluem manuten\u00e7\u00e3o e aquisi\u00e7\u00e3o, terceiros, gest\u00e3o de pessoas, planejamento e or\u00e7amento e tecnologia da informa\u00e7\u00e3o.<\/p>\n\n\n\n<p>A recertifica\u00e7\u00e3o da ISO 9001:2015 reafirma o compromisso da Manaus Previd\u00eancia com a melhoria cont\u00ednua, a transpar\u00eancia e a entrega de servi\u00e7os de excel\u00eancia aos servidores ativos, aposentados e pensionistas do munic\u00edpio.<\/p>\n\n\n\n<p>O in\u00edcio do \u00faltimo ciclo da certifica\u00e7\u00e3o foi em 3 de fevereiro de 2023, com revis\u00e3o em 20 de janeiro deste ano, e a validade \u00e9 at\u00e9 18 de dezembro deste ano.<\/p>\n\n\n\n<figure class=\"wp-block-image size-large\"><img loading=\"lazy\" decoding=\"async\" width=\"1024\" height=\"811\" src=\"https:\/\/www.manaus.am.gov.br\/semcom\/wp-content\/uploads\/sites\/5\/2025\/11\/Auditoria-externa-2-1024x811.jpeg\" alt=\"\" class=\"wp-image-248572\" srcset=\"https:\/\/www.manaus.am.gov.br\/semcom\/wp-content\/uploads\/sites\/5\/2025\/11\/Auditoria-externa-2-1024x811.jpeg 1024w, https:\/\/www.manaus.am.gov.br\/semcom\/wp-content\/uploads\/sites\/5\/2025\/11\/Auditoria-externa-2-300x238.jpeg 300w, https:\/\/www.manaus.am.gov.br\/semcom\/wp-content\/uploads\/sites\/5\/2025\/11\/Auditoria-externa-2-768x608.jpeg 768w, https:\/\/www.manaus.am.gov.br\/semcom\/wp-content\/uploads\/sites\/5\/2025\/11\/Auditoria-externa-2-1536x1216.jpeg 1536w, https:\/\/www.manaus.am.gov.br\/semcom\/wp-content\/uploads\/sites\/5\/2025\/11\/Auditoria-externa-2.jpeg 1600w\" sizes=\"(max-width: 1024px) 100vw, 1024px\" \/><\/figure>\n\n\n\n<p>&#8212; &#8212; &#8212;<\/p>\n\n\n\n<p><strong>Texto e fotos<\/strong>&nbsp;\u2013 Renata Felix\/Manaus Previd\u00eancia<\/p>\n","protected":false},"excerpt":{"rendered":"","protected":false},"author":39,"featured_media":248571,"comment_status":"closed","ping_status":"closed","sticky":false,"template":"","format":"standard","meta":{"footnotes":""},"categories":[2205],"tags":[17994,228,77,17995,366],"acf":[],"yoast_head":"<!-- This site is optimized with the Yoast SEO plugin v23.0 - https:\/\/yoast.com\/wordpress\/plugins\/seo\/ -->\n<title>Manausprev inicia auditoria para recertifica\u00e7\u00e3o da ISO 9001:2015<\/title>\n<meta name=\"description\" content=\"Manaus Previd\u00eancia inicia auditoria para recertifica\u00e7\u00e3o da ISO 9001:2015 conduzida pela empresa Bureau Veritas.\" \/>\n<meta name=\"robots\" content=\"index, follow, max-snippet:-1, max-image-preview:large, max-video-preview:-1\" \/>\n<link rel=\"canonical\" href=\"https:\/\/www.manaus.am.gov.br\/semcom\/manausprev-recertificacao-iso-90012015\/\" \/>\n<meta property=\"og:locale\" content=\"pt_BR\" \/>\n<meta property=\"og:type\" content=\"article\" \/>\n<meta property=\"og:title\" content=\"Manausprev inicia auditoria para recertifica\u00e7\u00e3o da ISO 9001:2015\" \/>\n<meta property=\"og:description\" content=\"Manaus Previd\u00eancia inicia auditoria para recertifica\u00e7\u00e3o da ISO 9001:2015 conduzida pela empresa Bureau Veritas.\" \/>\n<meta property=\"og:url\" content=\"https:\/\/www.manaus.am.gov.br\/semcom\/manausprev-recertificacao-iso-90012015\/\" \/>\n<meta property=\"og:site_name\" content=\"SEMCOM\" \/>\n<meta property=\"article:published_time\" content=\"2025-11-17T21:18:07+00:00\" \/>\n<meta property=\"og:image\" content=\"https:\/\/www.manaus.am.gov.br\/semcom\/wp-content\/uploads\/sites\/5\/2025\/11\/Auditoria-externa-1.jpeg\" \/>\n\t<meta property=\"og:image:width\" content=\"1600\" \/>\n\t<meta property=\"og:image:height\" content=\"1200\" \/>\n\t<meta property=\"og:image:type\" content=\"image\/jpeg\" \/>\n<meta name=\"author\" content=\"Bruna Greco\" \/>\n<meta name=\"twitter:card\" content=\"summary_large_image\" \/>\n<meta name=\"twitter:label1\" content=\"Written by\" \/>\n\t<meta name=\"twitter:data1\" content=\"Bruna Greco\" \/>\n\t<meta name=\"twitter:label2\" content=\"Est. reading time\" \/>\n\t<meta name=\"twitter:data2\" content=\"2 minutos\" \/>\n<script type=\"application\/ld+json\" class=\"yoast-schema-graph\">{\"@context\":\"https:\/\/schema.org\",\"@graph\":[{\"@type\":\"WebPage\",\"@id\":\"https:\/\/www.manaus.am.gov.br\/semcom\/manausprev-recertificacao-iso-90012015\/\",\"url\":\"https:\/\/www.manaus.am.gov.br\/semcom\/manausprev-recertificacao-iso-90012015\/\",\"name\":\"Manausprev inicia auditoria para recertifica\u00e7\u00e3o da ISO 9001:2015\",\"isPartOf\":{\"@id\":\"https:\/\/www.manaus.am.gov.br\/semcom\/#website\"},\"primaryImageOfPage\":{\"@id\":\"https:\/\/www.manaus.am.gov.br\/semcom\/manausprev-recertificacao-iso-90012015\/#primaryimage\"},\"image\":{\"@id\":\"https:\/\/www.manaus.am.gov.br\/semcom\/manausprev-recertificacao-iso-90012015\/#primaryimage\"},\"thumbnailUrl\":\"https:\/\/www.manaus.am.gov.br\/semcom\/wp-content\/uploads\/sites\/5\/2025\/11\/Auditoria-externa-1.jpeg\",\"datePublished\":\"2025-11-17T21:18:07+00:00\",\"dateModified\":\"2025-11-17T21:18:07+00:00\",\"author\":{\"@id\":\"https:\/\/www.manaus.am.gov.br\/semcom\/#\/schema\/person\/05d223aea2bf115f9883a6ff3683d81b\"},\"description\":\"Manaus Previd\u00eancia inicia auditoria para recertifica\u00e7\u00e3o da ISO 9001:2015 conduzida pela empresa Bureau Veritas.\",\"inLanguage\":\"pt-BR\",\"potentialAction\":[{\"@type\":\"ReadAction\",\"target\":[\"https:\/\/www.manaus.am.gov.br\/semcom\/manausprev-recertificacao-iso-90012015\/\"]}]},{\"@type\":\"ImageObject\",\"inLanguage\":\"pt-BR\",\"@id\":\"https:\/\/www.manaus.am.gov.br\/semcom\/manausprev-recertificacao-iso-90012015\/#primaryimage\",\"url\":\"https:\/\/www.manaus.am.gov.br\/semcom\/wp-content\/uploads\/sites\/5\/2025\/11\/Auditoria-externa-1.jpeg\",\"contentUrl\":\"https:\/\/www.manaus.am.gov.br\/semcom\/wp-content\/uploads\/sites\/5\/2025\/11\/Auditoria-externa-1.jpeg\",\"width\":1600,\"height\":1200,\"caption\":\"#paratodosverem - Diretora-presidente da Manaus Previd\u00eancia, Daniela Benayon, acompanhada de servidoras da autarquia, durante reuni\u00e3o de abertura da auditoria para recertifica\u00e7\u00e3o da ISO 9001:2015\"},{\"@type\":\"WebSite\",\"@id\":\"https:\/\/www.manaus.am.gov.br\/semcom\/#website\",\"url\":\"https:\/\/www.manaus.am.gov.br\/semcom\/\",\"name\":\"SEMCOM\",\"description\":\"Secretaria Municipal de Comunica\u00e7\u00e3o\",\"potentialAction\":[{\"@type\":\"SearchAction\",\"target\":{\"@type\":\"EntryPoint\",\"urlTemplate\":\"https:\/\/www.manaus.am.gov.br\/semcom\/?s={search_term_string}\"},\"query-input\":\"required name=search_term_string\"}],\"inLanguage\":\"pt-BR\"},{\"@type\":\"Person\",\"@id\":\"https:\/\/www.manaus.am.gov.br\/semcom\/#\/schema\/person\/05d223aea2bf115f9883a6ff3683d81b\",\"name\":\"Bruna Greco\",\"image\":{\"@type\":\"ImageObject\",\"inLanguage\":\"pt-BR\",\"@id\":\"https:\/\/www.manaus.am.gov.br\/semcom\/#\/schema\/person\/image\/\",\"url\":\"https:\/\/secure.gravatar.com\/avatar\/9c877d1a6adc2a055330e5c09a8653ce?s=96&d=mm&r=g\",\"contentUrl\":\"https:\/\/secure.gravatar.com\/avatar\/9c877d1a6adc2a055330e5c09a8653ce?s=96&d=mm&r=g\",\"caption\":\"Bruna Greco\"}}]}<\/script>\n<!-- \/ Yoast SEO plugin. -->","yoast_head_json":{"title":"Manausprev inicia auditoria para recertifica\u00e7\u00e3o da ISO 9001:2015","description":"Manaus Previd\u00eancia inicia auditoria para recertifica\u00e7\u00e3o da ISO 9001:2015 conduzida pela empresa Bureau Veritas.","robots":{"index":"index","follow":"follow","max-snippet":"max-snippet:-1","max-image-preview":"max-image-preview:large","max-video-preview":"max-video-preview:-1"},"canonical":"https:\/\/www.manaus.am.gov.br\/semcom\/manausprev-recertificacao-iso-90012015\/","og_locale":"pt_BR","og_type":"article","og_title":"Manausprev inicia auditoria para recertifica\u00e7\u00e3o da ISO 9001:2015","og_description":"Manaus Previd\u00eancia inicia auditoria para recertifica\u00e7\u00e3o da ISO 9001:2015 conduzida pela empresa Bureau Veritas.","og_url":"https:\/\/www.manaus.am.gov.br\/semcom\/manausprev-recertificacao-iso-90012015\/","og_site_name":"SEMCOM","article_published_time":"2025-11-17T21:18:07+00:00","og_image":[{"width":1600,"height":1200,"url":"https:\/\/www.manaus.am.gov.br\/semcom\/wp-content\/uploads\/sites\/5\/2025\/11\/Auditoria-externa-1.jpeg","type":"image\/jpeg"}],"author":"Bruna Greco","twitter_card":"summary_large_image","twitter_misc":{"Written by":"Bruna Greco","Est. reading time":"2 minutos"},"schema":{"@context":"https:\/\/schema.org","@graph":[{"@type":"WebPage","@id":"https:\/\/www.manaus.am.gov.br\/semcom\/manausprev-recertificacao-iso-90012015\/","url":"https:\/\/www.manaus.am.gov.br\/semcom\/manausprev-recertificacao-iso-90012015\/","name":"Manausprev inicia auditoria para recertifica\u00e7\u00e3o da ISO 9001:2015","isPartOf":{"@id":"https:\/\/www.manaus.am.gov.br\/semcom\/#website"},"primaryImageOfPage":{"@id":"https:\/\/www.manaus.am.gov.br\/semcom\/manausprev-recertificacao-iso-90012015\/#primaryimage"},"image":{"@id":"https:\/\/www.manaus.am.gov.br\/semcom\/manausprev-recertificacao-iso-90012015\/#primaryimage"},"thumbnailUrl":"https:\/\/www.manaus.am.gov.br\/semcom\/wp-content\/uploads\/sites\/5\/2025\/11\/Auditoria-externa-1.jpeg","datePublished":"2025-11-17T21:18:07+00:00","dateModified":"2025-11-17T21:18:07+00:00","author":{"@id":"https:\/\/www.manaus.am.gov.br\/semcom\/#\/schema\/person\/05d223aea2bf115f9883a6ff3683d81b"},"description":"Manaus Previd\u00eancia inicia auditoria para recertifica\u00e7\u00e3o da ISO 9001:2015 conduzida pela empresa Bureau Veritas.","inLanguage":"pt-BR","potentialAction":[{"@type":"ReadAction","target":["https:\/\/www.manaus.am.gov.br\/semcom\/manausprev-recertificacao-iso-90012015\/"]}]},{"@type":"ImageObject","inLanguage":"pt-BR","@id":"https:\/\/www.manaus.am.gov.br\/semcom\/manausprev-recertificacao-iso-90012015\/#primaryimage","url":"https:\/\/www.manaus.am.gov.br\/semcom\/wp-content\/uploads\/sites\/5\/2025\/11\/Auditoria-externa-1.jpeg","contentUrl":"https:\/\/www.manaus.am.gov.br\/semcom\/wp-content\/uploads\/sites\/5\/2025\/11\/Auditoria-externa-1.jpeg","width":1600,"height":1200,"caption":"#paratodosverem - Diretora-presidente da Manaus Previd\u00eancia, Daniela Benayon, acompanhada de servidoras da autarquia, durante reuni\u00e3o de abertura da auditoria para recertifica\u00e7\u00e3o da ISO 9001:2015"},{"@type":"WebSite","@id":"https:\/\/www.manaus.am.gov.br\/semcom\/#website","url":"https:\/\/www.manaus.am.gov.br\/semcom\/","name":"SEMCOM","description":"Secretaria Municipal de Comunica\u00e7\u00e3o","potentialAction":[{"@type":"SearchAction","target":{"@type":"EntryPoint","urlTemplate":"https:\/\/www.manaus.am.gov.br\/semcom\/?s={search_term_string}"},"query-input":"required name=search_term_string"}],"inLanguage":"pt-BR"},{"@type":"Person","@id":"https:\/\/www.manaus.am.gov.br\/semcom\/#\/schema\/person\/05d223aea2bf115f9883a6ff3683d81b","name":"Bruna Greco","image":{"@type":"ImageObject","inLanguage":"pt-BR","@id":"https:\/\/www.manaus.am.gov.br\/semcom\/#\/schema\/person\/image\/","url":"https:\/\/secure.gravatar.com\/avatar\/9c877d1a6adc2a055330e5c09a8653ce?s=96&d=mm&r=g","contentUrl":"https:\/\/secure.gravatar.com\/avatar\/9c877d1a6adc2a055330e5c09a8653ce?s=96&d=mm&r=g","caption":"Bruna Greco"}}]}},"_links":{"self":[{"href":"https:\/\/www.manaus.am.gov.br\/semcom\/wp-json\/wp\/v2\/posts\/248570"}],"collection":[{"href":"https:\/\/www.manaus.am.gov.br\/semcom\/wp-json\/wp\/v2\/posts"}],"about":[{"href":"https:\/\/www.manaus.am.gov.br\/semcom\/wp-json\/wp\/v2\/types\/post"}],"author":[{"embeddable":true,"href":"https:\/\/www.manaus.am.gov.br\/semcom\/wp-json\/wp\/v2\/users\/39"}],"replies":[{"embeddable":true,"href":"https:\/\/www.manaus.am.gov.br\/semcom\/wp-json\/wp\/v2\/comments?post=248570"}],"version-history":[{"count":1,"href":"https:\/\/www.manaus.am.gov.br\/semcom\/wp-json\/wp\/v2\/posts\/248570\/revisions"}],"predecessor-version":[{"id":248573,"href":"https:\/\/www.manaus.am.gov.br\/semcom\/wp-json\/wp\/v2\/posts\/248570\/revisions\/248573"}],"wp:featuredmedia":[{"embeddable":true,"href":"https:\/\/www.manaus.am.gov.br\/semcom\/wp-json\/wp\/v2\/media\/248571"}],"wp:attachment":[{"href":"https:\/\/www.manaus.am.gov.br\/semcom\/wp-json\/wp\/v2\/media?parent=248570"}],"wp:term":[{"taxonomy":"category","embeddable":true,"href":"https:\/\/www.manaus.am.gov.br\/semcom\/wp-json\/wp\/v2\/categories?post=248570"},{"taxonomy":"post_tag","embeddable":true,"href":"https:\/\/www.manaus.am.gov.br\/semcom\/wp-json\/wp\/v2\/tags?post=248570"}],"curies":[{"name":"wp","href":"https:\/\/api.w.org\/{rel}","templated":true}]}}