{"id":248499,"date":"2025-11-14T18:05:29","date_gmt":"2025-11-14T21:05:29","guid":{"rendered":"https:\/\/www.manaus.am.gov.br\/semcom\/capacitacao-sobre-elaboracao-de-emendas\/"},"modified":"2025-11-14T18:05:30","modified_gmt":"2025-11-14T21:05:30","slug":"capacitacao-sobre-elaboracao-de-emendas","status":"publish","type":"post","link":"https:\/\/www.manaus.am.gov.br\/semcom\/capacitacao-sobre-elaboracao-de-emendas\/","title":{"rendered":"Prefeitura participa de capacita\u00e7\u00e3o sobre elabora\u00e7\u00e3o de emendas impositivas para servidores da CMM"},"content":{"rendered":"\n<p>A Prefeitura de Manaus, por meio da Secretaria Municipal de Finan\u00e7as, Planejamento e Tecnologia da Informa\u00e7\u00e3o (Semef), ministrou, na manh\u00e3 desta sexta-feira, 14\/11, um curso t\u00e9cnico voltado \u00e0 elabora\u00e7\u00e3o das emendas parlamentares impositivas ao Projeto de Lei Or\u00e7ament\u00e1ria Anual (Ploa) de 2026. A capacita\u00e7\u00e3o, promovida pela Subsecretaria de Or\u00e7amento e Projetos da Semef, ocorreu no audit\u00f3rio Zany dos Reis, na C\u00e2mara Municipal de Manaus (CMM), e reuniu assessores, t\u00e9cnicos legislativos e representantes de diversos setores do Legislativo e do Executivo municipal.<br><br>A subsecret\u00e1ria de Or\u00e7amento e Projetos, Karliley Capucho, conduziu a forma\u00e7\u00e3o, e destacou a import\u00e2ncia do alinhamento t\u00e9cnico entre os poderes para garantir a correta execu\u00e7\u00e3o das emendas. \u201cNo curso, orientamos toda a parte legal e t\u00e9cnica e apresentamos as melhores pr\u00e1ticas para elabora\u00e7\u00e3o das emendas, para que elas tramitem da forma mais r\u00e1pida poss\u00edvel e cheguem \u00e0 sociedade sem entraves\u201d, afirmou.<br><br>Segundo ela, a Prefeitura de Manaus, por meio da Semef, mant\u00e9m, anualmente, um di\u00e1logo pr\u00f3ximo com a C\u00e2mara Municipal. \u201cN\u00e3o \u00e9 a primeira vez que realizamos essa a\u00e7\u00e3o. Mantemos um contato direto com os assessores, mesmo ap\u00f3s o curso, para esclarecer d\u00favidas durante a elabora\u00e7\u00e3o das emendas\u201d, completou.<br><br>Participaram do treinamento assessores e t\u00e9cnicos dos gabinetes dos vereadores, al\u00e9m da equipe do Departamento Legislativo da CMM, respons\u00e1vel pela primeira an\u00e1lise das emendas, e representantes da Controladoria-Geral do Munic\u00edpio (CGM) e da pr\u00f3pria Semef.<br><br>O diretor legislativo da CMM, Darlen Monteiro, ressaltou que a capacita\u00e7\u00e3o integra um esfor\u00e7o da Mesa Diretora em fortalecer a atua\u00e7\u00e3o t\u00e9cnica dos gabinetes parlamentares. \u201cA preocupa\u00e7\u00e3o da C\u00e2mara Municipal \u00e9 oferecer a melhor estrutura para o desempenho do mandato. Essa parceria institucional com a Semef garante que as emendas sejam elaboradas com a melhor t\u00e9cnica legislativa\u201d, afirmou.<br><br>Para ele, o trabalho conjunto traz benef\u00edcios diretos ao processo legislativo. \u201cIsso permite que toda a tramita\u00e7\u00e3o ocorra de maneira eficiente e que o objetivo final seja alcan\u00e7ado, que \u00e9 de propor emendas que atendam, de fato, \u00e0s necessidades da popula\u00e7\u00e3o\u201d, destacou.<br><br>A capacita\u00e7\u00e3o integra o ciclo anual de alinhamento entre Executivo e Legislativo para o processo or\u00e7ament\u00e1rio, refor\u00e7ando o compromisso da Prefeitura de Manaus com a transpar\u00eancia, a efici\u00eancia e a boa aplica\u00e7\u00e3o dos recursos p\u00fablicos.<\/p>\n\n\n\n<p>\u2014- \u2014- \u2014-\u00a0<br><strong>Texto &#8211; <\/strong>Anderson Farias \/ Semef<br><strong>Fotos &#8211; <\/strong>Sidinei Rodrigues \/ Semef<\/p>\n","protected":false},"excerpt":{"rendered":"","protected":false},"author":68,"featured_media":248500,"comment_status":"closed","ping_status":"closed","sticky":false,"template":"","format":"standard","meta":{"footnotes":""},"categories":[4981],"tags":[17973,17974,77,157],"acf":[],"yoast_head":"<!-- This site is optimized with the Yoast SEO plugin v23.0 - https:\/\/yoast.com\/wordpress\/plugins\/seo\/ -->\n<title>Prefeitura participa de capacita\u00e7\u00e3o sobre elabora\u00e7\u00e3o de emendas impositivas<\/title>\n<meta name=\"description\" content=\"A Prefeitura de Manaus ministrou, um curso t\u00e9cnico voltado \u00e0 elabora\u00e7\u00e3o das emendas parlamentares impositivas Ploa de 2026.\" \/>\n<meta name=\"robots\" content=\"index, follow, max-snippet:-1, max-image-preview:large, max-video-preview:-1\" \/>\n<link rel=\"canonical\" href=\"https:\/\/www.manaus.am.gov.br\/semcom\/capacitacao-sobre-elaboracao-de-emendas\/\" \/>\n<meta property=\"og:locale\" content=\"pt_BR\" \/>\n<meta property=\"og:type\" content=\"article\" \/>\n<meta property=\"og:title\" content=\"Prefeitura participa de capacita\u00e7\u00e3o sobre elabora\u00e7\u00e3o de emendas impositivas\" \/>\n<meta property=\"og:description\" content=\"A Prefeitura de Manaus ministrou, um curso t\u00e9cnico voltado \u00e0 elabora\u00e7\u00e3o das emendas parlamentares impositivas Ploa de 2026.\" \/>\n<meta property=\"og:url\" content=\"https:\/\/www.manaus.am.gov.br\/semcom\/capacitacao-sobre-elaboracao-de-emendas\/\" \/>\n<meta property=\"og:site_name\" content=\"SEMCOM\" \/>\n<meta property=\"article:published_time\" content=\"2025-11-14T21:05:29+00:00\" \/>\n<meta property=\"article:modified_time\" content=\"2025-11-14T21:05:30+00:00\" \/>\n<meta property=\"og:image\" content=\"https:\/\/www.manaus.am.gov.br\/semcom\/wp-content\/uploads\/sites\/5\/2025\/11\/capacitacao-sobre-elaboracao-de-emendas-impositivas-para-servidores-da-CMM.jpg\" \/>\n\t<meta property=\"og:image:width\" content=\"1600\" \/>\n\t<meta property=\"og:image:height\" content=\"1067\" \/>\n\t<meta property=\"og:image:type\" content=\"image\/jpeg\" \/>\n<meta name=\"author\" content=\"bvalente\" \/>\n<meta name=\"twitter:card\" content=\"summary_large_image\" \/>\n<meta name=\"twitter:label1\" content=\"Written by\" \/>\n\t<meta name=\"twitter:data1\" content=\"bvalente\" \/>\n\t<meta name=\"twitter:label2\" content=\"Est. reading time\" \/>\n\t<meta name=\"twitter:data2\" content=\"3 minutos\" \/>\n<script type=\"application\/ld+json\" class=\"yoast-schema-graph\">{\"@context\":\"https:\/\/schema.org\",\"@graph\":[{\"@type\":\"WebPage\",\"@id\":\"https:\/\/www.manaus.am.gov.br\/semcom\/capacitacao-sobre-elaboracao-de-emendas\/\",\"url\":\"https:\/\/www.manaus.am.gov.br\/semcom\/capacitacao-sobre-elaboracao-de-emendas\/\",\"name\":\"Prefeitura participa de capacita\u00e7\u00e3o sobre elabora\u00e7\u00e3o de emendas impositivas\",\"isPartOf\":{\"@id\":\"https:\/\/www.manaus.am.gov.br\/semcom\/#website\"},\"primaryImageOfPage\":{\"@id\":\"https:\/\/www.manaus.am.gov.br\/semcom\/capacitacao-sobre-elaboracao-de-emendas\/#primaryimage\"},\"image\":{\"@id\":\"https:\/\/www.manaus.am.gov.br\/semcom\/capacitacao-sobre-elaboracao-de-emendas\/#primaryimage\"},\"thumbnailUrl\":\"https:\/\/www.manaus.am.gov.br\/semcom\/wp-content\/uploads\/sites\/5\/2025\/11\/capacitacao-sobre-elaboracao-de-emendas-impositivas-para-servidores-da-CMM.jpg\",\"datePublished\":\"2025-11-14T21:05:29+00:00\",\"dateModified\":\"2025-11-14T21:05:30+00:00\",\"author\":{\"@id\":\"https:\/\/www.manaus.am.gov.br\/semcom\/#\/schema\/person\/466a0e03ae4b6062809046bd560ac955\"},\"description\":\"A Prefeitura de Manaus ministrou, um curso t\u00e9cnico voltado \u00e0 elabora\u00e7\u00e3o das emendas parlamentares impositivas Ploa de 2026.\",\"inLanguage\":\"pt-BR\",\"potentialAction\":[{\"@type\":\"ReadAction\",\"target\":[\"https:\/\/www.manaus.am.gov.br\/semcom\/capacitacao-sobre-elaboracao-de-emendas\/\"]}]},{\"@type\":\"ImageObject\",\"inLanguage\":\"pt-BR\",\"@id\":\"https:\/\/www.manaus.am.gov.br\/semcom\/capacitacao-sobre-elaboracao-de-emendas\/#primaryimage\",\"url\":\"https:\/\/www.manaus.am.gov.br\/semcom\/wp-content\/uploads\/sites\/5\/2025\/11\/capacitacao-sobre-elaboracao-de-emendas-impositivas-para-servidores-da-CMM.jpg\",\"contentUrl\":\"https:\/\/www.manaus.am.gov.br\/semcom\/wp-content\/uploads\/sites\/5\/2025\/11\/capacitacao-sobre-elaboracao-de-emendas-impositivas-para-servidores-da-CMM.jpg\",\"width\":1600,\"height\":1067,\"caption\":\"#paratodosverem \u2013 subsecret\u00e1ria de Or\u00e7amento e Projetos, Karliley Capucho, conduzindo a forma\u00e7\u00e3o\"},{\"@type\":\"WebSite\",\"@id\":\"https:\/\/www.manaus.am.gov.br\/semcom\/#website\",\"url\":\"https:\/\/www.manaus.am.gov.br\/semcom\/\",\"name\":\"SEMCOM\",\"description\":\"Secretaria Municipal de Comunica\u00e7\u00e3o\",\"potentialAction\":[{\"@type\":\"SearchAction\",\"target\":{\"@type\":\"EntryPoint\",\"urlTemplate\":\"https:\/\/www.manaus.am.gov.br\/semcom\/?s={search_term_string}\"},\"query-input\":\"required name=search_term_string\"}],\"inLanguage\":\"pt-BR\"},{\"@type\":\"Person\",\"@id\":\"https:\/\/www.manaus.am.gov.br\/semcom\/#\/schema\/person\/466a0e03ae4b6062809046bd560ac955\",\"name\":\"bvalente\",\"image\":{\"@type\":\"ImageObject\",\"inLanguage\":\"pt-BR\",\"@id\":\"https:\/\/www.manaus.am.gov.br\/semcom\/#\/schema\/person\/image\/\",\"url\":\"https:\/\/secure.gravatar.com\/avatar\/3e69bc2b014bdad41adfec3a39de07d2?s=96&d=mm&r=g\",\"contentUrl\":\"https:\/\/secure.gravatar.com\/avatar\/3e69bc2b014bdad41adfec3a39de07d2?s=96&d=mm&r=g\",\"caption\":\"bvalente\"}}]}<\/script>\n<!-- \/ Yoast SEO plugin. -->","yoast_head_json":{"title":"Prefeitura participa de capacita\u00e7\u00e3o sobre elabora\u00e7\u00e3o de emendas impositivas","description":"A Prefeitura de Manaus ministrou, um curso t\u00e9cnico voltado \u00e0 elabora\u00e7\u00e3o das emendas parlamentares impositivas Ploa de 2026.","robots":{"index":"index","follow":"follow","max-snippet":"max-snippet:-1","max-image-preview":"max-image-preview:large","max-video-preview":"max-video-preview:-1"},"canonical":"https:\/\/www.manaus.am.gov.br\/semcom\/capacitacao-sobre-elaboracao-de-emendas\/","og_locale":"pt_BR","og_type":"article","og_title":"Prefeitura participa de capacita\u00e7\u00e3o sobre elabora\u00e7\u00e3o de emendas impositivas","og_description":"A Prefeitura de Manaus ministrou, um curso t\u00e9cnico voltado \u00e0 elabora\u00e7\u00e3o das emendas parlamentares impositivas Ploa de 2026.","og_url":"https:\/\/www.manaus.am.gov.br\/semcom\/capacitacao-sobre-elaboracao-de-emendas\/","og_site_name":"SEMCOM","article_published_time":"2025-11-14T21:05:29+00:00","article_modified_time":"2025-11-14T21:05:30+00:00","og_image":[{"width":1600,"height":1067,"url":"https:\/\/www.manaus.am.gov.br\/semcom\/wp-content\/uploads\/sites\/5\/2025\/11\/capacitacao-sobre-elaboracao-de-emendas-impositivas-para-servidores-da-CMM.jpg","type":"image\/jpeg"}],"author":"bvalente","twitter_card":"summary_large_image","twitter_misc":{"Written by":"bvalente","Est. reading time":"3 minutos"},"schema":{"@context":"https:\/\/schema.org","@graph":[{"@type":"WebPage","@id":"https:\/\/www.manaus.am.gov.br\/semcom\/capacitacao-sobre-elaboracao-de-emendas\/","url":"https:\/\/www.manaus.am.gov.br\/semcom\/capacitacao-sobre-elaboracao-de-emendas\/","name":"Prefeitura participa de capacita\u00e7\u00e3o sobre elabora\u00e7\u00e3o de emendas impositivas","isPartOf":{"@id":"https:\/\/www.manaus.am.gov.br\/semcom\/#website"},"primaryImageOfPage":{"@id":"https:\/\/www.manaus.am.gov.br\/semcom\/capacitacao-sobre-elaboracao-de-emendas\/#primaryimage"},"image":{"@id":"https:\/\/www.manaus.am.gov.br\/semcom\/capacitacao-sobre-elaboracao-de-emendas\/#primaryimage"},"thumbnailUrl":"https:\/\/www.manaus.am.gov.br\/semcom\/wp-content\/uploads\/sites\/5\/2025\/11\/capacitacao-sobre-elaboracao-de-emendas-impositivas-para-servidores-da-CMM.jpg","datePublished":"2025-11-14T21:05:29+00:00","dateModified":"2025-11-14T21:05:30+00:00","author":{"@id":"https:\/\/www.manaus.am.gov.br\/semcom\/#\/schema\/person\/466a0e03ae4b6062809046bd560ac955"},"description":"A Prefeitura de Manaus ministrou, um curso t\u00e9cnico voltado \u00e0 elabora\u00e7\u00e3o das emendas parlamentares impositivas Ploa de 2026.","inLanguage":"pt-BR","potentialAction":[{"@type":"ReadAction","target":["https:\/\/www.manaus.am.gov.br\/semcom\/capacitacao-sobre-elaboracao-de-emendas\/"]}]},{"@type":"ImageObject","inLanguage":"pt-BR","@id":"https:\/\/www.manaus.am.gov.br\/semcom\/capacitacao-sobre-elaboracao-de-emendas\/#primaryimage","url":"https:\/\/www.manaus.am.gov.br\/semcom\/wp-content\/uploads\/sites\/5\/2025\/11\/capacitacao-sobre-elaboracao-de-emendas-impositivas-para-servidores-da-CMM.jpg","contentUrl":"https:\/\/www.manaus.am.gov.br\/semcom\/wp-content\/uploads\/sites\/5\/2025\/11\/capacitacao-sobre-elaboracao-de-emendas-impositivas-para-servidores-da-CMM.jpg","width":1600,"height":1067,"caption":"#paratodosverem \u2013 subsecret\u00e1ria de Or\u00e7amento e Projetos, Karliley Capucho, conduzindo a forma\u00e7\u00e3o"},{"@type":"WebSite","@id":"https:\/\/www.manaus.am.gov.br\/semcom\/#website","url":"https:\/\/www.manaus.am.gov.br\/semcom\/","name":"SEMCOM","description":"Secretaria Municipal de Comunica\u00e7\u00e3o","potentialAction":[{"@type":"SearchAction","target":{"@type":"EntryPoint","urlTemplate":"https:\/\/www.manaus.am.gov.br\/semcom\/?s={search_term_string}"},"query-input":"required name=search_term_string"}],"inLanguage":"pt-BR"},{"@type":"Person","@id":"https:\/\/www.manaus.am.gov.br\/semcom\/#\/schema\/person\/466a0e03ae4b6062809046bd560ac955","name":"bvalente","image":{"@type":"ImageObject","inLanguage":"pt-BR","@id":"https:\/\/www.manaus.am.gov.br\/semcom\/#\/schema\/person\/image\/","url":"https:\/\/secure.gravatar.com\/avatar\/3e69bc2b014bdad41adfec3a39de07d2?s=96&d=mm&r=g","contentUrl":"https:\/\/secure.gravatar.com\/avatar\/3e69bc2b014bdad41adfec3a39de07d2?s=96&d=mm&r=g","caption":"bvalente"}}]}},"_links":{"self":[{"href":"https:\/\/www.manaus.am.gov.br\/semcom\/wp-json\/wp\/v2\/posts\/248499"}],"collection":[{"href":"https:\/\/www.manaus.am.gov.br\/semcom\/wp-json\/wp\/v2\/posts"}],"about":[{"href":"https:\/\/www.manaus.am.gov.br\/semcom\/wp-json\/wp\/v2\/types\/post"}],"author":[{"embeddable":true,"href":"https:\/\/www.manaus.am.gov.br\/semcom\/wp-json\/wp\/v2\/users\/68"}],"replies":[{"embeddable":true,"href":"https:\/\/www.manaus.am.gov.br\/semcom\/wp-json\/wp\/v2\/comments?post=248499"}],"version-history":[{"count":0,"href":"https:\/\/www.manaus.am.gov.br\/semcom\/wp-json\/wp\/v2\/posts\/248499\/revisions"}],"wp:featuredmedia":[{"embeddable":true,"href":"https:\/\/www.manaus.am.gov.br\/semcom\/wp-json\/wp\/v2\/media\/248500"}],"wp:attachment":[{"href":"https:\/\/www.manaus.am.gov.br\/semcom\/wp-json\/wp\/v2\/media?parent=248499"}],"wp:term":[{"taxonomy":"category","embeddable":true,"href":"https:\/\/www.manaus.am.gov.br\/semcom\/wp-json\/wp\/v2\/categories?post=248499"},{"taxonomy":"post_tag","embeddable":true,"href":"https:\/\/www.manaus.am.gov.br\/semcom\/wp-json\/wp\/v2\/tags?post=248499"}],"curies":[{"name":"wp","href":"https:\/\/api.w.org\/{rel}","templated":true}]}}