{"id":248484,"date":"2025-11-14T15:20:31","date_gmt":"2025-11-14T19:20:31","guid":{"rendered":"https:\/\/www.manaus.am.gov.br\/semcom\/ageman-notificacoes-zona-azul\/"},"modified":"2025-11-14T15:20:31","modified_gmt":"2025-11-14T19:20:31","slug":"ageman-notificacoes-zona-azul","status":"publish","type":"post","link":"https:\/\/www.manaus.am.gov.br\/semcom\/ageman-notificacoes-zona-azul\/","title":{"rendered":"Ageman emite notifica\u00e7\u00f5es ao Zona Azul por pend\u00eancias na avenida Joaquim Nabuco e rua Jos\u00e9 Clemente"},"content":{"rendered":"\n<p>A Ag\u00eancia Reguladora dos Servi\u00e7os P\u00fablicos Delegados do Munic\u00edpio de Manaus (Ageman) emitiu duas notifica\u00e7\u00f5es \u00e0 concession\u00e1ria Cons\u00f3rcio Amaz\u00f4nia, Tecnologia de Tr\u00e2nsito da Amaz\u00f4nia SPE \u2013 Ltda., respons\u00e1vel pela opera\u00e7\u00e3o do servi\u00e7o Zona Azul, ap\u00f3s fiscaliza\u00e7\u00f5es constatarem pend\u00eancias na avenida Joaquim Nabuco e na rua Jos\u00e9 Clemente, no centro de Manaus. Entre as irregularidades est\u00e3o aus\u00eancia de placas para vagas de Pessoa com Defici\u00eancia (PcD), servi\u00e7os de revitaliza\u00e7\u00e3o n\u00e3o executados e falta de demarca\u00e7\u00e3o ap\u00f3s recapeamento asf\u00e1ltico.<\/p>\n\n\n\n<p>Mesmo ap\u00f3s prazos concedidos e reiterados of\u00edcios enviados pela Ageman, a concession\u00e1ria n\u00e3o corrigiu as falhas e deixou de responder \u00e0s solicita\u00e7\u00f5es formais do \u00f3rg\u00e3o regulador municipal. Uma vistoria recente realizada pelos t\u00e9cnicos da Diretoria Executiva de Regula\u00e7\u00e3o e Fiscaliza\u00e7\u00e3o do Servi\u00e7o P\u00fablico de Estacionamento Rotativo comprovou que parte das vagas permanece sem a sinaliza\u00e7\u00e3o adequada.<\/p>\n\n\n\n<p>Por conta das irregularidades e da falta de retorno da concession\u00e1ria, a Ageman determinou a execu\u00e7\u00e3o das corre\u00e7\u00f5es em car\u00e1ter de urg\u00eancia e concedeu 15 dias \u00fateis para manifesta\u00e7\u00e3o formal da empresa. O n\u00e3o atendimento poder\u00e1 resultar em penalidades como advert\u00eancia e multa, conforme prev\u00ea o contrato de concess\u00e3o.<\/p>\n\n\n\n<p>\u201cNosso papel \u00e9 assegurar que o servi\u00e7o funcione com qualidade e dentro das normas estabelecidas. As falhas identificadas precisam ser corrigidas com urg\u00eancia, e a Ageman seguir\u00e1 acompanhando todo o processo\u201d, destacou o diretor executivo de Regula\u00e7\u00e3o e Fiscaliza\u00e7\u00e3o do Servi\u00e7o P\u00fablico de Estacionamento Rotativo, Charles C\u00e2ndido.<\/p>\n\n\n\n<p>Atualmente, o servi\u00e7o Zona Azul oferta 5.124 vagas, sendo 3.814 no centro comercial e hist\u00f3rico de Manaus e 1.320 vagas no conjunto Vieiralves, zona Centro-Sul da capital. O valor da hora custa R$ 3,98 e o tempo de perman\u00eancia nas vagas \u00e9 de no m\u00e1ximo tr\u00eas horas.<\/p>\n\n\n\n<figure class=\"wp-block-image size-large\"><img loading=\"lazy\" decoding=\"async\" width=\"1024\" height=\"768\" src=\"https:\/\/www.manaus.am.gov.br\/semcom\/wp-content\/uploads\/sites\/5\/2025\/11\/WhatsApp-Image-2025-11-14-at-13.24.52-1024x768.jpeg\" alt=\"\" class=\"wp-image-248486\" srcset=\"https:\/\/www.manaus.am.gov.br\/semcom\/wp-content\/uploads\/sites\/5\/2025\/11\/WhatsApp-Image-2025-11-14-at-13.24.52-1024x768.jpeg 1024w, https:\/\/www.manaus.am.gov.br\/semcom\/wp-content\/uploads\/sites\/5\/2025\/11\/WhatsApp-Image-2025-11-14-at-13.24.52-300x225.jpeg 300w, https:\/\/www.manaus.am.gov.br\/semcom\/wp-content\/uploads\/sites\/5\/2025\/11\/WhatsApp-Image-2025-11-14-at-13.24.52-768x576.jpeg 768w, https:\/\/www.manaus.am.gov.br\/semcom\/wp-content\/uploads\/sites\/5\/2025\/11\/WhatsApp-Image-2025-11-14-at-13.24.52.jpeg 1280w\" sizes=\"(max-width: 1024px) 100vw, 1024px\" \/><\/figure>\n\n\n\n<p>&#8212; &#8212; &#8212;<\/p>\n\n\n\n<p><strong>Texto &#8211;&nbsp;<\/strong>Tereza Te\u00f3filo\/Ageman<\/p>\n\n\n\n<p><strong>Fotos \u2013 <\/strong>Divulga\u00e7\u00e3o\/Ageman<\/p>\n","protected":false},"excerpt":{"rendered":"","protected":false},"author":39,"featured_media":248485,"comment_status":"closed","ping_status":"closed","sticky":false,"template":"","format":"standard","meta":{"footnotes":""},"categories":[5701],"tags":[215,17968,17969,17970,77],"acf":[],"yoast_head":"<!-- This site is optimized with the Yoast SEO plugin v23.0 - https:\/\/yoast.com\/wordpress\/plugins\/seo\/ -->\n<title>Ageman emite notifica\u00e7\u00f5es ao Zona Azul por pend\u00eancias no Centro<\/title>\n<meta name=\"description\" content=\"Ageman emite notifica\u00e7\u00f5es ao Zona Azul por pend\u00eancias na avenida Joaquim Nabuco e rua Jos\u00e9 Clemente, no Centro.\" \/>\n<meta name=\"robots\" content=\"index, follow, max-snippet:-1, max-image-preview:large, max-video-preview:-1\" \/>\n<link rel=\"canonical\" href=\"https:\/\/www.manaus.am.gov.br\/semcom\/ageman-notificacoes-zona-azul\/\" \/>\n<meta property=\"og:locale\" content=\"pt_BR\" \/>\n<meta property=\"og:type\" content=\"article\" \/>\n<meta property=\"og:title\" content=\"Ageman emite notifica\u00e7\u00f5es ao Zona Azul por pend\u00eancias no Centro\" \/>\n<meta property=\"og:description\" content=\"Ageman emite notifica\u00e7\u00f5es ao Zona Azul por pend\u00eancias na avenida Joaquim Nabuco e rua Jos\u00e9 Clemente, no Centro.\" \/>\n<meta property=\"og:url\" content=\"https:\/\/www.manaus.am.gov.br\/semcom\/ageman-notificacoes-zona-azul\/\" \/>\n<meta property=\"og:site_name\" content=\"SEMCOM\" \/>\n<meta property=\"article:published_time\" content=\"2025-11-14T19:20:31+00:00\" \/>\n<meta property=\"og:image\" content=\"https:\/\/www.manaus.am.gov.br\/semcom\/wp-content\/uploads\/sites\/5\/2025\/11\/WhatsApp-Image-2025-11-14-at-13.24.53.jpeg\" \/>\n\t<meta property=\"og:image:width\" content=\"1280\" \/>\n\t<meta property=\"og:image:height\" content=\"960\" \/>\n\t<meta property=\"og:image:type\" content=\"image\/jpeg\" \/>\n<meta name=\"author\" content=\"Bruna Greco\" \/>\n<meta name=\"twitter:card\" content=\"summary_large_image\" \/>\n<meta name=\"twitter:label1\" content=\"Written by\" \/>\n\t<meta name=\"twitter:data1\" content=\"Bruna Greco\" \/>\n\t<meta name=\"twitter:label2\" content=\"Est. reading time\" \/>\n\t<meta name=\"twitter:data2\" content=\"2 minutos\" \/>\n<script type=\"application\/ld+json\" class=\"yoast-schema-graph\">{\"@context\":\"https:\/\/schema.org\",\"@graph\":[{\"@type\":\"WebPage\",\"@id\":\"https:\/\/www.manaus.am.gov.br\/semcom\/ageman-notificacoes-zona-azul\/\",\"url\":\"https:\/\/www.manaus.am.gov.br\/semcom\/ageman-notificacoes-zona-azul\/\",\"name\":\"Ageman emite notifica\u00e7\u00f5es ao Zona Azul por pend\u00eancias no Centro\",\"isPartOf\":{\"@id\":\"https:\/\/www.manaus.am.gov.br\/semcom\/#website\"},\"primaryImageOfPage\":{\"@id\":\"https:\/\/www.manaus.am.gov.br\/semcom\/ageman-notificacoes-zona-azul\/#primaryimage\"},\"image\":{\"@id\":\"https:\/\/www.manaus.am.gov.br\/semcom\/ageman-notificacoes-zona-azul\/#primaryimage\"},\"thumbnailUrl\":\"https:\/\/www.manaus.am.gov.br\/semcom\/wp-content\/uploads\/sites\/5\/2025\/11\/WhatsApp-Image-2025-11-14-at-13.24.53.jpeg\",\"datePublished\":\"2025-11-14T19:20:31+00:00\",\"dateModified\":\"2025-11-14T19:20:31+00:00\",\"author\":{\"@id\":\"https:\/\/www.manaus.am.gov.br\/semcom\/#\/schema\/person\/05d223aea2bf115f9883a6ff3683d81b\"},\"description\":\"Ageman emite notifica\u00e7\u00f5es ao Zona Azul por pend\u00eancias na avenida Joaquim Nabuco e rua Jos\u00e9 Clemente, no Centro.\",\"inLanguage\":\"pt-BR\",\"potentialAction\":[{\"@type\":\"ReadAction\",\"target\":[\"https:\/\/www.manaus.am.gov.br\/semcom\/ageman-notificacoes-zona-azul\/\"]}]},{\"@type\":\"ImageObject\",\"inLanguage\":\"pt-BR\",\"@id\":\"https:\/\/www.manaus.am.gov.br\/semcom\/ageman-notificacoes-zona-azul\/#primaryimage\",\"url\":\"https:\/\/www.manaus.am.gov.br\/semcom\/wp-content\/uploads\/sites\/5\/2025\/11\/WhatsApp-Image-2025-11-14-at-13.24.53.jpeg\",\"contentUrl\":\"https:\/\/www.manaus.am.gov.br\/semcom\/wp-content\/uploads\/sites\/5\/2025\/11\/WhatsApp-Image-2025-11-14-at-13.24.53.jpeg\",\"width\":1280,\"height\":960,\"caption\":\"#paratodosverem - Fiscal da Ageman realizando vistoria em vaga de PcD do Zona Azul em rua do Centro de Manaus\"},{\"@type\":\"WebSite\",\"@id\":\"https:\/\/www.manaus.am.gov.br\/semcom\/#website\",\"url\":\"https:\/\/www.manaus.am.gov.br\/semcom\/\",\"name\":\"SEMCOM\",\"description\":\"Secretaria Municipal de Comunica\u00e7\u00e3o\",\"potentialAction\":[{\"@type\":\"SearchAction\",\"target\":{\"@type\":\"EntryPoint\",\"urlTemplate\":\"https:\/\/www.manaus.am.gov.br\/semcom\/?s={search_term_string}\"},\"query-input\":\"required name=search_term_string\"}],\"inLanguage\":\"pt-BR\"},{\"@type\":\"Person\",\"@id\":\"https:\/\/www.manaus.am.gov.br\/semcom\/#\/schema\/person\/05d223aea2bf115f9883a6ff3683d81b\",\"name\":\"Bruna Greco\",\"image\":{\"@type\":\"ImageObject\",\"inLanguage\":\"pt-BR\",\"@id\":\"https:\/\/www.manaus.am.gov.br\/semcom\/#\/schema\/person\/image\/\",\"url\":\"https:\/\/secure.gravatar.com\/avatar\/9c877d1a6adc2a055330e5c09a8653ce?s=96&d=mm&r=g\",\"contentUrl\":\"https:\/\/secure.gravatar.com\/avatar\/9c877d1a6adc2a055330e5c09a8653ce?s=96&d=mm&r=g\",\"caption\":\"Bruna Greco\"}}]}<\/script>\n<!-- \/ Yoast SEO plugin. -->","yoast_head_json":{"title":"Ageman emite notifica\u00e7\u00f5es ao Zona Azul por pend\u00eancias no Centro","description":"Ageman emite notifica\u00e7\u00f5es ao Zona Azul por pend\u00eancias na avenida Joaquim Nabuco e rua Jos\u00e9 Clemente, no Centro.","robots":{"index":"index","follow":"follow","max-snippet":"max-snippet:-1","max-image-preview":"max-image-preview:large","max-video-preview":"max-video-preview:-1"},"canonical":"https:\/\/www.manaus.am.gov.br\/semcom\/ageman-notificacoes-zona-azul\/","og_locale":"pt_BR","og_type":"article","og_title":"Ageman emite notifica\u00e7\u00f5es ao Zona Azul por pend\u00eancias no Centro","og_description":"Ageman emite notifica\u00e7\u00f5es ao Zona Azul por pend\u00eancias na avenida Joaquim Nabuco e rua Jos\u00e9 Clemente, no Centro.","og_url":"https:\/\/www.manaus.am.gov.br\/semcom\/ageman-notificacoes-zona-azul\/","og_site_name":"SEMCOM","article_published_time":"2025-11-14T19:20:31+00:00","og_image":[{"width":1280,"height":960,"url":"https:\/\/www.manaus.am.gov.br\/semcom\/wp-content\/uploads\/sites\/5\/2025\/11\/WhatsApp-Image-2025-11-14-at-13.24.53.jpeg","type":"image\/jpeg"}],"author":"Bruna Greco","twitter_card":"summary_large_image","twitter_misc":{"Written by":"Bruna Greco","Est. reading time":"2 minutos"},"schema":{"@context":"https:\/\/schema.org","@graph":[{"@type":"WebPage","@id":"https:\/\/www.manaus.am.gov.br\/semcom\/ageman-notificacoes-zona-azul\/","url":"https:\/\/www.manaus.am.gov.br\/semcom\/ageman-notificacoes-zona-azul\/","name":"Ageman emite notifica\u00e7\u00f5es ao Zona Azul por pend\u00eancias no Centro","isPartOf":{"@id":"https:\/\/www.manaus.am.gov.br\/semcom\/#website"},"primaryImageOfPage":{"@id":"https:\/\/www.manaus.am.gov.br\/semcom\/ageman-notificacoes-zona-azul\/#primaryimage"},"image":{"@id":"https:\/\/www.manaus.am.gov.br\/semcom\/ageman-notificacoes-zona-azul\/#primaryimage"},"thumbnailUrl":"https:\/\/www.manaus.am.gov.br\/semcom\/wp-content\/uploads\/sites\/5\/2025\/11\/WhatsApp-Image-2025-11-14-at-13.24.53.jpeg","datePublished":"2025-11-14T19:20:31+00:00","dateModified":"2025-11-14T19:20:31+00:00","author":{"@id":"https:\/\/www.manaus.am.gov.br\/semcom\/#\/schema\/person\/05d223aea2bf115f9883a6ff3683d81b"},"description":"Ageman emite notifica\u00e7\u00f5es ao Zona Azul por pend\u00eancias na avenida Joaquim Nabuco e rua Jos\u00e9 Clemente, no Centro.","inLanguage":"pt-BR","potentialAction":[{"@type":"ReadAction","target":["https:\/\/www.manaus.am.gov.br\/semcom\/ageman-notificacoes-zona-azul\/"]}]},{"@type":"ImageObject","inLanguage":"pt-BR","@id":"https:\/\/www.manaus.am.gov.br\/semcom\/ageman-notificacoes-zona-azul\/#primaryimage","url":"https:\/\/www.manaus.am.gov.br\/semcom\/wp-content\/uploads\/sites\/5\/2025\/11\/WhatsApp-Image-2025-11-14-at-13.24.53.jpeg","contentUrl":"https:\/\/www.manaus.am.gov.br\/semcom\/wp-content\/uploads\/sites\/5\/2025\/11\/WhatsApp-Image-2025-11-14-at-13.24.53.jpeg","width":1280,"height":960,"caption":"#paratodosverem - Fiscal da Ageman realizando vistoria em vaga de PcD do Zona Azul em rua do Centro de Manaus"},{"@type":"WebSite","@id":"https:\/\/www.manaus.am.gov.br\/semcom\/#website","url":"https:\/\/www.manaus.am.gov.br\/semcom\/","name":"SEMCOM","description":"Secretaria Municipal de Comunica\u00e7\u00e3o","potentialAction":[{"@type":"SearchAction","target":{"@type":"EntryPoint","urlTemplate":"https:\/\/www.manaus.am.gov.br\/semcom\/?s={search_term_string}"},"query-input":"required name=search_term_string"}],"inLanguage":"pt-BR"},{"@type":"Person","@id":"https:\/\/www.manaus.am.gov.br\/semcom\/#\/schema\/person\/05d223aea2bf115f9883a6ff3683d81b","name":"Bruna Greco","image":{"@type":"ImageObject","inLanguage":"pt-BR","@id":"https:\/\/www.manaus.am.gov.br\/semcom\/#\/schema\/person\/image\/","url":"https:\/\/secure.gravatar.com\/avatar\/9c877d1a6adc2a055330e5c09a8653ce?s=96&d=mm&r=g","contentUrl":"https:\/\/secure.gravatar.com\/avatar\/9c877d1a6adc2a055330e5c09a8653ce?s=96&d=mm&r=g","caption":"Bruna Greco"}}]}},"_links":{"self":[{"href":"https:\/\/www.manaus.am.gov.br\/semcom\/wp-json\/wp\/v2\/posts\/248484"}],"collection":[{"href":"https:\/\/www.manaus.am.gov.br\/semcom\/wp-json\/wp\/v2\/posts"}],"about":[{"href":"https:\/\/www.manaus.am.gov.br\/semcom\/wp-json\/wp\/v2\/types\/post"}],"author":[{"embeddable":true,"href":"https:\/\/www.manaus.am.gov.br\/semcom\/wp-json\/wp\/v2\/users\/39"}],"replies":[{"embeddable":true,"href":"https:\/\/www.manaus.am.gov.br\/semcom\/wp-json\/wp\/v2\/comments?post=248484"}],"version-history":[{"count":1,"href":"https:\/\/www.manaus.am.gov.br\/semcom\/wp-json\/wp\/v2\/posts\/248484\/revisions"}],"predecessor-version":[{"id":248487,"href":"https:\/\/www.manaus.am.gov.br\/semcom\/wp-json\/wp\/v2\/posts\/248484\/revisions\/248487"}],"wp:featuredmedia":[{"embeddable":true,"href":"https:\/\/www.manaus.am.gov.br\/semcom\/wp-json\/wp\/v2\/media\/248485"}],"wp:attachment":[{"href":"https:\/\/www.manaus.am.gov.br\/semcom\/wp-json\/wp\/v2\/media?parent=248484"}],"wp:term":[{"taxonomy":"category","embeddable":true,"href":"https:\/\/www.manaus.am.gov.br\/semcom\/wp-json\/wp\/v2\/categories?post=248484"},{"taxonomy":"post_tag","embeddable":true,"href":"https:\/\/www.manaus.am.gov.br\/semcom\/wp-json\/wp\/v2\/tags?post=248484"}],"curies":[{"name":"wp","href":"https:\/\/api.w.org\/{rel}","templated":true}]}}