{"id":248477,"date":"2025-11-14T14:56:03","date_gmt":"2025-11-14T18:56:03","guid":{"rendered":"https:\/\/www.manaus.am.gov.br\/semcom\/limpeza-reconstrucao-tampa-caixa-coletora-desembargador-joao-machado\/"},"modified":"2025-11-14T14:56:03","modified_gmt":"2025-11-14T18:56:03","slug":"limpeza-reconstrucao-tampa-caixa-coletora-desembargador-joao-machado","status":"publish","type":"post","link":"https:\/\/www.manaus.am.gov.br\/semcom\/limpeza-reconstrucao-tampa-caixa-coletora-desembargador-joao-machado\/","title":{"rendered":"Prefeitura de Manaus realiza limpeza e reconstru\u00e7\u00e3o de tampa de caixa coletora na avenida Desembargador Jo\u00e3o Machado"},"content":{"rendered":"\n<p>A Prefeitura de Manaus, por meio da Secretaria Municipal de Infraestrutura (Seminf), atuou, nesta sexta-feira, 14\/11, na desobstru\u00e7\u00e3o e reconstru\u00e7\u00e3o de tampa de caixa coletora da avenida Desembargador Jo\u00e3o Machado, no bairro Alvorada, zona Centro-Oeste. A avenida, que \u00e9 uma das principais liga\u00e7\u00f5es do bairro, recebe diariamente um grande fluxo de ve\u00edculos e pedestres, o que torna o servi\u00e7o essencial para garantir seguran\u00e7a e mobilidade.<\/p>\n\n\n\n<p>\u201cEstamos acompanhando de perto cada demanda para garantir seguran\u00e7a e funcionalidade nas vias da cidade. A interven\u00e7\u00e3o na avenida Desembargador Jo\u00e3o Machado devolve a normalidade ao tr\u00e1fego e assegura que a infraestrutura opere com efici\u00eancia\u201d, afirma o vice-prefeito e secret\u00e1rio de Obras, Renato Junior.&nbsp;<\/p>\n\n\n\n<p>A equipe t\u00e9cnica atuou na reconstru\u00e7\u00e3o completa da estrutura, com a limpeza e desobstru\u00e7\u00e3o, removendo os res\u00edduos acumulados que comprometem o escoamento da \u00e1gua. Essa interven\u00e7\u00e3o \u00e9 fundamental para evitar pontos de alagamento, especialmente nos per\u00edodos de chuvas intensas.<\/p>\n\n\n\n<p>Com esse servi\u00e7o, a avenida passa a ter um fluxo mais seguro e eficiente, reduzindo transtornos aos moradores, comerciantes e motoristas que utilizam a via diariamente.&nbsp;<\/p>\n\n\n\n<p>A infraestrutura em dia refor\u00e7a o compromisso da Prefeitura de Manaus em cuidar dos bairros e da qualidade de vida da popula\u00e7\u00e3o, deixando a cidade mais preparada e desenvolvida para o futuro.<\/p>\n\n\n\n<figure class=\"wp-block-image size-large\"><img loading=\"lazy\" decoding=\"async\" width=\"1024\" height=\"682\" src=\"https:\/\/www.manaus.am.gov.br\/semcom\/wp-content\/uploads\/sites\/5\/2025\/11\/Servico-4-2-1024x682.jpeg\" alt=\"\" class=\"wp-image-248479\" srcset=\"https:\/\/www.manaus.am.gov.br\/semcom\/wp-content\/uploads\/sites\/5\/2025\/11\/Servico-4-2-1024x682.jpeg 1024w, https:\/\/www.manaus.am.gov.br\/semcom\/wp-content\/uploads\/sites\/5\/2025\/11\/Servico-4-2-300x200.jpeg 300w, https:\/\/www.manaus.am.gov.br\/semcom\/wp-content\/uploads\/sites\/5\/2025\/11\/Servico-4-2-768x512.jpeg 768w, https:\/\/www.manaus.am.gov.br\/semcom\/wp-content\/uploads\/sites\/5\/2025\/11\/Servico-4-2-1536x1023.jpeg 1536w, https:\/\/www.manaus.am.gov.br\/semcom\/wp-content\/uploads\/sites\/5\/2025\/11\/Servico-4-2.jpeg 1600w\" sizes=\"(max-width: 1024px) 100vw, 1024px\" \/><\/figure>\n\n\n\n<p>&#8212; &#8212; &#8212;<\/p>\n\n\n\n<p><strong>Texto&nbsp;<\/strong>&#8211; Rayana Coutinho\/Seminf&nbsp;<\/p>\n\n\n\n<p><strong>Fotos <\/strong>&#8211; Giancarlo Silva\/Seminf<\/p>\n","protected":false},"excerpt":{"rendered":"","protected":false},"author":39,"featured_media":248478,"comment_status":"closed","ping_status":"closed","sticky":false,"template":"","format":"standard","meta":{"footnotes":""},"categories":[47],"tags":[845,296,118,77,17967,33],"acf":[],"yoast_head":"<!-- This site is optimized with the Yoast SEO plugin v23.0 - https:\/\/yoast.com\/wordpress\/plugins\/seo\/ -->\n<title>Limpeza e reconstru\u00e7\u00e3o de tampa de caixa coletora na Desembargador Jo\u00e3o Machado<\/title>\n<meta name=\"description\" content=\"Prefeitura de Manaus realiza limpeza e reconstru\u00e7\u00e3o de tampa de caixa coletora na avenida Desembargador Jo\u00e3o Machado.\" \/>\n<meta name=\"robots\" content=\"index, follow, max-snippet:-1, max-image-preview:large, max-video-preview:-1\" \/>\n<link rel=\"canonical\" href=\"https:\/\/www.manaus.am.gov.br\/semcom\/limpeza-reconstrucao-tampa-caixa-coletora-desembargador-joao-machado\/\" \/>\n<meta property=\"og:locale\" content=\"pt_BR\" \/>\n<meta property=\"og:type\" content=\"article\" \/>\n<meta property=\"og:title\" content=\"Limpeza e reconstru\u00e7\u00e3o de tampa de caixa coletora na Desembargador Jo\u00e3o Machado\" \/>\n<meta property=\"og:description\" content=\"Prefeitura de Manaus realiza limpeza e reconstru\u00e7\u00e3o de tampa de caixa coletora na avenida Desembargador Jo\u00e3o Machado.\" \/>\n<meta property=\"og:url\" content=\"https:\/\/www.manaus.am.gov.br\/semcom\/limpeza-reconstrucao-tampa-caixa-coletora-desembargador-joao-machado\/\" \/>\n<meta property=\"og:site_name\" content=\"SEMCOM\" \/>\n<meta property=\"article:published_time\" content=\"2025-11-14T18:56:03+00:00\" \/>\n<meta property=\"og:image\" content=\"https:\/\/www.manaus.am.gov.br\/semcom\/wp-content\/uploads\/sites\/5\/2025\/11\/Servico-2-1.jpeg\" \/>\n\t<meta property=\"og:image:width\" content=\"1600\" \/>\n\t<meta property=\"og:image:height\" content=\"1066\" \/>\n\t<meta property=\"og:image:type\" content=\"image\/jpeg\" \/>\n<meta name=\"author\" content=\"Bruna Greco\" \/>\n<meta name=\"twitter:card\" content=\"summary_large_image\" \/>\n<meta name=\"twitter:label1\" content=\"Written by\" \/>\n\t<meta name=\"twitter:data1\" content=\"Bruna Greco\" \/>\n\t<meta name=\"twitter:label2\" content=\"Est. reading time\" \/>\n\t<meta name=\"twitter:data2\" content=\"2 minutos\" \/>\n<script type=\"application\/ld+json\" class=\"yoast-schema-graph\">{\"@context\":\"https:\/\/schema.org\",\"@graph\":[{\"@type\":\"WebPage\",\"@id\":\"https:\/\/www.manaus.am.gov.br\/semcom\/limpeza-reconstrucao-tampa-caixa-coletora-desembargador-joao-machado\/\",\"url\":\"https:\/\/www.manaus.am.gov.br\/semcom\/limpeza-reconstrucao-tampa-caixa-coletora-desembargador-joao-machado\/\",\"name\":\"Limpeza e reconstru\u00e7\u00e3o de tampa de caixa coletora na Desembargador Jo\u00e3o Machado\",\"isPartOf\":{\"@id\":\"https:\/\/www.manaus.am.gov.br\/semcom\/#website\"},\"primaryImageOfPage\":{\"@id\":\"https:\/\/www.manaus.am.gov.br\/semcom\/limpeza-reconstrucao-tampa-caixa-coletora-desembargador-joao-machado\/#primaryimage\"},\"image\":{\"@id\":\"https:\/\/www.manaus.am.gov.br\/semcom\/limpeza-reconstrucao-tampa-caixa-coletora-desembargador-joao-machado\/#primaryimage\"},\"thumbnailUrl\":\"https:\/\/www.manaus.am.gov.br\/semcom\/wp-content\/uploads\/sites\/5\/2025\/11\/Servico-2-1.jpeg\",\"datePublished\":\"2025-11-14T18:56:03+00:00\",\"dateModified\":\"2025-11-14T18:56:03+00:00\",\"author\":{\"@id\":\"https:\/\/www.manaus.am.gov.br\/semcom\/#\/schema\/person\/05d223aea2bf115f9883a6ff3683d81b\"},\"description\":\"Prefeitura de Manaus realiza limpeza e reconstru\u00e7\u00e3o de tampa de caixa coletora na avenida Desembargador Jo\u00e3o Machado.\",\"inLanguage\":\"pt-BR\",\"potentialAction\":[{\"@type\":\"ReadAction\",\"target\":[\"https:\/\/www.manaus.am.gov.br\/semcom\/limpeza-reconstrucao-tampa-caixa-coletora-desembargador-joao-machado\/\"]}]},{\"@type\":\"ImageObject\",\"inLanguage\":\"pt-BR\",\"@id\":\"https:\/\/www.manaus.am.gov.br\/semcom\/limpeza-reconstrucao-tampa-caixa-coletora-desembargador-joao-machado\/#primaryimage\",\"url\":\"https:\/\/www.manaus.am.gov.br\/semcom\/wp-content\/uploads\/sites\/5\/2025\/11\/Servico-2-1.jpeg\",\"contentUrl\":\"https:\/\/www.manaus.am.gov.br\/semcom\/wp-content\/uploads\/sites\/5\/2025\/11\/Servico-2-1.jpeg\",\"width\":1600,\"height\":1066,\"caption\":\"#paratodosverem - Equipe da Seminf realizando os servi\u00e7os de limpeza e reconstru\u00e7\u00e3o de tampa de caixa coletora na avenida Desembargador Jo\u00e3o Machado, no bairro Alvorada\"},{\"@type\":\"WebSite\",\"@id\":\"https:\/\/www.manaus.am.gov.br\/semcom\/#website\",\"url\":\"https:\/\/www.manaus.am.gov.br\/semcom\/\",\"name\":\"SEMCOM\",\"description\":\"Secretaria Municipal de Comunica\u00e7\u00e3o\",\"potentialAction\":[{\"@type\":\"SearchAction\",\"target\":{\"@type\":\"EntryPoint\",\"urlTemplate\":\"https:\/\/www.manaus.am.gov.br\/semcom\/?s={search_term_string}\"},\"query-input\":\"required name=search_term_string\"}],\"inLanguage\":\"pt-BR\"},{\"@type\":\"Person\",\"@id\":\"https:\/\/www.manaus.am.gov.br\/semcom\/#\/schema\/person\/05d223aea2bf115f9883a6ff3683d81b\",\"name\":\"Bruna Greco\",\"image\":{\"@type\":\"ImageObject\",\"inLanguage\":\"pt-BR\",\"@id\":\"https:\/\/www.manaus.am.gov.br\/semcom\/#\/schema\/person\/image\/\",\"url\":\"https:\/\/secure.gravatar.com\/avatar\/9c877d1a6adc2a055330e5c09a8653ce?s=96&d=mm&r=g\",\"contentUrl\":\"https:\/\/secure.gravatar.com\/avatar\/9c877d1a6adc2a055330e5c09a8653ce?s=96&d=mm&r=g\",\"caption\":\"Bruna Greco\"}}]}<\/script>\n<!-- \/ Yoast SEO plugin. -->","yoast_head_json":{"title":"Limpeza e reconstru\u00e7\u00e3o de tampa de caixa coletora na Desembargador Jo\u00e3o Machado","description":"Prefeitura de Manaus realiza limpeza e reconstru\u00e7\u00e3o de tampa de caixa coletora na avenida Desembargador Jo\u00e3o Machado.","robots":{"index":"index","follow":"follow","max-snippet":"max-snippet:-1","max-image-preview":"max-image-preview:large","max-video-preview":"max-video-preview:-1"},"canonical":"https:\/\/www.manaus.am.gov.br\/semcom\/limpeza-reconstrucao-tampa-caixa-coletora-desembargador-joao-machado\/","og_locale":"pt_BR","og_type":"article","og_title":"Limpeza e reconstru\u00e7\u00e3o de tampa de caixa coletora na Desembargador Jo\u00e3o Machado","og_description":"Prefeitura de Manaus realiza limpeza e reconstru\u00e7\u00e3o de tampa de caixa coletora na avenida Desembargador Jo\u00e3o Machado.","og_url":"https:\/\/www.manaus.am.gov.br\/semcom\/limpeza-reconstrucao-tampa-caixa-coletora-desembargador-joao-machado\/","og_site_name":"SEMCOM","article_published_time":"2025-11-14T18:56:03+00:00","og_image":[{"width":1600,"height":1066,"url":"https:\/\/www.manaus.am.gov.br\/semcom\/wp-content\/uploads\/sites\/5\/2025\/11\/Servico-2-1.jpeg","type":"image\/jpeg"}],"author":"Bruna Greco","twitter_card":"summary_large_image","twitter_misc":{"Written by":"Bruna Greco","Est. reading time":"2 minutos"},"schema":{"@context":"https:\/\/schema.org","@graph":[{"@type":"WebPage","@id":"https:\/\/www.manaus.am.gov.br\/semcom\/limpeza-reconstrucao-tampa-caixa-coletora-desembargador-joao-machado\/","url":"https:\/\/www.manaus.am.gov.br\/semcom\/limpeza-reconstrucao-tampa-caixa-coletora-desembargador-joao-machado\/","name":"Limpeza e reconstru\u00e7\u00e3o de tampa de caixa coletora na Desembargador Jo\u00e3o Machado","isPartOf":{"@id":"https:\/\/www.manaus.am.gov.br\/semcom\/#website"},"primaryImageOfPage":{"@id":"https:\/\/www.manaus.am.gov.br\/semcom\/limpeza-reconstrucao-tampa-caixa-coletora-desembargador-joao-machado\/#primaryimage"},"image":{"@id":"https:\/\/www.manaus.am.gov.br\/semcom\/limpeza-reconstrucao-tampa-caixa-coletora-desembargador-joao-machado\/#primaryimage"},"thumbnailUrl":"https:\/\/www.manaus.am.gov.br\/semcom\/wp-content\/uploads\/sites\/5\/2025\/11\/Servico-2-1.jpeg","datePublished":"2025-11-14T18:56:03+00:00","dateModified":"2025-11-14T18:56:03+00:00","author":{"@id":"https:\/\/www.manaus.am.gov.br\/semcom\/#\/schema\/person\/05d223aea2bf115f9883a6ff3683d81b"},"description":"Prefeitura de Manaus realiza limpeza e reconstru\u00e7\u00e3o de tampa de caixa coletora na avenida Desembargador Jo\u00e3o Machado.","inLanguage":"pt-BR","potentialAction":[{"@type":"ReadAction","target":["https:\/\/www.manaus.am.gov.br\/semcom\/limpeza-reconstrucao-tampa-caixa-coletora-desembargador-joao-machado\/"]}]},{"@type":"ImageObject","inLanguage":"pt-BR","@id":"https:\/\/www.manaus.am.gov.br\/semcom\/limpeza-reconstrucao-tampa-caixa-coletora-desembargador-joao-machado\/#primaryimage","url":"https:\/\/www.manaus.am.gov.br\/semcom\/wp-content\/uploads\/sites\/5\/2025\/11\/Servico-2-1.jpeg","contentUrl":"https:\/\/www.manaus.am.gov.br\/semcom\/wp-content\/uploads\/sites\/5\/2025\/11\/Servico-2-1.jpeg","width":1600,"height":1066,"caption":"#paratodosverem - Equipe da Seminf realizando os servi\u00e7os de limpeza e reconstru\u00e7\u00e3o de tampa de caixa coletora na avenida Desembargador Jo\u00e3o Machado, no bairro Alvorada"},{"@type":"WebSite","@id":"https:\/\/www.manaus.am.gov.br\/semcom\/#website","url":"https:\/\/www.manaus.am.gov.br\/semcom\/","name":"SEMCOM","description":"Secretaria Municipal de Comunica\u00e7\u00e3o","potentialAction":[{"@type":"SearchAction","target":{"@type":"EntryPoint","urlTemplate":"https:\/\/www.manaus.am.gov.br\/semcom\/?s={search_term_string}"},"query-input":"required name=search_term_string"}],"inLanguage":"pt-BR"},{"@type":"Person","@id":"https:\/\/www.manaus.am.gov.br\/semcom\/#\/schema\/person\/05d223aea2bf115f9883a6ff3683d81b","name":"Bruna Greco","image":{"@type":"ImageObject","inLanguage":"pt-BR","@id":"https:\/\/www.manaus.am.gov.br\/semcom\/#\/schema\/person\/image\/","url":"https:\/\/secure.gravatar.com\/avatar\/9c877d1a6adc2a055330e5c09a8653ce?s=96&d=mm&r=g","contentUrl":"https:\/\/secure.gravatar.com\/avatar\/9c877d1a6adc2a055330e5c09a8653ce?s=96&d=mm&r=g","caption":"Bruna Greco"}}]}},"_links":{"self":[{"href":"https:\/\/www.manaus.am.gov.br\/semcom\/wp-json\/wp\/v2\/posts\/248477"}],"collection":[{"href":"https:\/\/www.manaus.am.gov.br\/semcom\/wp-json\/wp\/v2\/posts"}],"about":[{"href":"https:\/\/www.manaus.am.gov.br\/semcom\/wp-json\/wp\/v2\/types\/post"}],"author":[{"embeddable":true,"href":"https:\/\/www.manaus.am.gov.br\/semcom\/wp-json\/wp\/v2\/users\/39"}],"replies":[{"embeddable":true,"href":"https:\/\/www.manaus.am.gov.br\/semcom\/wp-json\/wp\/v2\/comments?post=248477"}],"version-history":[{"count":1,"href":"https:\/\/www.manaus.am.gov.br\/semcom\/wp-json\/wp\/v2\/posts\/248477\/revisions"}],"predecessor-version":[{"id":248480,"href":"https:\/\/www.manaus.am.gov.br\/semcom\/wp-json\/wp\/v2\/posts\/248477\/revisions\/248480"}],"wp:featuredmedia":[{"embeddable":true,"href":"https:\/\/www.manaus.am.gov.br\/semcom\/wp-json\/wp\/v2\/media\/248478"}],"wp:attachment":[{"href":"https:\/\/www.manaus.am.gov.br\/semcom\/wp-json\/wp\/v2\/media?parent=248477"}],"wp:term":[{"taxonomy":"category","embeddable":true,"href":"https:\/\/www.manaus.am.gov.br\/semcom\/wp-json\/wp\/v2\/categories?post=248477"},{"taxonomy":"post_tag","embeddable":true,"href":"https:\/\/www.manaus.am.gov.br\/semcom\/wp-json\/wp\/v2\/tags?post=248477"}],"curies":[{"name":"wp","href":"https:\/\/api.w.org\/{rel}","templated":true}]}}