{"id":248467,"date":"2025-11-14T14:40:22","date_gmt":"2025-11-14T18:40:22","guid":{"rendered":"https:\/\/www.manaus.am.gov.br\/semcom\/vice-prefeito-recebe-colar-merito-tce-am\/"},"modified":"2025-11-14T15:52:11","modified_gmt":"2025-11-14T18:52:11","slug":"vice-prefeito-recebe-colar-merito-tce-am","status":"publish","type":"post","link":"https:\/\/www.manaus.am.gov.br\/semcom\/vice-prefeito-recebe-colar-merito-tce-am\/","title":{"rendered":"Vice-prefeito Renato Junior recebe Colar do M\u00e9rito do TCE-AM pela contribui\u00e7\u00e3o no fortalecimento da boa governan\u00e7a e da responsabilidade fiscal no Estado"},"content":{"rendered":"\n<p>O vice-prefeito de Manaus, Renato Junior, recebeu, nesta sexta-feira, 14\/11, o Colar do M\u00e9rito de Contas, honraria que \u00e9 entregue pelo Tribunal de Contas do Estado do Amazonas (TCE-AM) a personalidades que contribu\u00edram de forma expressiva para o fortalecimento da boa governan\u00e7a e da responsabilidade fiscal no Estado.<\/p>\n\n\n\n<p>A solenidade de outorga ocorreu no audit\u00f3rio do TCE-AM, reunindo conselheiros, servidores, autoridades e os demais homenageados reconhecidos pela atua\u00e7\u00e3o em prol da administra\u00e7\u00e3o p\u00fablica e do controle das contas governamentais.<\/p>\n\n\n\n<p>O vice-prefeito disse que o recebimento do Colar do M\u00e9rito de Contas \u00e9 muito representativo para a gest\u00e3o municipal. \u201cHoje recebi essa medalha que representa a transpar\u00eancia e efici\u00eancia na gest\u00e3o dos recursos que s\u00e3o do povo, um compromisso que deve ser de todo administrador, e que \u00e9 norteador de todas as a\u00e7\u00f5es da gest\u00e3o do prefeito David Almeida\u201d, comentou Renato Junior.<\/p>\n\n\n\n<p>A presidente do TCE-AM, conselheira Yara Lins, destaca que a homenagem reconhece o m\u00e9rito e o compromisso de pessoas que contribu\u00edram para consolidar pr\u00e1ticas de boa gest\u00e3o e responsabilidade fiscal no Amazonas. \u201cA honraria reconhece aqueles que t\u00eam contribu\u00eddo de maneira decisiva para o aprimoramento da sociedade\u201d, enfatizou.<\/p>\n\n\n\n<p>De acordo com a Corte de Contas, a honraria foi criada para valorizar trajet\u00f3rias que inspiram o servi\u00e7o p\u00fablico amazonense, sendo entregue a gestores, magistrados e outras personalidades representantes da sociedade civil, que se destacaram por sua dedica\u00e7\u00e3o \u00e0 causa p\u00fablica.<\/p>\n\n\n\n<p><strong>Biografia<\/strong><\/p>\n\n\n\n<p>Renato Junior nasceu em Manaus, em 29 de janeiro de 1987. Casado com Symonne, pai da pequena Ol\u00edvia, crist\u00e3o e empreendedor nato, ele trabalhou na feira Manaus Moderna dos 13 aos 23 anos, ajudando o pai, seu Raimundo, e a m\u00e3e, dona Menta, a vender frutas. Atuou como empres\u00e1rio do ramo de constru\u00e7\u00e3o civil at\u00e9 que, em 2021, recebeu o convite do prefeito David Almeida para comandar a Secretaria Municipal de Agricultura, Abastecimento, Centro e Com\u00e9rcio Informal (Semacc).<\/p>\n\n\n\n<p>Em 15 meses, promoveu a reestrutura\u00e7\u00e3o de feiras, mercados e centros de abastecimento, beneficiando mais de 20 mil feirantes, camel\u00f4s e produtores rurais. Incentivou a agricultura familiar, criou programas de fomento \u00e0 produ\u00e7\u00e3o e garantiu assist\u00eancia t\u00e9cnica e log\u00edstica \u00e0s cadeias produtivas.<\/p>\n\n\n\n<p>Em abril de 2022, assumiu a Secretaria Municipal de Infraestrutura (Seminf), uma das pastas de maior or\u00e7amento da Prefeitura de Manaus. Nessa fun\u00e7\u00e3o, lan\u00e7ou o maior programa de recapeamento da hist\u00f3ria da capital, o &#8220;Asfalta Manaus&#8221;, que alcan\u00e7ou mais de 3,5 mil ruas em 62 bairros, com aten\u00e7\u00e3o especial \u00e0 periferia e aos ramais da zona rural. Conduziu obras em tempo recorde, como as recupera\u00e7\u00f5es das avenidas Djalma Batista e Atl\u00e2ntica, e executou conten\u00e7\u00f5es em 32 \u00e1reas de risco, retirando milhares de fam\u00edlias do perigo.<\/p>\n\n\n\n<p>Reformou complexos esportivos, ampliou a\u00e7\u00f5es de drenagem e limpeza urbana e implantou medidas preventivas, tanto para a estiagem quanto para a cheia dos rios, assegurando apoio e mantimentos \u00e0s fam\u00edlias ribeirinhas. Realizou ainda a constru\u00e7\u00e3o e entrega de tr\u00eas viadutos em apenas dois anos e nove meses, desafogando corredores importantes da cidade.<\/p>\n\n\n\n<p>Mais recentemente, vem liderando o &#8220;Mutir\u00e3o no Centro&#8221;, marco na revitaliza\u00e7\u00e3o do cora\u00e7\u00e3o hist\u00f3rico da cidade. As a\u00e7\u00f5es incluem o acolhimento de pessoas em situa\u00e7\u00e3o de rua, asfaltamento e sinaliza\u00e7\u00e3o de vias, despolui\u00e7\u00e3o visual, a partir da retirada de toneladas de cabeamentos disfuncionais, e o reordenamento do com\u00e9rcio formal e informal.<\/p>\n\n\n\n<p>Por tudo isso, o vice-prefeito de Manaus, Renato Junior, se consolidou como um gestor que une efici\u00eancia administrativa e sensibilidade social para deixar um legado de obras, pertencimento e orgulho manauara.<\/p>\n\n\n\n<figure class=\"wp-block-image size-large\"><img loading=\"lazy\" decoding=\"async\" width=\"1024\" height=\"683\" src=\"https:\/\/www.manaus.am.gov.br\/semcom\/wp-content\/uploads\/sites\/5\/2025\/11\/54922826297_650f91395a_k-1024x683.jpg\" alt=\"\" class=\"wp-image-248469\" srcset=\"https:\/\/www.manaus.am.gov.br\/semcom\/wp-content\/uploads\/sites\/5\/2025\/11\/54922826297_650f91395a_k-1024x683.jpg 1024w, https:\/\/www.manaus.am.gov.br\/semcom\/wp-content\/uploads\/sites\/5\/2025\/11\/54922826297_650f91395a_k-300x200.jpg 300w, https:\/\/www.manaus.am.gov.br\/semcom\/wp-content\/uploads\/sites\/5\/2025\/11\/54922826297_650f91395a_k-768x512.jpg 768w, https:\/\/www.manaus.am.gov.br\/semcom\/wp-content\/uploads\/sites\/5\/2025\/11\/54922826297_650f91395a_k-1536x1024.jpg 1536w, https:\/\/www.manaus.am.gov.br\/semcom\/wp-content\/uploads\/sites\/5\/2025\/11\/54922826297_650f91395a_k.jpg 2048w\" sizes=\"(max-width: 1024px) 100vw, 1024px\" \/><\/figure>\n\n\n\n<p>&#8212; &#8212; &#8212;<\/p>\n\n\n\n<p><strong>Texto&nbsp;<\/strong>\u2013 Geraldo Farias\/Semcom e Divulga\u00e7\u00e3o\/TCE-AM<\/p>\n\n\n\n<p><strong>Fotos<\/strong> \u2013 Carlos Oliveira\/Vice-prefeito<\/p>\n\n\n\n<p><strong>Dispon\u00edveis em <\/strong>&#8211; <a href=\"https:\/\/flic.kr\/s\/aHBqjCASsq\">https:\/\/flic.kr\/s\/aHBqjCASsq<\/a><\/p>\n","protected":false},"excerpt":{"rendered":"","protected":false},"author":39,"featured_media":248472,"comment_status":"closed","ping_status":"closed","sticky":false,"template":"","format":"standard","meta":{"footnotes":""},"categories":[925],"tags":[17962,17963,77,17964,13221],"acf":[],"yoast_head":"<!-- This site is optimized with the Yoast SEO plugin v23.0 - https:\/\/yoast.com\/wordpress\/plugins\/seo\/ -->\n<title>Vice-prefeito Renato Junior recebe Colar do M\u00e9rito do TCE-AM<\/title>\n<meta name=\"description\" content=\"Vice-prefeito recebe Colar do M\u00e9rito do TCE-AM pela contribui\u00e7\u00e3o no fortalecimento da boa governan\u00e7a e da responsabilidade fiscal no Estado.\" \/>\n<meta name=\"robots\" content=\"index, follow, max-snippet:-1, max-image-preview:large, max-video-preview:-1\" \/>\n<link rel=\"canonical\" href=\"https:\/\/www.manaus.am.gov.br\/semcom\/vice-prefeito-recebe-colar-merito-tce-am\/\" \/>\n<meta property=\"og:locale\" content=\"pt_BR\" \/>\n<meta property=\"og:type\" content=\"article\" \/>\n<meta property=\"og:title\" content=\"Vice-prefeito Renato Junior recebe Colar do M\u00e9rito do TCE-AM\" \/>\n<meta property=\"og:description\" content=\"Vice-prefeito recebe Colar do M\u00e9rito do TCE-AM pela contribui\u00e7\u00e3o no fortalecimento da boa governan\u00e7a e da responsabilidade fiscal no Estado.\" \/>\n<meta property=\"og:url\" content=\"https:\/\/www.manaus.am.gov.br\/semcom\/vice-prefeito-recebe-colar-merito-tce-am\/\" \/>\n<meta property=\"og:site_name\" content=\"SEMCOM\" \/>\n<meta property=\"article:published_time\" content=\"2025-11-14T18:40:22+00:00\" \/>\n<meta property=\"article:modified_time\" content=\"2025-11-14T18:52:11+00:00\" \/>\n<meta property=\"og:image\" content=\"https:\/\/www.manaus.am.gov.br\/semcom\/wp-content\/uploads\/sites\/5\/2025\/11\/54923997685_1a398c8622_k.jpg\" \/>\n\t<meta property=\"og:image:width\" content=\"2048\" \/>\n\t<meta property=\"og:image:height\" content=\"1365\" \/>\n\t<meta property=\"og:image:type\" content=\"image\/jpeg\" \/>\n<meta name=\"author\" content=\"Bruna Greco\" \/>\n<meta name=\"twitter:card\" content=\"summary_large_image\" \/>\n<meta name=\"twitter:label1\" content=\"Written by\" \/>\n\t<meta name=\"twitter:data1\" content=\"Bruna Greco\" \/>\n\t<meta name=\"twitter:label2\" content=\"Est. reading time\" \/>\n\t<meta name=\"twitter:data2\" content=\"4 minutos\" \/>\n<script type=\"application\/ld+json\" class=\"yoast-schema-graph\">{\"@context\":\"https:\/\/schema.org\",\"@graph\":[{\"@type\":\"WebPage\",\"@id\":\"https:\/\/www.manaus.am.gov.br\/semcom\/vice-prefeito-recebe-colar-merito-tce-am\/\",\"url\":\"https:\/\/www.manaus.am.gov.br\/semcom\/vice-prefeito-recebe-colar-merito-tce-am\/\",\"name\":\"Vice-prefeito Renato Junior recebe Colar do M\u00e9rito do TCE-AM\",\"isPartOf\":{\"@id\":\"https:\/\/www.manaus.am.gov.br\/semcom\/#website\"},\"primaryImageOfPage\":{\"@id\":\"https:\/\/www.manaus.am.gov.br\/semcom\/vice-prefeito-recebe-colar-merito-tce-am\/#primaryimage\"},\"image\":{\"@id\":\"https:\/\/www.manaus.am.gov.br\/semcom\/vice-prefeito-recebe-colar-merito-tce-am\/#primaryimage\"},\"thumbnailUrl\":\"https:\/\/www.manaus.am.gov.br\/semcom\/wp-content\/uploads\/sites\/5\/2025\/11\/54923693206_b7ab88cc69_k.jpg\",\"datePublished\":\"2025-11-14T18:40:22+00:00\",\"dateModified\":\"2025-11-14T18:52:11+00:00\",\"author\":{\"@id\":\"https:\/\/www.manaus.am.gov.br\/semcom\/#\/schema\/person\/05d223aea2bf115f9883a6ff3683d81b\"},\"description\":\"Vice-prefeito recebe Colar do M\u00e9rito do TCE-AM pela contribui\u00e7\u00e3o no fortalecimento da boa governan\u00e7a e da responsabilidade fiscal no Estado.\",\"inLanguage\":\"pt-BR\",\"potentialAction\":[{\"@type\":\"ReadAction\",\"target\":[\"https:\/\/www.manaus.am.gov.br\/semcom\/vice-prefeito-recebe-colar-merito-tce-am\/\"]}]},{\"@type\":\"ImageObject\",\"inLanguage\":\"pt-BR\",\"@id\":\"https:\/\/www.manaus.am.gov.br\/semcom\/vice-prefeito-recebe-colar-merito-tce-am\/#primaryimage\",\"url\":\"https:\/\/www.manaus.am.gov.br\/semcom\/wp-content\/uploads\/sites\/5\/2025\/11\/54923693206_b7ab88cc69_k.jpg\",\"contentUrl\":\"https:\/\/www.manaus.am.gov.br\/semcom\/wp-content\/uploads\/sites\/5\/2025\/11\/54923693206_b7ab88cc69_k.jpg\",\"width\":2048,\"height\":1365,\"caption\":\"#paratodosverem - Vice-prefeito e titular da Seminf, Renato Junior, ao lado do conselheiro do TCE-AM, \u00c9rico Desterro, recebendo o Colar do M\u00e9rito de Contas do TCE-AM\"},{\"@type\":\"WebSite\",\"@id\":\"https:\/\/www.manaus.am.gov.br\/semcom\/#website\",\"url\":\"https:\/\/www.manaus.am.gov.br\/semcom\/\",\"name\":\"SEMCOM\",\"description\":\"Secretaria Municipal de Comunica\u00e7\u00e3o\",\"potentialAction\":[{\"@type\":\"SearchAction\",\"target\":{\"@type\":\"EntryPoint\",\"urlTemplate\":\"https:\/\/www.manaus.am.gov.br\/semcom\/?s={search_term_string}\"},\"query-input\":\"required name=search_term_string\"}],\"inLanguage\":\"pt-BR\"},{\"@type\":\"Person\",\"@id\":\"https:\/\/www.manaus.am.gov.br\/semcom\/#\/schema\/person\/05d223aea2bf115f9883a6ff3683d81b\",\"name\":\"Bruna Greco\",\"image\":{\"@type\":\"ImageObject\",\"inLanguage\":\"pt-BR\",\"@id\":\"https:\/\/www.manaus.am.gov.br\/semcom\/#\/schema\/person\/image\/\",\"url\":\"https:\/\/secure.gravatar.com\/avatar\/9c877d1a6adc2a055330e5c09a8653ce?s=96&d=mm&r=g\",\"contentUrl\":\"https:\/\/secure.gravatar.com\/avatar\/9c877d1a6adc2a055330e5c09a8653ce?s=96&d=mm&r=g\",\"caption\":\"Bruna Greco\"}}]}<\/script>\n<!-- \/ Yoast SEO plugin. -->","yoast_head_json":{"title":"Vice-prefeito Renato Junior recebe Colar do M\u00e9rito do TCE-AM","description":"Vice-prefeito recebe Colar do M\u00e9rito do TCE-AM pela contribui\u00e7\u00e3o no fortalecimento da boa governan\u00e7a e da responsabilidade fiscal no Estado.","robots":{"index":"index","follow":"follow","max-snippet":"max-snippet:-1","max-image-preview":"max-image-preview:large","max-video-preview":"max-video-preview:-1"},"canonical":"https:\/\/www.manaus.am.gov.br\/semcom\/vice-prefeito-recebe-colar-merito-tce-am\/","og_locale":"pt_BR","og_type":"article","og_title":"Vice-prefeito Renato Junior recebe Colar do M\u00e9rito do TCE-AM","og_description":"Vice-prefeito recebe Colar do M\u00e9rito do TCE-AM pela contribui\u00e7\u00e3o no fortalecimento da boa governan\u00e7a e da responsabilidade fiscal no Estado.","og_url":"https:\/\/www.manaus.am.gov.br\/semcom\/vice-prefeito-recebe-colar-merito-tce-am\/","og_site_name":"SEMCOM","article_published_time":"2025-11-14T18:40:22+00:00","article_modified_time":"2025-11-14T18:52:11+00:00","og_image":[{"width":2048,"height":1365,"url":"https:\/\/www.manaus.am.gov.br\/semcom\/wp-content\/uploads\/sites\/5\/2025\/11\/54923997685_1a398c8622_k.jpg","type":"image\/jpeg"}],"author":"Bruna Greco","twitter_card":"summary_large_image","twitter_misc":{"Written by":"Bruna Greco","Est. reading time":"4 minutos"},"schema":{"@context":"https:\/\/schema.org","@graph":[{"@type":"WebPage","@id":"https:\/\/www.manaus.am.gov.br\/semcom\/vice-prefeito-recebe-colar-merito-tce-am\/","url":"https:\/\/www.manaus.am.gov.br\/semcom\/vice-prefeito-recebe-colar-merito-tce-am\/","name":"Vice-prefeito Renato Junior recebe Colar do M\u00e9rito do TCE-AM","isPartOf":{"@id":"https:\/\/www.manaus.am.gov.br\/semcom\/#website"},"primaryImageOfPage":{"@id":"https:\/\/www.manaus.am.gov.br\/semcom\/vice-prefeito-recebe-colar-merito-tce-am\/#primaryimage"},"image":{"@id":"https:\/\/www.manaus.am.gov.br\/semcom\/vice-prefeito-recebe-colar-merito-tce-am\/#primaryimage"},"thumbnailUrl":"https:\/\/www.manaus.am.gov.br\/semcom\/wp-content\/uploads\/sites\/5\/2025\/11\/54923693206_b7ab88cc69_k.jpg","datePublished":"2025-11-14T18:40:22+00:00","dateModified":"2025-11-14T18:52:11+00:00","author":{"@id":"https:\/\/www.manaus.am.gov.br\/semcom\/#\/schema\/person\/05d223aea2bf115f9883a6ff3683d81b"},"description":"Vice-prefeito recebe Colar do M\u00e9rito do TCE-AM pela contribui\u00e7\u00e3o no fortalecimento da boa governan\u00e7a e da responsabilidade fiscal no Estado.","inLanguage":"pt-BR","potentialAction":[{"@type":"ReadAction","target":["https:\/\/www.manaus.am.gov.br\/semcom\/vice-prefeito-recebe-colar-merito-tce-am\/"]}]},{"@type":"ImageObject","inLanguage":"pt-BR","@id":"https:\/\/www.manaus.am.gov.br\/semcom\/vice-prefeito-recebe-colar-merito-tce-am\/#primaryimage","url":"https:\/\/www.manaus.am.gov.br\/semcom\/wp-content\/uploads\/sites\/5\/2025\/11\/54923693206_b7ab88cc69_k.jpg","contentUrl":"https:\/\/www.manaus.am.gov.br\/semcom\/wp-content\/uploads\/sites\/5\/2025\/11\/54923693206_b7ab88cc69_k.jpg","width":2048,"height":1365,"caption":"#paratodosverem - Vice-prefeito e titular da Seminf, Renato Junior, ao lado do conselheiro do TCE-AM, \u00c9rico Desterro, recebendo o Colar do M\u00e9rito de Contas do TCE-AM"},{"@type":"WebSite","@id":"https:\/\/www.manaus.am.gov.br\/semcom\/#website","url":"https:\/\/www.manaus.am.gov.br\/semcom\/","name":"SEMCOM","description":"Secretaria Municipal de Comunica\u00e7\u00e3o","potentialAction":[{"@type":"SearchAction","target":{"@type":"EntryPoint","urlTemplate":"https:\/\/www.manaus.am.gov.br\/semcom\/?s={search_term_string}"},"query-input":"required name=search_term_string"}],"inLanguage":"pt-BR"},{"@type":"Person","@id":"https:\/\/www.manaus.am.gov.br\/semcom\/#\/schema\/person\/05d223aea2bf115f9883a6ff3683d81b","name":"Bruna Greco","image":{"@type":"ImageObject","inLanguage":"pt-BR","@id":"https:\/\/www.manaus.am.gov.br\/semcom\/#\/schema\/person\/image\/","url":"https:\/\/secure.gravatar.com\/avatar\/9c877d1a6adc2a055330e5c09a8653ce?s=96&d=mm&r=g","contentUrl":"https:\/\/secure.gravatar.com\/avatar\/9c877d1a6adc2a055330e5c09a8653ce?s=96&d=mm&r=g","caption":"Bruna Greco"}}]}},"_links":{"self":[{"href":"https:\/\/www.manaus.am.gov.br\/semcom\/wp-json\/wp\/v2\/posts\/248467"}],"collection":[{"href":"https:\/\/www.manaus.am.gov.br\/semcom\/wp-json\/wp\/v2\/posts"}],"about":[{"href":"https:\/\/www.manaus.am.gov.br\/semcom\/wp-json\/wp\/v2\/types\/post"}],"author":[{"embeddable":true,"href":"https:\/\/www.manaus.am.gov.br\/semcom\/wp-json\/wp\/v2\/users\/39"}],"replies":[{"embeddable":true,"href":"https:\/\/www.manaus.am.gov.br\/semcom\/wp-json\/wp\/v2\/comments?post=248467"}],"version-history":[{"count":3,"href":"https:\/\/www.manaus.am.gov.br\/semcom\/wp-json\/wp\/v2\/posts\/248467\/revisions"}],"predecessor-version":[{"id":248474,"href":"https:\/\/www.manaus.am.gov.br\/semcom\/wp-json\/wp\/v2\/posts\/248467\/revisions\/248474"}],"wp:featuredmedia":[{"embeddable":true,"href":"https:\/\/www.manaus.am.gov.br\/semcom\/wp-json\/wp\/v2\/media\/248472"}],"wp:attachment":[{"href":"https:\/\/www.manaus.am.gov.br\/semcom\/wp-json\/wp\/v2\/media?parent=248467"}],"wp:term":[{"taxonomy":"category","embeddable":true,"href":"https:\/\/www.manaus.am.gov.br\/semcom\/wp-json\/wp\/v2\/categories?post=248467"},{"taxonomy":"post_tag","embeddable":true,"href":"https:\/\/www.manaus.am.gov.br\/semcom\/wp-json\/wp\/v2\/tags?post=248467"}],"curies":[{"name":"wp","href":"https:\/\/api.w.org\/{rel}","templated":true}]}}