{"id":248448,"date":"2025-11-13T22:08:24","date_gmt":"2025-11-14T01:08:24","guid":{"rendered":"https:\/\/www.manaus.am.gov.br\/semcom\/corredor-natalino-entrega\/"},"modified":"2025-11-13T22:08:25","modified_gmt":"2025-11-14T01:08:25","slug":"corredor-natalino-entrega","status":"publish","type":"post","link":"https:\/\/www.manaus.am.gov.br\/semcom\/corredor-natalino-entrega\/","title":{"rendered":"Prefeito David Almeida inaugura corredor natalino da Semulsp e refor\u00e7a valoriza\u00e7\u00e3o dos servidores e da comunidade do bairro Compensa"},"content":{"rendered":"\n<p>O prefeito David Almeida inaugurou, nesta quinta-feira, 13\/11, o corredor natalino da Secretaria Municipal de Limpeza Urbana (Semulsp), no bairro Compensa, zona Oeste. A iniciativa, idealizada para valorizar os trabalhadores da limpeza p\u00fablica e acolher suas fam\u00edlias, tamb\u00e9m abre as portas para os moradores do entorno, que agora podem visitar o espa\u00e7o e viver a atmosfera do Natal de forma gratuita e acess\u00edvel.<\/p>\n\n\n\n<p>O trecho de acesso \u00e0 sede da Semulsp ganhou ilumina\u00e7\u00e3o especial, pres\u00e9pio, \u00e1rvore decorada, elementos tem\u00e1ticos e pain\u00e9is instalados no Centro de Controle de Zoonoses (CCZ), com imagens de animais atendidos ao longo do ano. O ponto alto da noite foi o acendimento oficial das luzes pelo prefeito, acompanhado do vice-prefeito Renato Junior, secret\u00e1rio Sab\u00e1 Reis, servidores da pasta e moradores da regi\u00e3o.<\/p>\n\n\n\n<p>\u201cS\u00e3o as luzes de Natal sendo acesas aqui na Semulsp, na Compensa, mais uma atra\u00e7\u00e3o para os moradores da zona Oeste. Nosso objetivo di\u00e1rio \u00e9 deixar a cidade limpa, mas uma cidade limpa s\u00f3 se constr\u00f3i com consci\u00eancia ambiental. Tenho muito orgulho de ser prefeito de Manaus e de ter servidores como voc\u00eas\u201d, afirmou David Almeida, destacando o trabalho das equipes e o compromisso do secret\u00e1rio Sab\u00e1 Reis.<\/p>\n\n\n\n<p>Al\u00e9m da decora\u00e7\u00e3o, a noite teve a chegada do Papai Noel conduzido pelas fanfarras das escolas do bairro Compensa, e o ensaio do coral natalino da Semulsp, que promete emocionar o p\u00fablico nas apresenta\u00e7\u00f5es ao longo de dezembro. A a\u00e7\u00e3o integra o conjunto de programa\u00e7\u00f5es natalinas descentralizadas promovidas pela Prefeitura de Manaus, levando atividades culturais e ambientais a diferentes zonas da cidade.<\/p>\n\n\n\n<p>O vice-prefeito Renato Junior refor\u00e7ou o car\u00e1ter humano da iniciativa. \u201cO Natal chegou na Prefeitura de Manaus e chegou na cidade. Aqui, os garis podem trazer suas fam\u00edlias, seus filhos e netos. Cuidar da cidade tamb\u00e9m \u00e9 Natal\u201d, destacou.<\/p>\n\n\n\n<p>O secret\u00e1rio Sab\u00e1 Reis afirmou que a ornamenta\u00e7\u00e3o ser\u00e1 permanente durante todo o per\u00edodo natalino. \u201cEnquanto o prefeito David e o vice-prefeito Renato estiverem \u00e0 frente da cidade, essa decora\u00e7\u00e3o ser\u00e1 mantida. \u00c9 um espa\u00e7o de acolhimento, como acontece em cidades refer\u00eancia em turismo natalino\u201d, disse.<\/p>\n\n\n\n<p>Entre o p\u00fablico presente, a cozinheira Creuza Braga Alves, 61, expressou o impacto da a\u00e7\u00e3o na vida comunit\u00e1ria. \u201cO que eu desejo para o povo amazonense \u00e9 paz, amor e muita sa\u00fade. Hoje eu tenho um lugar para me divertir, para ver o Papai Noel. Isso para mim \u00e9 alegria\u201d, relatou.<\/p>\n\n\n\n<p>Com a inaugura\u00e7\u00e3o, a Prefeitura de Manaus fortalece o cuidado com os servidores da limpeza urbana, profissionais que mant\u00eam a cidade funcionando, e aproxima a comunidade do bairro Compensa da programa\u00e7\u00e3o de fim de ano, refor\u00e7ando o compromisso da gest\u00e3o com inclus\u00e3o, pertencimento e bem-estar da popula\u00e7\u00e3o.<\/p>\n\n\n\n<p>\u2014- \u2014- \u2014-<br><strong>Texto &#8211;<\/strong> Emanuelle Baires \/ Semcom-Prefeito<br><strong>Fotos &#8211; <\/strong>Dhyeizo Lemos \/ Semcom-Prefeito<\/p>\n","protected":false},"excerpt":{"rendered":"","protected":false},"author":68,"featured_media":248449,"comment_status":"closed","ping_status":"closed","sticky":false,"template":"","format":"standard","meta":{"footnotes":""},"categories":[1884],"tags":[17951,17952,35,77],"acf":[],"yoast_head":"<!-- This site is optimized with the Yoast SEO plugin v23.0 - https:\/\/yoast.com\/wordpress\/plugins\/seo\/ -->\n<title>Prefeito David Almeida inaugura corredor natalino da Semulsp<\/title>\n<meta name=\"description\" content=\"O prefeito David Almeida inaugurou, nesta quinta-feira, 13\/11, o corredor natalino da Secretaria Municipal de Limpeza Urbana (Semulsp).\" \/>\n<meta name=\"robots\" content=\"index, follow, max-snippet:-1, max-image-preview:large, max-video-preview:-1\" \/>\n<link rel=\"canonical\" href=\"https:\/\/www.manaus.am.gov.br\/semcom\/corredor-natalino-entrega\/\" \/>\n<meta property=\"og:locale\" content=\"pt_BR\" \/>\n<meta property=\"og:type\" content=\"article\" \/>\n<meta property=\"og:title\" content=\"Prefeito David Almeida inaugura corredor natalino da Semulsp\" \/>\n<meta property=\"og:description\" content=\"O prefeito David Almeida inaugurou, nesta quinta-feira, 13\/11, o corredor natalino da Secretaria Municipal de Limpeza Urbana (Semulsp).\" \/>\n<meta property=\"og:url\" content=\"https:\/\/www.manaus.am.gov.br\/semcom\/corredor-natalino-entrega\/\" \/>\n<meta property=\"og:site_name\" content=\"SEMCOM\" \/>\n<meta property=\"article:published_time\" content=\"2025-11-14T01:08:24+00:00\" \/>\n<meta property=\"article:modified_time\" content=\"2025-11-14T01:08:25+00:00\" \/>\n<meta property=\"og:image\" content=\"https:\/\/www.manaus.am.gov.br\/semcom\/wp-content\/uploads\/sites\/5\/2025\/11\/WhatsApp-Image-2025-11-13-at-19.57.44.jpeg\" \/>\n\t<meta property=\"og:image:width\" content=\"4160\" \/>\n\t<meta property=\"og:image:height\" content=\"2773\" \/>\n\t<meta property=\"og:image:type\" content=\"image\/jpeg\" \/>\n<meta name=\"author\" content=\"bvalente\" \/>\n<meta name=\"twitter:card\" content=\"summary_large_image\" \/>\n<meta name=\"twitter:label1\" content=\"Written by\" \/>\n\t<meta name=\"twitter:data1\" content=\"bvalente\" \/>\n\t<meta name=\"twitter:label2\" content=\"Est. reading time\" \/>\n\t<meta name=\"twitter:data2\" content=\"3 minutos\" \/>\n<script type=\"application\/ld+json\" class=\"yoast-schema-graph\">{\"@context\":\"https:\/\/schema.org\",\"@graph\":[{\"@type\":\"WebPage\",\"@id\":\"https:\/\/www.manaus.am.gov.br\/semcom\/corredor-natalino-entrega\/\",\"url\":\"https:\/\/www.manaus.am.gov.br\/semcom\/corredor-natalino-entrega\/\",\"name\":\"Prefeito David Almeida inaugura corredor natalino da Semulsp\",\"isPartOf\":{\"@id\":\"https:\/\/www.manaus.am.gov.br\/semcom\/#website\"},\"primaryImageOfPage\":{\"@id\":\"https:\/\/www.manaus.am.gov.br\/semcom\/corredor-natalino-entrega\/#primaryimage\"},\"image\":{\"@id\":\"https:\/\/www.manaus.am.gov.br\/semcom\/corredor-natalino-entrega\/#primaryimage\"},\"thumbnailUrl\":\"https:\/\/www.manaus.am.gov.br\/semcom\/wp-content\/uploads\/sites\/5\/2025\/11\/WhatsApp-Image-2025-11-13-at-19.57.44.jpeg\",\"datePublished\":\"2025-11-14T01:08:24+00:00\",\"dateModified\":\"2025-11-14T01:08:25+00:00\",\"author\":{\"@id\":\"https:\/\/www.manaus.am.gov.br\/semcom\/#\/schema\/person\/466a0e03ae4b6062809046bd560ac955\"},\"description\":\"O prefeito David Almeida inaugurou, nesta quinta-feira, 13\/11, o corredor natalino da Secretaria Municipal de Limpeza Urbana (Semulsp).\",\"inLanguage\":\"pt-BR\",\"potentialAction\":[{\"@type\":\"ReadAction\",\"target\":[\"https:\/\/www.manaus.am.gov.br\/semcom\/corredor-natalino-entrega\/\"]}]},{\"@type\":\"ImageObject\",\"inLanguage\":\"pt-BR\",\"@id\":\"https:\/\/www.manaus.am.gov.br\/semcom\/corredor-natalino-entrega\/#primaryimage\",\"url\":\"https:\/\/www.manaus.am.gov.br\/semcom\/wp-content\/uploads\/sites\/5\/2025\/11\/WhatsApp-Image-2025-11-13-at-19.57.44.jpeg\",\"contentUrl\":\"https:\/\/www.manaus.am.gov.br\/semcom\/wp-content\/uploads\/sites\/5\/2025\/11\/WhatsApp-Image-2025-11-13-at-19.57.44.jpeg\",\"width\":4160,\"height\":2773,\"caption\":\"#paratodosverem \u2013 Prefeito David Almeida, acompanhado do vice-prefeito Renato Junior e secret\u00e1rio Sab\u00e1 Reis durante inaugura\u00e7\u00e3o\"},{\"@type\":\"WebSite\",\"@id\":\"https:\/\/www.manaus.am.gov.br\/semcom\/#website\",\"url\":\"https:\/\/www.manaus.am.gov.br\/semcom\/\",\"name\":\"SEMCOM\",\"description\":\"Secretaria Municipal de Comunica\u00e7\u00e3o\",\"potentialAction\":[{\"@type\":\"SearchAction\",\"target\":{\"@type\":\"EntryPoint\",\"urlTemplate\":\"https:\/\/www.manaus.am.gov.br\/semcom\/?s={search_term_string}\"},\"query-input\":\"required name=search_term_string\"}],\"inLanguage\":\"pt-BR\"},{\"@type\":\"Person\",\"@id\":\"https:\/\/www.manaus.am.gov.br\/semcom\/#\/schema\/person\/466a0e03ae4b6062809046bd560ac955\",\"name\":\"bvalente\",\"image\":{\"@type\":\"ImageObject\",\"inLanguage\":\"pt-BR\",\"@id\":\"https:\/\/www.manaus.am.gov.br\/semcom\/#\/schema\/person\/image\/\",\"url\":\"https:\/\/secure.gravatar.com\/avatar\/3e69bc2b014bdad41adfec3a39de07d2?s=96&d=mm&r=g\",\"contentUrl\":\"https:\/\/secure.gravatar.com\/avatar\/3e69bc2b014bdad41adfec3a39de07d2?s=96&d=mm&r=g\",\"caption\":\"bvalente\"}}]}<\/script>\n<!-- \/ Yoast SEO plugin. -->","yoast_head_json":{"title":"Prefeito David Almeida inaugura corredor natalino da Semulsp","description":"O prefeito David Almeida inaugurou, nesta quinta-feira, 13\/11, o corredor natalino da Secretaria Municipal de Limpeza Urbana (Semulsp).","robots":{"index":"index","follow":"follow","max-snippet":"max-snippet:-1","max-image-preview":"max-image-preview:large","max-video-preview":"max-video-preview:-1"},"canonical":"https:\/\/www.manaus.am.gov.br\/semcom\/corredor-natalino-entrega\/","og_locale":"pt_BR","og_type":"article","og_title":"Prefeito David Almeida inaugura corredor natalino da Semulsp","og_description":"O prefeito David Almeida inaugurou, nesta quinta-feira, 13\/11, o corredor natalino da Secretaria Municipal de Limpeza Urbana (Semulsp).","og_url":"https:\/\/www.manaus.am.gov.br\/semcom\/corredor-natalino-entrega\/","og_site_name":"SEMCOM","article_published_time":"2025-11-14T01:08:24+00:00","article_modified_time":"2025-11-14T01:08:25+00:00","og_image":[{"width":4160,"height":2773,"url":"https:\/\/www.manaus.am.gov.br\/semcom\/wp-content\/uploads\/sites\/5\/2025\/11\/WhatsApp-Image-2025-11-13-at-19.57.44.jpeg","type":"image\/jpeg"}],"author":"bvalente","twitter_card":"summary_large_image","twitter_misc":{"Written by":"bvalente","Est. reading time":"3 minutos"},"schema":{"@context":"https:\/\/schema.org","@graph":[{"@type":"WebPage","@id":"https:\/\/www.manaus.am.gov.br\/semcom\/corredor-natalino-entrega\/","url":"https:\/\/www.manaus.am.gov.br\/semcom\/corredor-natalino-entrega\/","name":"Prefeito David Almeida inaugura corredor natalino da Semulsp","isPartOf":{"@id":"https:\/\/www.manaus.am.gov.br\/semcom\/#website"},"primaryImageOfPage":{"@id":"https:\/\/www.manaus.am.gov.br\/semcom\/corredor-natalino-entrega\/#primaryimage"},"image":{"@id":"https:\/\/www.manaus.am.gov.br\/semcom\/corredor-natalino-entrega\/#primaryimage"},"thumbnailUrl":"https:\/\/www.manaus.am.gov.br\/semcom\/wp-content\/uploads\/sites\/5\/2025\/11\/WhatsApp-Image-2025-11-13-at-19.57.44.jpeg","datePublished":"2025-11-14T01:08:24+00:00","dateModified":"2025-11-14T01:08:25+00:00","author":{"@id":"https:\/\/www.manaus.am.gov.br\/semcom\/#\/schema\/person\/466a0e03ae4b6062809046bd560ac955"},"description":"O prefeito David Almeida inaugurou, nesta quinta-feira, 13\/11, o corredor natalino da Secretaria Municipal de Limpeza Urbana (Semulsp).","inLanguage":"pt-BR","potentialAction":[{"@type":"ReadAction","target":["https:\/\/www.manaus.am.gov.br\/semcom\/corredor-natalino-entrega\/"]}]},{"@type":"ImageObject","inLanguage":"pt-BR","@id":"https:\/\/www.manaus.am.gov.br\/semcom\/corredor-natalino-entrega\/#primaryimage","url":"https:\/\/www.manaus.am.gov.br\/semcom\/wp-content\/uploads\/sites\/5\/2025\/11\/WhatsApp-Image-2025-11-13-at-19.57.44.jpeg","contentUrl":"https:\/\/www.manaus.am.gov.br\/semcom\/wp-content\/uploads\/sites\/5\/2025\/11\/WhatsApp-Image-2025-11-13-at-19.57.44.jpeg","width":4160,"height":2773,"caption":"#paratodosverem \u2013 Prefeito David Almeida, acompanhado do vice-prefeito Renato Junior e secret\u00e1rio Sab\u00e1 Reis durante inaugura\u00e7\u00e3o"},{"@type":"WebSite","@id":"https:\/\/www.manaus.am.gov.br\/semcom\/#website","url":"https:\/\/www.manaus.am.gov.br\/semcom\/","name":"SEMCOM","description":"Secretaria Municipal de Comunica\u00e7\u00e3o","potentialAction":[{"@type":"SearchAction","target":{"@type":"EntryPoint","urlTemplate":"https:\/\/www.manaus.am.gov.br\/semcom\/?s={search_term_string}"},"query-input":"required name=search_term_string"}],"inLanguage":"pt-BR"},{"@type":"Person","@id":"https:\/\/www.manaus.am.gov.br\/semcom\/#\/schema\/person\/466a0e03ae4b6062809046bd560ac955","name":"bvalente","image":{"@type":"ImageObject","inLanguage":"pt-BR","@id":"https:\/\/www.manaus.am.gov.br\/semcom\/#\/schema\/person\/image\/","url":"https:\/\/secure.gravatar.com\/avatar\/3e69bc2b014bdad41adfec3a39de07d2?s=96&d=mm&r=g","contentUrl":"https:\/\/secure.gravatar.com\/avatar\/3e69bc2b014bdad41adfec3a39de07d2?s=96&d=mm&r=g","caption":"bvalente"}}]}},"_links":{"self":[{"href":"https:\/\/www.manaus.am.gov.br\/semcom\/wp-json\/wp\/v2\/posts\/248448"}],"collection":[{"href":"https:\/\/www.manaus.am.gov.br\/semcom\/wp-json\/wp\/v2\/posts"}],"about":[{"href":"https:\/\/www.manaus.am.gov.br\/semcom\/wp-json\/wp\/v2\/types\/post"}],"author":[{"embeddable":true,"href":"https:\/\/www.manaus.am.gov.br\/semcom\/wp-json\/wp\/v2\/users\/68"}],"replies":[{"embeddable":true,"href":"https:\/\/www.manaus.am.gov.br\/semcom\/wp-json\/wp\/v2\/comments?post=248448"}],"version-history":[{"count":0,"href":"https:\/\/www.manaus.am.gov.br\/semcom\/wp-json\/wp\/v2\/posts\/248448\/revisions"}],"wp:featuredmedia":[{"embeddable":true,"href":"https:\/\/www.manaus.am.gov.br\/semcom\/wp-json\/wp\/v2\/media\/248449"}],"wp:attachment":[{"href":"https:\/\/www.manaus.am.gov.br\/semcom\/wp-json\/wp\/v2\/media?parent=248448"}],"wp:term":[{"taxonomy":"category","embeddable":true,"href":"https:\/\/www.manaus.am.gov.br\/semcom\/wp-json\/wp\/v2\/categories?post=248448"},{"taxonomy":"post_tag","embeddable":true,"href":"https:\/\/www.manaus.am.gov.br\/semcom\/wp-json\/wp\/v2\/tags?post=248448"}],"curies":[{"name":"wp","href":"https:\/\/api.w.org\/{rel}","templated":true}]}}