{"id":248440,"date":"2025-11-13T19:19:25","date_gmt":"2025-11-13T22:19:25","guid":{"rendered":"https:\/\/www.manaus.am.gov.br\/semcom\/debate-investimentos-manaus\/"},"modified":"2025-11-13T19:19:27","modified_gmt":"2025-11-13T22:19:27","slug":"debate-investimentos-manaus","status":"publish","type":"post","link":"https:\/\/www.manaus.am.gov.br\/semcom\/debate-investimentos-manaus\/","title":{"rendered":"Prefeito David Almeida debate a\u00e7\u00f5es e investimentos para Manaus e esclarece tem\u00e1ticas relacionadas \u00e0 gest\u00e3o"},"content":{"rendered":"\n<p>O prefeito de Manaus, David Almeida, realizou, nesta quinta-feira, 13\/11, um bate-papo com jornalistas para prestar esclarecimentos e apresentar novas realiza\u00e7\u00f5es referentes a sua gest\u00e3o. O encontro ocorreu no Centro de Coopera\u00e7\u00e3o da Cidade (CCC), localizado na zona Centro-Sul da capital.<\/p>\n\n\n\n<p>Durante o bate-papo, o prefeito destacou os investimentos previstos para os pr\u00f3ximos meses e outras a\u00e7\u00f5es de sua administra\u00e7\u00e3o, como as obras dos conjuntos habitacionais do programa \u201cMinha Casa, Minha Vida\u201d, constru\u00e7\u00e3o de viadutos, avan\u00e7o do bairro planejado Doroth\u00e9a Braga, Cidade do Autista, Aqu\u00e1rio Municipal e o Hospital Municipal Dia.<\/p>\n\n\n\n<p>\u201cDe investimentos, n\u00f3s temos o Aqu\u00e1rio Municipal, o Hospital Municipal, o mirante do Encontro das \u00c1guas, temos os viadutos, temos interven\u00e7\u00f5es vi\u00e1rias, 4.700 moradias, o bairro planejado, a Cidade do Autista. N\u00f3s temos muitas coisas para entregar na cidade de Manaus, e \u00e9 por isso que eu digo, gasto pouco tempo brigando e trabalho muito\u201d, afirmou David Almeida.<\/p>\n\n\n\n<p>O prefeito esclareceu que esses investimentos ser\u00e3o realizados com R$ 500 milh\u00f5es, que ser\u00e1 acessado por meio de parte do empr\u00e9stimo autorizado pela C\u00e2mara Municipal de Manaus (CMM). O prefeito informou que n\u00e3o vai utilizar o valor integral autorizado, devido ao alto valor dos juros, e que est\u00e1 em negocia\u00e7\u00e3o com o Banco Mundial para vender a d\u00edvida do munic\u00edpio, que s\u00f3 neste ano prev\u00ea pagamento de R$ 1 bilh\u00e3o de empr\u00e9stimos realizados por gest\u00f5es anteriores.&nbsp;&nbsp;<\/p>\n\n\n\n<p>\u201cEu devo usar R$ 500 milh\u00f5es do empr\u00e9stimo. Eu tenho autoriza\u00e7\u00e3o, mas eu n\u00e3o vou pegar o recurso todo. Eu estou negociando com o Banco Mundial a d\u00edvida da prefeitura, que \u00e9 em d\u00f3lar, transformar para o real, alongar o prazo, diminuir os juros para que eu possa ter uma condi\u00e7\u00e3o de economizar at\u00e9 R$ 220 milh\u00f5es por ano. Essa d\u00edvida que eu estou pagando de quase R$ 1 bilh\u00e3o este ano, ela vai ser amortizada para at\u00e9 R$ 720 milh\u00f5es, assim eu vou ter um pouco mais de folga para investir\u201d, explicou o chefe do Executivo municipal.<\/p>\n\n\n\n<p><strong>Reforma da Previd\u00eancia<\/strong><\/p>\n\n\n\n<p>O prefeito tamb\u00e9m foi questionado por jornalistas sobre a reforma da Previd\u00eancia municipal. David Almeida explicou que o munic\u00edpio \u00e9 uma das poucas capitais que ainda n\u00e3o se adequou \u00e0 reforma da Previd\u00eancia de 2019, aprovada pelo governo federal. Ele esclareceu que a reforma se tornou uma necessidade para assegurar o pagamento previdenci\u00e1rio a quem vai se aposentar daqui a cinco anos, pois n\u00e3o haver\u00e1 recursos se n\u00e3o for realizada.<\/p>\n\n\n\n<p>\u201cSe passar a reforma da Previd\u00eancia, ano que vem vou desembolsar R$ 170 milh\u00f5es; se n\u00e3o tiver a reforma, vou ter de desembolsar R$ 380 milh\u00f5es. Sabe o que vai acontecer? Quem j\u00e1 est\u00e1 aposentado vai receber, s\u00f3 que daqui a cinco anos ou menos eu n\u00e3o vou ter recursos para pagar a Previd\u00eancia. Se n\u00e3o fizermos a reforma, quem se aposentar daqui a cinco anos n\u00e3o vai receber. Se tornou uma necessidade\u201d, disse.<\/p>\n\n\n\n<p>David Almeida ainda informou que os professores ter\u00e3o uma novidade que vai permitir a aposentadoria de at\u00e9 dois mil profissionais, pois vai publicar as progress\u00f5es de carreira que aguardam h\u00e1 anos.<\/p>\n\n\n\n<p>\u201cEu tenho professores com at\u00e9 74 anos na sala de aula, porque ainda n\u00e3o tinham recebido suas progress\u00f5es de carreira. Amanh\u00e3 eu devo estar publicando o maior Di\u00e1rio Oficial da hist\u00f3ria de Manaus, com mais de 30 mil processos que v\u00e3o beneficiar mais de 10 mil professores. S\u00f3 com esta a\u00e7\u00e3o eu devo aposentar mais de dois mil professores, por isso lan\u00e7amos novo concurso p\u00fablico\u201d, acrescentou.<\/p>\n\n\n\n<p><strong>Habita\u00e7\u00f5es<\/strong><\/p>\n\n\n\n<p>Ainda referente aos conjuntos habitacionais do programa \u201cMinha Casa, Minha Vida\u201d, o prefeito foi indagado sobre o imbr\u00f3glio envolvendo terreno desapropriado no bairro Santa Etelvina. David Almeida pontuou que todos os procedimentos foram cumpridos para essa desapropria\u00e7\u00e3o, mas que surgiu um suposto propriet\u00e1rio da \u00e1rea e que isto est\u00e1 em apura\u00e7\u00e3o.<\/p>\n\n\n\n<p>Contudo, o gestor ressaltou que os demais conjuntos est\u00e3o com obras em andamento, sendo que o primeiro tem previs\u00e3o de ser entregue em dezembro, na comunidade Parque das Tribos, no bairro Tarum\u00e3, zona Oeste de Manaus.<\/p>\n\n\n\n<p>&#8212; &#8212; &#8212;<\/p>\n\n\n\n<p><strong>Texto \u2013<\/strong> Geraldo Farias\/Semcom\u00a0<br><strong>Fotos \u2013<\/strong> Dhyeizo Lemos\/Semcom<\/p>\n\n\n\n<p><\/p>\n","protected":false},"excerpt":{"rendered":"","protected":false},"author":39,"featured_media":248441,"comment_status":"closed","ping_status":"closed","sticky":false,"template":"","format":"standard","meta":{"footnotes":""},"categories":[57],"tags":[17946,35,2206,9563,77],"acf":[],"yoast_head":"<!-- This site is optimized with the Yoast SEO plugin v23.0 - https:\/\/yoast.com\/wordpress\/plugins\/seo\/ -->\n<title>Prefeito David Almeida debate a\u00e7\u00f5es e investimentos para Manaus<\/title>\n<meta name=\"description\" content=\"Prefeito de Manaus, David Almeida, realiza, nesta quinta-feira, 13\/11, bate-papo com jornalistas e anuncia investimentos para cidade.\" \/>\n<meta name=\"robots\" content=\"index, follow, max-snippet:-1, max-image-preview:large, max-video-preview:-1\" \/>\n<link rel=\"canonical\" href=\"https:\/\/www.manaus.am.gov.br\/semcom\/debate-investimentos-manaus\/\" \/>\n<meta property=\"og:locale\" content=\"pt_BR\" \/>\n<meta property=\"og:type\" content=\"article\" \/>\n<meta property=\"og:title\" content=\"Prefeito David Almeida debate a\u00e7\u00f5es e investimentos para Manaus\" \/>\n<meta property=\"og:description\" content=\"Prefeito de Manaus, David Almeida, realiza, nesta quinta-feira, 13\/11, bate-papo com jornalistas e anuncia investimentos para cidade.\" \/>\n<meta property=\"og:url\" content=\"https:\/\/www.manaus.am.gov.br\/semcom\/debate-investimentos-manaus\/\" \/>\n<meta property=\"og:site_name\" content=\"SEMCOM\" \/>\n<meta property=\"article:published_time\" content=\"2025-11-13T22:19:25+00:00\" \/>\n<meta property=\"article:modified_time\" content=\"2025-11-13T22:19:27+00:00\" \/>\n<meta property=\"og:image\" content=\"https:\/\/www.manaus.am.gov.br\/semcom\/wp-content\/uploads\/sites\/5\/2025\/11\/WhatsApp-Image-2025-11-13-at-15.46.08.jpeg\" \/>\n\t<meta property=\"og:image:width\" content=\"4160\" \/>\n\t<meta property=\"og:image:height\" content=\"2773\" \/>\n\t<meta property=\"og:image:type\" content=\"image\/jpeg\" \/>\n<meta name=\"author\" content=\"Bruna Greco\" \/>\n<meta name=\"twitter:card\" content=\"summary_large_image\" \/>\n<meta name=\"twitter:label1\" content=\"Written by\" \/>\n\t<meta name=\"twitter:data1\" content=\"Bruna Greco\" \/>\n\t<meta name=\"twitter:label2\" content=\"Est. reading time\" \/>\n\t<meta name=\"twitter:data2\" content=\"4 minutos\" \/>\n<script type=\"application\/ld+json\" class=\"yoast-schema-graph\">{\"@context\":\"https:\/\/schema.org\",\"@graph\":[{\"@type\":\"WebPage\",\"@id\":\"https:\/\/www.manaus.am.gov.br\/semcom\/debate-investimentos-manaus\/\",\"url\":\"https:\/\/www.manaus.am.gov.br\/semcom\/debate-investimentos-manaus\/\",\"name\":\"Prefeito David Almeida debate a\u00e7\u00f5es e investimentos para Manaus\",\"isPartOf\":{\"@id\":\"https:\/\/www.manaus.am.gov.br\/semcom\/#website\"},\"primaryImageOfPage\":{\"@id\":\"https:\/\/www.manaus.am.gov.br\/semcom\/debate-investimentos-manaus\/#primaryimage\"},\"image\":{\"@id\":\"https:\/\/www.manaus.am.gov.br\/semcom\/debate-investimentos-manaus\/#primaryimage\"},\"thumbnailUrl\":\"https:\/\/www.manaus.am.gov.br\/semcom\/wp-content\/uploads\/sites\/5\/2025\/11\/WhatsApp-Image-2025-11-13-at-15.46.08.jpeg\",\"datePublished\":\"2025-11-13T22:19:25+00:00\",\"dateModified\":\"2025-11-13T22:19:27+00:00\",\"author\":{\"@id\":\"https:\/\/www.manaus.am.gov.br\/semcom\/#\/schema\/person\/05d223aea2bf115f9883a6ff3683d81b\"},\"description\":\"Prefeito de Manaus, David Almeida, realiza, nesta quinta-feira, 13\/11, bate-papo com jornalistas e anuncia investimentos para cidade.\",\"inLanguage\":\"pt-BR\",\"potentialAction\":[{\"@type\":\"ReadAction\",\"target\":[\"https:\/\/www.manaus.am.gov.br\/semcom\/debate-investimentos-manaus\/\"]}]},{\"@type\":\"ImageObject\",\"inLanguage\":\"pt-BR\",\"@id\":\"https:\/\/www.manaus.am.gov.br\/semcom\/debate-investimentos-manaus\/#primaryimage\",\"url\":\"https:\/\/www.manaus.am.gov.br\/semcom\/wp-content\/uploads\/sites\/5\/2025\/11\/WhatsApp-Image-2025-11-13-at-15.46.08.jpeg\",\"contentUrl\":\"https:\/\/www.manaus.am.gov.br\/semcom\/wp-content\/uploads\/sites\/5\/2025\/11\/WhatsApp-Image-2025-11-13-at-15.46.08.jpeg\",\"width\":4160,\"height\":2773,\"caption\":\"#paratodosverem - Prefeito de Manaus, David Almeida, reunido com jornalistas para bate-papo e an\u00fancio de investimentos para cidade\"},{\"@type\":\"WebSite\",\"@id\":\"https:\/\/www.manaus.am.gov.br\/semcom\/#website\",\"url\":\"https:\/\/www.manaus.am.gov.br\/semcom\/\",\"name\":\"SEMCOM\",\"description\":\"Secretaria Municipal de Comunica\u00e7\u00e3o\",\"potentialAction\":[{\"@type\":\"SearchAction\",\"target\":{\"@type\":\"EntryPoint\",\"urlTemplate\":\"https:\/\/www.manaus.am.gov.br\/semcom\/?s={search_term_string}\"},\"query-input\":\"required name=search_term_string\"}],\"inLanguage\":\"pt-BR\"},{\"@type\":\"Person\",\"@id\":\"https:\/\/www.manaus.am.gov.br\/semcom\/#\/schema\/person\/05d223aea2bf115f9883a6ff3683d81b\",\"name\":\"Bruna Greco\",\"image\":{\"@type\":\"ImageObject\",\"inLanguage\":\"pt-BR\",\"@id\":\"https:\/\/www.manaus.am.gov.br\/semcom\/#\/schema\/person\/image\/\",\"url\":\"https:\/\/secure.gravatar.com\/avatar\/9c877d1a6adc2a055330e5c09a8653ce?s=96&d=mm&r=g\",\"contentUrl\":\"https:\/\/secure.gravatar.com\/avatar\/9c877d1a6adc2a055330e5c09a8653ce?s=96&d=mm&r=g\",\"caption\":\"Bruna Greco\"}}]}<\/script>\n<!-- \/ Yoast SEO plugin. -->","yoast_head_json":{"title":"Prefeito David Almeida debate a\u00e7\u00f5es e investimentos para Manaus","description":"Prefeito de Manaus, David Almeida, realiza, nesta quinta-feira, 13\/11, bate-papo com jornalistas e anuncia investimentos para cidade.","robots":{"index":"index","follow":"follow","max-snippet":"max-snippet:-1","max-image-preview":"max-image-preview:large","max-video-preview":"max-video-preview:-1"},"canonical":"https:\/\/www.manaus.am.gov.br\/semcom\/debate-investimentos-manaus\/","og_locale":"pt_BR","og_type":"article","og_title":"Prefeito David Almeida debate a\u00e7\u00f5es e investimentos para Manaus","og_description":"Prefeito de Manaus, David Almeida, realiza, nesta quinta-feira, 13\/11, bate-papo com jornalistas e anuncia investimentos para cidade.","og_url":"https:\/\/www.manaus.am.gov.br\/semcom\/debate-investimentos-manaus\/","og_site_name":"SEMCOM","article_published_time":"2025-11-13T22:19:25+00:00","article_modified_time":"2025-11-13T22:19:27+00:00","og_image":[{"width":4160,"height":2773,"url":"https:\/\/www.manaus.am.gov.br\/semcom\/wp-content\/uploads\/sites\/5\/2025\/11\/WhatsApp-Image-2025-11-13-at-15.46.08.jpeg","type":"image\/jpeg"}],"author":"Bruna Greco","twitter_card":"summary_large_image","twitter_misc":{"Written by":"Bruna Greco","Est. reading time":"4 minutos"},"schema":{"@context":"https:\/\/schema.org","@graph":[{"@type":"WebPage","@id":"https:\/\/www.manaus.am.gov.br\/semcom\/debate-investimentos-manaus\/","url":"https:\/\/www.manaus.am.gov.br\/semcom\/debate-investimentos-manaus\/","name":"Prefeito David Almeida debate a\u00e7\u00f5es e investimentos para Manaus","isPartOf":{"@id":"https:\/\/www.manaus.am.gov.br\/semcom\/#website"},"primaryImageOfPage":{"@id":"https:\/\/www.manaus.am.gov.br\/semcom\/debate-investimentos-manaus\/#primaryimage"},"image":{"@id":"https:\/\/www.manaus.am.gov.br\/semcom\/debate-investimentos-manaus\/#primaryimage"},"thumbnailUrl":"https:\/\/www.manaus.am.gov.br\/semcom\/wp-content\/uploads\/sites\/5\/2025\/11\/WhatsApp-Image-2025-11-13-at-15.46.08.jpeg","datePublished":"2025-11-13T22:19:25+00:00","dateModified":"2025-11-13T22:19:27+00:00","author":{"@id":"https:\/\/www.manaus.am.gov.br\/semcom\/#\/schema\/person\/05d223aea2bf115f9883a6ff3683d81b"},"description":"Prefeito de Manaus, David Almeida, realiza, nesta quinta-feira, 13\/11, bate-papo com jornalistas e anuncia investimentos para cidade.","inLanguage":"pt-BR","potentialAction":[{"@type":"ReadAction","target":["https:\/\/www.manaus.am.gov.br\/semcom\/debate-investimentos-manaus\/"]}]},{"@type":"ImageObject","inLanguage":"pt-BR","@id":"https:\/\/www.manaus.am.gov.br\/semcom\/debate-investimentos-manaus\/#primaryimage","url":"https:\/\/www.manaus.am.gov.br\/semcom\/wp-content\/uploads\/sites\/5\/2025\/11\/WhatsApp-Image-2025-11-13-at-15.46.08.jpeg","contentUrl":"https:\/\/www.manaus.am.gov.br\/semcom\/wp-content\/uploads\/sites\/5\/2025\/11\/WhatsApp-Image-2025-11-13-at-15.46.08.jpeg","width":4160,"height":2773,"caption":"#paratodosverem - Prefeito de Manaus, David Almeida, reunido com jornalistas para bate-papo e an\u00fancio de investimentos para cidade"},{"@type":"WebSite","@id":"https:\/\/www.manaus.am.gov.br\/semcom\/#website","url":"https:\/\/www.manaus.am.gov.br\/semcom\/","name":"SEMCOM","description":"Secretaria Municipal de Comunica\u00e7\u00e3o","potentialAction":[{"@type":"SearchAction","target":{"@type":"EntryPoint","urlTemplate":"https:\/\/www.manaus.am.gov.br\/semcom\/?s={search_term_string}"},"query-input":"required name=search_term_string"}],"inLanguage":"pt-BR"},{"@type":"Person","@id":"https:\/\/www.manaus.am.gov.br\/semcom\/#\/schema\/person\/05d223aea2bf115f9883a6ff3683d81b","name":"Bruna Greco","image":{"@type":"ImageObject","inLanguage":"pt-BR","@id":"https:\/\/www.manaus.am.gov.br\/semcom\/#\/schema\/person\/image\/","url":"https:\/\/secure.gravatar.com\/avatar\/9c877d1a6adc2a055330e5c09a8653ce?s=96&d=mm&r=g","contentUrl":"https:\/\/secure.gravatar.com\/avatar\/9c877d1a6adc2a055330e5c09a8653ce?s=96&d=mm&r=g","caption":"Bruna Greco"}}]}},"_links":{"self":[{"href":"https:\/\/www.manaus.am.gov.br\/semcom\/wp-json\/wp\/v2\/posts\/248440"}],"collection":[{"href":"https:\/\/www.manaus.am.gov.br\/semcom\/wp-json\/wp\/v2\/posts"}],"about":[{"href":"https:\/\/www.manaus.am.gov.br\/semcom\/wp-json\/wp\/v2\/types\/post"}],"author":[{"embeddable":true,"href":"https:\/\/www.manaus.am.gov.br\/semcom\/wp-json\/wp\/v2\/users\/39"}],"replies":[{"embeddable":true,"href":"https:\/\/www.manaus.am.gov.br\/semcom\/wp-json\/wp\/v2\/comments?post=248440"}],"version-history":[{"count":0,"href":"https:\/\/www.manaus.am.gov.br\/semcom\/wp-json\/wp\/v2\/posts\/248440\/revisions"}],"wp:featuredmedia":[{"embeddable":true,"href":"https:\/\/www.manaus.am.gov.br\/semcom\/wp-json\/wp\/v2\/media\/248441"}],"wp:attachment":[{"href":"https:\/\/www.manaus.am.gov.br\/semcom\/wp-json\/wp\/v2\/media?parent=248440"}],"wp:term":[{"taxonomy":"category","embeddable":true,"href":"https:\/\/www.manaus.am.gov.br\/semcom\/wp-json\/wp\/v2\/categories?post=248440"},{"taxonomy":"post_tag","embeddable":true,"href":"https:\/\/www.manaus.am.gov.br\/semcom\/wp-json\/wp\/v2\/tags?post=248440"}],"curies":[{"name":"wp","href":"https:\/\/api.w.org\/{rel}","templated":true}]}}