{"id":248419,"date":"2025-11-13T15:54:13","date_gmt":"2025-11-13T18:54:13","guid":{"rendered":"https:\/\/www.manaus.am.gov.br\/semcom\/prefeito-david-almeida-e-vice-governador-tadeu-de-souza-fortalecem-cooperacao-para-demandas-em-manaus\/"},"modified":"2025-11-13T17:08:08","modified_gmt":"2025-11-13T20:08:08","slug":"prefeito-david-almeida-e-vice-governador-tadeu-de-souza-fortalecem-cooperacao-para-demandas-em-manaus","status":"publish","type":"post","link":"https:\/\/www.manaus.am.gov.br\/semcom\/prefeito-david-almeida-e-vice-governador-tadeu-de-souza-fortalecem-cooperacao-para-demandas-em-manaus\/","title":{"rendered":"Prefeito David Almeida e vice-governador Tadeu de Souza fortalecem coopera\u00e7\u00e3o para demandas em Manaus"},"content":{"rendered":"\n<p>Em um encontro realizado nesta quinta-feira, 13\/11, na sede do governo do Estado, localizada na avenida Brasil, Compensa, zona Oeste, o prefeito de Manaus, David Almeida, e o vice-governador do Amazonas, Tadeu de Souza, discutiram e alinharam pleitos cruciais para a capital do Amazonas.<\/p>\n\n\n\n<p>O prefeito David Almeida, acompanhado do secret\u00e1rio Cl\u00e9cio Freire, titular da Secretaria Municipal de Finan\u00e7as, Planejamento e Tecnologia da Inova\u00e7\u00e3o (Semef), destacou que a visita ao vice-governador ocorre ap\u00f3s ele iniciar uma agenda de di\u00e1logo com prefeitos do interior, a\u00e7\u00e3o que refor\u00e7a a boa interlocu\u00e7\u00e3o entre os dois, com objetivo central de garantir a continuidade e qualidade na presta\u00e7\u00e3o dos servi\u00e7os p\u00fablicos.<\/p>\n\n\n\n<p>Entre as pautas levadas ao vice-governador, destacam-se a quest\u00e3o do Passe Livre Estudantil e a necessidade de cofinanciamento da sa\u00fade, abrangendo o Servi\u00e7o de Atendimento M\u00f3vel de Urg\u00eancia (Samu).<\/p>\n\n\n\n<p>&#8220;Vim fazer uma visita ao vice-governador do Amazonas, trazendo alguns pleitos da prefeitura. Aqui, discorremos sobre esses temas, at\u00e9 pela agenda di\u00e1ria do vice-governador, que tem recebido diversos prefeitos do interior. O prefeito da capital ainda n\u00e3o tinha feito essa visita. E eu quero aqui agradecer a forma como fui recebido e mostrar a unidade nas quest\u00f5es estadual e municipal &#8220;, destacou o prefeito.<\/p>\n\n\n\n<p>O vice-governador, por sua vez, sublinhou a import\u00e2ncia de intensificar a coopera\u00e7\u00e3o entre os entes federativos, em especial com Manaus, que representa 55% da popula\u00e7\u00e3o do Estado e possui o maior arranjo econ\u00f4mico.<\/p>\n\n\n\n<p>&#8220;O espa\u00e7o fiscal, que a gente sabe que \u00e9 muito reduzido, principalmente para os munic\u00edpios, isso demanda uma capacidade de criatividade, de inova\u00e7\u00e3o e fazer com que o gasto p\u00fablico seja o mais eficiente poss\u00edvel,&#8221; afirmou o vice-governador.<\/p>\n\n\n\n<p>Tadeu de Souza ainda refor\u00e7ou o compromisso do gabinete em apoiar a capital. &#8220;Acima de tudo, prefeito David, saiba que na Vice-Governadoria, na pessoa do vice-governador, voc\u00ea tem um agente pol\u00edtico, um agente p\u00fablico que \u00e9 profundamente interessado em resolver as demandas que s\u00e3o imensas e complexas na cidade de Manaus.&#8221;<\/p>\n\n\n\n<p>&#8212; &#8212; &#8212;<\/p>\n\n\n\n<p><strong>Texto &#8211;<\/strong> Geraldo Farias \/ Semcom<\/p>\n\n\n\n<p><strong>Fotos &#8211;<\/strong> Dhyeizo Lemos \/ Semcom<\/p>\n","protected":false},"excerpt":{"rendered":"","protected":false},"author":57,"featured_media":248420,"comment_status":"closed","ping_status":"closed","sticky":false,"template":"","format":"standard","meta":{"footnotes":""},"categories":[3177],"tags":[13088,35,77,1685],"acf":[],"yoast_head":"<!-- This site is optimized with the Yoast SEO plugin v23.0 - https:\/\/yoast.com\/wordpress\/plugins\/seo\/ -->\n<title>Prefeito David Almeida e vice-governador Tadeu de Souza fortalecem coopera\u00e7\u00e3o para demandas em Manaus<\/title>\n<meta name=\"robots\" content=\"index, follow, max-snippet:-1, max-image-preview:large, max-video-preview:-1\" \/>\n<link rel=\"canonical\" href=\"https:\/\/www.manaus.am.gov.br\/semcom\/prefeito-david-almeida-e-vice-governador-tadeu-de-souza-fortalecem-cooperacao-para-demandas-em-manaus\/\" \/>\n<meta property=\"og:locale\" content=\"pt_BR\" \/>\n<meta property=\"og:type\" content=\"article\" \/>\n<meta property=\"og:title\" content=\"Prefeito David Almeida e vice-governador Tadeu de Souza fortalecem coopera\u00e7\u00e3o para demandas em Manaus\" \/>\n<meta property=\"og:url\" content=\"https:\/\/www.manaus.am.gov.br\/semcom\/prefeito-david-almeida-e-vice-governador-tadeu-de-souza-fortalecem-cooperacao-para-demandas-em-manaus\/\" \/>\n<meta property=\"og:site_name\" content=\"SEMCOM\" \/>\n<meta property=\"article:published_time\" content=\"2025-11-13T18:54:13+00:00\" \/>\n<meta property=\"article:modified_time\" content=\"2025-11-13T20:08:08+00:00\" \/>\n<meta property=\"og:image\" content=\"https:\/\/www.manaus.am.gov.br\/semcom\/wp-content\/uploads\/sites\/5\/2025\/11\/WhatsApp-Image-2025-11-13-at-11.12.25.jpeg\" \/>\n\t<meta property=\"og:image:width\" content=\"1280\" \/>\n\t<meta property=\"og:image:height\" content=\"854\" \/>\n\t<meta property=\"og:image:type\" content=\"image\/jpeg\" \/>\n<meta name=\"author\" content=\"Thiago Fernando\" \/>\n<meta name=\"twitter:card\" content=\"summary_large_image\" \/>\n<meta name=\"twitter:label1\" content=\"Written by\" \/>\n\t<meta name=\"twitter:data1\" content=\"Thiago Fernando\" \/>\n\t<meta name=\"twitter:label2\" content=\"Est. reading time\" \/>\n\t<meta name=\"twitter:data2\" content=\"3 minutos\" \/>\n<script type=\"application\/ld+json\" class=\"yoast-schema-graph\">{\"@context\":\"https:\/\/schema.org\",\"@graph\":[{\"@type\":\"WebPage\",\"@id\":\"https:\/\/www.manaus.am.gov.br\/semcom\/prefeito-david-almeida-e-vice-governador-tadeu-de-souza-fortalecem-cooperacao-para-demandas-em-manaus\/\",\"url\":\"https:\/\/www.manaus.am.gov.br\/semcom\/prefeito-david-almeida-e-vice-governador-tadeu-de-souza-fortalecem-cooperacao-para-demandas-em-manaus\/\",\"name\":\"Prefeito David Almeida e vice-governador Tadeu de Souza fortalecem coopera\u00e7\u00e3o para demandas em Manaus\",\"isPartOf\":{\"@id\":\"https:\/\/www.manaus.am.gov.br\/semcom\/#website\"},\"primaryImageOfPage\":{\"@id\":\"https:\/\/www.manaus.am.gov.br\/semcom\/prefeito-david-almeida-e-vice-governador-tadeu-de-souza-fortalecem-cooperacao-para-demandas-em-manaus\/#primaryimage\"},\"image\":{\"@id\":\"https:\/\/www.manaus.am.gov.br\/semcom\/prefeito-david-almeida-e-vice-governador-tadeu-de-souza-fortalecem-cooperacao-para-demandas-em-manaus\/#primaryimage\"},\"thumbnailUrl\":\"https:\/\/www.manaus.am.gov.br\/semcom\/wp-content\/uploads\/sites\/5\/2025\/11\/WhatsApp-Image-2025-11-13-at-11.12.25.jpeg\",\"datePublished\":\"2025-11-13T18:54:13+00:00\",\"dateModified\":\"2025-11-13T20:08:08+00:00\",\"author\":{\"@id\":\"https:\/\/www.manaus.am.gov.br\/semcom\/#\/schema\/person\/a5ee5376db6e21af026374b369f30882\"},\"inLanguage\":\"pt-BR\",\"potentialAction\":[{\"@type\":\"ReadAction\",\"target\":[\"https:\/\/www.manaus.am.gov.br\/semcom\/prefeito-david-almeida-e-vice-governador-tadeu-de-souza-fortalecem-cooperacao-para-demandas-em-manaus\/\"]}]},{\"@type\":\"ImageObject\",\"inLanguage\":\"pt-BR\",\"@id\":\"https:\/\/www.manaus.am.gov.br\/semcom\/prefeito-david-almeida-e-vice-governador-tadeu-de-souza-fortalecem-cooperacao-para-demandas-em-manaus\/#primaryimage\",\"url\":\"https:\/\/www.manaus.am.gov.br\/semcom\/wp-content\/uploads\/sites\/5\/2025\/11\/WhatsApp-Image-2025-11-13-at-11.12.25.jpeg\",\"contentUrl\":\"https:\/\/www.manaus.am.gov.br\/semcom\/wp-content\/uploads\/sites\/5\/2025\/11\/WhatsApp-Image-2025-11-13-at-11.12.25.jpeg\",\"width\":1280,\"height\":854,\"caption\":\"#paratodosverem - Prefeito David Almeida reunido com o o vice-governador Tadeu de Souza\"},{\"@type\":\"WebSite\",\"@id\":\"https:\/\/www.manaus.am.gov.br\/semcom\/#website\",\"url\":\"https:\/\/www.manaus.am.gov.br\/semcom\/\",\"name\":\"SEMCOM\",\"description\":\"Secretaria Municipal de Comunica\u00e7\u00e3o\",\"potentialAction\":[{\"@type\":\"SearchAction\",\"target\":{\"@type\":\"EntryPoint\",\"urlTemplate\":\"https:\/\/www.manaus.am.gov.br\/semcom\/?s={search_term_string}\"},\"query-input\":\"required name=search_term_string\"}],\"inLanguage\":\"pt-BR\"},{\"@type\":\"Person\",\"@id\":\"https:\/\/www.manaus.am.gov.br\/semcom\/#\/schema\/person\/a5ee5376db6e21af026374b369f30882\",\"name\":\"Thiago Fernando\",\"image\":{\"@type\":\"ImageObject\",\"inLanguage\":\"pt-BR\",\"@id\":\"https:\/\/www.manaus.am.gov.br\/semcom\/#\/schema\/person\/image\/\",\"url\":\"https:\/\/secure.gravatar.com\/avatar\/f5aab8722444041451501c077052ac07?s=96&d=mm&r=g\",\"contentUrl\":\"https:\/\/secure.gravatar.com\/avatar\/f5aab8722444041451501c077052ac07?s=96&d=mm&r=g\",\"caption\":\"Thiago Fernando\"}}]}<\/script>\n<!-- \/ Yoast SEO plugin. -->","yoast_head_json":{"title":"Prefeito David Almeida e vice-governador Tadeu de Souza fortalecem coopera\u00e7\u00e3o para demandas em Manaus","robots":{"index":"index","follow":"follow","max-snippet":"max-snippet:-1","max-image-preview":"max-image-preview:large","max-video-preview":"max-video-preview:-1"},"canonical":"https:\/\/www.manaus.am.gov.br\/semcom\/prefeito-david-almeida-e-vice-governador-tadeu-de-souza-fortalecem-cooperacao-para-demandas-em-manaus\/","og_locale":"pt_BR","og_type":"article","og_title":"Prefeito David Almeida e vice-governador Tadeu de Souza fortalecem coopera\u00e7\u00e3o para demandas em Manaus","og_url":"https:\/\/www.manaus.am.gov.br\/semcom\/prefeito-david-almeida-e-vice-governador-tadeu-de-souza-fortalecem-cooperacao-para-demandas-em-manaus\/","og_site_name":"SEMCOM","article_published_time":"2025-11-13T18:54:13+00:00","article_modified_time":"2025-11-13T20:08:08+00:00","og_image":[{"width":1280,"height":854,"url":"https:\/\/www.manaus.am.gov.br\/semcom\/wp-content\/uploads\/sites\/5\/2025\/11\/WhatsApp-Image-2025-11-13-at-11.12.25.jpeg","type":"image\/jpeg"}],"author":"Thiago Fernando","twitter_card":"summary_large_image","twitter_misc":{"Written by":"Thiago Fernando","Est. reading time":"3 minutos"},"schema":{"@context":"https:\/\/schema.org","@graph":[{"@type":"WebPage","@id":"https:\/\/www.manaus.am.gov.br\/semcom\/prefeito-david-almeida-e-vice-governador-tadeu-de-souza-fortalecem-cooperacao-para-demandas-em-manaus\/","url":"https:\/\/www.manaus.am.gov.br\/semcom\/prefeito-david-almeida-e-vice-governador-tadeu-de-souza-fortalecem-cooperacao-para-demandas-em-manaus\/","name":"Prefeito David Almeida e vice-governador Tadeu de Souza fortalecem coopera\u00e7\u00e3o para demandas em Manaus","isPartOf":{"@id":"https:\/\/www.manaus.am.gov.br\/semcom\/#website"},"primaryImageOfPage":{"@id":"https:\/\/www.manaus.am.gov.br\/semcom\/prefeito-david-almeida-e-vice-governador-tadeu-de-souza-fortalecem-cooperacao-para-demandas-em-manaus\/#primaryimage"},"image":{"@id":"https:\/\/www.manaus.am.gov.br\/semcom\/prefeito-david-almeida-e-vice-governador-tadeu-de-souza-fortalecem-cooperacao-para-demandas-em-manaus\/#primaryimage"},"thumbnailUrl":"https:\/\/www.manaus.am.gov.br\/semcom\/wp-content\/uploads\/sites\/5\/2025\/11\/WhatsApp-Image-2025-11-13-at-11.12.25.jpeg","datePublished":"2025-11-13T18:54:13+00:00","dateModified":"2025-11-13T20:08:08+00:00","author":{"@id":"https:\/\/www.manaus.am.gov.br\/semcom\/#\/schema\/person\/a5ee5376db6e21af026374b369f30882"},"inLanguage":"pt-BR","potentialAction":[{"@type":"ReadAction","target":["https:\/\/www.manaus.am.gov.br\/semcom\/prefeito-david-almeida-e-vice-governador-tadeu-de-souza-fortalecem-cooperacao-para-demandas-em-manaus\/"]}]},{"@type":"ImageObject","inLanguage":"pt-BR","@id":"https:\/\/www.manaus.am.gov.br\/semcom\/prefeito-david-almeida-e-vice-governador-tadeu-de-souza-fortalecem-cooperacao-para-demandas-em-manaus\/#primaryimage","url":"https:\/\/www.manaus.am.gov.br\/semcom\/wp-content\/uploads\/sites\/5\/2025\/11\/WhatsApp-Image-2025-11-13-at-11.12.25.jpeg","contentUrl":"https:\/\/www.manaus.am.gov.br\/semcom\/wp-content\/uploads\/sites\/5\/2025\/11\/WhatsApp-Image-2025-11-13-at-11.12.25.jpeg","width":1280,"height":854,"caption":"#paratodosverem - Prefeito David Almeida reunido com o o vice-governador Tadeu de Souza"},{"@type":"WebSite","@id":"https:\/\/www.manaus.am.gov.br\/semcom\/#website","url":"https:\/\/www.manaus.am.gov.br\/semcom\/","name":"SEMCOM","description":"Secretaria Municipal de Comunica\u00e7\u00e3o","potentialAction":[{"@type":"SearchAction","target":{"@type":"EntryPoint","urlTemplate":"https:\/\/www.manaus.am.gov.br\/semcom\/?s={search_term_string}"},"query-input":"required name=search_term_string"}],"inLanguage":"pt-BR"},{"@type":"Person","@id":"https:\/\/www.manaus.am.gov.br\/semcom\/#\/schema\/person\/a5ee5376db6e21af026374b369f30882","name":"Thiago Fernando","image":{"@type":"ImageObject","inLanguage":"pt-BR","@id":"https:\/\/www.manaus.am.gov.br\/semcom\/#\/schema\/person\/image\/","url":"https:\/\/secure.gravatar.com\/avatar\/f5aab8722444041451501c077052ac07?s=96&d=mm&r=g","contentUrl":"https:\/\/secure.gravatar.com\/avatar\/f5aab8722444041451501c077052ac07?s=96&d=mm&r=g","caption":"Thiago Fernando"}}]}},"_links":{"self":[{"href":"https:\/\/www.manaus.am.gov.br\/semcom\/wp-json\/wp\/v2\/posts\/248419"}],"collection":[{"href":"https:\/\/www.manaus.am.gov.br\/semcom\/wp-json\/wp\/v2\/posts"}],"about":[{"href":"https:\/\/www.manaus.am.gov.br\/semcom\/wp-json\/wp\/v2\/types\/post"}],"author":[{"embeddable":true,"href":"https:\/\/www.manaus.am.gov.br\/semcom\/wp-json\/wp\/v2\/users\/57"}],"replies":[{"embeddable":true,"href":"https:\/\/www.manaus.am.gov.br\/semcom\/wp-json\/wp\/v2\/comments?post=248419"}],"version-history":[{"count":1,"href":"https:\/\/www.manaus.am.gov.br\/semcom\/wp-json\/wp\/v2\/posts\/248419\/revisions"}],"predecessor-version":[{"id":248430,"href":"https:\/\/www.manaus.am.gov.br\/semcom\/wp-json\/wp\/v2\/posts\/248419\/revisions\/248430"}],"wp:featuredmedia":[{"embeddable":true,"href":"https:\/\/www.manaus.am.gov.br\/semcom\/wp-json\/wp\/v2\/media\/248420"}],"wp:attachment":[{"href":"https:\/\/www.manaus.am.gov.br\/semcom\/wp-json\/wp\/v2\/media?parent=248419"}],"wp:term":[{"taxonomy":"category","embeddable":true,"href":"https:\/\/www.manaus.am.gov.br\/semcom\/wp-json\/wp\/v2\/categories?post=248419"},{"taxonomy":"post_tag","embeddable":true,"href":"https:\/\/www.manaus.am.gov.br\/semcom\/wp-json\/wp\/v2\/tags?post=248419"}],"curies":[{"name":"wp","href":"https:\/\/api.w.org\/{rel}","templated":true}]}}