{"id":248393,"date":"2025-11-13T11:51:49","date_gmt":"2025-11-13T15:51:49","guid":{"rendered":"https:\/\/www.manaus.am.gov.br\/semcom\/ageman-agencia-reguladora-de-boa-vista-parceria\/"},"modified":"2025-11-13T11:51:49","modified_gmt":"2025-11-13T15:51:49","slug":"ageman-agencia-reguladora-de-boa-vista-parceria","status":"publish","type":"post","link":"https:\/\/www.manaus.am.gov.br\/semcom\/ageman-agencia-reguladora-de-boa-vista-parceria\/","title":{"rendered":"Ageman e Ag\u00eancia Reguladora de Boa Vista alinham parceria para fortalecer a\u00e7\u00f5es de regula\u00e7\u00e3o e fiscaliza\u00e7\u00e3o de servi\u00e7os p\u00fablicos"},"content":{"rendered":"\n<p>A Ag\u00eancia Reguladora dos Servi\u00e7os P\u00fablicos Delegados do Munic\u00edpio de Manaus (Ageman), em parceria com a Ag\u00eancia Reguladora Municipal de Boa Vista (ARM-BV), come\u00e7aram a alinhar detalhes para a formaliza\u00e7\u00e3o de um Acordo de Coopera\u00e7\u00e3o T\u00e9cnica (ACT) entre as duas institui\u00e7\u00f5es. A iniciativa foi anunciada, na manh\u00e3 desta quarta-feira, 12\/11, durante a visita do diretor-executivo da ARM-BV, Artur Cavalcante Filho, \u00e0 sede da Ageman, em Manaus.<\/p>\n\n\n\n<p>O gestor foi recebido pelo diretor-presidente do \u00f3rg\u00e3o regulador da Prefeitura de Manaus, Elson Andrade, al\u00e9m dos diretores executivos respons\u00e1veis pela regula\u00e7\u00e3o e fiscaliza\u00e7\u00e3o dos contratos de concess\u00e3o dos servi\u00e7os de abastecimento de \u00e1gua, esgotamento sanit\u00e1rio, ilumina\u00e7\u00e3o p\u00fablica e estacionamento rotativo Zona Azul.<\/p>\n\n\n\n<p>Durante o encontro, o representante da ag\u00eancia reguladora de Boa Vista conheceu a estrutura da Ageman, as rotinas de trabalho e os procedimentos administrativos e financeiros da autarquia municipal. Artur Cavalcante destacou que a ARM-BV, criada em 2016, aguarda a aprova\u00e7\u00e3o de uma legisla\u00e7\u00e3o que vai assegurar maior autonomia e poder de atua\u00e7\u00e3o junto aos servi\u00e7os regulados em Boa Vista, como o saneamento b\u00e1sico, prestado pela Companhia de \u00c1guas e Esgoto de Roraima (Caerr), e o transporte urbano.<\/p>\n\n\n\n<p>\u201cTemos muito interesse em fortalecer nossa atua\u00e7\u00e3o e aprimorar os mecanismos de regula\u00e7\u00e3o e fiscaliza\u00e7\u00e3o dos servi\u00e7os p\u00fablicos em Boa Vista. A troca de experi\u00eancias com a Ageman, que possui uma estrutura consolidada e uma atua\u00e7\u00e3o t\u00e9cnica de refer\u00eancia, \u00e9 fundamental para o avan\u00e7o da nossa ag\u00eancia\u201d, afirmou Artur Cavalcante.<\/p>\n\n\n\n<p>Na visita, o dirigente se reuniu com a equipe administrativa e financeira da Ageman, para troca de informa\u00e7\u00f5es sobre a gest\u00e3o de pessoal, contabilidade e or\u00e7amento, e com a Diretoria de Regula\u00e7\u00e3o e Fiscaliza\u00e7\u00e3o de \u00c1gua e Esgotamento Sanit\u00e1rio, para conhecer a rotina dos t\u00e9cnicos que atuam na fiscaliza\u00e7\u00e3o e as ferramentas utilizadas no monitoramento do servi\u00e7o de saneamento, o qual est\u00e1 sob a concess\u00e3o da empresa \u00c1guas de Manaus.<\/p>\n\n\n\n<p>O diretor-presidente Elson Andrade ressaltou que a experi\u00eancia da Ageman poder\u00e1 contribuir para o fortalecimento institucional da ARM-BV e para a melhoria da regula\u00e7\u00e3o na regi\u00e3o Norte.<\/p>\n\n\n\n<p>A Ageman j\u00e1 mant\u00e9m Acordo de Coopera\u00e7\u00e3o T\u00e9cnica com a Ag\u00eancia Reguladora dos Servi\u00e7os P\u00fablicos do Estado do Acre (Ageac) e tamb\u00e9m com a Ag\u00eancia Reguladora de Servi\u00e7os P\u00fablicos de Saneamento B\u00e1sico e Outros Servi\u00e7os Delegados do Munic\u00edpio de Ji-Paran\u00e1 (Agerji).<\/p>\n\n\n\n<p>\u201cA Ageman tem buscado compartilhar conhecimento e apoiar outras ag\u00eancias que, assim como n\u00f3s, enfrentam os desafios de garantir qualidade e efici\u00eancia dos servi\u00e7os p\u00fablicos. Essa parceria com Boa Vista refor\u00e7a o papel das ag\u00eancias reguladoras como instrumentos de fortalecimento da gest\u00e3o p\u00fablica e de promo\u00e7\u00e3o do desenvolvimento regional\u201d, destacou Elson Andrade.<\/p>\n\n\n\n<p>O acordo entre as duas institui\u00e7\u00f5es deve ser formalizado nas pr\u00f3ximas semanas e ter\u00e1 como foco o interc\u00e2mbio t\u00e9cnico, a capacita\u00e7\u00e3o de equipes e o compartilhamento de boas pr\u00e1ticas na regula\u00e7\u00e3o e fiscaliza\u00e7\u00e3o de servi\u00e7os p\u00fablicos.<\/p>\n\n\n\n<figure class=\"wp-block-image size-large\"><img loading=\"lazy\" decoding=\"async\" width=\"1024\" height=\"768\" src=\"https:\/\/www.manaus.am.gov.br\/semcom\/wp-content\/uploads\/sites\/5\/2025\/11\/Alinhamento-4-1024x768.jpeg\" alt=\"\" class=\"wp-image-248395\" srcset=\"https:\/\/www.manaus.am.gov.br\/semcom\/wp-content\/uploads\/sites\/5\/2025\/11\/Alinhamento-4-1024x768.jpeg 1024w, https:\/\/www.manaus.am.gov.br\/semcom\/wp-content\/uploads\/sites\/5\/2025\/11\/Alinhamento-4-300x225.jpeg 300w, https:\/\/www.manaus.am.gov.br\/semcom\/wp-content\/uploads\/sites\/5\/2025\/11\/Alinhamento-4-768x576.jpeg 768w, https:\/\/www.manaus.am.gov.br\/semcom\/wp-content\/uploads\/sites\/5\/2025\/11\/Alinhamento-4-1536x1152.jpeg 1536w, https:\/\/www.manaus.am.gov.br\/semcom\/wp-content\/uploads\/sites\/5\/2025\/11\/Alinhamento-4.jpeg 1600w\" sizes=\"(max-width: 1024px) 100vw, 1024px\" \/><\/figure>\n\n\n\n<p>&#8212; &#8212; &#8212;<\/p>\n\n\n\n<p><strong>Texto e fotos &#8211;&nbsp;<\/strong>Tereza Te\u00f3filo\/Ageman<\/p>\n","protected":false},"excerpt":{"rendered":"","protected":false},"author":39,"featured_media":248394,"comment_status":"closed","ping_status":"closed","sticky":false,"template":"","format":"standard","meta":{"footnotes":""},"categories":[594],"tags":[17928,215,17929,485,77],"acf":[],"yoast_head":"<!-- This site is optimized with the Yoast SEO plugin v23.0 - https:\/\/yoast.com\/wordpress\/plugins\/seo\/ -->\n<title>Ageman e Ag\u00eancia Reguladora de Boa Vista alinham parceria<\/title>\n<meta name=\"description\" content=\"Ageman e Ag\u00eancia Reguladora de Boa Vista alinham parceria para fortalecer a\u00e7\u00f5es de regula\u00e7\u00e3o e fiscaliza\u00e7\u00e3o de servi\u00e7os p\u00fablicos.\" \/>\n<meta name=\"robots\" content=\"index, follow, max-snippet:-1, max-image-preview:large, max-video-preview:-1\" \/>\n<link rel=\"canonical\" href=\"https:\/\/www.manaus.am.gov.br\/semcom\/ageman-agencia-reguladora-de-boa-vista-parceria\/\" \/>\n<meta property=\"og:locale\" content=\"pt_BR\" \/>\n<meta property=\"og:type\" content=\"article\" \/>\n<meta property=\"og:title\" content=\"Ageman e Ag\u00eancia Reguladora de Boa Vista alinham parceria\" \/>\n<meta property=\"og:description\" content=\"Ageman e Ag\u00eancia Reguladora de Boa Vista alinham parceria para fortalecer a\u00e7\u00f5es de regula\u00e7\u00e3o e fiscaliza\u00e7\u00e3o de servi\u00e7os p\u00fablicos.\" \/>\n<meta property=\"og:url\" content=\"https:\/\/www.manaus.am.gov.br\/semcom\/ageman-agencia-reguladora-de-boa-vista-parceria\/\" \/>\n<meta property=\"og:site_name\" content=\"SEMCOM\" \/>\n<meta property=\"article:published_time\" content=\"2025-11-13T15:51:49+00:00\" \/>\n<meta property=\"og:image\" content=\"https:\/\/www.manaus.am.gov.br\/semcom\/wp-content\/uploads\/sites\/5\/2025\/11\/Alinhamento-5.jpeg\" \/>\n\t<meta property=\"og:image:width\" content=\"1600\" \/>\n\t<meta property=\"og:image:height\" content=\"1200\" \/>\n\t<meta property=\"og:image:type\" content=\"image\/jpeg\" \/>\n<meta name=\"author\" content=\"Bruna Greco\" \/>\n<meta name=\"twitter:card\" content=\"summary_large_image\" \/>\n<meta name=\"twitter:label1\" content=\"Written by\" \/>\n\t<meta name=\"twitter:data1\" content=\"Bruna Greco\" \/>\n\t<meta name=\"twitter:label2\" content=\"Est. reading time\" \/>\n\t<meta name=\"twitter:data2\" content=\"3 minutos\" \/>\n<script type=\"application\/ld+json\" class=\"yoast-schema-graph\">{\"@context\":\"https:\/\/schema.org\",\"@graph\":[{\"@type\":\"WebPage\",\"@id\":\"https:\/\/www.manaus.am.gov.br\/semcom\/ageman-agencia-reguladora-de-boa-vista-parceria\/\",\"url\":\"https:\/\/www.manaus.am.gov.br\/semcom\/ageman-agencia-reguladora-de-boa-vista-parceria\/\",\"name\":\"Ageman e Ag\u00eancia Reguladora de Boa Vista alinham parceria\",\"isPartOf\":{\"@id\":\"https:\/\/www.manaus.am.gov.br\/semcom\/#website\"},\"primaryImageOfPage\":{\"@id\":\"https:\/\/www.manaus.am.gov.br\/semcom\/ageman-agencia-reguladora-de-boa-vista-parceria\/#primaryimage\"},\"image\":{\"@id\":\"https:\/\/www.manaus.am.gov.br\/semcom\/ageman-agencia-reguladora-de-boa-vista-parceria\/#primaryimage\"},\"thumbnailUrl\":\"https:\/\/www.manaus.am.gov.br\/semcom\/wp-content\/uploads\/sites\/5\/2025\/11\/Alinhamento-5.jpeg\",\"datePublished\":\"2025-11-13T15:51:49+00:00\",\"dateModified\":\"2025-11-13T15:51:49+00:00\",\"author\":{\"@id\":\"https:\/\/www.manaus.am.gov.br\/semcom\/#\/schema\/person\/05d223aea2bf115f9883a6ff3683d81b\"},\"description\":\"Ageman e Ag\u00eancia Reguladora de Boa Vista alinham parceria para fortalecer a\u00e7\u00f5es de regula\u00e7\u00e3o e fiscaliza\u00e7\u00e3o de servi\u00e7os p\u00fablicos.\",\"inLanguage\":\"pt-BR\",\"potentialAction\":[{\"@type\":\"ReadAction\",\"target\":[\"https:\/\/www.manaus.am.gov.br\/semcom\/ageman-agencia-reguladora-de-boa-vista-parceria\/\"]}]},{\"@type\":\"ImageObject\",\"inLanguage\":\"pt-BR\",\"@id\":\"https:\/\/www.manaus.am.gov.br\/semcom\/ageman-agencia-reguladora-de-boa-vista-parceria\/#primaryimage\",\"url\":\"https:\/\/www.manaus.am.gov.br\/semcom\/wp-content\/uploads\/sites\/5\/2025\/11\/Alinhamento-5.jpeg\",\"contentUrl\":\"https:\/\/www.manaus.am.gov.br\/semcom\/wp-content\/uploads\/sites\/5\/2025\/11\/Alinhamento-5.jpeg\",\"width\":1600,\"height\":1200,\"caption\":\"#paratodosverem - Representantes da Ageman e Ag\u00eancia Reguladora Municipal de Boa Vista durante reuni\u00e3o de alinhamento para a formaliza\u00e7\u00e3o de um Acordo de Coopera\u00e7\u00e3o T\u00e9cnica entre as duas institui\u00e7\u00f5es\"},{\"@type\":\"WebSite\",\"@id\":\"https:\/\/www.manaus.am.gov.br\/semcom\/#website\",\"url\":\"https:\/\/www.manaus.am.gov.br\/semcom\/\",\"name\":\"SEMCOM\",\"description\":\"Secretaria Municipal de Comunica\u00e7\u00e3o\",\"potentialAction\":[{\"@type\":\"SearchAction\",\"target\":{\"@type\":\"EntryPoint\",\"urlTemplate\":\"https:\/\/www.manaus.am.gov.br\/semcom\/?s={search_term_string}\"},\"query-input\":\"required name=search_term_string\"}],\"inLanguage\":\"pt-BR\"},{\"@type\":\"Person\",\"@id\":\"https:\/\/www.manaus.am.gov.br\/semcom\/#\/schema\/person\/05d223aea2bf115f9883a6ff3683d81b\",\"name\":\"Bruna Greco\",\"image\":{\"@type\":\"ImageObject\",\"inLanguage\":\"pt-BR\",\"@id\":\"https:\/\/www.manaus.am.gov.br\/semcom\/#\/schema\/person\/image\/\",\"url\":\"https:\/\/secure.gravatar.com\/avatar\/9c877d1a6adc2a055330e5c09a8653ce?s=96&d=mm&r=g\",\"contentUrl\":\"https:\/\/secure.gravatar.com\/avatar\/9c877d1a6adc2a055330e5c09a8653ce?s=96&d=mm&r=g\",\"caption\":\"Bruna Greco\"}}]}<\/script>\n<!-- \/ Yoast SEO plugin. -->","yoast_head_json":{"title":"Ageman e Ag\u00eancia Reguladora de Boa Vista alinham parceria","description":"Ageman e Ag\u00eancia Reguladora de Boa Vista alinham parceria para fortalecer a\u00e7\u00f5es de regula\u00e7\u00e3o e fiscaliza\u00e7\u00e3o de servi\u00e7os p\u00fablicos.","robots":{"index":"index","follow":"follow","max-snippet":"max-snippet:-1","max-image-preview":"max-image-preview:large","max-video-preview":"max-video-preview:-1"},"canonical":"https:\/\/www.manaus.am.gov.br\/semcom\/ageman-agencia-reguladora-de-boa-vista-parceria\/","og_locale":"pt_BR","og_type":"article","og_title":"Ageman e Ag\u00eancia Reguladora de Boa Vista alinham parceria","og_description":"Ageman e Ag\u00eancia Reguladora de Boa Vista alinham parceria para fortalecer a\u00e7\u00f5es de regula\u00e7\u00e3o e fiscaliza\u00e7\u00e3o de servi\u00e7os p\u00fablicos.","og_url":"https:\/\/www.manaus.am.gov.br\/semcom\/ageman-agencia-reguladora-de-boa-vista-parceria\/","og_site_name":"SEMCOM","article_published_time":"2025-11-13T15:51:49+00:00","og_image":[{"width":1600,"height":1200,"url":"https:\/\/www.manaus.am.gov.br\/semcom\/wp-content\/uploads\/sites\/5\/2025\/11\/Alinhamento-5.jpeg","type":"image\/jpeg"}],"author":"Bruna Greco","twitter_card":"summary_large_image","twitter_misc":{"Written by":"Bruna Greco","Est. reading time":"3 minutos"},"schema":{"@context":"https:\/\/schema.org","@graph":[{"@type":"WebPage","@id":"https:\/\/www.manaus.am.gov.br\/semcom\/ageman-agencia-reguladora-de-boa-vista-parceria\/","url":"https:\/\/www.manaus.am.gov.br\/semcom\/ageman-agencia-reguladora-de-boa-vista-parceria\/","name":"Ageman e Ag\u00eancia Reguladora de Boa Vista alinham parceria","isPartOf":{"@id":"https:\/\/www.manaus.am.gov.br\/semcom\/#website"},"primaryImageOfPage":{"@id":"https:\/\/www.manaus.am.gov.br\/semcom\/ageman-agencia-reguladora-de-boa-vista-parceria\/#primaryimage"},"image":{"@id":"https:\/\/www.manaus.am.gov.br\/semcom\/ageman-agencia-reguladora-de-boa-vista-parceria\/#primaryimage"},"thumbnailUrl":"https:\/\/www.manaus.am.gov.br\/semcom\/wp-content\/uploads\/sites\/5\/2025\/11\/Alinhamento-5.jpeg","datePublished":"2025-11-13T15:51:49+00:00","dateModified":"2025-11-13T15:51:49+00:00","author":{"@id":"https:\/\/www.manaus.am.gov.br\/semcom\/#\/schema\/person\/05d223aea2bf115f9883a6ff3683d81b"},"description":"Ageman e Ag\u00eancia Reguladora de Boa Vista alinham parceria para fortalecer a\u00e7\u00f5es de regula\u00e7\u00e3o e fiscaliza\u00e7\u00e3o de servi\u00e7os p\u00fablicos.","inLanguage":"pt-BR","potentialAction":[{"@type":"ReadAction","target":["https:\/\/www.manaus.am.gov.br\/semcom\/ageman-agencia-reguladora-de-boa-vista-parceria\/"]}]},{"@type":"ImageObject","inLanguage":"pt-BR","@id":"https:\/\/www.manaus.am.gov.br\/semcom\/ageman-agencia-reguladora-de-boa-vista-parceria\/#primaryimage","url":"https:\/\/www.manaus.am.gov.br\/semcom\/wp-content\/uploads\/sites\/5\/2025\/11\/Alinhamento-5.jpeg","contentUrl":"https:\/\/www.manaus.am.gov.br\/semcom\/wp-content\/uploads\/sites\/5\/2025\/11\/Alinhamento-5.jpeg","width":1600,"height":1200,"caption":"#paratodosverem - Representantes da Ageman e Ag\u00eancia Reguladora Municipal de Boa Vista durante reuni\u00e3o de alinhamento para a formaliza\u00e7\u00e3o de um Acordo de Coopera\u00e7\u00e3o T\u00e9cnica entre as duas institui\u00e7\u00f5es"},{"@type":"WebSite","@id":"https:\/\/www.manaus.am.gov.br\/semcom\/#website","url":"https:\/\/www.manaus.am.gov.br\/semcom\/","name":"SEMCOM","description":"Secretaria Municipal de Comunica\u00e7\u00e3o","potentialAction":[{"@type":"SearchAction","target":{"@type":"EntryPoint","urlTemplate":"https:\/\/www.manaus.am.gov.br\/semcom\/?s={search_term_string}"},"query-input":"required name=search_term_string"}],"inLanguage":"pt-BR"},{"@type":"Person","@id":"https:\/\/www.manaus.am.gov.br\/semcom\/#\/schema\/person\/05d223aea2bf115f9883a6ff3683d81b","name":"Bruna Greco","image":{"@type":"ImageObject","inLanguage":"pt-BR","@id":"https:\/\/www.manaus.am.gov.br\/semcom\/#\/schema\/person\/image\/","url":"https:\/\/secure.gravatar.com\/avatar\/9c877d1a6adc2a055330e5c09a8653ce?s=96&d=mm&r=g","contentUrl":"https:\/\/secure.gravatar.com\/avatar\/9c877d1a6adc2a055330e5c09a8653ce?s=96&d=mm&r=g","caption":"Bruna Greco"}}]}},"_links":{"self":[{"href":"https:\/\/www.manaus.am.gov.br\/semcom\/wp-json\/wp\/v2\/posts\/248393"}],"collection":[{"href":"https:\/\/www.manaus.am.gov.br\/semcom\/wp-json\/wp\/v2\/posts"}],"about":[{"href":"https:\/\/www.manaus.am.gov.br\/semcom\/wp-json\/wp\/v2\/types\/post"}],"author":[{"embeddable":true,"href":"https:\/\/www.manaus.am.gov.br\/semcom\/wp-json\/wp\/v2\/users\/39"}],"replies":[{"embeddable":true,"href":"https:\/\/www.manaus.am.gov.br\/semcom\/wp-json\/wp\/v2\/comments?post=248393"}],"version-history":[{"count":1,"href":"https:\/\/www.manaus.am.gov.br\/semcom\/wp-json\/wp\/v2\/posts\/248393\/revisions"}],"predecessor-version":[{"id":248396,"href":"https:\/\/www.manaus.am.gov.br\/semcom\/wp-json\/wp\/v2\/posts\/248393\/revisions\/248396"}],"wp:featuredmedia":[{"embeddable":true,"href":"https:\/\/www.manaus.am.gov.br\/semcom\/wp-json\/wp\/v2\/media\/248394"}],"wp:attachment":[{"href":"https:\/\/www.manaus.am.gov.br\/semcom\/wp-json\/wp\/v2\/media?parent=248393"}],"wp:term":[{"taxonomy":"category","embeddable":true,"href":"https:\/\/www.manaus.am.gov.br\/semcom\/wp-json\/wp\/v2\/categories?post=248393"},{"taxonomy":"post_tag","embeddable":true,"href":"https:\/\/www.manaus.am.gov.br\/semcom\/wp-json\/wp\/v2\/tags?post=248393"}],"curies":[{"name":"wp","href":"https:\/\/api.w.org\/{rel}","templated":true}]}}