{"id":248379,"date":"2025-11-13T10:59:34","date_gmt":"2025-11-13T14:59:34","guid":{"rendered":"https:\/\/www.manaus.am.gov.br\/semcom\/prefeitura-pesquisa-procon-combustivel\/"},"modified":"2025-11-13T10:59:34","modified_gmt":"2025-11-13T14:59:34","slug":"prefeitura-pesquisa-procon-combustivel","status":"publish","type":"post","link":"https:\/\/www.manaus.am.gov.br\/semcom\/prefeitura-pesquisa-procon-combustivel\/","title":{"rendered":"Nova pesquisa do Procon Manaus aponta varia\u00e7\u00e3o nos pre\u00e7os de combust\u00edveis na capital"},"content":{"rendered":"\n<p>A Prefeitura de Manaus, por meio do Servi\u00e7o de Atendimento e Prote\u00e7\u00e3o ao Consumidor (Procon Manaus), divulgou, nesta quinta-feira, 13\/11, o resultado da mais recente pesquisa de pre\u00e7os dos combust\u00edveis realizada na capital amazonense. A iniciativa tem como objetivo garantir transpar\u00eancia ao consumidor, incentivar a livre concorr\u00eancia e coibir pr\u00e1ticas abusivas de pre\u00e7os, conforme previsto no C\u00f3digo de Defesa do Consumidor (Lei n\u00ba 8.078\/90).<\/p>\n\n\n\n<p>\u201cA a\u00e7\u00e3o \u00e9 fundamental para que o consumidor manauara acompanhe as varia\u00e7\u00f5es de pre\u00e7os e possa escolher onde abastecer com mais economia e seguran\u00e7a, al\u00e9m de auxiliar o trabalho do Procon Manaus na verifica\u00e7\u00e3o de poss\u00edveis irregularidades e na promo\u00e7\u00e3o de um mercado mais equilibrado e transparente\u201d, destacou a presidente do Procon Manaus, Onilda Abreu.<\/p>\n\n\n\n<p>A pesquisa foi realizada, na ter\u00e7a-feira, 11\/11, pela Divis\u00e3o de Fiscaliza\u00e7\u00e3o do \u00f3rg\u00e3o, que utilizou amostragem probabil\u00edstica, metodologia que permite a generaliza\u00e7\u00e3o dos dados para a totalidade dos postos da cidade. Ao todo, 40 estabelecimentos foram visitados, contemplando todas as zonas de Manaus.<\/p>\n\n\n\n<p>No levantamento mais recente, foram analisados os pre\u00e7os de cinco tipos de combust\u00edveis: gasolina comum, gasolina aditivada, etanol hidratado, diesel comum (n\u00e3o aditivado) e diesel S10 (aditivado). Os menores valores encontrados foram de R$ 6,49 para a gasolina comum; R$ 6,99, para a gasolina aditivada; R$ 5,45, para o etanol hidratado, R$ 6,27, para o diesel comum e R$ 6,29, para o diesel S10.<\/p>\n\n\n\n<p>O Procon Manaus refor\u00e7a que os valores apresentados refletem o cen\u00e1rio encontrado nos dias da coleta e podem variar ao longo do m\u00eas. Por isso, o \u00f3rg\u00e3o orienta os consumidores a se manterem atentos \u00e0s mudan\u00e7as e a sempre comparar os pre\u00e7os antes de abastecer.<\/p>\n\n\n\n<p>Confira a pesquisa completa aqui.<br>\u2014 \u2014 \u2014<br><strong>Texto <\/strong>\u2013 Lara Bernardes \/ Procon<br><strong>Fotos <\/strong>\u2013 Divulga\u00e7\u00e3o \/ Semcom<\/p>\n\n\n\n<div data-wp-interactive=\"\" class=\"wp-block-file\"><object data-wp-bind--hidden=\"!selectors.core.file.hasPdfPreview\" hidden class=\"wp-block-file__embed\" data=\"https:\/\/www.manaus.am.gov.br\/semcom\/wp-content\/uploads\/sites\/5\/2025\/11\/Pesquisa-combustivel-11.11.25.pdf\" type=\"application\/pdf\" style=\"width:100%;height:600px\" aria-label=\"Incorporado de Pesquisa combustivel 11.11.25.\"><\/object><a id=\"wp-block-file--media-4cbeed7e-f608-4b3f-a878-0853a63bd349\" href=\"https:\/\/www.manaus.am.gov.br\/semcom\/wp-content\/uploads\/sites\/5\/2025\/11\/Pesquisa-combustivel-11.11.25.pdf\">Pesquisa combustivel 11.11.25<\/a><a href=\"https:\/\/www.manaus.am.gov.br\/semcom\/wp-content\/uploads\/sites\/5\/2025\/11\/Pesquisa-combustivel-11.11.25.pdf\" class=\"wp-block-file__button wp-element-button\" download aria-describedby=\"wp-block-file--media-4cbeed7e-f608-4b3f-a878-0853a63bd349\">Baixar<\/a><\/div>\n","protected":false},"excerpt":{"rendered":"","protected":false},"author":23,"featured_media":248380,"comment_status":"closed","ping_status":"closed","sticky":false,"template":"","format":"standard","meta":{"footnotes":""},"categories":[3335],"tags":[10286,5985,10287,77,9825],"acf":[],"yoast_head":"<!-- This site is optimized with the Yoast SEO plugin v23.0 - https:\/\/yoast.com\/wordpress\/plugins\/seo\/ -->\n<title>Nova pesquisa do Procon Manaus aponta varia\u00e7\u00e3o nos pre\u00e7os de combust\u00edveis na capital<\/title>\n<meta name=\"description\" content=\"A Prefeitura de Manaus, por meio do Servi\u00e7o de Atendimento e Prote\u00e7\u00e3o ao Consumidor (Procon Manaus), divulgou, nesta quinta-feira, 13\/11, o resultado da mais recente pesquisa de pre\u00e7os dos combust\u00edveis realizada na capital amazonense.\" \/>\n<meta name=\"robots\" content=\"index, follow, max-snippet:-1, max-image-preview:large, max-video-preview:-1\" \/>\n<link rel=\"canonical\" href=\"https:\/\/www.manaus.am.gov.br\/semcom\/prefeitura-pesquisa-procon-combustivel\/\" \/>\n<meta property=\"og:locale\" content=\"pt_BR\" \/>\n<meta property=\"og:type\" content=\"article\" \/>\n<meta property=\"og:title\" content=\"Nova pesquisa do Procon Manaus aponta varia\u00e7\u00e3o nos pre\u00e7os de combust\u00edveis na capital\" \/>\n<meta property=\"og:description\" content=\"A Prefeitura de Manaus, por meio do Servi\u00e7o de Atendimento e Prote\u00e7\u00e3o ao Consumidor (Procon Manaus), divulgou, nesta quinta-feira, 13\/11, o resultado da mais recente pesquisa de pre\u00e7os dos combust\u00edveis realizada na capital amazonense.\" \/>\n<meta property=\"og:url\" content=\"https:\/\/www.manaus.am.gov.br\/semcom\/prefeitura-pesquisa-procon-combustivel\/\" \/>\n<meta property=\"og:site_name\" content=\"SEMCOM\" \/>\n<meta property=\"article:published_time\" content=\"2025-11-13T14:59:34+00:00\" \/>\n<meta property=\"og:image\" content=\"https:\/\/www.manaus.am.gov.br\/semcom\/wp-content\/uploads\/sites\/5\/2025\/11\/WhatsApp-Image-2025-11-13-at-09.26.42-1.jpeg\" \/>\n\t<meta property=\"og:image:width\" content=\"1600\" \/>\n\t<meta property=\"og:image:height\" content=\"1066\" \/>\n\t<meta property=\"og:image:type\" content=\"image\/jpeg\" \/>\n<meta name=\"author\" content=\"Adriana Costa\" \/>\n<meta name=\"twitter:card\" content=\"summary_large_image\" \/>\n<meta name=\"twitter:label1\" content=\"Written by\" \/>\n\t<meta name=\"twitter:data1\" content=\"Adriana Costa\" \/>\n\t<meta name=\"twitter:label2\" content=\"Est. reading time\" \/>\n\t<meta name=\"twitter:data2\" content=\"2 minutos\" \/>\n<script type=\"application\/ld+json\" class=\"yoast-schema-graph\">{\"@context\":\"https:\/\/schema.org\",\"@graph\":[{\"@type\":\"WebPage\",\"@id\":\"https:\/\/www.manaus.am.gov.br\/semcom\/prefeitura-pesquisa-procon-combustivel\/\",\"url\":\"https:\/\/www.manaus.am.gov.br\/semcom\/prefeitura-pesquisa-procon-combustivel\/\",\"name\":\"Nova pesquisa do Procon Manaus aponta varia\u00e7\u00e3o nos pre\u00e7os de combust\u00edveis na capital\",\"isPartOf\":{\"@id\":\"https:\/\/www.manaus.am.gov.br\/semcom\/#website\"},\"primaryImageOfPage\":{\"@id\":\"https:\/\/www.manaus.am.gov.br\/semcom\/prefeitura-pesquisa-procon-combustivel\/#primaryimage\"},\"image\":{\"@id\":\"https:\/\/www.manaus.am.gov.br\/semcom\/prefeitura-pesquisa-procon-combustivel\/#primaryimage\"},\"thumbnailUrl\":\"https:\/\/www.manaus.am.gov.br\/semcom\/wp-content\/uploads\/sites\/5\/2025\/11\/WhatsApp-Image-2025-11-13-at-09.26.42-1.jpeg\",\"datePublished\":\"2025-11-13T14:59:34+00:00\",\"dateModified\":\"2025-11-13T14:59:34+00:00\",\"author\":{\"@id\":\"https:\/\/www.manaus.am.gov.br\/semcom\/#\/schema\/person\/4e49f4e267757a06ca072ec61b2b9968\"},\"description\":\"A Prefeitura de Manaus, por meio do Servi\u00e7o de Atendimento e Prote\u00e7\u00e3o ao Consumidor (Procon Manaus), divulgou, nesta quinta-feira, 13\/11, o resultado da mais recente pesquisa de pre\u00e7os dos combust\u00edveis realizada na capital amazonense.\",\"inLanguage\":\"pt-BR\",\"potentialAction\":[{\"@type\":\"ReadAction\",\"target\":[\"https:\/\/www.manaus.am.gov.br\/semcom\/prefeitura-pesquisa-procon-combustivel\/\"]}]},{\"@type\":\"ImageObject\",\"inLanguage\":\"pt-BR\",\"@id\":\"https:\/\/www.manaus.am.gov.br\/semcom\/prefeitura-pesquisa-procon-combustivel\/#primaryimage\",\"url\":\"https:\/\/www.manaus.am.gov.br\/semcom\/wp-content\/uploads\/sites\/5\/2025\/11\/WhatsApp-Image-2025-11-13-at-09.26.42-1.jpeg\",\"contentUrl\":\"https:\/\/www.manaus.am.gov.br\/semcom\/wp-content\/uploads\/sites\/5\/2025\/11\/WhatsApp-Image-2025-11-13-at-09.26.42-1.jpeg\",\"width\":1600,\"height\":1066,\"caption\":\"#paratodosverem - Fiscais do Procon Manaus perto de bomba de gasolina\"},{\"@type\":\"WebSite\",\"@id\":\"https:\/\/www.manaus.am.gov.br\/semcom\/#website\",\"url\":\"https:\/\/www.manaus.am.gov.br\/semcom\/\",\"name\":\"SEMCOM\",\"description\":\"Secretaria Municipal de Comunica\u00e7\u00e3o\",\"potentialAction\":[{\"@type\":\"SearchAction\",\"target\":{\"@type\":\"EntryPoint\",\"urlTemplate\":\"https:\/\/www.manaus.am.gov.br\/semcom\/?s={search_term_string}\"},\"query-input\":\"required name=search_term_string\"}],\"inLanguage\":\"pt-BR\"},{\"@type\":\"Person\",\"@id\":\"https:\/\/www.manaus.am.gov.br\/semcom\/#\/schema\/person\/4e49f4e267757a06ca072ec61b2b9968\",\"name\":\"Adriana Costa\",\"image\":{\"@type\":\"ImageObject\",\"inLanguage\":\"pt-BR\",\"@id\":\"https:\/\/www.manaus.am.gov.br\/semcom\/#\/schema\/person\/image\/\",\"url\":\"https:\/\/secure.gravatar.com\/avatar\/576258617ef7194f718179e766d57bd4?s=96&d=mm&r=g\",\"contentUrl\":\"https:\/\/secure.gravatar.com\/avatar\/576258617ef7194f718179e766d57bd4?s=96&d=mm&r=g\",\"caption\":\"Adriana Costa\"}}]}<\/script>\n<!-- \/ Yoast SEO plugin. -->","yoast_head_json":{"title":"Nova pesquisa do Procon Manaus aponta varia\u00e7\u00e3o nos pre\u00e7os de combust\u00edveis na capital","description":"A Prefeitura de Manaus, por meio do Servi\u00e7o de Atendimento e Prote\u00e7\u00e3o ao Consumidor (Procon Manaus), divulgou, nesta quinta-feira, 13\/11, o resultado da mais recente pesquisa de pre\u00e7os dos combust\u00edveis realizada na capital amazonense.","robots":{"index":"index","follow":"follow","max-snippet":"max-snippet:-1","max-image-preview":"max-image-preview:large","max-video-preview":"max-video-preview:-1"},"canonical":"https:\/\/www.manaus.am.gov.br\/semcom\/prefeitura-pesquisa-procon-combustivel\/","og_locale":"pt_BR","og_type":"article","og_title":"Nova pesquisa do Procon Manaus aponta varia\u00e7\u00e3o nos pre\u00e7os de combust\u00edveis na capital","og_description":"A Prefeitura de Manaus, por meio do Servi\u00e7o de Atendimento e Prote\u00e7\u00e3o ao Consumidor (Procon Manaus), divulgou, nesta quinta-feira, 13\/11, o resultado da mais recente pesquisa de pre\u00e7os dos combust\u00edveis realizada na capital amazonense.","og_url":"https:\/\/www.manaus.am.gov.br\/semcom\/prefeitura-pesquisa-procon-combustivel\/","og_site_name":"SEMCOM","article_published_time":"2025-11-13T14:59:34+00:00","og_image":[{"width":1600,"height":1066,"url":"https:\/\/www.manaus.am.gov.br\/semcom\/wp-content\/uploads\/sites\/5\/2025\/11\/WhatsApp-Image-2025-11-13-at-09.26.42-1.jpeg","type":"image\/jpeg"}],"author":"Adriana Costa","twitter_card":"summary_large_image","twitter_misc":{"Written by":"Adriana Costa","Est. reading time":"2 minutos"},"schema":{"@context":"https:\/\/schema.org","@graph":[{"@type":"WebPage","@id":"https:\/\/www.manaus.am.gov.br\/semcom\/prefeitura-pesquisa-procon-combustivel\/","url":"https:\/\/www.manaus.am.gov.br\/semcom\/prefeitura-pesquisa-procon-combustivel\/","name":"Nova pesquisa do Procon Manaus aponta varia\u00e7\u00e3o nos pre\u00e7os de combust\u00edveis na capital","isPartOf":{"@id":"https:\/\/www.manaus.am.gov.br\/semcom\/#website"},"primaryImageOfPage":{"@id":"https:\/\/www.manaus.am.gov.br\/semcom\/prefeitura-pesquisa-procon-combustivel\/#primaryimage"},"image":{"@id":"https:\/\/www.manaus.am.gov.br\/semcom\/prefeitura-pesquisa-procon-combustivel\/#primaryimage"},"thumbnailUrl":"https:\/\/www.manaus.am.gov.br\/semcom\/wp-content\/uploads\/sites\/5\/2025\/11\/WhatsApp-Image-2025-11-13-at-09.26.42-1.jpeg","datePublished":"2025-11-13T14:59:34+00:00","dateModified":"2025-11-13T14:59:34+00:00","author":{"@id":"https:\/\/www.manaus.am.gov.br\/semcom\/#\/schema\/person\/4e49f4e267757a06ca072ec61b2b9968"},"description":"A Prefeitura de Manaus, por meio do Servi\u00e7o de Atendimento e Prote\u00e7\u00e3o ao Consumidor (Procon Manaus), divulgou, nesta quinta-feira, 13\/11, o resultado da mais recente pesquisa de pre\u00e7os dos combust\u00edveis realizada na capital amazonense.","inLanguage":"pt-BR","potentialAction":[{"@type":"ReadAction","target":["https:\/\/www.manaus.am.gov.br\/semcom\/prefeitura-pesquisa-procon-combustivel\/"]}]},{"@type":"ImageObject","inLanguage":"pt-BR","@id":"https:\/\/www.manaus.am.gov.br\/semcom\/prefeitura-pesquisa-procon-combustivel\/#primaryimage","url":"https:\/\/www.manaus.am.gov.br\/semcom\/wp-content\/uploads\/sites\/5\/2025\/11\/WhatsApp-Image-2025-11-13-at-09.26.42-1.jpeg","contentUrl":"https:\/\/www.manaus.am.gov.br\/semcom\/wp-content\/uploads\/sites\/5\/2025\/11\/WhatsApp-Image-2025-11-13-at-09.26.42-1.jpeg","width":1600,"height":1066,"caption":"#paratodosverem - Fiscais do Procon Manaus perto de bomba de gasolina"},{"@type":"WebSite","@id":"https:\/\/www.manaus.am.gov.br\/semcom\/#website","url":"https:\/\/www.manaus.am.gov.br\/semcom\/","name":"SEMCOM","description":"Secretaria Municipal de Comunica\u00e7\u00e3o","potentialAction":[{"@type":"SearchAction","target":{"@type":"EntryPoint","urlTemplate":"https:\/\/www.manaus.am.gov.br\/semcom\/?s={search_term_string}"},"query-input":"required name=search_term_string"}],"inLanguage":"pt-BR"},{"@type":"Person","@id":"https:\/\/www.manaus.am.gov.br\/semcom\/#\/schema\/person\/4e49f4e267757a06ca072ec61b2b9968","name":"Adriana Costa","image":{"@type":"ImageObject","inLanguage":"pt-BR","@id":"https:\/\/www.manaus.am.gov.br\/semcom\/#\/schema\/person\/image\/","url":"https:\/\/secure.gravatar.com\/avatar\/576258617ef7194f718179e766d57bd4?s=96&d=mm&r=g","contentUrl":"https:\/\/secure.gravatar.com\/avatar\/576258617ef7194f718179e766d57bd4?s=96&d=mm&r=g","caption":"Adriana Costa"}}]}},"_links":{"self":[{"href":"https:\/\/www.manaus.am.gov.br\/semcom\/wp-json\/wp\/v2\/posts\/248379"}],"collection":[{"href":"https:\/\/www.manaus.am.gov.br\/semcom\/wp-json\/wp\/v2\/posts"}],"about":[{"href":"https:\/\/www.manaus.am.gov.br\/semcom\/wp-json\/wp\/v2\/types\/post"}],"author":[{"embeddable":true,"href":"https:\/\/www.manaus.am.gov.br\/semcom\/wp-json\/wp\/v2\/users\/23"}],"replies":[{"embeddable":true,"href":"https:\/\/www.manaus.am.gov.br\/semcom\/wp-json\/wp\/v2\/comments?post=248379"}],"version-history":[{"count":1,"href":"https:\/\/www.manaus.am.gov.br\/semcom\/wp-json\/wp\/v2\/posts\/248379\/revisions"}],"predecessor-version":[{"id":248382,"href":"https:\/\/www.manaus.am.gov.br\/semcom\/wp-json\/wp\/v2\/posts\/248379\/revisions\/248382"}],"wp:featuredmedia":[{"embeddable":true,"href":"https:\/\/www.manaus.am.gov.br\/semcom\/wp-json\/wp\/v2\/media\/248380"}],"wp:attachment":[{"href":"https:\/\/www.manaus.am.gov.br\/semcom\/wp-json\/wp\/v2\/media?parent=248379"}],"wp:term":[{"taxonomy":"category","embeddable":true,"href":"https:\/\/www.manaus.am.gov.br\/semcom\/wp-json\/wp\/v2\/categories?post=248379"},{"taxonomy":"post_tag","embeddable":true,"href":"https:\/\/www.manaus.am.gov.br\/semcom\/wp-json\/wp\/v2\/tags?post=248379"}],"curies":[{"name":"wp","href":"https:\/\/api.w.org\/{rel}","templated":true}]}}