{"id":248305,"date":"2025-11-11T22:34:10","date_gmt":"2025-11-12T01:34:10","guid":{"rendered":"https:\/\/www.manaus.am.gov.br\/semcom\/acoes-cop30-2\/"},"modified":"2025-11-11T22:36:19","modified_gmt":"2025-11-12T01:36:19","slug":"acoes-cop30-2","status":"publish","type":"post","link":"https:\/\/www.manaus.am.gov.br\/semcom\/acoes-cop30-2\/","title":{"rendered":"Manaus se consolida como lideran\u00e7a amaz\u00f4nica em saneamento inclusivo e solu\u00e7\u00f5es urbanas para a crise clim\u00e1tica"},"content":{"rendered":"\n<p>Nesta ter\u00e7a-feira, 11\/11, segundo dia da COP30, em Bel\u00e9m, Manaus voltou a ocupar espa\u00e7o de destaque ao apresentar um dos casos mais replic\u00e1veis de saneamento b\u00e1sico em \u00e1reas vulner\u00e1veis da Amaz\u00f4nia urbana. A experi\u00eancia manauara foi reconhecida no estande do Instituto Aegea, onde o prefeito David Almeida refor\u00e7ou os avan\u00e7os hist\u00f3ricos da capital e o papel das cidades amaz\u00f4nicas na agenda clim\u00e1tica global.<\/p>\n\n\n\n<p>\u201cEstou visitando o estande do Instituto Aegea, que \u00e9 respons\u00e1vel pelo tratamento do esgoto da cidade de Manaus, por meio da \u00c1guas de Manaus. Aqui temos o exemplo do \u2018beco do Nonato\u2019, refer\u00eancia para o Brasil em saneamento b\u00e1sico em palafitas. Avan\u00e7amos de 16% para 38% no esgoto tratado da cidade. Manaus est\u00e1 mostrando que \u00e9 poss\u00edvel levar dignidade, sa\u00fade e desenvolvimento, mesmo nos territ\u00f3rios mais desafiadores\u201d, afirmou o prefeito.<\/p>\n\n\n\n<p>O <em>case<\/em> foi apresentado como modelo de adapta\u00e7\u00e3o urbana, alinhado aos temas centrais da COP: justi\u00e7a clim\u00e1tica, inclus\u00e3o e financiamento clim\u00e1tico. Manaus, maior metr\u00f3pole da Amaz\u00f4nia com mais de 90% do territ\u00f3rio preservado, demonstra que inova\u00e7\u00e3o social e engenharia aplicada podem transformar comunidades historicamente negligenciadas, preparando-as para eventos extremos, cheias c\u00edclicas e vulnerabilidades associadas \u00e0 crise clim\u00e1tica.<\/p>\n\n\n\n<p>O presidente do Instituto Aegea, \u00c9dison Carlos, destacou o car\u00e1ter pioneiro do projeto e a vis\u00e3o estrat\u00e9gica da gest\u00e3o municipal. \u201cA regi\u00e3o Norte ainda enfrenta grande car\u00eancia de saneamento. Em Manaus, aprendemos a fazer saneamento em palafitas, muito pela vis\u00e3o do prefeito David, que nos apoiou a olhar para essas comunidades. Criamos a Tarifa 10, desenvolvemos tubula\u00e7\u00e3o suspensa adaptada ao ciclo dos rios, e essa expertise j\u00e1 est\u00e1 sendo replicada aqui em Bel\u00e9m, na Vila da Barca. O que vamos fazer no Par\u00e1 e no Brasil inteiro tem origem em Manaus\u201d, afirmou.<\/p>\n\n\n\n<p>A solu\u00e7\u00e3o manauara, hoje considerada refer\u00eancia nacional, \u00e9 tratada por especialistas como modelo escal\u00e1vel para outros pa\u00edses tropicais que enfrentam desafios semelhantes: ocupa\u00e7\u00f5es ribeirinhas, sazonalidade de cheias, d\u00e9ficit hist\u00f3rico de saneamento e desigualdade ambiental. A metodologia desenvolvida em Manaus permite garantir sa\u00fade p\u00fablica, reduzir a contamina\u00e7\u00e3o de igarap\u00e9s, fortalecer resili\u00eancia h\u00eddrica e oferecer tarifa social adequada \u00e0 renda das fam\u00edlias, ponto central nas discuss\u00f5es de financiamento clim\u00e1tico e transi\u00e7\u00e3o justa.<\/p>\n\n\n\n<p>O Instituto Aegea, bra\u00e7o de investimento social da Aegea Saneamento, refor\u00e7a essa estrat\u00e9gia ao integrar educa\u00e7\u00e3o ambiental, inclus\u00e3o produtiva, diversidade e prote\u00e7\u00e3o de recursos h\u00eddricos. A iniciativa complementa o esfor\u00e7o municipal em ampliar a qualidade de vida, enquanto fortalece pol\u00edticas ambientais e de governan\u00e7a urbana.<\/p>\n\n\n\n<p>Com pr\u00e1ticas comprovadas e impacto direto sobre popula\u00e7\u00f5es vulner\u00e1veis, Manaus consolida sua posi\u00e7\u00e3o como <em>case<\/em> internacional de inova\u00e7\u00e3o clim\u00e1tica, mostrando ao mundo que a Amaz\u00f4nia urbana pode liderar a constru\u00e7\u00e3o de cidades mais humanas, resilientes e sustent\u00e1veis.<\/p>\n\n\n\n<p>\u2014- \u2014 \u2014-<br><strong>Texto &#8211;<\/strong> Emanuelle Baires \/ Semcom-Prefeito<br><strong>Fotos &#8211; <\/strong>Dhyeizo Lemos \/ Semcom-Prefeito<\/p>\n","protected":false},"excerpt":{"rendered":"","protected":false},"author":68,"featured_media":248306,"comment_status":"closed","ping_status":"closed","sticky":false,"template":"","format":"standard","meta":{"footnotes":""},"categories":[17887],"tags":[17835,35,17888,77],"acf":[],"yoast_head":"<!-- This site is optimized with the Yoast SEO plugin v23.0 - https:\/\/yoast.com\/wordpress\/plugins\/seo\/ -->\n<title>Manaus se consolida como lideran\u00e7a amaz\u00f4nica em saneamento inclusivo<\/title>\n<meta name=\"description\" content=\"Nesta ter\u00e7a-feira, 11\/11, segundo dia da COP30, em Bel\u00e9m, Manaus voltou a ocupar espa\u00e7o de destaque.\" \/>\n<meta name=\"robots\" content=\"index, follow, max-snippet:-1, max-image-preview:large, max-video-preview:-1\" \/>\n<link rel=\"canonical\" href=\"https:\/\/www.manaus.am.gov.br\/semcom\/acoes-cop30-2\/\" \/>\n<meta property=\"og:locale\" content=\"pt_BR\" \/>\n<meta property=\"og:type\" content=\"article\" \/>\n<meta property=\"og:title\" content=\"Manaus se consolida como lideran\u00e7a amaz\u00f4nica em saneamento inclusivo\" \/>\n<meta property=\"og:description\" content=\"Nesta ter\u00e7a-feira, 11\/11, segundo dia da COP30, em Bel\u00e9m, Manaus voltou a ocupar espa\u00e7o de destaque.\" \/>\n<meta property=\"og:url\" content=\"https:\/\/www.manaus.am.gov.br\/semcom\/acoes-cop30-2\/\" \/>\n<meta property=\"og:site_name\" content=\"SEMCOM\" \/>\n<meta property=\"article:published_time\" content=\"2025-11-12T01:34:10+00:00\" \/>\n<meta property=\"article:modified_time\" content=\"2025-11-12T01:36:19+00:00\" \/>\n<meta property=\"og:image\" content=\"https:\/\/www.manaus.am.gov.br\/semcom\/wp-content\/uploads\/sites\/5\/2025\/11\/WhatsApp-Image-2025-11-11-at-20.09.14.jpeg\" \/>\n\t<meta property=\"og:image:width\" content=\"4160\" \/>\n\t<meta property=\"og:image:height\" content=\"2773\" \/>\n\t<meta property=\"og:image:type\" content=\"image\/jpeg\" \/>\n<meta name=\"author\" content=\"bvalente\" \/>\n<meta name=\"twitter:card\" content=\"summary_large_image\" \/>\n<meta name=\"twitter:label1\" content=\"Written by\" \/>\n\t<meta name=\"twitter:data1\" content=\"bvalente\" \/>\n\t<meta name=\"twitter:label2\" content=\"Est. reading time\" \/>\n\t<meta name=\"twitter:data2\" content=\"1 minuto\" \/>\n<script type=\"application\/ld+json\" class=\"yoast-schema-graph\">{\"@context\":\"https:\/\/schema.org\",\"@graph\":[{\"@type\":\"WebPage\",\"@id\":\"https:\/\/www.manaus.am.gov.br\/semcom\/acoes-cop30-2\/\",\"url\":\"https:\/\/www.manaus.am.gov.br\/semcom\/acoes-cop30-2\/\",\"name\":\"Manaus se consolida como lideran\u00e7a amaz\u00f4nica em saneamento inclusivo\",\"isPartOf\":{\"@id\":\"https:\/\/www.manaus.am.gov.br\/semcom\/#website\"},\"primaryImageOfPage\":{\"@id\":\"https:\/\/www.manaus.am.gov.br\/semcom\/acoes-cop30-2\/#primaryimage\"},\"image\":{\"@id\":\"https:\/\/www.manaus.am.gov.br\/semcom\/acoes-cop30-2\/#primaryimage\"},\"thumbnailUrl\":\"https:\/\/www.manaus.am.gov.br\/semcom\/wp-content\/uploads\/sites\/5\/2025\/11\/WhatsApp-Image-2025-11-11-at-20.09.14.jpeg\",\"datePublished\":\"2025-11-12T01:34:10+00:00\",\"dateModified\":\"2025-11-12T01:36:19+00:00\",\"author\":{\"@id\":\"https:\/\/www.manaus.am.gov.br\/semcom\/#\/schema\/person\/466a0e03ae4b6062809046bd560ac955\"},\"description\":\"Nesta ter\u00e7a-feira, 11\/11, segundo dia da COP30, em Bel\u00e9m, Manaus voltou a ocupar espa\u00e7o de destaque.\",\"inLanguage\":\"pt-BR\",\"potentialAction\":[{\"@type\":\"ReadAction\",\"target\":[\"https:\/\/www.manaus.am.gov.br\/semcom\/acoes-cop30-2\/\"]}]},{\"@type\":\"ImageObject\",\"inLanguage\":\"pt-BR\",\"@id\":\"https:\/\/www.manaus.am.gov.br\/semcom\/acoes-cop30-2\/#primaryimage\",\"url\":\"https:\/\/www.manaus.am.gov.br\/semcom\/wp-content\/uploads\/sites\/5\/2025\/11\/WhatsApp-Image-2025-11-11-at-20.09.14.jpeg\",\"contentUrl\":\"https:\/\/www.manaus.am.gov.br\/semcom\/wp-content\/uploads\/sites\/5\/2025\/11\/WhatsApp-Image-2025-11-11-at-20.09.14.jpeg\",\"width\":4160,\"height\":2773,\"caption\":\"#paratodosverem \u2013 Prefeito David Almeida no estande do Instituto Aegea\"},{\"@type\":\"WebSite\",\"@id\":\"https:\/\/www.manaus.am.gov.br\/semcom\/#website\",\"url\":\"https:\/\/www.manaus.am.gov.br\/semcom\/\",\"name\":\"SEMCOM\",\"description\":\"Secretaria Municipal de Comunica\u00e7\u00e3o\",\"potentialAction\":[{\"@type\":\"SearchAction\",\"target\":{\"@type\":\"EntryPoint\",\"urlTemplate\":\"https:\/\/www.manaus.am.gov.br\/semcom\/?s={search_term_string}\"},\"query-input\":\"required name=search_term_string\"}],\"inLanguage\":\"pt-BR\"},{\"@type\":\"Person\",\"@id\":\"https:\/\/www.manaus.am.gov.br\/semcom\/#\/schema\/person\/466a0e03ae4b6062809046bd560ac955\",\"name\":\"bvalente\",\"image\":{\"@type\":\"ImageObject\",\"inLanguage\":\"pt-BR\",\"@id\":\"https:\/\/www.manaus.am.gov.br\/semcom\/#\/schema\/person\/image\/\",\"url\":\"https:\/\/secure.gravatar.com\/avatar\/3e69bc2b014bdad41adfec3a39de07d2?s=96&d=mm&r=g\",\"contentUrl\":\"https:\/\/secure.gravatar.com\/avatar\/3e69bc2b014bdad41adfec3a39de07d2?s=96&d=mm&r=g\",\"caption\":\"bvalente\"}}]}<\/script>\n<!-- \/ Yoast SEO plugin. -->","yoast_head_json":{"title":"Manaus se consolida como lideran\u00e7a amaz\u00f4nica em saneamento inclusivo","description":"Nesta ter\u00e7a-feira, 11\/11, segundo dia da COP30, em Bel\u00e9m, Manaus voltou a ocupar espa\u00e7o de destaque.","robots":{"index":"index","follow":"follow","max-snippet":"max-snippet:-1","max-image-preview":"max-image-preview:large","max-video-preview":"max-video-preview:-1"},"canonical":"https:\/\/www.manaus.am.gov.br\/semcom\/acoes-cop30-2\/","og_locale":"pt_BR","og_type":"article","og_title":"Manaus se consolida como lideran\u00e7a amaz\u00f4nica em saneamento inclusivo","og_description":"Nesta ter\u00e7a-feira, 11\/11, segundo dia da COP30, em Bel\u00e9m, Manaus voltou a ocupar espa\u00e7o de destaque.","og_url":"https:\/\/www.manaus.am.gov.br\/semcom\/acoes-cop30-2\/","og_site_name":"SEMCOM","article_published_time":"2025-11-12T01:34:10+00:00","article_modified_time":"2025-11-12T01:36:19+00:00","og_image":[{"width":4160,"height":2773,"url":"https:\/\/www.manaus.am.gov.br\/semcom\/wp-content\/uploads\/sites\/5\/2025\/11\/WhatsApp-Image-2025-11-11-at-20.09.14.jpeg","type":"image\/jpeg"}],"author":"bvalente","twitter_card":"summary_large_image","twitter_misc":{"Written by":"bvalente","Est. reading time":"1 minuto"},"schema":{"@context":"https:\/\/schema.org","@graph":[{"@type":"WebPage","@id":"https:\/\/www.manaus.am.gov.br\/semcom\/acoes-cop30-2\/","url":"https:\/\/www.manaus.am.gov.br\/semcom\/acoes-cop30-2\/","name":"Manaus se consolida como lideran\u00e7a amaz\u00f4nica em saneamento inclusivo","isPartOf":{"@id":"https:\/\/www.manaus.am.gov.br\/semcom\/#website"},"primaryImageOfPage":{"@id":"https:\/\/www.manaus.am.gov.br\/semcom\/acoes-cop30-2\/#primaryimage"},"image":{"@id":"https:\/\/www.manaus.am.gov.br\/semcom\/acoes-cop30-2\/#primaryimage"},"thumbnailUrl":"https:\/\/www.manaus.am.gov.br\/semcom\/wp-content\/uploads\/sites\/5\/2025\/11\/WhatsApp-Image-2025-11-11-at-20.09.14.jpeg","datePublished":"2025-11-12T01:34:10+00:00","dateModified":"2025-11-12T01:36:19+00:00","author":{"@id":"https:\/\/www.manaus.am.gov.br\/semcom\/#\/schema\/person\/466a0e03ae4b6062809046bd560ac955"},"description":"Nesta ter\u00e7a-feira, 11\/11, segundo dia da COP30, em Bel\u00e9m, Manaus voltou a ocupar espa\u00e7o de destaque.","inLanguage":"pt-BR","potentialAction":[{"@type":"ReadAction","target":["https:\/\/www.manaus.am.gov.br\/semcom\/acoes-cop30-2\/"]}]},{"@type":"ImageObject","inLanguage":"pt-BR","@id":"https:\/\/www.manaus.am.gov.br\/semcom\/acoes-cop30-2\/#primaryimage","url":"https:\/\/www.manaus.am.gov.br\/semcom\/wp-content\/uploads\/sites\/5\/2025\/11\/WhatsApp-Image-2025-11-11-at-20.09.14.jpeg","contentUrl":"https:\/\/www.manaus.am.gov.br\/semcom\/wp-content\/uploads\/sites\/5\/2025\/11\/WhatsApp-Image-2025-11-11-at-20.09.14.jpeg","width":4160,"height":2773,"caption":"#paratodosverem \u2013 Prefeito David Almeida no estande do Instituto Aegea"},{"@type":"WebSite","@id":"https:\/\/www.manaus.am.gov.br\/semcom\/#website","url":"https:\/\/www.manaus.am.gov.br\/semcom\/","name":"SEMCOM","description":"Secretaria Municipal de Comunica\u00e7\u00e3o","potentialAction":[{"@type":"SearchAction","target":{"@type":"EntryPoint","urlTemplate":"https:\/\/www.manaus.am.gov.br\/semcom\/?s={search_term_string}"},"query-input":"required name=search_term_string"}],"inLanguage":"pt-BR"},{"@type":"Person","@id":"https:\/\/www.manaus.am.gov.br\/semcom\/#\/schema\/person\/466a0e03ae4b6062809046bd560ac955","name":"bvalente","image":{"@type":"ImageObject","inLanguage":"pt-BR","@id":"https:\/\/www.manaus.am.gov.br\/semcom\/#\/schema\/person\/image\/","url":"https:\/\/secure.gravatar.com\/avatar\/3e69bc2b014bdad41adfec3a39de07d2?s=96&d=mm&r=g","contentUrl":"https:\/\/secure.gravatar.com\/avatar\/3e69bc2b014bdad41adfec3a39de07d2?s=96&d=mm&r=g","caption":"bvalente"}}]}},"_links":{"self":[{"href":"https:\/\/www.manaus.am.gov.br\/semcom\/wp-json\/wp\/v2\/posts\/248305"}],"collection":[{"href":"https:\/\/www.manaus.am.gov.br\/semcom\/wp-json\/wp\/v2\/posts"}],"about":[{"href":"https:\/\/www.manaus.am.gov.br\/semcom\/wp-json\/wp\/v2\/types\/post"}],"author":[{"embeddable":true,"href":"https:\/\/www.manaus.am.gov.br\/semcom\/wp-json\/wp\/v2\/users\/68"}],"replies":[{"embeddable":true,"href":"https:\/\/www.manaus.am.gov.br\/semcom\/wp-json\/wp\/v2\/comments?post=248305"}],"version-history":[{"count":1,"href":"https:\/\/www.manaus.am.gov.br\/semcom\/wp-json\/wp\/v2\/posts\/248305\/revisions"}],"predecessor-version":[{"id":248307,"href":"https:\/\/www.manaus.am.gov.br\/semcom\/wp-json\/wp\/v2\/posts\/248305\/revisions\/248307"}],"wp:featuredmedia":[{"embeddable":true,"href":"https:\/\/www.manaus.am.gov.br\/semcom\/wp-json\/wp\/v2\/media\/248306"}],"wp:attachment":[{"href":"https:\/\/www.manaus.am.gov.br\/semcom\/wp-json\/wp\/v2\/media?parent=248305"}],"wp:term":[{"taxonomy":"category","embeddable":true,"href":"https:\/\/www.manaus.am.gov.br\/semcom\/wp-json\/wp\/v2\/categories?post=248305"},{"taxonomy":"post_tag","embeddable":true,"href":"https:\/\/www.manaus.am.gov.br\/semcom\/wp-json\/wp\/v2\/tags?post=248305"}],"curies":[{"name":"wp","href":"https:\/\/api.w.org\/{rel}","templated":true}]}}