{"id":248303,"date":"2025-11-11T22:30:05","date_gmt":"2025-11-12T01:30:05","guid":{"rendered":"https:\/\/www.manaus.am.gov.br\/semcom\/bolsa-de-carbono-verde\/"},"modified":"2025-11-11T22:30:06","modified_gmt":"2025-11-12T01:30:06","slug":"bolsa-de-carbono-verde","status":"publish","type":"post","link":"https:\/\/www.manaus.am.gov.br\/semcom\/bolsa-de-carbono-verde\/","title":{"rendered":"Manaus defende Bolsa de Carbono Verde e \u00e9 reconhecida na COP30 por liderar agenda de sustentabilidade na Amaz\u00f4nia urbana"},"content":{"rendered":"\n<p>A Prefeitura de Manaus consolidou sua posi\u00e7\u00e3o como uma das principais vozes da Amaz\u00f4nia urbana no debate clim\u00e1tico global, nesta ter\u00e7a-feira, 11\/11, durante o segundo dia da COP30. Em uma agenda marcada por encontros com organismos multilaterais e institui\u00e7\u00f5es ambientais, o prefeito David Almeida apresentou a proposta de cria\u00e7\u00e3o de uma Bolsa de Carbono Verde, administrada pelos munic\u00edpios amaz\u00f4nicos, para garantir que os recursos internacionais destinados \u00e0 preserva\u00e7\u00e3o florestal cheguem diretamente \u00e0s cidades que mant\u00eam a floresta em p\u00e9.<\/p>\n\n\n\n<p>\u201cAs pessoas vivem no pa\u00eds e no Estado, mas moram nas cidades. \u00c9 nos munic\u00edpios que est\u00e3o os desafios reais e onde a popula\u00e7\u00e3o sente os efeitos da preserva\u00e7\u00e3o. Quem cuida da floresta precisa ser compensado\u201d, destacou o prefeito, durante sua participa\u00e7\u00e3o na confer\u00eancia. Ele refor\u00e7ou que a realiza\u00e7\u00e3o da COP na Amaz\u00f4nia representa um marco hist\u00f3rico que reposiciona os munic\u00edpios no centro da transi\u00e7\u00e3o clim\u00e1tica.<\/p>\n\n\n\n<p>A proposta de Manaus para uma Bolsa de Carbono Verde est\u00e1 em constru\u00e7\u00e3o t\u00e9cnica com o Banco Mundial, que j\u00e1 validou em cinco miss\u00f5es oficiais o potencial do ativo ambiental da capital. Segundo estimativas, Manaus pode gerar at\u00e9 US$ 500 milh\u00f5es em cr\u00e9ditos de carbono at\u00e9 2028, caso o mecanismo seja regulamentado e operacionalizado.<\/p>\n\n\n\n<p>\u201cQuem preserva precisa ser remunerado. As cidades amaz\u00f4nicas mant\u00eam a floresta viva e precisam ter acesso direto aos recursos internacionais para fortalecer pol\u00edticas p\u00fablicas de qualidade de vida\u201d, refor\u00e7ou David Almeida.<\/p>\n\n\n\n<p>O titular da Secretaria Municipal do Meio Ambiente e Sustentabilidade (Semmas), Fransu\u00e1 Matos, destacou que a presen\u00e7a da capital na COP30 materializa esse novo protagonismo ambiental. \u201cA participa\u00e7\u00e3o de Manaus mostra esse protagonismo ambiental. A gest\u00e3o do prefeito David Almeida avan\u00e7ou muito em diversos aspectos. Tivemos avan\u00e7o acelerado no tratamento de esgoto; fomos recebidos na Aegea e apresentamos <em>cases<\/em> que nasceram em Manaus e que agora ser\u00e3o implantados em Bel\u00e9m e em outras cidades; temos o novo aterro sanit\u00e1rio, a arboriza\u00e7\u00e3o recorde, o Plano de A\u00e7\u00e3o Clim\u00e1tica e a Bolsa de Cr\u00e9dito de Carbono da Amaz\u00f4nia. Isso demonstra o quanto Manaus est\u00e1 avan\u00e7ando no quesito ambiental para promover melhor qualidade de vida para sua popula\u00e7\u00e3o\u201d.<\/p>\n\n\n\n<p><strong>Projetos que credenciam Manaus \u00e0 lideran\u00e7a clim\u00e1tica urbana<\/strong><\/p>\n\n\n\n<p>Ecobarreiras: tecnologia desenvolvida pela Prefeitura de Manaus, as ecobarreiras impedem que 300 toneladas de res\u00edduos por m\u00eas cheguem ao rio Negro. Em 26 meses de opera\u00e7\u00e3o, j\u00e1 s\u00e3o quase 8 mil toneladas retidas.<\/p>\n\n\n\n<p>Aterro sanit\u00e1rio e transi\u00e7\u00e3o energ\u00e9tica: o novo aterro sanit\u00e1rio municipal combina engenharia avan\u00e7ada, gera\u00e7\u00e3o de energia solar e transforma\u00e7\u00e3o do metano em biometano, que ser\u00e1 utilizado para mover os caminh\u00f5es coletores de lixo da cidade. A usina fotovoltaica prevista para o antigo aterro ter\u00e1 capacidade de 3 MW, suficiente para abastecer 30 mil resid\u00eancias.<\/p>\n\n\n\n<p>Saneamento e infraestrutura ambiental: o avan\u00e7o no tratamento de esgoto, reconhecido por institui\u00e7\u00f5es como a Aegea, coloca Manaus como modelo para outras cidades amaz\u00f4nicas.<\/p>\n\n\n\n<p>Arboriza\u00e7\u00e3o e clima urbano: a capital bateu recordes de plantio de \u00e1rvores e apresentou seu Plano de A\u00e7\u00e3o Clim\u00e1tica, incorporando metas de adapta\u00e7\u00e3o, mitiga\u00e7\u00e3o e resili\u00eancia urbana.<\/p>\n\n\n\n<p>O secret\u00e1rio-executivo de Planejamento, Ant\u00f4nio Stroski, refor\u00e7ou a import\u00e2ncia dessa agenda. \u201c\u00c9 fundamental destacar que organismos como o Programa da ONU para o Meio Ambiente, o C40 e diversas redes internacionais est\u00e3o observando Manaus tomar a iniciativa no enfrentamento da mudan\u00e7a do clima. Nosso plano clim\u00e1tico, o avan\u00e7o no saneamento b\u00e1sico e as a\u00e7\u00f5es estruturadas desde 2021 mostram por que Manaus tem sido convidada a participar de eventos estrat\u00e9gicos dentro da COP\u201d.<\/p>\n\n\n\n<p><strong>Internacionaliza\u00e7\u00e3o da agenda amaz\u00f4nica<\/strong><\/p>\n\n\n\n<p>A COP30 deve movimentar cerca de US$ 10 bilh\u00f5es para governos estaduais e federal. A defesa de Manaus \u00e9 que parte desses investimentos seja administrada diretamente pelas cidades que preservam a floresta prim\u00e1ria e sustentam a biodiversidade amaz\u00f4nica.<\/p>\n\n\n\n<p>\u201cA floresta tem valor, e o povo da floresta tamb\u00e9m. N\u00e3o faz sentido priorizar apenas \u00e1reas degradadas para reflorestamento, enquanto quem preserva continua sem apoio. Queremos justi\u00e7a ambiental e territorial para os munic\u00edpios amaz\u00f4nicos\u201d, afirmou David Almeida.<\/p>\n\n\n\n<p>Com pol\u00edticas ambientais baseadas em resultados, certifica\u00e7\u00f5es nacionais, projetos inovadores de economia circular e uma agenda s\u00f3lida de transi\u00e7\u00e3o energ\u00e9tica, Manaus se consolida na COP30 como uma das capitais mais avan\u00e7adas da Amaz\u00f4nia urbana e um modelo de sustentabilidade para cidades inseridas em grandes biomas tropicais.<\/p>\n\n\n\n<p>A COP30 marca a presen\u00e7a de uma cidade que n\u00e3o apenas discute o clima, mas apresenta solu\u00e7\u00f5es, gera evid\u00eancias e prop\u00f5e novos caminhos para o financiamento global da preserva\u00e7\u00e3o.<\/p>\n\n\n\n<p>\u2014 \u2014 \u2014<br><strong>Texto &#8211;<\/strong> Emanuelle Baires \/ Semcom-Prefeito<br><strong>Fotos &#8211;<\/strong> Dhyeizo Lemos \/ Semcom-Prefeito<\/p>\n","protected":false},"excerpt":{"rendered":"","protected":false},"author":68,"featured_media":248304,"comment_status":"closed","ping_status":"closed","sticky":false,"template":"","format":"standard","meta":{"footnotes":""},"categories":[134],"tags":[17885,14498,35,77,17886],"acf":[],"yoast_head":"<!-- This site is optimized with the Yoast SEO plugin v23.0 - https:\/\/yoast.com\/wordpress\/plugins\/seo\/ -->\n<title>Manaus defende Bolsa de Carbono Verde e \u00e9 reconhecida na COP30<\/title>\n<meta name=\"description\" content=\"A Prefeitura de Manaus consolidou sua posi\u00e7\u00e3o como uma das principais vozes da Amaz\u00f4nia urbana no debate clim\u00e1tico global.\" \/>\n<meta name=\"robots\" content=\"index, follow, max-snippet:-1, max-image-preview:large, max-video-preview:-1\" \/>\n<link rel=\"canonical\" href=\"https:\/\/www.manaus.am.gov.br\/semcom\/bolsa-de-carbono-verde\/\" \/>\n<meta property=\"og:locale\" content=\"pt_BR\" \/>\n<meta property=\"og:type\" content=\"article\" \/>\n<meta property=\"og:title\" content=\"Manaus defende Bolsa de Carbono Verde e \u00e9 reconhecida na COP30\" \/>\n<meta property=\"og:description\" content=\"A Prefeitura de Manaus consolidou sua posi\u00e7\u00e3o como uma das principais vozes da Amaz\u00f4nia urbana no debate clim\u00e1tico global.\" \/>\n<meta property=\"og:url\" content=\"https:\/\/www.manaus.am.gov.br\/semcom\/bolsa-de-carbono-verde\/\" \/>\n<meta property=\"og:site_name\" content=\"SEMCOM\" \/>\n<meta property=\"article:published_time\" content=\"2025-11-12T01:30:05+00:00\" \/>\n<meta property=\"article:modified_time\" content=\"2025-11-12T01:30:06+00:00\" \/>\n<meta property=\"og:image\" content=\"https:\/\/www.manaus.am.gov.br\/semcom\/wp-content\/uploads\/sites\/5\/2025\/11\/Manaus-apresenta-lideranca-climatica-e-defende-Bolsa-de-Carbono-Verde-na-COP30-3.jpeg\" \/>\n\t<meta property=\"og:image:width\" content=\"4160\" \/>\n\t<meta property=\"og:image:height\" content=\"2773\" \/>\n\t<meta property=\"og:image:type\" content=\"image\/jpeg\" \/>\n<meta name=\"author\" content=\"bvalente\" \/>\n<meta name=\"twitter:card\" content=\"summary_large_image\" \/>\n<meta name=\"twitter:label1\" content=\"Written by\" \/>\n\t<meta name=\"twitter:data1\" content=\"bvalente\" \/>\n\t<meta name=\"twitter:label2\" content=\"Est. reading time\" \/>\n\t<meta name=\"twitter:data2\" content=\"5 minutos\" \/>\n<script type=\"application\/ld+json\" class=\"yoast-schema-graph\">{\"@context\":\"https:\/\/schema.org\",\"@graph\":[{\"@type\":\"WebPage\",\"@id\":\"https:\/\/www.manaus.am.gov.br\/semcom\/bolsa-de-carbono-verde\/\",\"url\":\"https:\/\/www.manaus.am.gov.br\/semcom\/bolsa-de-carbono-verde\/\",\"name\":\"Manaus defende Bolsa de Carbono Verde e \u00e9 reconhecida na COP30\",\"isPartOf\":{\"@id\":\"https:\/\/www.manaus.am.gov.br\/semcom\/#website\"},\"primaryImageOfPage\":{\"@id\":\"https:\/\/www.manaus.am.gov.br\/semcom\/bolsa-de-carbono-verde\/#primaryimage\"},\"image\":{\"@id\":\"https:\/\/www.manaus.am.gov.br\/semcom\/bolsa-de-carbono-verde\/#primaryimage\"},\"thumbnailUrl\":\"https:\/\/www.manaus.am.gov.br\/semcom\/wp-content\/uploads\/sites\/5\/2025\/11\/Manaus-apresenta-lideranca-climatica-e-defende-Bolsa-de-Carbono-Verde-na-COP30-3.jpeg\",\"datePublished\":\"2025-11-12T01:30:05+00:00\",\"dateModified\":\"2025-11-12T01:30:06+00:00\",\"author\":{\"@id\":\"https:\/\/www.manaus.am.gov.br\/semcom\/#\/schema\/person\/466a0e03ae4b6062809046bd560ac955\"},\"description\":\"A Prefeitura de Manaus consolidou sua posi\u00e7\u00e3o como uma das principais vozes da Amaz\u00f4nia urbana no debate clim\u00e1tico global.\",\"inLanguage\":\"pt-BR\",\"potentialAction\":[{\"@type\":\"ReadAction\",\"target\":[\"https:\/\/www.manaus.am.gov.br\/semcom\/bolsa-de-carbono-verde\/\"]}]},{\"@type\":\"ImageObject\",\"inLanguage\":\"pt-BR\",\"@id\":\"https:\/\/www.manaus.am.gov.br\/semcom\/bolsa-de-carbono-verde\/#primaryimage\",\"url\":\"https:\/\/www.manaus.am.gov.br\/semcom\/wp-content\/uploads\/sites\/5\/2025\/11\/Manaus-apresenta-lideranca-climatica-e-defende-Bolsa-de-Carbono-Verde-na-COP30-3.jpeg\",\"contentUrl\":\"https:\/\/www.manaus.am.gov.br\/semcom\/wp-content\/uploads\/sites\/5\/2025\/11\/Manaus-apresenta-lideranca-climatica-e-defende-Bolsa-de-Carbono-Verde-na-COP30-3.jpeg\",\"width\":4160,\"height\":2773,\"caption\":\"#paratodosverem \u2013 Prefeito David Almeida durante discurso\"},{\"@type\":\"WebSite\",\"@id\":\"https:\/\/www.manaus.am.gov.br\/semcom\/#website\",\"url\":\"https:\/\/www.manaus.am.gov.br\/semcom\/\",\"name\":\"SEMCOM\",\"description\":\"Secretaria Municipal de Comunica\u00e7\u00e3o\",\"potentialAction\":[{\"@type\":\"SearchAction\",\"target\":{\"@type\":\"EntryPoint\",\"urlTemplate\":\"https:\/\/www.manaus.am.gov.br\/semcom\/?s={search_term_string}\"},\"query-input\":\"required name=search_term_string\"}],\"inLanguage\":\"pt-BR\"},{\"@type\":\"Person\",\"@id\":\"https:\/\/www.manaus.am.gov.br\/semcom\/#\/schema\/person\/466a0e03ae4b6062809046bd560ac955\",\"name\":\"bvalente\",\"image\":{\"@type\":\"ImageObject\",\"inLanguage\":\"pt-BR\",\"@id\":\"https:\/\/www.manaus.am.gov.br\/semcom\/#\/schema\/person\/image\/\",\"url\":\"https:\/\/secure.gravatar.com\/avatar\/3e69bc2b014bdad41adfec3a39de07d2?s=96&d=mm&r=g\",\"contentUrl\":\"https:\/\/secure.gravatar.com\/avatar\/3e69bc2b014bdad41adfec3a39de07d2?s=96&d=mm&r=g\",\"caption\":\"bvalente\"}}]}<\/script>\n<!-- \/ Yoast SEO plugin. -->","yoast_head_json":{"title":"Manaus defende Bolsa de Carbono Verde e \u00e9 reconhecida na COP30","description":"A Prefeitura de Manaus consolidou sua posi\u00e7\u00e3o como uma das principais vozes da Amaz\u00f4nia urbana no debate clim\u00e1tico global.","robots":{"index":"index","follow":"follow","max-snippet":"max-snippet:-1","max-image-preview":"max-image-preview:large","max-video-preview":"max-video-preview:-1"},"canonical":"https:\/\/www.manaus.am.gov.br\/semcom\/bolsa-de-carbono-verde\/","og_locale":"pt_BR","og_type":"article","og_title":"Manaus defende Bolsa de Carbono Verde e \u00e9 reconhecida na COP30","og_description":"A Prefeitura de Manaus consolidou sua posi\u00e7\u00e3o como uma das principais vozes da Amaz\u00f4nia urbana no debate clim\u00e1tico global.","og_url":"https:\/\/www.manaus.am.gov.br\/semcom\/bolsa-de-carbono-verde\/","og_site_name":"SEMCOM","article_published_time":"2025-11-12T01:30:05+00:00","article_modified_time":"2025-11-12T01:30:06+00:00","og_image":[{"width":4160,"height":2773,"url":"https:\/\/www.manaus.am.gov.br\/semcom\/wp-content\/uploads\/sites\/5\/2025\/11\/Manaus-apresenta-lideranca-climatica-e-defende-Bolsa-de-Carbono-Verde-na-COP30-3.jpeg","type":"image\/jpeg"}],"author":"bvalente","twitter_card":"summary_large_image","twitter_misc":{"Written by":"bvalente","Est. reading time":"5 minutos"},"schema":{"@context":"https:\/\/schema.org","@graph":[{"@type":"WebPage","@id":"https:\/\/www.manaus.am.gov.br\/semcom\/bolsa-de-carbono-verde\/","url":"https:\/\/www.manaus.am.gov.br\/semcom\/bolsa-de-carbono-verde\/","name":"Manaus defende Bolsa de Carbono Verde e \u00e9 reconhecida na COP30","isPartOf":{"@id":"https:\/\/www.manaus.am.gov.br\/semcom\/#website"},"primaryImageOfPage":{"@id":"https:\/\/www.manaus.am.gov.br\/semcom\/bolsa-de-carbono-verde\/#primaryimage"},"image":{"@id":"https:\/\/www.manaus.am.gov.br\/semcom\/bolsa-de-carbono-verde\/#primaryimage"},"thumbnailUrl":"https:\/\/www.manaus.am.gov.br\/semcom\/wp-content\/uploads\/sites\/5\/2025\/11\/Manaus-apresenta-lideranca-climatica-e-defende-Bolsa-de-Carbono-Verde-na-COP30-3.jpeg","datePublished":"2025-11-12T01:30:05+00:00","dateModified":"2025-11-12T01:30:06+00:00","author":{"@id":"https:\/\/www.manaus.am.gov.br\/semcom\/#\/schema\/person\/466a0e03ae4b6062809046bd560ac955"},"description":"A Prefeitura de Manaus consolidou sua posi\u00e7\u00e3o como uma das principais vozes da Amaz\u00f4nia urbana no debate clim\u00e1tico global.","inLanguage":"pt-BR","potentialAction":[{"@type":"ReadAction","target":["https:\/\/www.manaus.am.gov.br\/semcom\/bolsa-de-carbono-verde\/"]}]},{"@type":"ImageObject","inLanguage":"pt-BR","@id":"https:\/\/www.manaus.am.gov.br\/semcom\/bolsa-de-carbono-verde\/#primaryimage","url":"https:\/\/www.manaus.am.gov.br\/semcom\/wp-content\/uploads\/sites\/5\/2025\/11\/Manaus-apresenta-lideranca-climatica-e-defende-Bolsa-de-Carbono-Verde-na-COP30-3.jpeg","contentUrl":"https:\/\/www.manaus.am.gov.br\/semcom\/wp-content\/uploads\/sites\/5\/2025\/11\/Manaus-apresenta-lideranca-climatica-e-defende-Bolsa-de-Carbono-Verde-na-COP30-3.jpeg","width":4160,"height":2773,"caption":"#paratodosverem \u2013 Prefeito David Almeida durante discurso"},{"@type":"WebSite","@id":"https:\/\/www.manaus.am.gov.br\/semcom\/#website","url":"https:\/\/www.manaus.am.gov.br\/semcom\/","name":"SEMCOM","description":"Secretaria Municipal de Comunica\u00e7\u00e3o","potentialAction":[{"@type":"SearchAction","target":{"@type":"EntryPoint","urlTemplate":"https:\/\/www.manaus.am.gov.br\/semcom\/?s={search_term_string}"},"query-input":"required name=search_term_string"}],"inLanguage":"pt-BR"},{"@type":"Person","@id":"https:\/\/www.manaus.am.gov.br\/semcom\/#\/schema\/person\/466a0e03ae4b6062809046bd560ac955","name":"bvalente","image":{"@type":"ImageObject","inLanguage":"pt-BR","@id":"https:\/\/www.manaus.am.gov.br\/semcom\/#\/schema\/person\/image\/","url":"https:\/\/secure.gravatar.com\/avatar\/3e69bc2b014bdad41adfec3a39de07d2?s=96&d=mm&r=g","contentUrl":"https:\/\/secure.gravatar.com\/avatar\/3e69bc2b014bdad41adfec3a39de07d2?s=96&d=mm&r=g","caption":"bvalente"}}]}},"_links":{"self":[{"href":"https:\/\/www.manaus.am.gov.br\/semcom\/wp-json\/wp\/v2\/posts\/248303"}],"collection":[{"href":"https:\/\/www.manaus.am.gov.br\/semcom\/wp-json\/wp\/v2\/posts"}],"about":[{"href":"https:\/\/www.manaus.am.gov.br\/semcom\/wp-json\/wp\/v2\/types\/post"}],"author":[{"embeddable":true,"href":"https:\/\/www.manaus.am.gov.br\/semcom\/wp-json\/wp\/v2\/users\/68"}],"replies":[{"embeddable":true,"href":"https:\/\/www.manaus.am.gov.br\/semcom\/wp-json\/wp\/v2\/comments?post=248303"}],"version-history":[{"count":0,"href":"https:\/\/www.manaus.am.gov.br\/semcom\/wp-json\/wp\/v2\/posts\/248303\/revisions"}],"wp:featuredmedia":[{"embeddable":true,"href":"https:\/\/www.manaus.am.gov.br\/semcom\/wp-json\/wp\/v2\/media\/248304"}],"wp:attachment":[{"href":"https:\/\/www.manaus.am.gov.br\/semcom\/wp-json\/wp\/v2\/media?parent=248303"}],"wp:term":[{"taxonomy":"category","embeddable":true,"href":"https:\/\/www.manaus.am.gov.br\/semcom\/wp-json\/wp\/v2\/categories?post=248303"},{"taxonomy":"post_tag","embeddable":true,"href":"https:\/\/www.manaus.am.gov.br\/semcom\/wp-json\/wp\/v2\/tags?post=248303"}],"curies":[{"name":"wp","href":"https:\/\/api.w.org\/{rel}","templated":true}]}}