{"id":248248,"date":"2025-11-10T21:46:42","date_gmt":"2025-11-11T01:46:42","guid":{"rendered":"https:\/\/www.manaus.am.gov.br\/semcom\/acoes-cop30\/"},"modified":"2025-11-10T21:46:42","modified_gmt":"2025-11-11T01:46:42","slug":"acoes-cop30","status":"publish","type":"post","link":"https:\/\/www.manaus.am.gov.br\/semcom\/acoes-cop30\/","title":{"rendered":"Prefeito David Almeida reafirma lideran\u00e7a de Manaus em governan\u00e7a multin\u00edvel e financiamento clim\u00e1tico durante abertura da COP30"},"content":{"rendered":"\n<p>O prefeito de Manaus, David Almeida, participou, nesta segunda-feira, 10\/11, do primeiro dia oficial da COP30 e do painel \u201cAlian\u00e7a pela Amaz\u00f4nia Urbana: caminhos para o desenvolvimento sustent\u00e1vel das cidades amaz\u00f4nicas\u201d, promovido pela Frente Nacional de Prefeitas e Prefeitos (FNP) e pelo Cons\u00f3rcio Amaz\u00f4nia Legal, no Hub Amaz\u00f4nia Legal, na zona Verde da confer\u00eancia em Bel\u00e9m (PA). O prefeito esteve acompanhado por uma delega\u00e7\u00e3o t\u00e9cnica da Prefeitura de Manaus, composta pelo titular e pelo subsecret\u00e1rio da Secretaria Municipal de Meio Ambiente e Sustentabilidade (Semmas), Fransu\u00e1 Matos e Elton Nonato, respectivamente, e pelo subsecret\u00e1rio-executivo de projetos, Ant\u00f4nio Stroski.<\/p>\n\n\n\n<p>Durante o debate, que reuniu especialistas e autoridades brasileiras e internacionais, o prefeito defendeu uma governan\u00e7a multin\u00edvel mais efetiva e operacional entre Uni\u00e3o, Estados e munic\u00edpios, refor\u00e7ando que as cidades amaz\u00f4nicas s\u00e3o o ponto focal dos impactos da crise clim\u00e1tica.<br><br>\u201cAs pessoas vivem nas cidades, e \u00e9 nos munic\u00edpios que os impactos da crise clim\u00e1tica se materializam. Manaus enfrentou a maior cheia em 2021 e as maiores estiagens em 2023 e 2024. Precisamos de governan\u00e7a federativa efetiva e de acesso a financiamento clim\u00e1tico para respostas estruturantes, justas e r\u00e1pidas\u201d, afirmou. O prefeito destacou ainda a assimetria federativa que concentra receitas fora da esfera municipal e limita a capacidade de investimento das prefeituras.<\/p>\n\n\n\n<figure class=\"wp-block-image size-large\"><img loading=\"lazy\" decoding=\"async\" width=\"1024\" height=\"683\" src=\"https:\/\/www.manaus.am.gov.br\/semcom\/wp-content\/uploads\/sites\/5\/2025\/11\/Prefeito-David-Almeida-reafirma-lideranca-de-Manaus-em-governanca-multinivel-e-financiamento-climatico-durante-abertura-da-COP30-4-1024x683.jpeg\" alt=\"\" class=\"wp-image-248249\" srcset=\"https:\/\/www.manaus.am.gov.br\/semcom\/wp-content\/uploads\/sites\/5\/2025\/11\/Prefeito-David-Almeida-reafirma-lideranca-de-Manaus-em-governanca-multinivel-e-financiamento-climatico-durante-abertura-da-COP30-4-1024x683.jpeg 1024w, https:\/\/www.manaus.am.gov.br\/semcom\/wp-content\/uploads\/sites\/5\/2025\/11\/Prefeito-David-Almeida-reafirma-lideranca-de-Manaus-em-governanca-multinivel-e-financiamento-climatico-durante-abertura-da-COP30-4-300x200.jpeg 300w, https:\/\/www.manaus.am.gov.br\/semcom\/wp-content\/uploads\/sites\/5\/2025\/11\/Prefeito-David-Almeida-reafirma-lideranca-de-Manaus-em-governanca-multinivel-e-financiamento-climatico-durante-abertura-da-COP30-4-768x512.jpeg 768w, https:\/\/www.manaus.am.gov.br\/semcom\/wp-content\/uploads\/sites\/5\/2025\/11\/Prefeito-David-Almeida-reafirma-lideranca-de-Manaus-em-governanca-multinivel-e-financiamento-climatico-durante-abertura-da-COP30-4-1536x1024.jpeg 1536w, https:\/\/www.manaus.am.gov.br\/semcom\/wp-content\/uploads\/sites\/5\/2025\/11\/Prefeito-David-Almeida-reafirma-lideranca-de-Manaus-em-governanca-multinivel-e-financiamento-climatico-durante-abertura-da-COP30-4-2048x1365.jpeg 2048w\" sizes=\"(max-width: 1024px) 100vw, 1024px\" \/><\/figure>\n\n\n\n<p>Ao apresentar avan\u00e7os recentes de Manaus, o chefe do Executivo municipal citou iniciativas como o novo aterro sanit\u00e1rio p\u00fablico, projetado para produzir energia renov\u00e1vel a partir de biog\u00e1s e gera\u00e7\u00e3o fotovoltaica, reduzindo emiss\u00f5es e acelerando a transi\u00e7\u00e3o energ\u00e9tica local. \u201cOs munic\u00edpios concentram as maiores cobran\u00e7as e os menores or\u00e7amentos. Defendemos mecanismos que permitam \u00e0s cidades amaz\u00f4nicas captar recursos e atrair capital privado para solu\u00e7\u00f5es baseadas na natureza\u201d, refor\u00e7ou.<\/p>\n\n\n\n<p>O painel contou tamb\u00e9m com a participa\u00e7\u00e3o da diretora-executiva da OTCA, Vanessa Grazziotin; da diretora do Ipam, Gabriela Savian; e do economista Cl\u00e1udio Puty, que analisaram desafios comuns \u00e0s cidades da regi\u00e3o, como infraestrutura h\u00eddrica, vulnerabilidade socioambiental e a necessidade de instrumentos financeiros acess\u00edveis \u00e0 realidade amaz\u00f4nica. O encontro integrou a programa\u00e7\u00e3o oficial da COP30 dedicada \u00e0 constru\u00e7\u00e3o de solu\u00e7\u00f5es urbanas para adapta\u00e7\u00e3o clim\u00e1tica e sustentabilidade.<\/p>\n\n\n\n<p><strong>Manaus apresenta cases concretos de adapta\u00e7\u00e3o e sustentabilidade na COP30<\/strong><\/p>\n\n\n\n<p>Manaus chega \u00e0 COP30 com resultados objetivos que demonstram que a Amaz\u00f4nia urbana pode liderar a transi\u00e7\u00e3o clim\u00e1tica. A capital preserva mais de 90% do territ\u00f3rio com vegeta\u00e7\u00e3o nativa, ao mesmo tempo em que avan\u00e7a em infraestrutura sustent\u00e1vel. As ecobarreiras, tecnologia exclusiva da Prefeitura de Manaus, j\u00e1 ret\u00eam aproximadamente 300 toneladas de res\u00edduos por m\u00eas nos igarap\u00e9s, evitando que o lixo chegue ao rio Negro e contribuindo para a melhoria da qualidade da \u00e1gua. Desde 2021, o munic\u00edpio j\u00e1 plantou 46 mil novas \u00e1rvores, sendo 26 mil apenas em 2025, ampliando \u00e1reas verdes e reduzindo ilhas de calor.<\/p>\n\n\n\n<p>A transforma\u00e7\u00e3o estrutural tamb\u00e9m inclui o primeiro aterro sanit\u00e1rio 100% p\u00fablico e t\u00e9cnico da regi\u00e3o Norte, com 67 hectares, quatro camadas de impermeabiliza\u00e7\u00e3o (GCL + Pead 2mm + geot\u00eaxtil RT-14 + argila) e capacidade para 2.600 toneladas\/dia, reduzindo emiss\u00f5es de metano e riscos ambientais. No saneamento, Manaus registra um salto hist\u00f3rico: de 16% em 2021 para 35%\u201340% at\u00e9 o fim de 2025, ampliando a resili\u00eancia h\u00eddrica e os indicadores de sa\u00fade ambiental.<\/p>\n\n\n\n<p>Na habita\u00e7\u00e3o, o munic\u00edpio soma 576 unidades que ser\u00e3o entregues ainda em 2025 e mais de 4.700 unidades contratadas, todas com drenagem sustent\u00e1vel, arboriza\u00e7\u00e3o e infraestrutura verde, contribuindo para reduzir ocupa\u00e7\u00f5es irregulares e preservar \u00e1reas sens\u00edveis. No financiamento clim\u00e1tico, Manaus se consolida como refer\u00eancia nacional com a Bolsa de Cr\u00e9ditos de Carbono da Amaz\u00f4nia, que mira US$ 500 milh\u00f5es at\u00e9 2028 para florestas, adapta\u00e7\u00e3o e infraestrutura natural. Em 2025, a prefeitura concluiu ainda o Plano Municipal de A\u00e7\u00e3o Clim\u00e1tica, um dos mais avan\u00e7ados da regi\u00e3o Norte, com metas alinhadas ao Acordo de Paris.<\/p>\n\n\n\n<p>Essa combina\u00e7\u00e3o de planejamento t\u00e9cnico, governan\u00e7a multin\u00edvel e entregas mensur\u00e1veis posiciona Manaus como modelo de cidade amaz\u00f4nica resiliente, sustent\u00e1vel e preparada para liderar solu\u00e7\u00f5es clim\u00e1ticas globais.<\/p>\n\n\n\n<p><strong>O que \u00e9 a COP30<\/strong><\/p>\n\n\n\n<p>A COP30 \u00e9 a 30\u00aa Confer\u00eancia das Na\u00e7\u00f5es Unidas sobre Mudan\u00e7as Clim\u00e1ticas, realizada em Bel\u00e9m, de 10 a 21 de novembro de 2025. O evento re\u00fane pa\u00edses, cidades, organismos multilaterais, institui\u00e7\u00f5es financeiras, universidades e sociedade civil para negociar metas globais de mitiga\u00e7\u00e3o, adapta\u00e7\u00e3o e financiamento clim\u00e1tico, al\u00e9m de impulsionar a\u00e7\u00f5es concretas nas esferas subnacionais. A estimativa \u00e9 que entre 5 mil e 7 mil pessoas tenham circulado no primeiro dia da COP30, considerando as proje\u00e7\u00f5es oficiais de p\u00fablico para os 12 dias de confer\u00eancia.<\/p>\n\n\n\n<p>Nesta ter\u00e7a-feira, 11\/11, o prefeito David Almeida participa, como autoridade convidada, do painel \u201cSelo Caixa Gest\u00e3o Sustent\u00e1vel\u201d, \u00e0s 14h, na Arena Espa\u00e7o Caixa, na Zona Verde. Ele dividir\u00e1 a mesa com o prefeito de Bel\u00e9m, Igor Normando, e com os dirigentes da Caixa, Marcos Carvalho; Emerson Leal; e Romina Moura. O painel vai apresentar os impactos da certifica\u00e7\u00e3o para os munic\u00edpios, celebrar as cidades agraciadas e compartilhar experi\u00eancias em gest\u00e3o sustent\u00e1vel e responsabilidade socioambiental.<\/p>\n\n\n\n<p>\u2014 \u2014 \u2014<br><strong>Texto <\/strong>&#8211; Emanuelle Baires \/ Semcom-Prefeito<br><strong>Fotos &#8211;<\/strong> Dhyeizo Lemos \/ Semcom-Prefeito<\/p>\n","protected":false},"excerpt":{"rendered":"","protected":false},"author":68,"featured_media":248250,"comment_status":"closed","ping_status":"closed","sticky":false,"template":"","format":"standard","meta":{"footnotes":""},"categories":[2179],"tags":[35,17869,77,17870],"acf":[],"yoast_head":"<!-- This site is optimized with the Yoast SEO plugin v23.0 - https:\/\/yoast.com\/wordpress\/plugins\/seo\/ -->\n<title>David Almeida reafirma lideran\u00e7a de Manaus durante COP30<\/title>\n<meta name=\"description\" content=\"O prefeito de Manaus, David Almeida, participou, nesta segunda-feira, 10\/11, do primeiro dia oficial da COP30.\" \/>\n<meta name=\"robots\" content=\"index, follow, max-snippet:-1, max-image-preview:large, max-video-preview:-1\" \/>\n<link rel=\"canonical\" href=\"https:\/\/www.manaus.am.gov.br\/semcom\/acoes-cop30\/\" \/>\n<meta property=\"og:locale\" content=\"pt_BR\" \/>\n<meta property=\"og:type\" content=\"article\" \/>\n<meta property=\"og:title\" content=\"David Almeida reafirma lideran\u00e7a de Manaus durante COP30\" \/>\n<meta property=\"og:description\" content=\"O prefeito de Manaus, David Almeida, participou, nesta segunda-feira, 10\/11, do primeiro dia oficial da COP30.\" \/>\n<meta property=\"og:url\" content=\"https:\/\/www.manaus.am.gov.br\/semcom\/acoes-cop30\/\" \/>\n<meta property=\"og:site_name\" content=\"SEMCOM\" \/>\n<meta property=\"article:published_time\" content=\"2025-11-11T01:46:42+00:00\" \/>\n<meta property=\"og:image\" content=\"https:\/\/www.manaus.am.gov.br\/semcom\/wp-content\/uploads\/sites\/5\/2025\/11\/Prefeito-David-Almeida-reafirma-lideranca-de-Manaus-em-governanca-multinivel-e-financiamento-climatico-durante-abertura-da-COP30-2-1024x683.jpeg\" \/>\n\t<meta property=\"og:image:width\" content=\"1024\" \/>\n\t<meta property=\"og:image:height\" content=\"683\" \/>\n\t<meta property=\"og:image:type\" content=\"image\/jpeg\" \/>\n<meta name=\"author\" content=\"bvalente\" \/>\n<meta name=\"twitter:card\" content=\"summary_large_image\" \/>\n<meta name=\"twitter:label1\" content=\"Written by\" \/>\n\t<meta name=\"twitter:data1\" content=\"bvalente\" \/>\n\t<meta name=\"twitter:label2\" content=\"Est. reading time\" \/>\n\t<meta name=\"twitter:data2\" content=\"5 minutos\" \/>\n<script type=\"application\/ld+json\" class=\"yoast-schema-graph\">{\"@context\":\"https:\/\/schema.org\",\"@graph\":[{\"@type\":\"WebPage\",\"@id\":\"https:\/\/www.manaus.am.gov.br\/semcom\/acoes-cop30\/\",\"url\":\"https:\/\/www.manaus.am.gov.br\/semcom\/acoes-cop30\/\",\"name\":\"David Almeida reafirma lideran\u00e7a de Manaus durante COP30\",\"isPartOf\":{\"@id\":\"https:\/\/www.manaus.am.gov.br\/semcom\/#website\"},\"primaryImageOfPage\":{\"@id\":\"https:\/\/www.manaus.am.gov.br\/semcom\/acoes-cop30\/#primaryimage\"},\"image\":{\"@id\":\"https:\/\/www.manaus.am.gov.br\/semcom\/acoes-cop30\/#primaryimage\"},\"thumbnailUrl\":\"https:\/\/www.manaus.am.gov.br\/semcom\/wp-content\/uploads\/sites\/5\/2025\/11\/Prefeito-David-Almeida-reafirma-lideranca-de-Manaus-em-governanca-multinivel-e-financiamento-climatico-durante-abertura-da-COP30-2.jpeg\",\"datePublished\":\"2025-11-11T01:46:42+00:00\",\"dateModified\":\"2025-11-11T01:46:42+00:00\",\"author\":{\"@id\":\"https:\/\/www.manaus.am.gov.br\/semcom\/#\/schema\/person\/466a0e03ae4b6062809046bd560ac955\"},\"description\":\"O prefeito de Manaus, David Almeida, participou, nesta segunda-feira, 10\/11, do primeiro dia oficial da COP30.\",\"inLanguage\":\"pt-BR\",\"potentialAction\":[{\"@type\":\"ReadAction\",\"target\":[\"https:\/\/www.manaus.am.gov.br\/semcom\/acoes-cop30\/\"]}]},{\"@type\":\"ImageObject\",\"inLanguage\":\"pt-BR\",\"@id\":\"https:\/\/www.manaus.am.gov.br\/semcom\/acoes-cop30\/#primaryimage\",\"url\":\"https:\/\/www.manaus.am.gov.br\/semcom\/wp-content\/uploads\/sites\/5\/2025\/11\/Prefeito-David-Almeida-reafirma-lideranca-de-Manaus-em-governanca-multinivel-e-financiamento-climatico-durante-abertura-da-COP30-2.jpeg\",\"contentUrl\":\"https:\/\/www.manaus.am.gov.br\/semcom\/wp-content\/uploads\/sites\/5\/2025\/11\/Prefeito-David-Almeida-reafirma-lideranca-de-Manaus-em-governanca-multinivel-e-financiamento-climatico-durante-abertura-da-COP30-2.jpeg\",\"width\":4131,\"height\":2754,\"caption\":\"#paratodosverem \u2013 Prefeito David Almeida discursando no palco, durante COP30\"},{\"@type\":\"WebSite\",\"@id\":\"https:\/\/www.manaus.am.gov.br\/semcom\/#website\",\"url\":\"https:\/\/www.manaus.am.gov.br\/semcom\/\",\"name\":\"SEMCOM\",\"description\":\"Secretaria Municipal de Comunica\u00e7\u00e3o\",\"potentialAction\":[{\"@type\":\"SearchAction\",\"target\":{\"@type\":\"EntryPoint\",\"urlTemplate\":\"https:\/\/www.manaus.am.gov.br\/semcom\/?s={search_term_string}\"},\"query-input\":\"required name=search_term_string\"}],\"inLanguage\":\"pt-BR\"},{\"@type\":\"Person\",\"@id\":\"https:\/\/www.manaus.am.gov.br\/semcom\/#\/schema\/person\/466a0e03ae4b6062809046bd560ac955\",\"name\":\"bvalente\",\"image\":{\"@type\":\"ImageObject\",\"inLanguage\":\"pt-BR\",\"@id\":\"https:\/\/www.manaus.am.gov.br\/semcom\/#\/schema\/person\/image\/\",\"url\":\"https:\/\/secure.gravatar.com\/avatar\/3e69bc2b014bdad41adfec3a39de07d2?s=96&d=mm&r=g\",\"contentUrl\":\"https:\/\/secure.gravatar.com\/avatar\/3e69bc2b014bdad41adfec3a39de07d2?s=96&d=mm&r=g\",\"caption\":\"bvalente\"}}]}<\/script>\n<!-- \/ Yoast SEO plugin. -->","yoast_head_json":{"title":"David Almeida reafirma lideran\u00e7a de Manaus durante COP30","description":"O prefeito de Manaus, David Almeida, participou, nesta segunda-feira, 10\/11, do primeiro dia oficial da COP30.","robots":{"index":"index","follow":"follow","max-snippet":"max-snippet:-1","max-image-preview":"max-image-preview:large","max-video-preview":"max-video-preview:-1"},"canonical":"https:\/\/www.manaus.am.gov.br\/semcom\/acoes-cop30\/","og_locale":"pt_BR","og_type":"article","og_title":"David Almeida reafirma lideran\u00e7a de Manaus durante COP30","og_description":"O prefeito de Manaus, David Almeida, participou, nesta segunda-feira, 10\/11, do primeiro dia oficial da COP30.","og_url":"https:\/\/www.manaus.am.gov.br\/semcom\/acoes-cop30\/","og_site_name":"SEMCOM","article_published_time":"2025-11-11T01:46:42+00:00","og_image":[{"width":1024,"height":683,"url":"https:\/\/www.manaus.am.gov.br\/semcom\/wp-content\/uploads\/sites\/5\/2025\/11\/Prefeito-David-Almeida-reafirma-lideranca-de-Manaus-em-governanca-multinivel-e-financiamento-climatico-durante-abertura-da-COP30-2-1024x683.jpeg","type":"image\/jpeg"}],"author":"bvalente","twitter_card":"summary_large_image","twitter_misc":{"Written by":"bvalente","Est. reading time":"5 minutos"},"schema":{"@context":"https:\/\/schema.org","@graph":[{"@type":"WebPage","@id":"https:\/\/www.manaus.am.gov.br\/semcom\/acoes-cop30\/","url":"https:\/\/www.manaus.am.gov.br\/semcom\/acoes-cop30\/","name":"David Almeida reafirma lideran\u00e7a de Manaus durante COP30","isPartOf":{"@id":"https:\/\/www.manaus.am.gov.br\/semcom\/#website"},"primaryImageOfPage":{"@id":"https:\/\/www.manaus.am.gov.br\/semcom\/acoes-cop30\/#primaryimage"},"image":{"@id":"https:\/\/www.manaus.am.gov.br\/semcom\/acoes-cop30\/#primaryimage"},"thumbnailUrl":"https:\/\/www.manaus.am.gov.br\/semcom\/wp-content\/uploads\/sites\/5\/2025\/11\/Prefeito-David-Almeida-reafirma-lideranca-de-Manaus-em-governanca-multinivel-e-financiamento-climatico-durante-abertura-da-COP30-2.jpeg","datePublished":"2025-11-11T01:46:42+00:00","dateModified":"2025-11-11T01:46:42+00:00","author":{"@id":"https:\/\/www.manaus.am.gov.br\/semcom\/#\/schema\/person\/466a0e03ae4b6062809046bd560ac955"},"description":"O prefeito de Manaus, David Almeida, participou, nesta segunda-feira, 10\/11, do primeiro dia oficial da COP30.","inLanguage":"pt-BR","potentialAction":[{"@type":"ReadAction","target":["https:\/\/www.manaus.am.gov.br\/semcom\/acoes-cop30\/"]}]},{"@type":"ImageObject","inLanguage":"pt-BR","@id":"https:\/\/www.manaus.am.gov.br\/semcom\/acoes-cop30\/#primaryimage","url":"https:\/\/www.manaus.am.gov.br\/semcom\/wp-content\/uploads\/sites\/5\/2025\/11\/Prefeito-David-Almeida-reafirma-lideranca-de-Manaus-em-governanca-multinivel-e-financiamento-climatico-durante-abertura-da-COP30-2.jpeg","contentUrl":"https:\/\/www.manaus.am.gov.br\/semcom\/wp-content\/uploads\/sites\/5\/2025\/11\/Prefeito-David-Almeida-reafirma-lideranca-de-Manaus-em-governanca-multinivel-e-financiamento-climatico-durante-abertura-da-COP30-2.jpeg","width":4131,"height":2754,"caption":"#paratodosverem \u2013 Prefeito David Almeida discursando no palco, durante COP30"},{"@type":"WebSite","@id":"https:\/\/www.manaus.am.gov.br\/semcom\/#website","url":"https:\/\/www.manaus.am.gov.br\/semcom\/","name":"SEMCOM","description":"Secretaria Municipal de Comunica\u00e7\u00e3o","potentialAction":[{"@type":"SearchAction","target":{"@type":"EntryPoint","urlTemplate":"https:\/\/www.manaus.am.gov.br\/semcom\/?s={search_term_string}"},"query-input":"required name=search_term_string"}],"inLanguage":"pt-BR"},{"@type":"Person","@id":"https:\/\/www.manaus.am.gov.br\/semcom\/#\/schema\/person\/466a0e03ae4b6062809046bd560ac955","name":"bvalente","image":{"@type":"ImageObject","inLanguage":"pt-BR","@id":"https:\/\/www.manaus.am.gov.br\/semcom\/#\/schema\/person\/image\/","url":"https:\/\/secure.gravatar.com\/avatar\/3e69bc2b014bdad41adfec3a39de07d2?s=96&d=mm&r=g","contentUrl":"https:\/\/secure.gravatar.com\/avatar\/3e69bc2b014bdad41adfec3a39de07d2?s=96&d=mm&r=g","caption":"bvalente"}}]}},"_links":{"self":[{"href":"https:\/\/www.manaus.am.gov.br\/semcom\/wp-json\/wp\/v2\/posts\/248248"}],"collection":[{"href":"https:\/\/www.manaus.am.gov.br\/semcom\/wp-json\/wp\/v2\/posts"}],"about":[{"href":"https:\/\/www.manaus.am.gov.br\/semcom\/wp-json\/wp\/v2\/types\/post"}],"author":[{"embeddable":true,"href":"https:\/\/www.manaus.am.gov.br\/semcom\/wp-json\/wp\/v2\/users\/68"}],"replies":[{"embeddable":true,"href":"https:\/\/www.manaus.am.gov.br\/semcom\/wp-json\/wp\/v2\/comments?post=248248"}],"version-history":[{"count":1,"href":"https:\/\/www.manaus.am.gov.br\/semcom\/wp-json\/wp\/v2\/posts\/248248\/revisions"}],"predecessor-version":[{"id":248251,"href":"https:\/\/www.manaus.am.gov.br\/semcom\/wp-json\/wp\/v2\/posts\/248248\/revisions\/248251"}],"wp:featuredmedia":[{"embeddable":true,"href":"https:\/\/www.manaus.am.gov.br\/semcom\/wp-json\/wp\/v2\/media\/248250"}],"wp:attachment":[{"href":"https:\/\/www.manaus.am.gov.br\/semcom\/wp-json\/wp\/v2\/media?parent=248248"}],"wp:term":[{"taxonomy":"category","embeddable":true,"href":"https:\/\/www.manaus.am.gov.br\/semcom\/wp-json\/wp\/v2\/categories?post=248248"},{"taxonomy":"post_tag","embeddable":true,"href":"https:\/\/www.manaus.am.gov.br\/semcom\/wp-json\/wp\/v2\/tags?post=248248"}],"curies":[{"name":"wp","href":"https:\/\/api.w.org\/{rel}","templated":true}]}}