{"id":248207,"date":"2025-11-08T18:26:08","date_gmt":"2025-11-08T21:26:08","guid":{"rendered":"https:\/\/www.manaus.am.gov.br\/semcom\/emprego-e-desenvolvimento-banco-mundial\/"},"modified":"2025-11-08T18:26:10","modified_gmt":"2025-11-08T21:26:10","slug":"emprego-e-desenvolvimento-banco-mundial","status":"publish","type":"post","link":"https:\/\/www.manaus.am.gov.br\/semcom\/emprego-e-desenvolvimento-banco-mundial\/","title":{"rendered":"Prefeitura de Manaus recepciona dirigentes do Banco Mundial no Casar\u00e3o da Inova\u00e7\u00e3o Cassina"},"content":{"rendered":"\n<p>A Prefeitura de Manaus recepcionou, neste s\u00e1bado, 8\/11, a delega\u00e7\u00e3o de dirigentes do Banco Mundial que est\u00e1 na capital amazonense para conhecer a regi\u00e3o e os projetos voltados ao desenvolvimento social, sustentabilidade e gera\u00e7\u00e3o de emprego e renda. O encontro ocorreu no Casar\u00e3o da Inova\u00e7\u00e3o Cassina, localizado no Centro, zona Sul da capital.<\/p>\n\n\n\n<p>Na comitiva da organiza\u00e7\u00e3o financeira, est\u00e3o o vice-presidente do Banco Mundial, Axel van Trotsenburg; Valerie Hickey, diretora global de mudan\u00e7as clim\u00e1ticas; C\u00e9cile Fruman, diretora do Banco Mundial no Brasil; e Werner Kornelx, que \u00e9 o respons\u00e1vel pela parceria do banco com a Prefeitura de Manaus.<br><\/p>\n\n\n\n<p>Durante o encontro, a prefeitura apresentou suas pol\u00edticas p\u00fablicas, programas e projetos em andamento, como tamb\u00e9m ideias para o futuro que podem ter financiamento do Banco Mundial e de outros fundos de investimento.<\/p>\n\n\n\n<p>O controlador-geral do munic\u00edpio, Alessandro Moreira, apresentou a situa\u00e7\u00e3o fiscal do munic\u00edpio, as solu\u00e7\u00f5es criadas para atrair investimentos e os projetos de desenvolvimento social e sustent\u00e1vel da cidade.<\/p>\n\n\n\n<p>Ainda foram apresentados, pela Secretaria Municipal de Trabalho, Empreendedorismo e Inova\u00e7\u00e3o (Semtepi), projetos de inova\u00e7\u00e3o e tecnologia para gera\u00e7\u00e3o de empregos e desenvolvimento do empreendedorismo, e o Instituto Municipal de Planejamento Urbano (Implurb) apresentou os avan\u00e7os do programa &#8220;Nosso Centro&#8221;, que visa o resgate do Centro Hist\u00f3rico de Manaus, com recupera\u00e7\u00e3o de espa\u00e7os e reordenamento, algo que est\u00e1 em desenvolvimento.<\/p>\n\n\n\n<p>O controlador-geral do munic\u00edpio, Alessandro Moreira, ressaltou o quanto a quest\u00e3o da preserva\u00e7\u00e3o do meio ambiente \u00e9 importante para o Banco Mundial e que a presen\u00e7a dos dirigentes reconhece que a maior capital do Norte possui projetos com essa preocupa\u00e7\u00e3o, com a possibilidade de conhecer e ampliar essa parceria, realizando novos financiamentos.<\/p>\n\n\n\n<p>&#8220;\u00c9 importante ressaltar a lideran\u00e7a do prefeito David Almeida na condu\u00e7\u00e3o dos projetos e dos grandes objetivos de Manaus em ser uma cidade de refer\u00eancia em sustentabilidade. A vinda da c\u00fapula do Banco Mundial, de Washington (EUA), muito nos orgulha, que eles tenham vindo aqui a Manaus conhecer os nossos projetos mais de perto e, antes de irem \u00e0 COP em Bel\u00e9m, reconhec\u00ea-los como de grande relev\u00e2ncia para o Brasil, para a Amaz\u00f4nia e para o mundo&#8221;, ressaltou o controlador.<\/p>\n\n\n\n<p>O diretor de Inova\u00e7\u00e3o e Economia Criativa da Semtepi, Ricardo Moldes, apresentou aos dirigentes do Banco Mundial o projeto de implanta\u00e7\u00e3o do Polo de Inova\u00e7\u00e3o em Manaus, que j\u00e1 possui financiamento do governo federal e que pode ter um fomento ainda maior com recursos do Banco Mundial.<\/p>\n\n\n\n<p>&#8220;Essa apresenta\u00e7\u00e3o ao banco tem a possibilidade de ter um fomento ainda maior: imagina, a gente fazer um polo de inova\u00e7\u00e3o voltado a 500 mil empregos gerados. H\u00e1 150 startups incubadas, ent\u00e3o h\u00e1 a possibilidade desse fomento direto, atrelado \u00e0 \u00e1rea de inova\u00e7\u00e3o, sustentabilidade e empregabilidade, e se o banco assim se adequar ao que a gente pensa, que \u00e9 a economia criativa e a economia circular, existe uma grande possibilidade desse fomento ser direto e de amarrar pol\u00edticas p\u00fablicas com cria\u00e7\u00f5es de funda\u00e7\u00f5es e fomentos que v\u00e3o ajudar o processo de inova\u00e7\u00e3o&#8221;, informou.<\/p>\n\n\n\n<p>O diretor-presidente do Implurb, Carlos Valente, enfatizou que a prefeitura e o Banco Mundial constru\u00edram uma forte parceria, que inclui renegocia\u00e7\u00e3o de d\u00edvidas do munic\u00edpio e financiamento de projetos, com o programa de revitaliza\u00e7\u00e3o do Centro Hist\u00f3rico podendo ter projetos financiados pela institui\u00e7\u00e3o. &#8220;Esses projetos foram apresentados, como o Aqu\u00e1rio de Manaus, que \u00e9 o \u00faltimo projeto que o Implurb est\u00e1 desenvolvendo agora, para que eles tenham no\u00e7\u00e3o de como era, como \u00e9, e como a gente pretende que seja o Centro. Temos mais tr\u00eas anos e pouco de trabalho, e \u00e9 importante o Banco Mundial tomar essa informa\u00e7\u00e3o para si e ver o que pode oferecer como indicadores e em termos de financiamentos&#8221;, pontuou Carlos Valente.<\/p>\n\n\n\n<p><strong>Emprego e desenvolvimento<\/strong><\/p>\n\n\n\n<p>O vice-presidente do Banco Mundial, Axel van Trotsenburg, disse que veio ao Brasil para participar da COP30 em Bel\u00e9m, mas os dirigentes decidiram vir a Manaus para conhecer de perto a realidade da regi\u00e3o e para apoiar projetos de desenvolvimento, principalmente relacionados \u00e0 gera\u00e7\u00e3o de emprego para os jovens, que \u00e9 uma preocupa\u00e7\u00e3o global.<\/p>\n\n\n\n<p>&#8220;A mensagem mais importante \u00e9 que o Banco Mundial \u00e9 um parceiro muito comprometido aqui no Brasil, tamb\u00e9m com os Estados, e acreditamos que podemos trabalhar juntos para enfrentar algumas das quest\u00f5es de desenvolvimento dif\u00edceis e desafiadoras. Em todos os programas do Banco Mundial buscamos traduzir uma mudan\u00e7a real no local, e isso significa empregos para muitas pessoas. Empregos para as pessoas que est\u00e3o entrando no mercado de trabalho, mas tamb\u00e9m pessoas que j\u00e1 est\u00e3o no mercado de trabalho ou no mercado informal. Como podemos, de fato, apoi\u00e1-las para que, assim, aumentem suas rendas e tenham melhores padr\u00f5es de vida. Essa \u00e9 uma das \u00e1reas que est\u00e1 sendo buscada pelo Banco Mundial, n\u00e3o s\u00f3 no Brasil, mas mundialmente&#8221;, indicou Trotsenburg.<\/p>\n\n\n\n<p>A diretora do Banco Mundial no Brasil, C\u00e9cile Fruman, disse estar animada para voltar a Manaus e conferir a implementa\u00e7\u00e3o dos projetos apresentados, e que a institui\u00e7\u00e3o busca auxiliar o munic\u00edpio a melhorar o cen\u00e1rio fiscal para ter espa\u00e7o em seu or\u00e7amento para realizar esses investimentos.<\/p>\n\n\n\n<p>&#8220;Espero que o nosso trabalho com a Prefeitura de Manaus, que visa, entre outros objetivos, melhorar o espa\u00e7o fiscal, criar mais espa\u00e7o para investimentos, para ter um gasto p\u00fablico mais eficiente, permita investimentos melhores, para que essas iniciativas possam se concretizar, tornando a cidade melhor para se viver, preservando melhor seus recursos naturais e dando melhores condi\u00e7\u00f5es de vida para as pessoas&#8221;, salientou C\u00e9cile Fruman.<\/p>\n\n\n\n<p>A reuni\u00e3o foi uma grande oportunidade para a Prefeitura de Manaus mostrar seus projetos de desenvolvimento e tamb\u00e9m para que os dirigentes do Banco Mundial possam contribuir com os esfor\u00e7os do munic\u00edpio, financiando e atraindo investimentos para a capital amazonense.<\/p>\n\n\n\n<p><strong>&#8212; &#8212; &#8212;\u00a0<\/strong><br><strong>Texto &#8211; <\/strong>Geraldo Farias \/ Semcom<br><strong>Fotos &#8211; <\/strong>Valdo Le\u00e3o \/ Semcom<br><strong>Dispon\u00edveis em &#8211; <\/strong><a href=\"https:\/\/flic.kr\/s\/aHBqjCA1Dt\">https:\/\/flic.kr\/s\/aHBqjCA1Dt<\/a><\/p>\n","protected":false},"excerpt":{"rendered":"","protected":false},"author":68,"featured_media":248208,"comment_status":"closed","ping_status":"closed","sticky":false,"template":"","format":"standard","meta":{"footnotes":""},"categories":[594],"tags":[4137,17849,77,17850],"acf":[],"yoast_head":"<!-- This site is optimized with the Yoast SEO plugin v23.0 - https:\/\/yoast.com\/wordpress\/plugins\/seo\/ -->\n<title>Prefeitura de Manaus recepciona dirigentes do Banco Mundial<\/title>\n<meta name=\"description\" content=\"A Prefeitura de Manaus recepcionou, neste s\u00e1bado, 8\/11, a delega\u00e7\u00e3o de dirigentes do Banco Mundial que est\u00e1 na capital amazonense.\" \/>\n<meta name=\"robots\" content=\"index, follow, max-snippet:-1, max-image-preview:large, max-video-preview:-1\" \/>\n<link rel=\"canonical\" href=\"https:\/\/www.manaus.am.gov.br\/semcom\/emprego-e-desenvolvimento-banco-mundial\/\" \/>\n<meta property=\"og:locale\" content=\"pt_BR\" \/>\n<meta property=\"og:type\" content=\"article\" \/>\n<meta property=\"og:title\" content=\"Prefeitura de Manaus recepciona dirigentes do Banco Mundial\" \/>\n<meta property=\"og:description\" content=\"A Prefeitura de Manaus recepcionou, neste s\u00e1bado, 8\/11, a delega\u00e7\u00e3o de dirigentes do Banco Mundial que est\u00e1 na capital amazonense.\" \/>\n<meta property=\"og:url\" content=\"https:\/\/www.manaus.am.gov.br\/semcom\/emprego-e-desenvolvimento-banco-mundial\/\" \/>\n<meta property=\"og:site_name\" content=\"SEMCOM\" \/>\n<meta property=\"article:published_time\" content=\"2025-11-08T21:26:08+00:00\" \/>\n<meta property=\"article:modified_time\" content=\"2025-11-08T21:26:10+00:00\" \/>\n<meta property=\"og:image\" content=\"https:\/\/www.manaus.am.gov.br\/semcom\/wp-content\/uploads\/sites\/5\/2025\/11\/54910344900_4378216198_c.jpg\" \/>\n\t<meta property=\"og:image:width\" content=\"799\" \/>\n\t<meta property=\"og:image:height\" content=\"533\" \/>\n\t<meta property=\"og:image:type\" content=\"image\/jpeg\" \/>\n<meta name=\"author\" content=\"bvalente\" \/>\n<meta name=\"twitter:card\" content=\"summary_large_image\" \/>\n<meta name=\"twitter:label1\" content=\"Written by\" \/>\n\t<meta name=\"twitter:data1\" content=\"bvalente\" \/>\n\t<meta name=\"twitter:label2\" content=\"Est. reading time\" \/>\n\t<meta name=\"twitter:data2\" content=\"6 minutos\" \/>\n<script type=\"application\/ld+json\" class=\"yoast-schema-graph\">{\"@context\":\"https:\/\/schema.org\",\"@graph\":[{\"@type\":\"WebPage\",\"@id\":\"https:\/\/www.manaus.am.gov.br\/semcom\/emprego-e-desenvolvimento-banco-mundial\/\",\"url\":\"https:\/\/www.manaus.am.gov.br\/semcom\/emprego-e-desenvolvimento-banco-mundial\/\",\"name\":\"Prefeitura de Manaus recepciona dirigentes do Banco Mundial\",\"isPartOf\":{\"@id\":\"https:\/\/www.manaus.am.gov.br\/semcom\/#website\"},\"primaryImageOfPage\":{\"@id\":\"https:\/\/www.manaus.am.gov.br\/semcom\/emprego-e-desenvolvimento-banco-mundial\/#primaryimage\"},\"image\":{\"@id\":\"https:\/\/www.manaus.am.gov.br\/semcom\/emprego-e-desenvolvimento-banco-mundial\/#primaryimage\"},\"thumbnailUrl\":\"https:\/\/www.manaus.am.gov.br\/semcom\/wp-content\/uploads\/sites\/5\/2025\/11\/54910344900_4378216198_c.jpg\",\"datePublished\":\"2025-11-08T21:26:08+00:00\",\"dateModified\":\"2025-11-08T21:26:10+00:00\",\"author\":{\"@id\":\"https:\/\/www.manaus.am.gov.br\/semcom\/#\/schema\/person\/466a0e03ae4b6062809046bd560ac955\"},\"description\":\"A Prefeitura de Manaus recepcionou, neste s\u00e1bado, 8\/11, a delega\u00e7\u00e3o de dirigentes do Banco Mundial que est\u00e1 na capital amazonense.\",\"inLanguage\":\"pt-BR\",\"potentialAction\":[{\"@type\":\"ReadAction\",\"target\":[\"https:\/\/www.manaus.am.gov.br\/semcom\/emprego-e-desenvolvimento-banco-mundial\/\"]}]},{\"@type\":\"ImageObject\",\"inLanguage\":\"pt-BR\",\"@id\":\"https:\/\/www.manaus.am.gov.br\/semcom\/emprego-e-desenvolvimento-banco-mundial\/#primaryimage\",\"url\":\"https:\/\/www.manaus.am.gov.br\/semcom\/wp-content\/uploads\/sites\/5\/2025\/11\/54910344900_4378216198_c.jpg\",\"contentUrl\":\"https:\/\/www.manaus.am.gov.br\/semcom\/wp-content\/uploads\/sites\/5\/2025\/11\/54910344900_4378216198_c.jpg\",\"width\":799,\"height\":533,\"caption\":\"#paratodosverem - Equipe da prefeitura recebendo a delega\u00e7\u00e3o de dirigentes do Banco Mundial no Cassina\"},{\"@type\":\"WebSite\",\"@id\":\"https:\/\/www.manaus.am.gov.br\/semcom\/#website\",\"url\":\"https:\/\/www.manaus.am.gov.br\/semcom\/\",\"name\":\"SEMCOM\",\"description\":\"Secretaria Municipal de Comunica\u00e7\u00e3o\",\"potentialAction\":[{\"@type\":\"SearchAction\",\"target\":{\"@type\":\"EntryPoint\",\"urlTemplate\":\"https:\/\/www.manaus.am.gov.br\/semcom\/?s={search_term_string}\"},\"query-input\":\"required name=search_term_string\"}],\"inLanguage\":\"pt-BR\"},{\"@type\":\"Person\",\"@id\":\"https:\/\/www.manaus.am.gov.br\/semcom\/#\/schema\/person\/466a0e03ae4b6062809046bd560ac955\",\"name\":\"bvalente\",\"image\":{\"@type\":\"ImageObject\",\"inLanguage\":\"pt-BR\",\"@id\":\"https:\/\/www.manaus.am.gov.br\/semcom\/#\/schema\/person\/image\/\",\"url\":\"https:\/\/secure.gravatar.com\/avatar\/3e69bc2b014bdad41adfec3a39de07d2?s=96&d=mm&r=g\",\"contentUrl\":\"https:\/\/secure.gravatar.com\/avatar\/3e69bc2b014bdad41adfec3a39de07d2?s=96&d=mm&r=g\",\"caption\":\"bvalente\"}}]}<\/script>\n<!-- \/ Yoast SEO plugin. -->","yoast_head_json":{"title":"Prefeitura de Manaus recepciona dirigentes do Banco Mundial","description":"A Prefeitura de Manaus recepcionou, neste s\u00e1bado, 8\/11, a delega\u00e7\u00e3o de dirigentes do Banco Mundial que est\u00e1 na capital amazonense.","robots":{"index":"index","follow":"follow","max-snippet":"max-snippet:-1","max-image-preview":"max-image-preview:large","max-video-preview":"max-video-preview:-1"},"canonical":"https:\/\/www.manaus.am.gov.br\/semcom\/emprego-e-desenvolvimento-banco-mundial\/","og_locale":"pt_BR","og_type":"article","og_title":"Prefeitura de Manaus recepciona dirigentes do Banco Mundial","og_description":"A Prefeitura de Manaus recepcionou, neste s\u00e1bado, 8\/11, a delega\u00e7\u00e3o de dirigentes do Banco Mundial que est\u00e1 na capital amazonense.","og_url":"https:\/\/www.manaus.am.gov.br\/semcom\/emprego-e-desenvolvimento-banco-mundial\/","og_site_name":"SEMCOM","article_published_time":"2025-11-08T21:26:08+00:00","article_modified_time":"2025-11-08T21:26:10+00:00","og_image":[{"width":799,"height":533,"url":"https:\/\/www.manaus.am.gov.br\/semcom\/wp-content\/uploads\/sites\/5\/2025\/11\/54910344900_4378216198_c.jpg","type":"image\/jpeg"}],"author":"bvalente","twitter_card":"summary_large_image","twitter_misc":{"Written by":"bvalente","Est. reading time":"6 minutos"},"schema":{"@context":"https:\/\/schema.org","@graph":[{"@type":"WebPage","@id":"https:\/\/www.manaus.am.gov.br\/semcom\/emprego-e-desenvolvimento-banco-mundial\/","url":"https:\/\/www.manaus.am.gov.br\/semcom\/emprego-e-desenvolvimento-banco-mundial\/","name":"Prefeitura de Manaus recepciona dirigentes do Banco Mundial","isPartOf":{"@id":"https:\/\/www.manaus.am.gov.br\/semcom\/#website"},"primaryImageOfPage":{"@id":"https:\/\/www.manaus.am.gov.br\/semcom\/emprego-e-desenvolvimento-banco-mundial\/#primaryimage"},"image":{"@id":"https:\/\/www.manaus.am.gov.br\/semcom\/emprego-e-desenvolvimento-banco-mundial\/#primaryimage"},"thumbnailUrl":"https:\/\/www.manaus.am.gov.br\/semcom\/wp-content\/uploads\/sites\/5\/2025\/11\/54910344900_4378216198_c.jpg","datePublished":"2025-11-08T21:26:08+00:00","dateModified":"2025-11-08T21:26:10+00:00","author":{"@id":"https:\/\/www.manaus.am.gov.br\/semcom\/#\/schema\/person\/466a0e03ae4b6062809046bd560ac955"},"description":"A Prefeitura de Manaus recepcionou, neste s\u00e1bado, 8\/11, a delega\u00e7\u00e3o de dirigentes do Banco Mundial que est\u00e1 na capital amazonense.","inLanguage":"pt-BR","potentialAction":[{"@type":"ReadAction","target":["https:\/\/www.manaus.am.gov.br\/semcom\/emprego-e-desenvolvimento-banco-mundial\/"]}]},{"@type":"ImageObject","inLanguage":"pt-BR","@id":"https:\/\/www.manaus.am.gov.br\/semcom\/emprego-e-desenvolvimento-banco-mundial\/#primaryimage","url":"https:\/\/www.manaus.am.gov.br\/semcom\/wp-content\/uploads\/sites\/5\/2025\/11\/54910344900_4378216198_c.jpg","contentUrl":"https:\/\/www.manaus.am.gov.br\/semcom\/wp-content\/uploads\/sites\/5\/2025\/11\/54910344900_4378216198_c.jpg","width":799,"height":533,"caption":"#paratodosverem - Equipe da prefeitura recebendo a delega\u00e7\u00e3o de dirigentes do Banco Mundial no Cassina"},{"@type":"WebSite","@id":"https:\/\/www.manaus.am.gov.br\/semcom\/#website","url":"https:\/\/www.manaus.am.gov.br\/semcom\/","name":"SEMCOM","description":"Secretaria Municipal de Comunica\u00e7\u00e3o","potentialAction":[{"@type":"SearchAction","target":{"@type":"EntryPoint","urlTemplate":"https:\/\/www.manaus.am.gov.br\/semcom\/?s={search_term_string}"},"query-input":"required name=search_term_string"}],"inLanguage":"pt-BR"},{"@type":"Person","@id":"https:\/\/www.manaus.am.gov.br\/semcom\/#\/schema\/person\/466a0e03ae4b6062809046bd560ac955","name":"bvalente","image":{"@type":"ImageObject","inLanguage":"pt-BR","@id":"https:\/\/www.manaus.am.gov.br\/semcom\/#\/schema\/person\/image\/","url":"https:\/\/secure.gravatar.com\/avatar\/3e69bc2b014bdad41adfec3a39de07d2?s=96&d=mm&r=g","contentUrl":"https:\/\/secure.gravatar.com\/avatar\/3e69bc2b014bdad41adfec3a39de07d2?s=96&d=mm&r=g","caption":"bvalente"}}]}},"_links":{"self":[{"href":"https:\/\/www.manaus.am.gov.br\/semcom\/wp-json\/wp\/v2\/posts\/248207"}],"collection":[{"href":"https:\/\/www.manaus.am.gov.br\/semcom\/wp-json\/wp\/v2\/posts"}],"about":[{"href":"https:\/\/www.manaus.am.gov.br\/semcom\/wp-json\/wp\/v2\/types\/post"}],"author":[{"embeddable":true,"href":"https:\/\/www.manaus.am.gov.br\/semcom\/wp-json\/wp\/v2\/users\/68"}],"replies":[{"embeddable":true,"href":"https:\/\/www.manaus.am.gov.br\/semcom\/wp-json\/wp\/v2\/comments?post=248207"}],"version-history":[{"count":0,"href":"https:\/\/www.manaus.am.gov.br\/semcom\/wp-json\/wp\/v2\/posts\/248207\/revisions"}],"wp:featuredmedia":[{"embeddable":true,"href":"https:\/\/www.manaus.am.gov.br\/semcom\/wp-json\/wp\/v2\/media\/248208"}],"wp:attachment":[{"href":"https:\/\/www.manaus.am.gov.br\/semcom\/wp-json\/wp\/v2\/media?parent=248207"}],"wp:term":[{"taxonomy":"category","embeddable":true,"href":"https:\/\/www.manaus.am.gov.br\/semcom\/wp-json\/wp\/v2\/categories?post=248207"},{"taxonomy":"post_tag","embeddable":true,"href":"https:\/\/www.manaus.am.gov.br\/semcom\/wp-json\/wp\/v2\/tags?post=248207"}],"curies":[{"name":"wp","href":"https:\/\/api.w.org\/{rel}","templated":true}]}}