{"id":248201,"date":"2025-11-08T13:06:36","date_gmt":"2025-11-08T17:06:36","guid":{"rendered":"https:\/\/www.manaus.am.gov.br\/semcom\/concursos-da-cgm-e-da-semmas\/"},"modified":"2025-11-08T13:06:36","modified_gmt":"2025-11-08T17:06:36","slug":"concursos-da-cgm-e-da-semmas","status":"publish","type":"post","link":"https:\/\/www.manaus.am.gov.br\/semcom\/concursos-da-cgm-e-da-semmas\/","title":{"rendered":"Prefeitura de Manaus divulga edital dos concursos p\u00fablicos da CGM e da Semmas com mais de 60 vagas"},"content":{"rendered":"\n<p><br>A Prefeitura de Manaus, por meio da Secretaria Municipal de Administra\u00e7\u00e3o, Planejamento e Gest\u00e3o (Semad), divulga a realiza\u00e7\u00e3o do primeiro concurso p\u00fablico da Controladoria-Geral do Munic\u00edpio (CGM), e da Secretaria Municipal de Meio Ambiente e Sustentabilidade (Semmas). O edital n\u00ba 02\/2025 foi publicado no Di\u00e1rio Oficial do Munic\u00edpio (DOM), na sexta-feira, 7\/11, e pode ser acessado no endere\u00e7o eletr\u00f4nico: <a href=\"https:\/\/dom.manaus.am.gov.br\/pdf\/2025\/novembro\/DOM%206191%2007.11.2025%20ED%20EXTRA.pdf\">https:\/\/dom.manaus.am.gov.br\/pdf\/2025\/novembro\/DOM%206191%2007.11.2025%20ED%20EXTRA.pdf<br><br><\/a>As inscri\u00e7\u00f5es podem ser feitas a partir das 15h do dia 14\/11, at\u00e9 as 15h do dia 15\/12, exclusivamente via internet, no site <a href=\"http:\/\/www.institutoconsulplan.org.br\/\">www.institutoconsulplan.org.br<\/a>.<br><br>Para o concurso da CGM ser\u00e3o ofertadas 35 vagas no total. S\u00e3o 25 para candidatos com forma\u00e7\u00e3o em ensino superior, com 24 vagas em ampla concorr\u00eancia e 1 vaga para Pessoas com Defici\u00eancia (PcDs), e 10 com forma\u00e7\u00e3o em n\u00edvel m\u00e9dio, sendo 9 vagas em ampla concorr\u00eancia e 1 vaga para PcDs. O certame tamb\u00e9m contar\u00e1 com a forma\u00e7\u00e3o de cadastro de reserva para atender novas vagas que surgirem no decorrer de sua validade.\u00a0<\/p>\n\n\n\n<p>\u201cA Prefeitura de Manaus realiza pela primeira vez no Estado do Amazonas um concurso p\u00fablico voltado a carreiras espec\u00edficas do controle interno. Esse \u00e9 um compromisso do prefeito David Almeida, que sempre preza por transpar\u00eancia, por melhoria dos resultados na gest\u00e3o p\u00fablica, entendendo que o controle interno \u00e9 uma parte fundamental desse processo de constru\u00e7\u00e3o de uma administra\u00e7\u00e3o mais transparente, que visa uma Manaus mais pr\u00f3spera, com projetos e entregas que atendam as necessidades da popula\u00e7\u00e3o\u201d, exaltou o controlador-geral do munic\u00edpio, Alessandro Moreira.<\/p>\n\n\n\n<p>Os valores das taxas de inscri\u00e7\u00e3o ser\u00e3o de R$ 130 para n\u00edvel m\u00e9dio e R$ 180 para n\u00edvel superior, sendo permitida a inscri\u00e7\u00e3o para concorrer em at\u00e9 dois cargos do certame, desde que sejam em turnos distintos de realiza\u00e7\u00e3o das provas. Os detalhes da confirma\u00e7\u00e3o de inscri\u00e7\u00e3o podem ser conferidos no edital.<\/p>\n\n\n\n<p><strong>Concurso Semmas<\/strong><\/p>\n\n\n\n<p>Para o concurso da Semmas ser\u00e3o ofertadas 30 vagas em n\u00edvel superior, sendo 28 de ampla concorr\u00eancia e duas para PcDs. O certame ser\u00e1 organizado pelo Instituto Consulplan, com oportunidades para Analista Municipal I (\u00e1reas de Fiscaliza\u00e7\u00e3o, Qu\u00edmica, Geografia e Geologia), com sal\u00e1rios iniciais de R$ 3.822,71, e com vagas para Analista Municipal II (nas \u00e1reas de Engenharia Agr\u00f4noma, Ambiental, Civil e Florestal), com sal\u00e1rios iniciais de R$ 7.404,82.<br><br><\/p>\n\n\n\n<figure class=\"wp-block-image size-large\"><img loading=\"lazy\" decoding=\"async\" width=\"1024\" height=\"657\" src=\"https:\/\/www.manaus.am.gov.br\/semcom\/wp-content\/uploads\/sites\/5\/2025\/11\/Prefeitura-disponibiliza-Plano-de-Acao-Climatica-de-Manaus-para-consulta-publica-2-1-1024x657.jpg\" alt=\"\" class=\"wp-image-248202\" srcset=\"https:\/\/www.manaus.am.gov.br\/semcom\/wp-content\/uploads\/sites\/5\/2025\/11\/Prefeitura-disponibiliza-Plano-de-Acao-Climatica-de-Manaus-para-consulta-publica-2-1-1024x657.jpg 1024w, https:\/\/www.manaus.am.gov.br\/semcom\/wp-content\/uploads\/sites\/5\/2025\/11\/Prefeitura-disponibiliza-Plano-de-Acao-Climatica-de-Manaus-para-consulta-publica-2-1-300x193.jpg 300w, https:\/\/www.manaus.am.gov.br\/semcom\/wp-content\/uploads\/sites\/5\/2025\/11\/Prefeitura-disponibiliza-Plano-de-Acao-Climatica-de-Manaus-para-consulta-publica-2-1-768x493.jpg 768w, https:\/\/www.manaus.am.gov.br\/semcom\/wp-content\/uploads\/sites\/5\/2025\/11\/Prefeitura-disponibiliza-Plano-de-Acao-Climatica-de-Manaus-para-consulta-publica-2-1-1536x986.jpg 1536w, https:\/\/www.manaus.am.gov.br\/semcom\/wp-content\/uploads\/sites\/5\/2025\/11\/Prefeitura-disponibiliza-Plano-de-Acao-Climatica-de-Manaus-para-consulta-publica-2-1-2048x1314.jpg 2048w\" sizes=\"(max-width: 1024px) 100vw, 1024px\" \/><\/figure>\n\n\n\n<p>\u201cA gest\u00e3o do prefeito David Almeida avan\u00e7a com indicadores recordes de a\u00e7\u00f5es de meio ambiente e sustentabilidade, e pretendemos ampliar esses n\u00fameros com o novo quadro de servidores. Esse concurso vai trazer para a prefeitura mais qualidade aos servi\u00e7os p\u00fablicos do munic\u00edpio, todos fundamentais nas nossas futuras a\u00e7\u00f5es\u201d, disse o secret\u00e1rio municipal de Meio Ambiente e Sustentabilidade, Fransu\u00e1 Matos.<\/p>\n\n\n\n<p>As inscri\u00e7\u00f5es tamb\u00e9m podem ser feitas a partir das 15h do dia 14\/11, at\u00e9 as 15h do dia 15\/12, exclusivamente via internet, no site <a href=\"http:\/\/www.institutoconsulplan.org.br\/\">www.institutoconsulplan.org.br<\/a>.<br><br>O valor da taxa de inscri\u00e7\u00e3o ser\u00e1 de R$ 140 &#8211; n\u00edvel superior. Ser\u00e1 permitido ao candidato inscrever-se para at\u00e9 dois cargos\/especialidades no concurso p\u00fablico, desde que para turnos distintos de realiza\u00e7\u00e3o das provas.<br><br><\/p>\n\n\n\n<p>\u2014 \u2014- \u2014-<br><strong>Texto &#8211; <\/strong>Oliveira Junior \/ CGM e Taianna Castro \/ Semmas<br><strong>Fotos <\/strong>&#8211; Cl\u00f3vis Miranda \/ Semcom<\/p>\n","protected":false},"excerpt":{"rendered":"","protected":false},"author":68,"featured_media":248203,"comment_status":"closed","ping_status":"closed","sticky":false,"template":"","format":"standard","meta":{"footnotes":""},"categories":[2911],"tags":[5632,17847,77],"acf":[],"yoast_head":"<!-- This site is optimized with the Yoast SEO plugin v23.0 - https:\/\/yoast.com\/wordpress\/plugins\/seo\/ -->\n<title>Prefeitura divulga edital dos concursos da CGM e da Semmas<\/title>\n<meta name=\"description\" content=\"A Prefeitura de Manaus, por meio da Secretaria Municipal de Administra\u00e7\u00e3o, Planejamento e Gest\u00e3o (Semad), divulga a realiza\u00e7\u00e3o do primeiro concurso p\u00fablico da Controladoria-Geral do Munic\u00edpio (CGM), e da Secretaria Municipal de Meio Ambiente e Sustentabilidade (Semmas).\" \/>\n<meta name=\"robots\" content=\"index, follow, max-snippet:-1, max-image-preview:large, max-video-preview:-1\" \/>\n<link rel=\"canonical\" href=\"https:\/\/www.manaus.am.gov.br\/semcom\/concursos-da-cgm-e-da-semmas\/\" \/>\n<meta property=\"og:locale\" content=\"pt_BR\" \/>\n<meta property=\"og:type\" content=\"article\" \/>\n<meta property=\"og:title\" content=\"Prefeitura divulga edital dos concursos da CGM e da Semmas\" \/>\n<meta property=\"og:description\" content=\"A Prefeitura de Manaus, por meio da Secretaria Municipal de Administra\u00e7\u00e3o, Planejamento e Gest\u00e3o (Semad), divulga a realiza\u00e7\u00e3o do primeiro concurso p\u00fablico da Controladoria-Geral do Munic\u00edpio (CGM), e da Secretaria Municipal de Meio Ambiente e Sustentabilidade (Semmas).\" \/>\n<meta property=\"og:url\" content=\"https:\/\/www.manaus.am.gov.br\/semcom\/concursos-da-cgm-e-da-semmas\/\" \/>\n<meta property=\"og:site_name\" content=\"SEMCOM\" \/>\n<meta property=\"article:published_time\" content=\"2025-11-08T17:06:36+00:00\" \/>\n<meta property=\"og:image\" content=\"https:\/\/www.manaus.am.gov.br\/semcom\/wp-content\/uploads\/sites\/5\/2025\/11\/IMG_3309-1024x683.jpeg\" \/>\n\t<meta property=\"og:image:width\" content=\"1024\" \/>\n\t<meta property=\"og:image:height\" content=\"683\" \/>\n\t<meta property=\"og:image:type\" content=\"image\/jpeg\" \/>\n<meta name=\"author\" content=\"bvalente\" \/>\n<meta name=\"twitter:card\" content=\"summary_large_image\" \/>\n<meta name=\"twitter:label1\" content=\"Written by\" \/>\n\t<meta name=\"twitter:data1\" content=\"bvalente\" \/>\n\t<meta name=\"twitter:label2\" content=\"Est. reading time\" \/>\n\t<meta name=\"twitter:data2\" content=\"4 minutos\" \/>\n<script type=\"application\/ld+json\" class=\"yoast-schema-graph\">{\"@context\":\"https:\/\/schema.org\",\"@graph\":[{\"@type\":\"WebPage\",\"@id\":\"https:\/\/www.manaus.am.gov.br\/semcom\/concursos-da-cgm-e-da-semmas\/\",\"url\":\"https:\/\/www.manaus.am.gov.br\/semcom\/concursos-da-cgm-e-da-semmas\/\",\"name\":\"Prefeitura divulga edital dos concursos da CGM e da Semmas\",\"isPartOf\":{\"@id\":\"https:\/\/www.manaus.am.gov.br\/semcom\/#website\"},\"primaryImageOfPage\":{\"@id\":\"https:\/\/www.manaus.am.gov.br\/semcom\/concursos-da-cgm-e-da-semmas\/#primaryimage\"},\"image\":{\"@id\":\"https:\/\/www.manaus.am.gov.br\/semcom\/concursos-da-cgm-e-da-semmas\/#primaryimage\"},\"thumbnailUrl\":\"https:\/\/www.manaus.am.gov.br\/semcom\/wp-content\/uploads\/sites\/5\/2025\/11\/IMG_3309.jpeg\",\"datePublished\":\"2025-11-08T17:06:36+00:00\",\"dateModified\":\"2025-11-08T17:06:36+00:00\",\"author\":{\"@id\":\"https:\/\/www.manaus.am.gov.br\/semcom\/#\/schema\/person\/466a0e03ae4b6062809046bd560ac955\"},\"description\":\"A Prefeitura de Manaus, por meio da Secretaria Municipal de Administra\u00e7\u00e3o, Planejamento e Gest\u00e3o (Semad), divulga a realiza\u00e7\u00e3o do primeiro concurso p\u00fablico da Controladoria-Geral do Munic\u00edpio (CGM), e da Secretaria Municipal de Meio Ambiente e Sustentabilidade (Semmas).\",\"inLanguage\":\"pt-BR\",\"potentialAction\":[{\"@type\":\"ReadAction\",\"target\":[\"https:\/\/www.manaus.am.gov.br\/semcom\/concursos-da-cgm-e-da-semmas\/\"]}]},{\"@type\":\"ImageObject\",\"inLanguage\":\"pt-BR\",\"@id\":\"https:\/\/www.manaus.am.gov.br\/semcom\/concursos-da-cgm-e-da-semmas\/#primaryimage\",\"url\":\"https:\/\/www.manaus.am.gov.br\/semcom\/wp-content\/uploads\/sites\/5\/2025\/11\/IMG_3309.jpeg\",\"contentUrl\":\"https:\/\/www.manaus.am.gov.br\/semcom\/wp-content\/uploads\/sites\/5\/2025\/11\/IMG_3309.jpeg\",\"width\":5500,\"height\":3667,\"caption\":\"#paratodosverem - Servidora da CGM sentada, na frente do computador\"},{\"@type\":\"WebSite\",\"@id\":\"https:\/\/www.manaus.am.gov.br\/semcom\/#website\",\"url\":\"https:\/\/www.manaus.am.gov.br\/semcom\/\",\"name\":\"SEMCOM\",\"description\":\"Secretaria Municipal de Comunica\u00e7\u00e3o\",\"potentialAction\":[{\"@type\":\"SearchAction\",\"target\":{\"@type\":\"EntryPoint\",\"urlTemplate\":\"https:\/\/www.manaus.am.gov.br\/semcom\/?s={search_term_string}\"},\"query-input\":\"required name=search_term_string\"}],\"inLanguage\":\"pt-BR\"},{\"@type\":\"Person\",\"@id\":\"https:\/\/www.manaus.am.gov.br\/semcom\/#\/schema\/person\/466a0e03ae4b6062809046bd560ac955\",\"name\":\"bvalente\",\"image\":{\"@type\":\"ImageObject\",\"inLanguage\":\"pt-BR\",\"@id\":\"https:\/\/www.manaus.am.gov.br\/semcom\/#\/schema\/person\/image\/\",\"url\":\"https:\/\/secure.gravatar.com\/avatar\/3e69bc2b014bdad41adfec3a39de07d2?s=96&d=mm&r=g\",\"contentUrl\":\"https:\/\/secure.gravatar.com\/avatar\/3e69bc2b014bdad41adfec3a39de07d2?s=96&d=mm&r=g\",\"caption\":\"bvalente\"}}]}<\/script>\n<!-- \/ Yoast SEO plugin. -->","yoast_head_json":{"title":"Prefeitura divulga edital dos concursos da CGM e da Semmas","description":"A Prefeitura de Manaus, por meio da Secretaria Municipal de Administra\u00e7\u00e3o, Planejamento e Gest\u00e3o (Semad), divulga a realiza\u00e7\u00e3o do primeiro concurso p\u00fablico da Controladoria-Geral do Munic\u00edpio (CGM), e da Secretaria Municipal de Meio Ambiente e Sustentabilidade (Semmas).","robots":{"index":"index","follow":"follow","max-snippet":"max-snippet:-1","max-image-preview":"max-image-preview:large","max-video-preview":"max-video-preview:-1"},"canonical":"https:\/\/www.manaus.am.gov.br\/semcom\/concursos-da-cgm-e-da-semmas\/","og_locale":"pt_BR","og_type":"article","og_title":"Prefeitura divulga edital dos concursos da CGM e da Semmas","og_description":"A Prefeitura de Manaus, por meio da Secretaria Municipal de Administra\u00e7\u00e3o, Planejamento e Gest\u00e3o (Semad), divulga a realiza\u00e7\u00e3o do primeiro concurso p\u00fablico da Controladoria-Geral do Munic\u00edpio (CGM), e da Secretaria Municipal de Meio Ambiente e Sustentabilidade (Semmas).","og_url":"https:\/\/www.manaus.am.gov.br\/semcom\/concursos-da-cgm-e-da-semmas\/","og_site_name":"SEMCOM","article_published_time":"2025-11-08T17:06:36+00:00","og_image":[{"width":1024,"height":683,"url":"https:\/\/www.manaus.am.gov.br\/semcom\/wp-content\/uploads\/sites\/5\/2025\/11\/IMG_3309-1024x683.jpeg","type":"image\/jpeg"}],"author":"bvalente","twitter_card":"summary_large_image","twitter_misc":{"Written by":"bvalente","Est. reading time":"4 minutos"},"schema":{"@context":"https:\/\/schema.org","@graph":[{"@type":"WebPage","@id":"https:\/\/www.manaus.am.gov.br\/semcom\/concursos-da-cgm-e-da-semmas\/","url":"https:\/\/www.manaus.am.gov.br\/semcom\/concursos-da-cgm-e-da-semmas\/","name":"Prefeitura divulga edital dos concursos da CGM e da Semmas","isPartOf":{"@id":"https:\/\/www.manaus.am.gov.br\/semcom\/#website"},"primaryImageOfPage":{"@id":"https:\/\/www.manaus.am.gov.br\/semcom\/concursos-da-cgm-e-da-semmas\/#primaryimage"},"image":{"@id":"https:\/\/www.manaus.am.gov.br\/semcom\/concursos-da-cgm-e-da-semmas\/#primaryimage"},"thumbnailUrl":"https:\/\/www.manaus.am.gov.br\/semcom\/wp-content\/uploads\/sites\/5\/2025\/11\/IMG_3309.jpeg","datePublished":"2025-11-08T17:06:36+00:00","dateModified":"2025-11-08T17:06:36+00:00","author":{"@id":"https:\/\/www.manaus.am.gov.br\/semcom\/#\/schema\/person\/466a0e03ae4b6062809046bd560ac955"},"description":"A Prefeitura de Manaus, por meio da Secretaria Municipal de Administra\u00e7\u00e3o, Planejamento e Gest\u00e3o (Semad), divulga a realiza\u00e7\u00e3o do primeiro concurso p\u00fablico da Controladoria-Geral do Munic\u00edpio (CGM), e da Secretaria Municipal de Meio Ambiente e Sustentabilidade (Semmas).","inLanguage":"pt-BR","potentialAction":[{"@type":"ReadAction","target":["https:\/\/www.manaus.am.gov.br\/semcom\/concursos-da-cgm-e-da-semmas\/"]}]},{"@type":"ImageObject","inLanguage":"pt-BR","@id":"https:\/\/www.manaus.am.gov.br\/semcom\/concursos-da-cgm-e-da-semmas\/#primaryimage","url":"https:\/\/www.manaus.am.gov.br\/semcom\/wp-content\/uploads\/sites\/5\/2025\/11\/IMG_3309.jpeg","contentUrl":"https:\/\/www.manaus.am.gov.br\/semcom\/wp-content\/uploads\/sites\/5\/2025\/11\/IMG_3309.jpeg","width":5500,"height":3667,"caption":"#paratodosverem - Servidora da CGM sentada, na frente do computador"},{"@type":"WebSite","@id":"https:\/\/www.manaus.am.gov.br\/semcom\/#website","url":"https:\/\/www.manaus.am.gov.br\/semcom\/","name":"SEMCOM","description":"Secretaria Municipal de Comunica\u00e7\u00e3o","potentialAction":[{"@type":"SearchAction","target":{"@type":"EntryPoint","urlTemplate":"https:\/\/www.manaus.am.gov.br\/semcom\/?s={search_term_string}"},"query-input":"required name=search_term_string"}],"inLanguage":"pt-BR"},{"@type":"Person","@id":"https:\/\/www.manaus.am.gov.br\/semcom\/#\/schema\/person\/466a0e03ae4b6062809046bd560ac955","name":"bvalente","image":{"@type":"ImageObject","inLanguage":"pt-BR","@id":"https:\/\/www.manaus.am.gov.br\/semcom\/#\/schema\/person\/image\/","url":"https:\/\/secure.gravatar.com\/avatar\/3e69bc2b014bdad41adfec3a39de07d2?s=96&d=mm&r=g","contentUrl":"https:\/\/secure.gravatar.com\/avatar\/3e69bc2b014bdad41adfec3a39de07d2?s=96&d=mm&r=g","caption":"bvalente"}}]}},"_links":{"self":[{"href":"https:\/\/www.manaus.am.gov.br\/semcom\/wp-json\/wp\/v2\/posts\/248201"}],"collection":[{"href":"https:\/\/www.manaus.am.gov.br\/semcom\/wp-json\/wp\/v2\/posts"}],"about":[{"href":"https:\/\/www.manaus.am.gov.br\/semcom\/wp-json\/wp\/v2\/types\/post"}],"author":[{"embeddable":true,"href":"https:\/\/www.manaus.am.gov.br\/semcom\/wp-json\/wp\/v2\/users\/68"}],"replies":[{"embeddable":true,"href":"https:\/\/www.manaus.am.gov.br\/semcom\/wp-json\/wp\/v2\/comments?post=248201"}],"version-history":[{"count":1,"href":"https:\/\/www.manaus.am.gov.br\/semcom\/wp-json\/wp\/v2\/posts\/248201\/revisions"}],"predecessor-version":[{"id":248204,"href":"https:\/\/www.manaus.am.gov.br\/semcom\/wp-json\/wp\/v2\/posts\/248201\/revisions\/248204"}],"wp:featuredmedia":[{"embeddable":true,"href":"https:\/\/www.manaus.am.gov.br\/semcom\/wp-json\/wp\/v2\/media\/248203"}],"wp:attachment":[{"href":"https:\/\/www.manaus.am.gov.br\/semcom\/wp-json\/wp\/v2\/media?parent=248201"}],"wp:term":[{"taxonomy":"category","embeddable":true,"href":"https:\/\/www.manaus.am.gov.br\/semcom\/wp-json\/wp\/v2\/categories?post=248201"},{"taxonomy":"post_tag","embeddable":true,"href":"https:\/\/www.manaus.am.gov.br\/semcom\/wp-json\/wp\/v2\/tags?post=248201"}],"curies":[{"name":"wp","href":"https:\/\/api.w.org\/{rel}","templated":true}]}}