{"id":248180,"date":"2025-11-07T17:44:02","date_gmt":"2025-11-07T21:44:02","guid":{"rendered":"https:\/\/www.manaus.am.gov.br\/semcom\/pavimentacao-vicinal-santa-cecilia\/"},"modified":"2025-11-07T17:44:02","modified_gmt":"2025-11-07T21:44:02","slug":"pavimentacao-vicinal-santa-cecilia","status":"publish","type":"post","link":"https:\/\/www.manaus.am.gov.br\/semcom\/pavimentacao-vicinal-santa-cecilia\/","title":{"rendered":"Prefeitura de Manaus inicia pavimenta\u00e7\u00e3o da vicinal Santa Cec\u00edlia no ramal \u00c1gua Branca"},"content":{"rendered":"\n<p>Equipes da Prefeitura de Manaus levam, nesta sexta-feira, 7\/11, frentes de pavimenta\u00e7\u00e3o da Secretaria Municipal de Infraestrutura (Seminf) para a vicinal Santa Cec\u00edlia, no quil\u00f4metro 32, do ramal \u00c1gua Branca, na AM-010. O trecho \u00e9 um dos mais importantes da \u00e1rea, pois h\u00e1 diversos produtores rurais que precisam de uma estrada nivelada para escoar seus produtos.<\/p>\n\n\n\n<p>&#8220;A gest\u00e3o do prefeito David Almeida vem trabalhando em diferentes ramais da AM-010 e na BR 174, beneficiando moradores e agricultores dessas \u00e1reas com asfaltamento desses ramais e melhorando a vida dessas pessoas. A nossa miss\u00e3o \u00e9 ajudar as pessoas e com atividades como essas alcan\u00e7amos esse objetivo&#8221;, afirma o vice-prefeito e secret\u00e1rio de Obras, Renato Junior.<\/p>\n\n\n\n<p>Com o objetivo de melhorar a infraestrutura e a qualidade de vida dos moradores e produtores da zona rural, a Seminf trabalha na pavimenta\u00e7\u00e3o de ramais. A vicinal Santa Cec\u00edlia \u00e9 contemplada com ca\u00e7ambas de massa asf\u00e1ltica, que s\u00e3o despejadas na via, deixando a \u00e1rea nivelada e segura para distribuir as suas produ\u00e7\u00f5es, contribuindo para o desenvolvimento econ\u00f4mico da cidade.<\/p>\n\n\n\n<p>&#8220;Aqui temos produtores de banana, pitaya, macaxeira, entre outros, e todas essas pessoas dependem da estrada. Agora com o asfalto vai melhorar muito. Hoje vivemos outra realidade e somos muito gratos \u00e0 prefeitura por essa iniciativa&#8221;, comemora o caseiro Josias da Cruz, de 38 anos.<\/p>\n\n\n\n<p>O ramal \u00c1gua Branca, onde fica localizado a vicinal Santa Cec\u00edlia, recebe mais de oito mil toneladas de asfalto em 10 quil\u00f4metros, beneficiando mais de mil moradores que dependem da estrada para trabalhar em suas produ\u00e7\u00f5es.<\/p>\n\n\n\n<figure class=\"wp-block-image size-large\"><img loading=\"lazy\" decoding=\"async\" width=\"1024\" height=\"683\" src=\"https:\/\/www.manaus.am.gov.br\/semcom\/wp-content\/uploads\/sites\/5\/2025\/11\/736A9305-1024x683.jpg\" alt=\"\" class=\"wp-image-248181\" srcset=\"https:\/\/www.manaus.am.gov.br\/semcom\/wp-content\/uploads\/sites\/5\/2025\/11\/736A9305-1024x683.jpg 1024w, https:\/\/www.manaus.am.gov.br\/semcom\/wp-content\/uploads\/sites\/5\/2025\/11\/736A9305-300x200.jpg 300w, https:\/\/www.manaus.am.gov.br\/semcom\/wp-content\/uploads\/sites\/5\/2025\/11\/736A9305-768x512.jpg 768w, https:\/\/www.manaus.am.gov.br\/semcom\/wp-content\/uploads\/sites\/5\/2025\/11\/736A9305-1536x1024.jpg 1536w, https:\/\/www.manaus.am.gov.br\/semcom\/wp-content\/uploads\/sites\/5\/2025\/11\/736A9305-2048x1365.jpg 2048w\" sizes=\"(max-width: 1024px) 100vw, 1024px\" \/><\/figure>\n\n\n\n<p>&#8212; &#8212; &#8212;<\/p>\n\n\n\n<p><strong>Texto &#8211;<\/strong>&nbsp;Eduarda Lira\/Seminf<\/p>\n\n\n\n<p><strong>Fotos &#8211;<\/strong> M\u00e1rcio Melo\/Seminf<\/p>\n","protected":false},"excerpt":{"rendered":"","protected":false},"author":39,"featured_media":248182,"comment_status":"closed","ping_status":"closed","sticky":false,"template":"","format":"standard","meta":{"footnotes":""},"categories":[27],"tags":[17841,17842,2753,77,7953,261,33],"acf":[],"yoast_head":"<!-- This site is optimized with the Yoast SEO plugin v23.0 - https:\/\/yoast.com\/wordpress\/plugins\/seo\/ -->\n<title>Pavimenta\u00e7\u00e3o da vicinal Santa Cec\u00edlia no ramal \u00c1gua Branca<\/title>\n<meta name=\"description\" content=\"Prefeitura de Manaus, por meio da Seminf, inicia pavimenta\u00e7\u00e3o da vicinal Santa Cec\u00edlia no ramal \u00c1gua Branca.\" \/>\n<meta name=\"robots\" content=\"index, follow, max-snippet:-1, max-image-preview:large, max-video-preview:-1\" \/>\n<link rel=\"canonical\" href=\"https:\/\/www.manaus.am.gov.br\/semcom\/pavimentacao-vicinal-santa-cecilia\/\" \/>\n<meta property=\"og:locale\" content=\"pt_BR\" \/>\n<meta property=\"og:type\" content=\"article\" \/>\n<meta property=\"og:title\" content=\"Pavimenta\u00e7\u00e3o da vicinal Santa Cec\u00edlia no ramal \u00c1gua Branca\" \/>\n<meta property=\"og:description\" content=\"Prefeitura de Manaus, por meio da Seminf, inicia pavimenta\u00e7\u00e3o da vicinal Santa Cec\u00edlia no ramal \u00c1gua Branca.\" \/>\n<meta property=\"og:url\" content=\"https:\/\/www.manaus.am.gov.br\/semcom\/pavimentacao-vicinal-santa-cecilia\/\" \/>\n<meta property=\"og:site_name\" content=\"SEMCOM\" \/>\n<meta property=\"article:published_time\" content=\"2025-11-07T21:44:02+00:00\" \/>\n<meta property=\"og:image\" content=\"https:\/\/www.manaus.am.gov.br\/semcom\/wp-content\/uploads\/sites\/5\/2025\/11\/DJI_0846-1024x768.jpg\" \/>\n\t<meta property=\"og:image:width\" content=\"1024\" \/>\n\t<meta property=\"og:image:height\" content=\"768\" \/>\n\t<meta property=\"og:image:type\" content=\"image\/jpeg\" \/>\n<meta name=\"author\" content=\"Bruna Greco\" \/>\n<meta name=\"twitter:card\" content=\"summary_large_image\" \/>\n<meta name=\"twitter:label1\" content=\"Written by\" \/>\n\t<meta name=\"twitter:data1\" content=\"Bruna Greco\" \/>\n\t<meta name=\"twitter:label2\" content=\"Est. reading time\" \/>\n\t<meta name=\"twitter:data2\" content=\"2 minutos\" \/>\n<script type=\"application\/ld+json\" class=\"yoast-schema-graph\">{\"@context\":\"https:\/\/schema.org\",\"@graph\":[{\"@type\":\"WebPage\",\"@id\":\"https:\/\/www.manaus.am.gov.br\/semcom\/pavimentacao-vicinal-santa-cecilia\/\",\"url\":\"https:\/\/www.manaus.am.gov.br\/semcom\/pavimentacao-vicinal-santa-cecilia\/\",\"name\":\"Pavimenta\u00e7\u00e3o da vicinal Santa Cec\u00edlia no ramal \u00c1gua Branca\",\"isPartOf\":{\"@id\":\"https:\/\/www.manaus.am.gov.br\/semcom\/#website\"},\"primaryImageOfPage\":{\"@id\":\"https:\/\/www.manaus.am.gov.br\/semcom\/pavimentacao-vicinal-santa-cecilia\/#primaryimage\"},\"image\":{\"@id\":\"https:\/\/www.manaus.am.gov.br\/semcom\/pavimentacao-vicinal-santa-cecilia\/#primaryimage\"},\"thumbnailUrl\":\"https:\/\/www.manaus.am.gov.br\/semcom\/wp-content\/uploads\/sites\/5\/2025\/11\/DJI_0846.jpg\",\"datePublished\":\"2025-11-07T21:44:02+00:00\",\"dateModified\":\"2025-11-07T21:44:02+00:00\",\"author\":{\"@id\":\"https:\/\/www.manaus.am.gov.br\/semcom\/#\/schema\/person\/05d223aea2bf115f9883a6ff3683d81b\"},\"description\":\"Prefeitura de Manaus, por meio da Seminf, inicia pavimenta\u00e7\u00e3o da vicinal Santa Cec\u00edlia no ramal \u00c1gua Branca.\",\"inLanguage\":\"pt-BR\",\"potentialAction\":[{\"@type\":\"ReadAction\",\"target\":[\"https:\/\/www.manaus.am.gov.br\/semcom\/pavimentacao-vicinal-santa-cecilia\/\"]}]},{\"@type\":\"ImageObject\",\"inLanguage\":\"pt-BR\",\"@id\":\"https:\/\/www.manaus.am.gov.br\/semcom\/pavimentacao-vicinal-santa-cecilia\/#primaryimage\",\"url\":\"https:\/\/www.manaus.am.gov.br\/semcom\/wp-content\/uploads\/sites\/5\/2025\/11\/DJI_0846.jpg\",\"contentUrl\":\"https:\/\/www.manaus.am.gov.br\/semcom\/wp-content\/uploads\/sites\/5\/2025\/11\/DJI_0846.jpg\",\"width\":4032,\"height\":3024,\"caption\":\"#paratodosverem - Imagem a\u00e9rea da pavimenta\u00e7\u00e3o executada pela Seminf na vicinal Santa Cec\u00edlia, no quil\u00f4metro 32, do ramal \u00c1gua Branca, na AM-010\"},{\"@type\":\"WebSite\",\"@id\":\"https:\/\/www.manaus.am.gov.br\/semcom\/#website\",\"url\":\"https:\/\/www.manaus.am.gov.br\/semcom\/\",\"name\":\"SEMCOM\",\"description\":\"Secretaria Municipal de Comunica\u00e7\u00e3o\",\"potentialAction\":[{\"@type\":\"SearchAction\",\"target\":{\"@type\":\"EntryPoint\",\"urlTemplate\":\"https:\/\/www.manaus.am.gov.br\/semcom\/?s={search_term_string}\"},\"query-input\":\"required name=search_term_string\"}],\"inLanguage\":\"pt-BR\"},{\"@type\":\"Person\",\"@id\":\"https:\/\/www.manaus.am.gov.br\/semcom\/#\/schema\/person\/05d223aea2bf115f9883a6ff3683d81b\",\"name\":\"Bruna Greco\",\"image\":{\"@type\":\"ImageObject\",\"inLanguage\":\"pt-BR\",\"@id\":\"https:\/\/www.manaus.am.gov.br\/semcom\/#\/schema\/person\/image\/\",\"url\":\"https:\/\/secure.gravatar.com\/avatar\/9c877d1a6adc2a055330e5c09a8653ce?s=96&d=mm&r=g\",\"contentUrl\":\"https:\/\/secure.gravatar.com\/avatar\/9c877d1a6adc2a055330e5c09a8653ce?s=96&d=mm&r=g\",\"caption\":\"Bruna Greco\"}}]}<\/script>\n<!-- \/ Yoast SEO plugin. -->","yoast_head_json":{"title":"Pavimenta\u00e7\u00e3o da vicinal Santa Cec\u00edlia no ramal \u00c1gua Branca","description":"Prefeitura de Manaus, por meio da Seminf, inicia pavimenta\u00e7\u00e3o da vicinal Santa Cec\u00edlia no ramal \u00c1gua Branca.","robots":{"index":"index","follow":"follow","max-snippet":"max-snippet:-1","max-image-preview":"max-image-preview:large","max-video-preview":"max-video-preview:-1"},"canonical":"https:\/\/www.manaus.am.gov.br\/semcom\/pavimentacao-vicinal-santa-cecilia\/","og_locale":"pt_BR","og_type":"article","og_title":"Pavimenta\u00e7\u00e3o da vicinal Santa Cec\u00edlia no ramal \u00c1gua Branca","og_description":"Prefeitura de Manaus, por meio da Seminf, inicia pavimenta\u00e7\u00e3o da vicinal Santa Cec\u00edlia no ramal \u00c1gua Branca.","og_url":"https:\/\/www.manaus.am.gov.br\/semcom\/pavimentacao-vicinal-santa-cecilia\/","og_site_name":"SEMCOM","article_published_time":"2025-11-07T21:44:02+00:00","og_image":[{"width":1024,"height":768,"url":"https:\/\/www.manaus.am.gov.br\/semcom\/wp-content\/uploads\/sites\/5\/2025\/11\/DJI_0846-1024x768.jpg","type":"image\/jpeg"}],"author":"Bruna Greco","twitter_card":"summary_large_image","twitter_misc":{"Written by":"Bruna Greco","Est. reading time":"2 minutos"},"schema":{"@context":"https:\/\/schema.org","@graph":[{"@type":"WebPage","@id":"https:\/\/www.manaus.am.gov.br\/semcom\/pavimentacao-vicinal-santa-cecilia\/","url":"https:\/\/www.manaus.am.gov.br\/semcom\/pavimentacao-vicinal-santa-cecilia\/","name":"Pavimenta\u00e7\u00e3o da vicinal Santa Cec\u00edlia no ramal \u00c1gua Branca","isPartOf":{"@id":"https:\/\/www.manaus.am.gov.br\/semcom\/#website"},"primaryImageOfPage":{"@id":"https:\/\/www.manaus.am.gov.br\/semcom\/pavimentacao-vicinal-santa-cecilia\/#primaryimage"},"image":{"@id":"https:\/\/www.manaus.am.gov.br\/semcom\/pavimentacao-vicinal-santa-cecilia\/#primaryimage"},"thumbnailUrl":"https:\/\/www.manaus.am.gov.br\/semcom\/wp-content\/uploads\/sites\/5\/2025\/11\/DJI_0846.jpg","datePublished":"2025-11-07T21:44:02+00:00","dateModified":"2025-11-07T21:44:02+00:00","author":{"@id":"https:\/\/www.manaus.am.gov.br\/semcom\/#\/schema\/person\/05d223aea2bf115f9883a6ff3683d81b"},"description":"Prefeitura de Manaus, por meio da Seminf, inicia pavimenta\u00e7\u00e3o da vicinal Santa Cec\u00edlia no ramal \u00c1gua Branca.","inLanguage":"pt-BR","potentialAction":[{"@type":"ReadAction","target":["https:\/\/www.manaus.am.gov.br\/semcom\/pavimentacao-vicinal-santa-cecilia\/"]}]},{"@type":"ImageObject","inLanguage":"pt-BR","@id":"https:\/\/www.manaus.am.gov.br\/semcom\/pavimentacao-vicinal-santa-cecilia\/#primaryimage","url":"https:\/\/www.manaus.am.gov.br\/semcom\/wp-content\/uploads\/sites\/5\/2025\/11\/DJI_0846.jpg","contentUrl":"https:\/\/www.manaus.am.gov.br\/semcom\/wp-content\/uploads\/sites\/5\/2025\/11\/DJI_0846.jpg","width":4032,"height":3024,"caption":"#paratodosverem - Imagem a\u00e9rea da pavimenta\u00e7\u00e3o executada pela Seminf na vicinal Santa Cec\u00edlia, no quil\u00f4metro 32, do ramal \u00c1gua Branca, na AM-010"},{"@type":"WebSite","@id":"https:\/\/www.manaus.am.gov.br\/semcom\/#website","url":"https:\/\/www.manaus.am.gov.br\/semcom\/","name":"SEMCOM","description":"Secretaria Municipal de Comunica\u00e7\u00e3o","potentialAction":[{"@type":"SearchAction","target":{"@type":"EntryPoint","urlTemplate":"https:\/\/www.manaus.am.gov.br\/semcom\/?s={search_term_string}"},"query-input":"required name=search_term_string"}],"inLanguage":"pt-BR"},{"@type":"Person","@id":"https:\/\/www.manaus.am.gov.br\/semcom\/#\/schema\/person\/05d223aea2bf115f9883a6ff3683d81b","name":"Bruna Greco","image":{"@type":"ImageObject","inLanguage":"pt-BR","@id":"https:\/\/www.manaus.am.gov.br\/semcom\/#\/schema\/person\/image\/","url":"https:\/\/secure.gravatar.com\/avatar\/9c877d1a6adc2a055330e5c09a8653ce?s=96&d=mm&r=g","contentUrl":"https:\/\/secure.gravatar.com\/avatar\/9c877d1a6adc2a055330e5c09a8653ce?s=96&d=mm&r=g","caption":"Bruna Greco"}}]}},"_links":{"self":[{"href":"https:\/\/www.manaus.am.gov.br\/semcom\/wp-json\/wp\/v2\/posts\/248180"}],"collection":[{"href":"https:\/\/www.manaus.am.gov.br\/semcom\/wp-json\/wp\/v2\/posts"}],"about":[{"href":"https:\/\/www.manaus.am.gov.br\/semcom\/wp-json\/wp\/v2\/types\/post"}],"author":[{"embeddable":true,"href":"https:\/\/www.manaus.am.gov.br\/semcom\/wp-json\/wp\/v2\/users\/39"}],"replies":[{"embeddable":true,"href":"https:\/\/www.manaus.am.gov.br\/semcom\/wp-json\/wp\/v2\/comments?post=248180"}],"version-history":[{"count":1,"href":"https:\/\/www.manaus.am.gov.br\/semcom\/wp-json\/wp\/v2\/posts\/248180\/revisions"}],"predecessor-version":[{"id":248183,"href":"https:\/\/www.manaus.am.gov.br\/semcom\/wp-json\/wp\/v2\/posts\/248180\/revisions\/248183"}],"wp:featuredmedia":[{"embeddable":true,"href":"https:\/\/www.manaus.am.gov.br\/semcom\/wp-json\/wp\/v2\/media\/248182"}],"wp:attachment":[{"href":"https:\/\/www.manaus.am.gov.br\/semcom\/wp-json\/wp\/v2\/media?parent=248180"}],"wp:term":[{"taxonomy":"category","embeddable":true,"href":"https:\/\/www.manaus.am.gov.br\/semcom\/wp-json\/wp\/v2\/categories?post=248180"},{"taxonomy":"post_tag","embeddable":true,"href":"https:\/\/www.manaus.am.gov.br\/semcom\/wp-json\/wp\/v2\/tags?post=248180"}],"curies":[{"name":"wp","href":"https:\/\/api.w.org\/{rel}","templated":true}]}}