{"id":248142,"date":"2025-11-07T12:59:18","date_gmt":"2025-11-07T15:59:18","guid":{"rendered":"https:\/\/www.manaus.am.gov.br\/semcom\/prefeitura-immu-monitoramento-enem\/"},"modified":"2025-11-07T12:59:19","modified_gmt":"2025-11-07T15:59:19","slug":"prefeitura-immu-monitoramento-enem","status":"publish","type":"post","link":"https:\/\/www.manaus.am.gov.br\/semcom\/prefeitura-immu-monitoramento-enem\/","title":{"rendered":"Prefeitura de Manaus monta opera\u00e7\u00e3o de tr\u00e2nsito e transporte para provas do Enem neste domingo"},"content":{"rendered":"\n<p>Com intuito de facilitar o deslocamento dos candidatos aos locais de prova para a segunda etapa do Exame Nacional do Ensino M\u00e9dio (Enem), no domingo, 9\/11, a Prefeitura de Manaus, por meio do Instituto Municipal de Mobilidade Urbana (IMMU), ir\u00e1 refor\u00e7ar monitoramento de tr\u00e2nsito e no transporte p\u00fablico para evitar atrasos e congestionamentos durante os dias de prova.<\/p>\n\n\n\n<p>Aproximadamente 40 agentes do IMMU ir\u00e3o atuar diretamente no monitoramento e fiscaliza\u00e7\u00e3o nos locais de prova com grande movimenta\u00e7\u00e3o e em pontos estrat\u00e9gicos da cidade, para evitar e impedir casos de obstru\u00e7\u00f5es, como tamb\u00e9m nos principais corredores vi\u00e1rios da cidade para garantir fluidez e seguran\u00e7a. A a\u00e7\u00e3o inclui ainda o monitoramento das vias e locais de aplica\u00e7\u00e3o do exame com as c\u00e2meras do Centro de Coopera\u00e7\u00e3o da Cidade (CCC).<\/p>\n\n\n\n<p>Outra medida a ser tomada ser\u00e1 o refor\u00e7o na linha 026, que atende a universidade Nilton Lins, no bairro Parque das Laranjeiras, zona Centro-Sul de Manaus, e tamb\u00e9m na linha 049, que atende usu\u00e1rios de transporte em deslocamento \u00e0s escolas da regi\u00e3o do conjunto Amazonino Mendes, na zona Norte da capital. A iniciativa visa aumentar a oferta de ve\u00edculos e reduzir o tempo de espera nos pontos, principalmente nas rotas com maior fluxo de candidatos.<\/p>\n\n\n\n<p>A prefeitura orienta os candidatos a utilizarem o aplicativo \u201cCad\u00ea Meu \u00d4nibus\u201d para acompanhar em tempo real a localiza\u00e7\u00e3o dos ve\u00edculos e o tempo estimado de chegada. A ferramenta est\u00e1 dispon\u00edvel para dispositivos m\u00f3veis e permite planejar o deslocamento com maior precis\u00e3o, ajudando os estudantes a evitarem imprevistos e chegarem com anteced\u00eancia aos locais de prova.<\/p>\n\n\n\n<p>Al\u00e9m do refor\u00e7o no transporte, equipes da IMMU estar\u00e3o monitorando o tr\u00e2nsito em pontos estrat\u00e9gicos da cidade, ajustando os sem\u00e1foros e organizando o fluxo de ve\u00edculos, visando reduzir poss\u00edveis congestionamentos e facilitar o acesso \u00e0s vias pr\u00f3ximas aos locais de aplica\u00e7\u00e3o do Enem.<\/p>\n\n\n\n<p>&#8212; &#8212; &#8212;<\/p>\n\n\n\n<p><strong>Texto <\/strong>e <strong>fotos\u00a0<\/strong>\u2013 Divulga\u00e7\u00e3o\/IMMU<\/p>\n","protected":false},"excerpt":{"rendered":"","protected":false},"author":23,"featured_media":248143,"comment_status":"closed","ping_status":"closed","sticky":false,"template":"","format":"standard","meta":{"footnotes":""},"categories":[144],"tags":[12,910,77,17825,87,911],"acf":[],"yoast_head":"<!-- This site is optimized with the Yoast SEO plugin v23.0 - https:\/\/yoast.com\/wordpress\/plugins\/seo\/ -->\n<title>Prefeitura de Manaus monta opera\u00e7\u00e3o de tr\u00e2nsito e transporte para provas do Enem neste domingo<\/title>\n<meta name=\"description\" content=\"Com intuito de facilitar o deslocamento dos candidatos aos locais de prova para a segunda etapa do Exame Nacional do Ensino M\u00e9dio (Enem), no domingo, 9\/11, a Prefeitura de Manaus, por meio do Instituto Municipal de Mobilidade Urbana (IMMU), ir\u00e1 refor\u00e7ar monitoramento de tr\u00e2nsito e no transporte p\u00fablico para evitar atrasos e congestionamentos durante os dias de prova.\" \/>\n<meta name=\"robots\" content=\"index, follow, max-snippet:-1, max-image-preview:large, max-video-preview:-1\" \/>\n<link rel=\"canonical\" href=\"https:\/\/www.manaus.am.gov.br\/semcom\/prefeitura-immu-monitoramento-enem\/\" \/>\n<meta property=\"og:locale\" content=\"pt_BR\" \/>\n<meta property=\"og:type\" content=\"article\" \/>\n<meta property=\"og:title\" content=\"Prefeitura de Manaus monta opera\u00e7\u00e3o de tr\u00e2nsito e transporte para provas do Enem neste domingo\" \/>\n<meta property=\"og:description\" content=\"Com intuito de facilitar o deslocamento dos candidatos aos locais de prova para a segunda etapa do Exame Nacional do Ensino M\u00e9dio (Enem), no domingo, 9\/11, a Prefeitura de Manaus, por meio do Instituto Municipal de Mobilidade Urbana (IMMU), ir\u00e1 refor\u00e7ar monitoramento de tr\u00e2nsito e no transporte p\u00fablico para evitar atrasos e congestionamentos durante os dias de prova.\" \/>\n<meta property=\"og:url\" content=\"https:\/\/www.manaus.am.gov.br\/semcom\/prefeitura-immu-monitoramento-enem\/\" \/>\n<meta property=\"og:site_name\" content=\"SEMCOM\" \/>\n<meta property=\"article:published_time\" content=\"2025-11-07T15:59:18+00:00\" \/>\n<meta property=\"article:modified_time\" content=\"2025-11-07T15:59:19+00:00\" \/>\n<meta property=\"og:image\" content=\"https:\/\/www.manaus.am.gov.br\/semcom\/wp-content\/uploads\/sites\/5\/2025\/11\/ENEM-2025.jpeg\" \/>\n\t<meta property=\"og:image:width\" content=\"1280\" \/>\n\t<meta property=\"og:image:height\" content=\"853\" \/>\n\t<meta property=\"og:image:type\" content=\"image\/jpeg\" \/>\n<meta name=\"author\" content=\"Adriana Costa\" \/>\n<meta name=\"twitter:card\" content=\"summary_large_image\" \/>\n<meta name=\"twitter:label1\" content=\"Written by\" \/>\n\t<meta name=\"twitter:data1\" content=\"Adriana Costa\" \/>\n\t<meta name=\"twitter:label2\" content=\"Est. reading time\" \/>\n\t<meta name=\"twitter:data2\" content=\"2 minutos\" \/>\n<script type=\"application\/ld+json\" class=\"yoast-schema-graph\">{\"@context\":\"https:\/\/schema.org\",\"@graph\":[{\"@type\":\"WebPage\",\"@id\":\"https:\/\/www.manaus.am.gov.br\/semcom\/prefeitura-immu-monitoramento-enem\/\",\"url\":\"https:\/\/www.manaus.am.gov.br\/semcom\/prefeitura-immu-monitoramento-enem\/\",\"name\":\"Prefeitura de Manaus monta opera\u00e7\u00e3o de tr\u00e2nsito e transporte para provas do Enem neste domingo\",\"isPartOf\":{\"@id\":\"https:\/\/www.manaus.am.gov.br\/semcom\/#website\"},\"primaryImageOfPage\":{\"@id\":\"https:\/\/www.manaus.am.gov.br\/semcom\/prefeitura-immu-monitoramento-enem\/#primaryimage\"},\"image\":{\"@id\":\"https:\/\/www.manaus.am.gov.br\/semcom\/prefeitura-immu-monitoramento-enem\/#primaryimage\"},\"thumbnailUrl\":\"https:\/\/www.manaus.am.gov.br\/semcom\/wp-content\/uploads\/sites\/5\/2025\/11\/ENEM-2025.jpeg\",\"datePublished\":\"2025-11-07T15:59:18+00:00\",\"dateModified\":\"2025-11-07T15:59:19+00:00\",\"author\":{\"@id\":\"https:\/\/www.manaus.am.gov.br\/semcom\/#\/schema\/person\/4e49f4e267757a06ca072ec61b2b9968\"},\"description\":\"Com intuito de facilitar o deslocamento dos candidatos aos locais de prova para a segunda etapa do Exame Nacional do Ensino M\u00e9dio (Enem), no domingo, 9\/11, a Prefeitura de Manaus, por meio do Instituto Municipal de Mobilidade Urbana (IMMU), ir\u00e1 refor\u00e7ar monitoramento de tr\u00e2nsito e no transporte p\u00fablico para evitar atrasos e congestionamentos durante os dias de prova.\",\"inLanguage\":\"pt-BR\",\"potentialAction\":[{\"@type\":\"ReadAction\",\"target\":[\"https:\/\/www.manaus.am.gov.br\/semcom\/prefeitura-immu-monitoramento-enem\/\"]}]},{\"@type\":\"ImageObject\",\"inLanguage\":\"pt-BR\",\"@id\":\"https:\/\/www.manaus.am.gov.br\/semcom\/prefeitura-immu-monitoramento-enem\/#primaryimage\",\"url\":\"https:\/\/www.manaus.am.gov.br\/semcom\/wp-content\/uploads\/sites\/5\/2025\/11\/ENEM-2025.jpeg\",\"contentUrl\":\"https:\/\/www.manaus.am.gov.br\/semcom\/wp-content\/uploads\/sites\/5\/2025\/11\/ENEM-2025.jpeg\",\"width\":1280,\"height\":853,\"caption\":\"#paratodosverem - Imagem mostra agentes do IMMU acompanhando fluidez do tr\u00e2nsito em via de Manaus\"},{\"@type\":\"WebSite\",\"@id\":\"https:\/\/www.manaus.am.gov.br\/semcom\/#website\",\"url\":\"https:\/\/www.manaus.am.gov.br\/semcom\/\",\"name\":\"SEMCOM\",\"description\":\"Secretaria Municipal de Comunica\u00e7\u00e3o\",\"potentialAction\":[{\"@type\":\"SearchAction\",\"target\":{\"@type\":\"EntryPoint\",\"urlTemplate\":\"https:\/\/www.manaus.am.gov.br\/semcom\/?s={search_term_string}\"},\"query-input\":\"required name=search_term_string\"}],\"inLanguage\":\"pt-BR\"},{\"@type\":\"Person\",\"@id\":\"https:\/\/www.manaus.am.gov.br\/semcom\/#\/schema\/person\/4e49f4e267757a06ca072ec61b2b9968\",\"name\":\"Adriana Costa\",\"image\":{\"@type\":\"ImageObject\",\"inLanguage\":\"pt-BR\",\"@id\":\"https:\/\/www.manaus.am.gov.br\/semcom\/#\/schema\/person\/image\/\",\"url\":\"https:\/\/secure.gravatar.com\/avatar\/576258617ef7194f718179e766d57bd4?s=96&d=mm&r=g\",\"contentUrl\":\"https:\/\/secure.gravatar.com\/avatar\/576258617ef7194f718179e766d57bd4?s=96&d=mm&r=g\",\"caption\":\"Adriana Costa\"}}]}<\/script>\n<!-- \/ Yoast SEO plugin. -->","yoast_head_json":{"title":"Prefeitura de Manaus monta opera\u00e7\u00e3o de tr\u00e2nsito e transporte para provas do Enem neste domingo","description":"Com intuito de facilitar o deslocamento dos candidatos aos locais de prova para a segunda etapa do Exame Nacional do Ensino M\u00e9dio (Enem), no domingo, 9\/11, a Prefeitura de Manaus, por meio do Instituto Municipal de Mobilidade Urbana (IMMU), ir\u00e1 refor\u00e7ar monitoramento de tr\u00e2nsito e no transporte p\u00fablico para evitar atrasos e congestionamentos durante os dias de prova.","robots":{"index":"index","follow":"follow","max-snippet":"max-snippet:-1","max-image-preview":"max-image-preview:large","max-video-preview":"max-video-preview:-1"},"canonical":"https:\/\/www.manaus.am.gov.br\/semcom\/prefeitura-immu-monitoramento-enem\/","og_locale":"pt_BR","og_type":"article","og_title":"Prefeitura de Manaus monta opera\u00e7\u00e3o de tr\u00e2nsito e transporte para provas do Enem neste domingo","og_description":"Com intuito de facilitar o deslocamento dos candidatos aos locais de prova para a segunda etapa do Exame Nacional do Ensino M\u00e9dio (Enem), no domingo, 9\/11, a Prefeitura de Manaus, por meio do Instituto Municipal de Mobilidade Urbana (IMMU), ir\u00e1 refor\u00e7ar monitoramento de tr\u00e2nsito e no transporte p\u00fablico para evitar atrasos e congestionamentos durante os dias de prova.","og_url":"https:\/\/www.manaus.am.gov.br\/semcom\/prefeitura-immu-monitoramento-enem\/","og_site_name":"SEMCOM","article_published_time":"2025-11-07T15:59:18+00:00","article_modified_time":"2025-11-07T15:59:19+00:00","og_image":[{"width":1280,"height":853,"url":"https:\/\/www.manaus.am.gov.br\/semcom\/wp-content\/uploads\/sites\/5\/2025\/11\/ENEM-2025.jpeg","type":"image\/jpeg"}],"author":"Adriana Costa","twitter_card":"summary_large_image","twitter_misc":{"Written by":"Adriana Costa","Est. reading time":"2 minutos"},"schema":{"@context":"https:\/\/schema.org","@graph":[{"@type":"WebPage","@id":"https:\/\/www.manaus.am.gov.br\/semcom\/prefeitura-immu-monitoramento-enem\/","url":"https:\/\/www.manaus.am.gov.br\/semcom\/prefeitura-immu-monitoramento-enem\/","name":"Prefeitura de Manaus monta opera\u00e7\u00e3o de tr\u00e2nsito e transporte para provas do Enem neste domingo","isPartOf":{"@id":"https:\/\/www.manaus.am.gov.br\/semcom\/#website"},"primaryImageOfPage":{"@id":"https:\/\/www.manaus.am.gov.br\/semcom\/prefeitura-immu-monitoramento-enem\/#primaryimage"},"image":{"@id":"https:\/\/www.manaus.am.gov.br\/semcom\/prefeitura-immu-monitoramento-enem\/#primaryimage"},"thumbnailUrl":"https:\/\/www.manaus.am.gov.br\/semcom\/wp-content\/uploads\/sites\/5\/2025\/11\/ENEM-2025.jpeg","datePublished":"2025-11-07T15:59:18+00:00","dateModified":"2025-11-07T15:59:19+00:00","author":{"@id":"https:\/\/www.manaus.am.gov.br\/semcom\/#\/schema\/person\/4e49f4e267757a06ca072ec61b2b9968"},"description":"Com intuito de facilitar o deslocamento dos candidatos aos locais de prova para a segunda etapa do Exame Nacional do Ensino M\u00e9dio (Enem), no domingo, 9\/11, a Prefeitura de Manaus, por meio do Instituto Municipal de Mobilidade Urbana (IMMU), ir\u00e1 refor\u00e7ar monitoramento de tr\u00e2nsito e no transporte p\u00fablico para evitar atrasos e congestionamentos durante os dias de prova.","inLanguage":"pt-BR","potentialAction":[{"@type":"ReadAction","target":["https:\/\/www.manaus.am.gov.br\/semcom\/prefeitura-immu-monitoramento-enem\/"]}]},{"@type":"ImageObject","inLanguage":"pt-BR","@id":"https:\/\/www.manaus.am.gov.br\/semcom\/prefeitura-immu-monitoramento-enem\/#primaryimage","url":"https:\/\/www.manaus.am.gov.br\/semcom\/wp-content\/uploads\/sites\/5\/2025\/11\/ENEM-2025.jpeg","contentUrl":"https:\/\/www.manaus.am.gov.br\/semcom\/wp-content\/uploads\/sites\/5\/2025\/11\/ENEM-2025.jpeg","width":1280,"height":853,"caption":"#paratodosverem - Imagem mostra agentes do IMMU acompanhando fluidez do tr\u00e2nsito em via de Manaus"},{"@type":"WebSite","@id":"https:\/\/www.manaus.am.gov.br\/semcom\/#website","url":"https:\/\/www.manaus.am.gov.br\/semcom\/","name":"SEMCOM","description":"Secretaria Municipal de Comunica\u00e7\u00e3o","potentialAction":[{"@type":"SearchAction","target":{"@type":"EntryPoint","urlTemplate":"https:\/\/www.manaus.am.gov.br\/semcom\/?s={search_term_string}"},"query-input":"required name=search_term_string"}],"inLanguage":"pt-BR"},{"@type":"Person","@id":"https:\/\/www.manaus.am.gov.br\/semcom\/#\/schema\/person\/4e49f4e267757a06ca072ec61b2b9968","name":"Adriana Costa","image":{"@type":"ImageObject","inLanguage":"pt-BR","@id":"https:\/\/www.manaus.am.gov.br\/semcom\/#\/schema\/person\/image\/","url":"https:\/\/secure.gravatar.com\/avatar\/576258617ef7194f718179e766d57bd4?s=96&d=mm&r=g","contentUrl":"https:\/\/secure.gravatar.com\/avatar\/576258617ef7194f718179e766d57bd4?s=96&d=mm&r=g","caption":"Adriana Costa"}}]}},"_links":{"self":[{"href":"https:\/\/www.manaus.am.gov.br\/semcom\/wp-json\/wp\/v2\/posts\/248142"}],"collection":[{"href":"https:\/\/www.manaus.am.gov.br\/semcom\/wp-json\/wp\/v2\/posts"}],"about":[{"href":"https:\/\/www.manaus.am.gov.br\/semcom\/wp-json\/wp\/v2\/types\/post"}],"author":[{"embeddable":true,"href":"https:\/\/www.manaus.am.gov.br\/semcom\/wp-json\/wp\/v2\/users\/23"}],"replies":[{"embeddable":true,"href":"https:\/\/www.manaus.am.gov.br\/semcom\/wp-json\/wp\/v2\/comments?post=248142"}],"version-history":[{"count":0,"href":"https:\/\/www.manaus.am.gov.br\/semcom\/wp-json\/wp\/v2\/posts\/248142\/revisions"}],"wp:featuredmedia":[{"embeddable":true,"href":"https:\/\/www.manaus.am.gov.br\/semcom\/wp-json\/wp\/v2\/media\/248143"}],"wp:attachment":[{"href":"https:\/\/www.manaus.am.gov.br\/semcom\/wp-json\/wp\/v2\/media?parent=248142"}],"wp:term":[{"taxonomy":"category","embeddable":true,"href":"https:\/\/www.manaus.am.gov.br\/semcom\/wp-json\/wp\/v2\/categories?post=248142"},{"taxonomy":"post_tag","embeddable":true,"href":"https:\/\/www.manaus.am.gov.br\/semcom\/wp-json\/wp\/v2\/tags?post=248142"}],"curies":[{"name":"wp","href":"https:\/\/api.w.org\/{rel}","templated":true}]}}