{"id":248133,"date":"2025-11-06T20:45:50","date_gmt":"2025-11-06T23:45:50","guid":{"rendered":"https:\/\/www.manaus.am.gov.br\/semcom\/novo-concurso-da-cgm\/"},"modified":"2025-11-06T21:01:02","modified_gmt":"2025-11-07T00:01:02","slug":"novo-concurso-da-cgm","status":"publish","type":"post","link":"https:\/\/www.manaus.am.gov.br\/semcom\/novo-concurso-da-cgm\/","title":{"rendered":"Prefeito David Almeida anuncia novo concurso da CGM"},"content":{"rendered":"\n<p>O prefeito de Manaus, David Almeida, anunciou, nesta quinta-feira, 6\/11, no Centro de Coopera\u00e7\u00e3o da Cidade (CCC), a abertura de um novo concurso p\u00fablico da Controladoria-Geral do Munic\u00edpio (CGM). O edital ser\u00e1 encaminhado nesta sexta-feira, 7\/11, ao Di\u00e1rio Oficial do Munic\u00edpio (DOM), e estar\u00e1 dispon\u00edvel para consulta na edi\u00e7\u00e3o de s\u00e1bado.<\/p>\n\n\n\n<p>Ao lado do controlador-geral do Munic\u00edpio, Alessandro Moreira; do secret\u00e1rio municipal de Administra\u00e7\u00e3o, C\u00e9lio Guedes; e do presidente do Conselho Municipal de Gest\u00e3o Estrat\u00e9gica (CMGE), Arnaldo Grij\u00f3, o prefeito refor\u00e7ou o compromisso da gest\u00e3o com a amplia\u00e7\u00e3o do quadro t\u00e9cnico e o fortalecimento das \u00e1reas estrat\u00e9gicas do controle interno.<\/p>\n\n\n\n<p>\u201cConcurseiros, n\u00f3s temos mais um concurso da Prefeitura Municipal de Manaus: \u00e9 o concurso da CGM, com 35 vagas, sendo 25 para n\u00edvel superior e 10 para n\u00edvel m\u00e9dio. Portanto, essa \u00e9 a sua oportunidade de adentrar no servi\u00e7o p\u00fablico. Se preparem. Amanh\u00e3 n\u00f3s vamos publicar o edital\u201d, afirmou David Almeida.<\/p>\n\n\n\n<p>O controlador-geral, Alessandro Moreira, destacou a import\u00e2ncia da recomposi\u00e7\u00e3o da equipe t\u00e9cnica da CGM para acompanhar a evolu\u00e7\u00e3o da gest\u00e3o municipal. \u201cA Controladoria-Geral do Munic\u00edpio vem ampliando sua capacidade t\u00e9cnica e, com este concurso, damos um passo decisivo para fortalecer as a\u00e7\u00f5es de auditoria, transpar\u00eancia e integridade. Precisamos de novos quadros para acompanhar o ritmo de moderniza\u00e7\u00e3o da administra\u00e7\u00e3o municipal, aprimorar a presta\u00e7\u00e3o de contas e assegurar mecanismos cada vez mais robustos de preven\u00e7\u00e3o a irregularidades\u201d.<\/p>\n\n\n\n<p>O novo certame reafirma o compromisso da Prefeitura de Manaus com a profissionaliza\u00e7\u00e3o do servi\u00e7o p\u00fablico, garantindo mais efici\u00eancia, transpar\u00eancia e seguran\u00e7a institucional para a popula\u00e7\u00e3o.<\/p>\n\n\n\n<p>&#8212; &#8212; &#8212;<br><strong>Texto &#8211; <\/strong>Emanuelle Baires \/ Semcom-Prefeito&nbsp;<br><strong>Fotos &#8211; <\/strong>Dhyeizo Lemos \/ Semcom-Prefeito<\/p>\n","protected":false},"excerpt":{"rendered":"","protected":false},"author":68,"featured_media":248134,"comment_status":"closed","ping_status":"closed","sticky":false,"template":"","format":"standard","meta":{"footnotes":""},"categories":[20],"tags":[4137,35,17823,11002,77],"acf":[],"yoast_head":"<!-- This site is optimized with the Yoast SEO plugin v23.0 - https:\/\/yoast.com\/wordpress\/plugins\/seo\/ -->\n<title>Prefeito David Almeida anuncia novo concurso da CGM<\/title>\n<meta name=\"description\" content=\"O prefeito de Manaus, David Almeida, a abertura de um novo concurso p\u00fablico da Controladoria-Geral do Munic\u00edpio (CGM).\" \/>\n<meta name=\"robots\" content=\"index, follow, max-snippet:-1, max-image-preview:large, max-video-preview:-1\" \/>\n<link rel=\"canonical\" href=\"https:\/\/www.manaus.am.gov.br\/semcom\/novo-concurso-da-cgm\/\" \/>\n<meta property=\"og:locale\" content=\"pt_BR\" \/>\n<meta property=\"og:type\" content=\"article\" \/>\n<meta property=\"og:title\" content=\"Prefeito David Almeida anuncia novo concurso da CGM\" \/>\n<meta property=\"og:description\" content=\"O prefeito de Manaus, David Almeida, a abertura de um novo concurso p\u00fablico da Controladoria-Geral do Munic\u00edpio (CGM).\" \/>\n<meta property=\"og:url\" content=\"https:\/\/www.manaus.am.gov.br\/semcom\/novo-concurso-da-cgm\/\" \/>\n<meta property=\"og:site_name\" content=\"SEMCOM\" \/>\n<meta property=\"article:published_time\" content=\"2025-11-06T23:45:50+00:00\" \/>\n<meta property=\"article:modified_time\" content=\"2025-11-07T00:01:02+00:00\" \/>\n<meta property=\"og:image\" content=\"https:\/\/www.manaus.am.gov.br\/semcom\/wp-content\/uploads\/sites\/5\/2025\/11\/WhatsApp-Image-2025-11-06-at-19.26.02-1.jpeg\" \/>\n\t<meta property=\"og:image:width\" content=\"4160\" \/>\n\t<meta property=\"og:image:height\" content=\"2773\" \/>\n\t<meta property=\"og:image:type\" content=\"image\/jpeg\" \/>\n<meta name=\"author\" content=\"bvalente\" \/>\n<meta name=\"twitter:card\" content=\"summary_large_image\" \/>\n<meta name=\"twitter:label1\" content=\"Written by\" \/>\n\t<meta name=\"twitter:data1\" content=\"bvalente\" \/>\n\t<meta name=\"twitter:label2\" content=\"Est. reading time\" \/>\n\t<meta name=\"twitter:data2\" content=\"2 minutos\" \/>\n<script type=\"application\/ld+json\" class=\"yoast-schema-graph\">{\"@context\":\"https:\/\/schema.org\",\"@graph\":[{\"@type\":\"WebPage\",\"@id\":\"https:\/\/www.manaus.am.gov.br\/semcom\/novo-concurso-da-cgm\/\",\"url\":\"https:\/\/www.manaus.am.gov.br\/semcom\/novo-concurso-da-cgm\/\",\"name\":\"Prefeito David Almeida anuncia novo concurso da CGM\",\"isPartOf\":{\"@id\":\"https:\/\/www.manaus.am.gov.br\/semcom\/#website\"},\"primaryImageOfPage\":{\"@id\":\"https:\/\/www.manaus.am.gov.br\/semcom\/novo-concurso-da-cgm\/#primaryimage\"},\"image\":{\"@id\":\"https:\/\/www.manaus.am.gov.br\/semcom\/novo-concurso-da-cgm\/#primaryimage\"},\"thumbnailUrl\":\"https:\/\/www.manaus.am.gov.br\/semcom\/wp-content\/uploads\/sites\/5\/2025\/11\/WhatsApp-Image-2025-11-06-at-19.26.02-1.jpeg\",\"datePublished\":\"2025-11-06T23:45:50+00:00\",\"dateModified\":\"2025-11-07T00:01:02+00:00\",\"author\":{\"@id\":\"https:\/\/www.manaus.am.gov.br\/semcom\/#\/schema\/person\/466a0e03ae4b6062809046bd560ac955\"},\"description\":\"O prefeito de Manaus, David Almeida, a abertura de um novo concurso p\u00fablico da Controladoria-Geral do Munic\u00edpio (CGM).\",\"inLanguage\":\"pt-BR\",\"potentialAction\":[{\"@type\":\"ReadAction\",\"target\":[\"https:\/\/www.manaus.am.gov.br\/semcom\/novo-concurso-da-cgm\/\"]}]},{\"@type\":\"ImageObject\",\"inLanguage\":\"pt-BR\",\"@id\":\"https:\/\/www.manaus.am.gov.br\/semcom\/novo-concurso-da-cgm\/#primaryimage\",\"url\":\"https:\/\/www.manaus.am.gov.br\/semcom\/wp-content\/uploads\/sites\/5\/2025\/11\/WhatsApp-Image-2025-11-06-at-19.26.02-1.jpeg\",\"contentUrl\":\"https:\/\/www.manaus.am.gov.br\/semcom\/wp-content\/uploads\/sites\/5\/2025\/11\/WhatsApp-Image-2025-11-06-at-19.26.02-1.jpeg\",\"width\":4160,\"height\":2773,\"caption\":\"#paratodosverem - Prefeito ao lado do controlador-geral do Munic\u00edpio, Alessandro Moreira; do secret\u00e1rio municipal de Administra\u00e7\u00e3o, C\u00e9lio Guedes; e do presidente do Conselho Municipal de Gest\u00e3o Estrat\u00e9gica (CMGE), Arnaldo Grij\u00f3\"},{\"@type\":\"WebSite\",\"@id\":\"https:\/\/www.manaus.am.gov.br\/semcom\/#website\",\"url\":\"https:\/\/www.manaus.am.gov.br\/semcom\/\",\"name\":\"SEMCOM\",\"description\":\"Secretaria Municipal de Comunica\u00e7\u00e3o\",\"potentialAction\":[{\"@type\":\"SearchAction\",\"target\":{\"@type\":\"EntryPoint\",\"urlTemplate\":\"https:\/\/www.manaus.am.gov.br\/semcom\/?s={search_term_string}\"},\"query-input\":\"required name=search_term_string\"}],\"inLanguage\":\"pt-BR\"},{\"@type\":\"Person\",\"@id\":\"https:\/\/www.manaus.am.gov.br\/semcom\/#\/schema\/person\/466a0e03ae4b6062809046bd560ac955\",\"name\":\"bvalente\",\"image\":{\"@type\":\"ImageObject\",\"inLanguage\":\"pt-BR\",\"@id\":\"https:\/\/www.manaus.am.gov.br\/semcom\/#\/schema\/person\/image\/\",\"url\":\"https:\/\/secure.gravatar.com\/avatar\/3e69bc2b014bdad41adfec3a39de07d2?s=96&d=mm&r=g\",\"contentUrl\":\"https:\/\/secure.gravatar.com\/avatar\/3e69bc2b014bdad41adfec3a39de07d2?s=96&d=mm&r=g\",\"caption\":\"bvalente\"}}]}<\/script>\n<!-- \/ Yoast SEO plugin. -->","yoast_head_json":{"title":"Prefeito David Almeida anuncia novo concurso da CGM","description":"O prefeito de Manaus, David Almeida, a abertura de um novo concurso p\u00fablico da Controladoria-Geral do Munic\u00edpio (CGM).","robots":{"index":"index","follow":"follow","max-snippet":"max-snippet:-1","max-image-preview":"max-image-preview:large","max-video-preview":"max-video-preview:-1"},"canonical":"https:\/\/www.manaus.am.gov.br\/semcom\/novo-concurso-da-cgm\/","og_locale":"pt_BR","og_type":"article","og_title":"Prefeito David Almeida anuncia novo concurso da CGM","og_description":"O prefeito de Manaus, David Almeida, a abertura de um novo concurso p\u00fablico da Controladoria-Geral do Munic\u00edpio (CGM).","og_url":"https:\/\/www.manaus.am.gov.br\/semcom\/novo-concurso-da-cgm\/","og_site_name":"SEMCOM","article_published_time":"2025-11-06T23:45:50+00:00","article_modified_time":"2025-11-07T00:01:02+00:00","og_image":[{"width":4160,"height":2773,"url":"https:\/\/www.manaus.am.gov.br\/semcom\/wp-content\/uploads\/sites\/5\/2025\/11\/WhatsApp-Image-2025-11-06-at-19.26.02-1.jpeg","type":"image\/jpeg"}],"author":"bvalente","twitter_card":"summary_large_image","twitter_misc":{"Written by":"bvalente","Est. reading time":"2 minutos"},"schema":{"@context":"https:\/\/schema.org","@graph":[{"@type":"WebPage","@id":"https:\/\/www.manaus.am.gov.br\/semcom\/novo-concurso-da-cgm\/","url":"https:\/\/www.manaus.am.gov.br\/semcom\/novo-concurso-da-cgm\/","name":"Prefeito David Almeida anuncia novo concurso da CGM","isPartOf":{"@id":"https:\/\/www.manaus.am.gov.br\/semcom\/#website"},"primaryImageOfPage":{"@id":"https:\/\/www.manaus.am.gov.br\/semcom\/novo-concurso-da-cgm\/#primaryimage"},"image":{"@id":"https:\/\/www.manaus.am.gov.br\/semcom\/novo-concurso-da-cgm\/#primaryimage"},"thumbnailUrl":"https:\/\/www.manaus.am.gov.br\/semcom\/wp-content\/uploads\/sites\/5\/2025\/11\/WhatsApp-Image-2025-11-06-at-19.26.02-1.jpeg","datePublished":"2025-11-06T23:45:50+00:00","dateModified":"2025-11-07T00:01:02+00:00","author":{"@id":"https:\/\/www.manaus.am.gov.br\/semcom\/#\/schema\/person\/466a0e03ae4b6062809046bd560ac955"},"description":"O prefeito de Manaus, David Almeida, a abertura de um novo concurso p\u00fablico da Controladoria-Geral do Munic\u00edpio (CGM).","inLanguage":"pt-BR","potentialAction":[{"@type":"ReadAction","target":["https:\/\/www.manaus.am.gov.br\/semcom\/novo-concurso-da-cgm\/"]}]},{"@type":"ImageObject","inLanguage":"pt-BR","@id":"https:\/\/www.manaus.am.gov.br\/semcom\/novo-concurso-da-cgm\/#primaryimage","url":"https:\/\/www.manaus.am.gov.br\/semcom\/wp-content\/uploads\/sites\/5\/2025\/11\/WhatsApp-Image-2025-11-06-at-19.26.02-1.jpeg","contentUrl":"https:\/\/www.manaus.am.gov.br\/semcom\/wp-content\/uploads\/sites\/5\/2025\/11\/WhatsApp-Image-2025-11-06-at-19.26.02-1.jpeg","width":4160,"height":2773,"caption":"#paratodosverem - Prefeito ao lado do controlador-geral do Munic\u00edpio, Alessandro Moreira; do secret\u00e1rio municipal de Administra\u00e7\u00e3o, C\u00e9lio Guedes; e do presidente do Conselho Municipal de Gest\u00e3o Estrat\u00e9gica (CMGE), Arnaldo Grij\u00f3"},{"@type":"WebSite","@id":"https:\/\/www.manaus.am.gov.br\/semcom\/#website","url":"https:\/\/www.manaus.am.gov.br\/semcom\/","name":"SEMCOM","description":"Secretaria Municipal de Comunica\u00e7\u00e3o","potentialAction":[{"@type":"SearchAction","target":{"@type":"EntryPoint","urlTemplate":"https:\/\/www.manaus.am.gov.br\/semcom\/?s={search_term_string}"},"query-input":"required name=search_term_string"}],"inLanguage":"pt-BR"},{"@type":"Person","@id":"https:\/\/www.manaus.am.gov.br\/semcom\/#\/schema\/person\/466a0e03ae4b6062809046bd560ac955","name":"bvalente","image":{"@type":"ImageObject","inLanguage":"pt-BR","@id":"https:\/\/www.manaus.am.gov.br\/semcom\/#\/schema\/person\/image\/","url":"https:\/\/secure.gravatar.com\/avatar\/3e69bc2b014bdad41adfec3a39de07d2?s=96&d=mm&r=g","contentUrl":"https:\/\/secure.gravatar.com\/avatar\/3e69bc2b014bdad41adfec3a39de07d2?s=96&d=mm&r=g","caption":"bvalente"}}]}},"_links":{"self":[{"href":"https:\/\/www.manaus.am.gov.br\/semcom\/wp-json\/wp\/v2\/posts\/248133"}],"collection":[{"href":"https:\/\/www.manaus.am.gov.br\/semcom\/wp-json\/wp\/v2\/posts"}],"about":[{"href":"https:\/\/www.manaus.am.gov.br\/semcom\/wp-json\/wp\/v2\/types\/post"}],"author":[{"embeddable":true,"href":"https:\/\/www.manaus.am.gov.br\/semcom\/wp-json\/wp\/v2\/users\/68"}],"replies":[{"embeddable":true,"href":"https:\/\/www.manaus.am.gov.br\/semcom\/wp-json\/wp\/v2\/comments?post=248133"}],"version-history":[{"count":1,"href":"https:\/\/www.manaus.am.gov.br\/semcom\/wp-json\/wp\/v2\/posts\/248133\/revisions"}],"predecessor-version":[{"id":248135,"href":"https:\/\/www.manaus.am.gov.br\/semcom\/wp-json\/wp\/v2\/posts\/248133\/revisions\/248135"}],"wp:featuredmedia":[{"embeddable":true,"href":"https:\/\/www.manaus.am.gov.br\/semcom\/wp-json\/wp\/v2\/media\/248134"}],"wp:attachment":[{"href":"https:\/\/www.manaus.am.gov.br\/semcom\/wp-json\/wp\/v2\/media?parent=248133"}],"wp:term":[{"taxonomy":"category","embeddable":true,"href":"https:\/\/www.manaus.am.gov.br\/semcom\/wp-json\/wp\/v2\/categories?post=248133"},{"taxonomy":"post_tag","embeddable":true,"href":"https:\/\/www.manaus.am.gov.br\/semcom\/wp-json\/wp\/v2\/tags?post=248133"}],"curies":[{"name":"wp","href":"https:\/\/api.w.org\/{rel}","templated":true}]}}