{"id":248127,"date":"2025-11-06T18:34:48","date_gmt":"2025-11-06T21:34:48","guid":{"rendered":"https:\/\/www.manaus.am.gov.br\/semcom\/pauta-climatica\/"},"modified":"2025-11-06T18:34:49","modified_gmt":"2025-11-06T21:34:49","slug":"pauta-climatica","status":"publish","type":"post","link":"https:\/\/www.manaus.am.gov.br\/semcom\/pauta-climatica\/","title":{"rendered":"Manaus avan\u00e7a na pauta clim\u00e1tica e inicia conclus\u00e3o da primeira c\u00e9lula do aterro sanit\u00e1rio municipal, marco da transi\u00e7\u00e3o energ\u00e9tica na Amaz\u00f4nia"},"content":{"rendered":"\n<p>\u00c0s v\u00e9speras da COP30, que ser\u00e1 realizada nos pr\u00f3ximos dias em Bel\u00e9m (PA), o prefeito David Almeida vistoriou, nesta quinta-feira, 6\/11, o andamento das obras do primeiro aterro sanit\u00e1rio municipal da hist\u00f3ria de Manaus, uma entrega in\u00e9dita que reposiciona a capital amazonense na agenda clim\u00e1tica, energ\u00e9tica e ambiental do pa\u00eds. A primeira c\u00e9lula operacional est\u00e1 com conclus\u00e3o prevista para o pr\u00f3ximo dia 15 de novembro, marco t\u00e9cnico que inaugura um novo ciclo de sustentabilidade e destina\u00e7\u00e3o adequada de res\u00edduos s\u00f3lidos na cidade.<\/p>\n\n\n\n<p>Localizado no quil\u00f4metro 19 da AM-010, no bairro Lago Azul, o complexo ocupa 67 hectares e foi projetado com quatro c\u00e9lulas sanit\u00e1rias, cada uma com cinco hectares, totalizando 20 hectares de \u00e1rea operacional. Cada c\u00e9lula possui 50 mil metros quadrados, constru\u00eddas com rigor t\u00e9cnico e seguindo padr\u00f5es completos de impermeabiliza\u00e7\u00e3o, drenagem, conten\u00e7\u00e3o, tratamento de efluentes e reaproveitamento energ\u00e9tico.<\/p>\n\n\n\n<p>A estrutura ter\u00e1 capacidade de absorver 2.600 toneladas de res\u00edduos por dia, com vida \u00fatil estimada de 20 anos, e investimento entre R$ 20 milh\u00f5es e R$ 25 milh\u00f5es. Quando entrar em opera\u00e7\u00e3o, prevista para fevereiro de 2026, ser\u00e1 o primeiro aterro sanit\u00e1rio do Norte do Brasil totalmente adequado \u00e0 Resolu\u00e7\u00e3o 430, do Conselho Nacional do Meio Ambiente (Conama), encerrando um passivo hist\u00f3rico de mais de tr\u00eas d\u00e9cadas de funcionamento do antigo aterro controlado.<\/p>\n\n\n\n<p>Durante a agenda t\u00e9cnica, o prefeito David Almeida destacou que a cidade assumiu responsabilidade por resolver um problema estrutural ignorado por d\u00e9cadas. \u201cRecebemos a cidade de Manaus com um aterro controlado entrando em colapso. Um problema de mais de 30 anos. Coube a n\u00f3s resolvermos esse problema. Estamos implementando o primeiro aterro sanit\u00e1rio da cidade de Manaus e resolvendo definitivamente essa quest\u00e3o hist\u00f3rica\u201d, afirmou.<\/p>\n\n\n\n<p>O prefeito tamb\u00e9m refor\u00e7ou que a nova estrutura ser\u00e1 um dos pilares da participa\u00e7\u00e3o de Manaus na COP30, com resultados concretos e mensur\u00e1veis. \u201cNos pr\u00f3ximos dias vai come\u00e7ar a COP30, que visa diminuir a emiss\u00e3o de gases poluentes na atmosfera. E a cidade de Manaus est\u00e1 fazendo a sua parte. Todo lixo que vier para o aterro ser\u00e1 tratado adequadamente e vamos abrir uma usina para aproveitar o g\u00e1s e produzir biometano\u201d.&nbsp;<\/p>\n\n\n\n<p>Segundo ele, a mudan\u00e7a representa um avan\u00e7o decisivo para a transi\u00e7\u00e3o energ\u00e9tica da capital. \u201cHoje os nossos ve\u00edculos de coleta usam combust\u00edveis f\u00f3sseis, muito poluentes. Com o biometano produzido aqui, vamos mover a frota com energia limpa e reduzir as part\u00edculas poluentes. Manaus far\u00e1 a sua transi\u00e7\u00e3o energ\u00e9tica usando o biometano gerado no pr\u00f3prio aterro sanit\u00e1rio\u201d, completou o prefeito.<\/p>\n\n\n\n<p>A infraestrutura foi planejada para garantir um ciclo operacional completo e de baixo impacto ambiental. O aterro conta com: m\u00faltiplas camadas industriais de prote\u00e7\u00e3o e impermeabiliza\u00e7\u00e3o, evitando infiltra\u00e7\u00f5es no solo; sistema de drenagem e lagoas de chorume, garantindo tratamento eficiente dos efluentes; capta\u00e7\u00e3o e convers\u00e3o de g\u00e1s metano em biometano para abastecer \u00f4nibus e caminh\u00f5es coletores; reaproveitamento da \u00e1gua tratada na hidrossemeadura e umecta\u00e7\u00e3o das vias internas; opera\u00e7\u00e3o sustent\u00e1vel baseada em reaproveitamento, seguran\u00e7a e controle ambiental cont\u00ednuo.<\/p>\n\n\n\n<p>O secret\u00e1rio municipal de Limpeza Urbana, Sab\u00e1 Reis, ressaltou o car\u00e1ter transformador da obra. \u201cFoi na gest\u00e3o do prefeito David que o aterro controlado chegou ao fim da vida \u00fatil e que essa transi\u00e7\u00e3o se tornou obrigat\u00f3ria. Ele est\u00e1 entregando uma estrutura moderna, ambientalmente correta e preparada para transformar o res\u00edduo da cidade em economia\u201d.<\/p>\n\n\n\n<p>Sab\u00e1 tamb\u00e9m destacou o impacto financeiro para o futuro de Manaus. \u201cA usina ter\u00e1 capacidade de abastecer at\u00e9 300 ve\u00edculos por dia com biometano. Isso significa economia real para Manaus e um grande avan\u00e7o na pol\u00edtica ambiental da cidade\u201d.<\/p>\n\n\n\n<p>Com a conclus\u00e3o da primeira c\u00e9lula prevista para 15 de novembro e o projeto avan\u00e7ando em todas as frentes t\u00e9cnicas, Manaus se consolida como refer\u00eancia amaz\u00f4nica em gest\u00e3o moderna de res\u00edduos, produ\u00e7\u00e3o de energia limpa e pol\u00edtica clim\u00e1tica, chegando \u00e0 COP30 com entregas concretas, tecnol\u00f3gicas e alinhadas \u00e0s metas globais de redu\u00e7\u00e3o de emiss\u00f5es.<\/p>\n\n\n\n<p>\u2014 \u2014- \u2014<br><strong>Texto &#8211;<\/strong> Emanuelle Baires \/ Semcom-Prefeito<br><strong>Fotos &#8211;<\/strong> Dhyeizo Lemos \/ Semcom-Prefeito<\/p>\n","protected":false},"excerpt":{"rendered":"","protected":false},"author":68,"featured_media":248128,"comment_status":"closed","ping_status":"closed","sticky":false,"template":"","format":"standard","meta":{"footnotes":""},"categories":[3460],"tags":[35,17819,77,17820],"acf":[],"yoast_head":"<!-- This site is optimized with the Yoast SEO plugin v23.0 - https:\/\/yoast.com\/wordpress\/plugins\/seo\/ -->\n<title>Manaus avan\u00e7a na pauta clim\u00e1tica<\/title>\n<meta name=\"description\" content=\"O prefeito David Almeida vistoriou, o andamento das obras do primeiro aterro sanit\u00e1rio municipal da hist\u00f3ria de Manaus.\" \/>\n<meta name=\"robots\" content=\"index, follow, max-snippet:-1, max-image-preview:large, max-video-preview:-1\" \/>\n<link rel=\"canonical\" href=\"https:\/\/www.manaus.am.gov.br\/semcom\/pauta-climatica\/\" \/>\n<meta property=\"og:locale\" content=\"pt_BR\" \/>\n<meta property=\"og:type\" content=\"article\" \/>\n<meta property=\"og:title\" content=\"Manaus avan\u00e7a na pauta clim\u00e1tica\" \/>\n<meta property=\"og:description\" content=\"O prefeito David Almeida vistoriou, o andamento das obras do primeiro aterro sanit\u00e1rio municipal da hist\u00f3ria de Manaus.\" \/>\n<meta property=\"og:url\" content=\"https:\/\/www.manaus.am.gov.br\/semcom\/pauta-climatica\/\" \/>\n<meta property=\"og:site_name\" content=\"SEMCOM\" \/>\n<meta property=\"article:published_time\" content=\"2025-11-06T21:34:48+00:00\" \/>\n<meta property=\"article:modified_time\" content=\"2025-11-06T21:34:49+00:00\" \/>\n<meta property=\"og:image\" content=\"https:\/\/www.manaus.am.gov.br\/semcom\/wp-content\/uploads\/sites\/5\/2025\/11\/WhatsApp-Image-2025-11-06-at-16.04.54-1.jpeg\" \/>\n\t<meta property=\"og:image:width\" content=\"4160\" \/>\n\t<meta property=\"og:image:height\" content=\"2773\" \/>\n\t<meta property=\"og:image:type\" content=\"image\/jpeg\" \/>\n<meta name=\"author\" content=\"bvalente\" \/>\n<meta name=\"twitter:card\" content=\"summary_large_image\" \/>\n<meta name=\"twitter:label1\" content=\"Written by\" \/>\n\t<meta name=\"twitter:data1\" content=\"bvalente\" \/>\n\t<meta name=\"twitter:label2\" content=\"Est. reading time\" \/>\n\t<meta name=\"twitter:data2\" content=\"4 minutos\" \/>\n<script type=\"application\/ld+json\" class=\"yoast-schema-graph\">{\"@context\":\"https:\/\/schema.org\",\"@graph\":[{\"@type\":\"WebPage\",\"@id\":\"https:\/\/www.manaus.am.gov.br\/semcom\/pauta-climatica\/\",\"url\":\"https:\/\/www.manaus.am.gov.br\/semcom\/pauta-climatica\/\",\"name\":\"Manaus avan\u00e7a na pauta clim\u00e1tica\",\"isPartOf\":{\"@id\":\"https:\/\/www.manaus.am.gov.br\/semcom\/#website\"},\"primaryImageOfPage\":{\"@id\":\"https:\/\/www.manaus.am.gov.br\/semcom\/pauta-climatica\/#primaryimage\"},\"image\":{\"@id\":\"https:\/\/www.manaus.am.gov.br\/semcom\/pauta-climatica\/#primaryimage\"},\"thumbnailUrl\":\"https:\/\/www.manaus.am.gov.br\/semcom\/wp-content\/uploads\/sites\/5\/2025\/11\/WhatsApp-Image-2025-11-06-at-16.04.54-1.jpeg\",\"datePublished\":\"2025-11-06T21:34:48+00:00\",\"dateModified\":\"2025-11-06T21:34:49+00:00\",\"author\":{\"@id\":\"https:\/\/www.manaus.am.gov.br\/semcom\/#\/schema\/person\/466a0e03ae4b6062809046bd560ac955\"},\"description\":\"O prefeito David Almeida vistoriou, o andamento das obras do primeiro aterro sanit\u00e1rio municipal da hist\u00f3ria de Manaus.\",\"inLanguage\":\"pt-BR\",\"potentialAction\":[{\"@type\":\"ReadAction\",\"target\":[\"https:\/\/www.manaus.am.gov.br\/semcom\/pauta-climatica\/\"]}]},{\"@type\":\"ImageObject\",\"inLanguage\":\"pt-BR\",\"@id\":\"https:\/\/www.manaus.am.gov.br\/semcom\/pauta-climatica\/#primaryimage\",\"url\":\"https:\/\/www.manaus.am.gov.br\/semcom\/wp-content\/uploads\/sites\/5\/2025\/11\/WhatsApp-Image-2025-11-06-at-16.04.54-1.jpeg\",\"contentUrl\":\"https:\/\/www.manaus.am.gov.br\/semcom\/wp-content\/uploads\/sites\/5\/2025\/11\/WhatsApp-Image-2025-11-06-at-16.04.54-1.jpeg\",\"width\":4160,\"height\":2773,\"caption\":\"#paratodosverem \u2013 Prefeito vistoriando obras do aterro municipal\"},{\"@type\":\"WebSite\",\"@id\":\"https:\/\/www.manaus.am.gov.br\/semcom\/#website\",\"url\":\"https:\/\/www.manaus.am.gov.br\/semcom\/\",\"name\":\"SEMCOM\",\"description\":\"Secretaria Municipal de Comunica\u00e7\u00e3o\",\"potentialAction\":[{\"@type\":\"SearchAction\",\"target\":{\"@type\":\"EntryPoint\",\"urlTemplate\":\"https:\/\/www.manaus.am.gov.br\/semcom\/?s={search_term_string}\"},\"query-input\":\"required name=search_term_string\"}],\"inLanguage\":\"pt-BR\"},{\"@type\":\"Person\",\"@id\":\"https:\/\/www.manaus.am.gov.br\/semcom\/#\/schema\/person\/466a0e03ae4b6062809046bd560ac955\",\"name\":\"bvalente\",\"image\":{\"@type\":\"ImageObject\",\"inLanguage\":\"pt-BR\",\"@id\":\"https:\/\/www.manaus.am.gov.br\/semcom\/#\/schema\/person\/image\/\",\"url\":\"https:\/\/secure.gravatar.com\/avatar\/3e69bc2b014bdad41adfec3a39de07d2?s=96&d=mm&r=g\",\"contentUrl\":\"https:\/\/secure.gravatar.com\/avatar\/3e69bc2b014bdad41adfec3a39de07d2?s=96&d=mm&r=g\",\"caption\":\"bvalente\"}}]}<\/script>\n<!-- \/ Yoast SEO plugin. -->","yoast_head_json":{"title":"Manaus avan\u00e7a na pauta clim\u00e1tica","description":"O prefeito David Almeida vistoriou, o andamento das obras do primeiro aterro sanit\u00e1rio municipal da hist\u00f3ria de Manaus.","robots":{"index":"index","follow":"follow","max-snippet":"max-snippet:-1","max-image-preview":"max-image-preview:large","max-video-preview":"max-video-preview:-1"},"canonical":"https:\/\/www.manaus.am.gov.br\/semcom\/pauta-climatica\/","og_locale":"pt_BR","og_type":"article","og_title":"Manaus avan\u00e7a na pauta clim\u00e1tica","og_description":"O prefeito David Almeida vistoriou, o andamento das obras do primeiro aterro sanit\u00e1rio municipal da hist\u00f3ria de Manaus.","og_url":"https:\/\/www.manaus.am.gov.br\/semcom\/pauta-climatica\/","og_site_name":"SEMCOM","article_published_time":"2025-11-06T21:34:48+00:00","article_modified_time":"2025-11-06T21:34:49+00:00","og_image":[{"width":4160,"height":2773,"url":"https:\/\/www.manaus.am.gov.br\/semcom\/wp-content\/uploads\/sites\/5\/2025\/11\/WhatsApp-Image-2025-11-06-at-16.04.54-1.jpeg","type":"image\/jpeg"}],"author":"bvalente","twitter_card":"summary_large_image","twitter_misc":{"Written by":"bvalente","Est. reading time":"4 minutos"},"schema":{"@context":"https:\/\/schema.org","@graph":[{"@type":"WebPage","@id":"https:\/\/www.manaus.am.gov.br\/semcom\/pauta-climatica\/","url":"https:\/\/www.manaus.am.gov.br\/semcom\/pauta-climatica\/","name":"Manaus avan\u00e7a na pauta clim\u00e1tica","isPartOf":{"@id":"https:\/\/www.manaus.am.gov.br\/semcom\/#website"},"primaryImageOfPage":{"@id":"https:\/\/www.manaus.am.gov.br\/semcom\/pauta-climatica\/#primaryimage"},"image":{"@id":"https:\/\/www.manaus.am.gov.br\/semcom\/pauta-climatica\/#primaryimage"},"thumbnailUrl":"https:\/\/www.manaus.am.gov.br\/semcom\/wp-content\/uploads\/sites\/5\/2025\/11\/WhatsApp-Image-2025-11-06-at-16.04.54-1.jpeg","datePublished":"2025-11-06T21:34:48+00:00","dateModified":"2025-11-06T21:34:49+00:00","author":{"@id":"https:\/\/www.manaus.am.gov.br\/semcom\/#\/schema\/person\/466a0e03ae4b6062809046bd560ac955"},"description":"O prefeito David Almeida vistoriou, o andamento das obras do primeiro aterro sanit\u00e1rio municipal da hist\u00f3ria de Manaus.","inLanguage":"pt-BR","potentialAction":[{"@type":"ReadAction","target":["https:\/\/www.manaus.am.gov.br\/semcom\/pauta-climatica\/"]}]},{"@type":"ImageObject","inLanguage":"pt-BR","@id":"https:\/\/www.manaus.am.gov.br\/semcom\/pauta-climatica\/#primaryimage","url":"https:\/\/www.manaus.am.gov.br\/semcom\/wp-content\/uploads\/sites\/5\/2025\/11\/WhatsApp-Image-2025-11-06-at-16.04.54-1.jpeg","contentUrl":"https:\/\/www.manaus.am.gov.br\/semcom\/wp-content\/uploads\/sites\/5\/2025\/11\/WhatsApp-Image-2025-11-06-at-16.04.54-1.jpeg","width":4160,"height":2773,"caption":"#paratodosverem \u2013 Prefeito vistoriando obras do aterro municipal"},{"@type":"WebSite","@id":"https:\/\/www.manaus.am.gov.br\/semcom\/#website","url":"https:\/\/www.manaus.am.gov.br\/semcom\/","name":"SEMCOM","description":"Secretaria Municipal de Comunica\u00e7\u00e3o","potentialAction":[{"@type":"SearchAction","target":{"@type":"EntryPoint","urlTemplate":"https:\/\/www.manaus.am.gov.br\/semcom\/?s={search_term_string}"},"query-input":"required name=search_term_string"}],"inLanguage":"pt-BR"},{"@type":"Person","@id":"https:\/\/www.manaus.am.gov.br\/semcom\/#\/schema\/person\/466a0e03ae4b6062809046bd560ac955","name":"bvalente","image":{"@type":"ImageObject","inLanguage":"pt-BR","@id":"https:\/\/www.manaus.am.gov.br\/semcom\/#\/schema\/person\/image\/","url":"https:\/\/secure.gravatar.com\/avatar\/3e69bc2b014bdad41adfec3a39de07d2?s=96&d=mm&r=g","contentUrl":"https:\/\/secure.gravatar.com\/avatar\/3e69bc2b014bdad41adfec3a39de07d2?s=96&d=mm&r=g","caption":"bvalente"}}]}},"_links":{"self":[{"href":"https:\/\/www.manaus.am.gov.br\/semcom\/wp-json\/wp\/v2\/posts\/248127"}],"collection":[{"href":"https:\/\/www.manaus.am.gov.br\/semcom\/wp-json\/wp\/v2\/posts"}],"about":[{"href":"https:\/\/www.manaus.am.gov.br\/semcom\/wp-json\/wp\/v2\/types\/post"}],"author":[{"embeddable":true,"href":"https:\/\/www.manaus.am.gov.br\/semcom\/wp-json\/wp\/v2\/users\/68"}],"replies":[{"embeddable":true,"href":"https:\/\/www.manaus.am.gov.br\/semcom\/wp-json\/wp\/v2\/comments?post=248127"}],"version-history":[{"count":0,"href":"https:\/\/www.manaus.am.gov.br\/semcom\/wp-json\/wp\/v2\/posts\/248127\/revisions"}],"wp:featuredmedia":[{"embeddable":true,"href":"https:\/\/www.manaus.am.gov.br\/semcom\/wp-json\/wp\/v2\/media\/248128"}],"wp:attachment":[{"href":"https:\/\/www.manaus.am.gov.br\/semcom\/wp-json\/wp\/v2\/media?parent=248127"}],"wp:term":[{"taxonomy":"category","embeddable":true,"href":"https:\/\/www.manaus.am.gov.br\/semcom\/wp-json\/wp\/v2\/categories?post=248127"},{"taxonomy":"post_tag","embeddable":true,"href":"https:\/\/www.manaus.am.gov.br\/semcom\/wp-json\/wp\/v2\/tags?post=248127"}],"curies":[{"name":"wp","href":"https:\/\/api.w.org\/{rel}","templated":true}]}}