{"id":248100,"date":"2025-11-05T22:51:21","date_gmt":"2025-11-06T01:51:21","guid":{"rendered":"https:\/\/www.manaus.am.gov.br\/semcom\/encontro-nacional-do-colegio-de-ouvidores-judiciais-cojud\/"},"modified":"2025-11-05T22:51:23","modified_gmt":"2025-11-06T01:51:23","slug":"encontro-nacional-do-colegio-de-ouvidores-judiciais-cojud","status":"publish","type":"post","link":"https:\/\/www.manaus.am.gov.br\/semcom\/encontro-nacional-do-colegio-de-ouvidores-judiciais-cojud\/","title":{"rendered":"Prefeito David Almeida destaca papel de Manaus na abertura do 13\u00ba Encontro Nacional do Col\u00e9gio de Ouvidores Judiciais"},"content":{"rendered":"\n<p>O prefeito de Manaus, David Almeida, participou, na noite desta quarta-feira, 5\/11, da abertura do 13\u00ba Encontro Nacional do Col\u00e9gio de Ouvidores Judiciais (Cojud), realizado no sal\u00e3o Rio Solim\u00f5es, anexo ao Centro Cultural Pal\u00e1cio Rio Negro, no Centro. O evento reuniu representantes das ouvidorias judiciais de todo o Brasil e diversas autoridades locais, consolidando a capital amazonense como anfitri\u00e3 de importantes discuss\u00f5es sobre justi\u00e7a, cidadania e transpar\u00eancia.<\/p>\n\n\n\n<p>A solenidade foi marcada pela execu\u00e7\u00e3o do hino nacional, interpretado pela cantora M\u00e1rcia Siqueira e acompanhada pelo violinista Valdo Cavalcante, al\u00e9m da exibi\u00e7\u00e3o de um v\u00eddeo institucional de boas-vindas aos participantes.<\/p>\n\n\n\n<p>Durante o pronunciamento, o prefeito David Almeida destacou o orgulho de Manaus em sediar o encontro e refor\u00e7ou o papel da cidade como s\u00edmbolo de di\u00e1logo e integra\u00e7\u00e3o.<\/p>\n\n\n\n<p>\u201c\u00c9 uma honra e uma alegria muito grande receber todos voc\u00eas em nossa cidade, a maior da Amaz\u00f4nia. Manaus se sente privilegiada por sediar este importante encontro, que re\u00fane representantes do Judici\u00e1rio de todo o Brasil. Desejo \u00eaxito e sucesso nas discuss\u00f5es que tratar\u00e3o de temas fundamentais, como a reforma tribut\u00e1ria e a sustentabilidade na gest\u00e3o p\u00fablica\u201d, afirmou o prefeito.<\/p>\n\n\n\n<p>O ouvidor-geral de Justi\u00e7a do Amazonas e anfitri\u00e3o do encontro, desembargador Abraham Peixoto Campos Filho, deu as boas-vindas aos participantes e destacou a import\u00e2ncia das ouvidorias como pontes de escuta e empatia entre o cidad\u00e3o e as institui\u00e7\u00f5es.<\/p>\n\n\n\n<p>\u201cAs ouvidorias lidam com hist\u00f3rias de vida, sentimentos e esperan\u00e7as que pedem escuta e resposta. Cuidar exige empatia, aten\u00e7\u00e3o e presen\u00e7a. Aqui, na Amaz\u00f4nia, onde as dist\u00e2ncias se medem em horas de travessia, a ouvidoria \u00e9 tamb\u00e9m instrumento de inclus\u00e3o e cidadania. Servir, nesse contexto, \u00e9 reconhecer o outro em sua totalidade\u201d, afirmou o magistrado, ressaltando que \u201ctudo o que fazemos, no fim, se resume a pessoas\u201d.<\/p>\n\n\n\n<p>O presidente do Cojud, desembargador Altair de Lemos J\u00fanior, refor\u00e7ou a evolu\u00e7\u00e3o e o fortalecimento das ouvidorias judiciais ao longo da \u00faltima d\u00e9cada e enalteceu a forma calorosa como Manaus recebeu os participantes do encontro.<\/p>\n\n\n\n<p>\u201c\u00c9 uma grande honra estarmos aqui em Manaus, sendo recebidos com tanta aten\u00e7\u00e3o e carinho. As ouvidorias evolu\u00edram muito nesses 10 anos, e este encontro mostra o quanto avan\u00e7amos no fortalecimento institucional e na troca de experi\u00eancias que aperfei\u00e7oam o trabalho do Poder Judici\u00e1rio\u201d, declarou.<\/p>\n\n\n\n<p>O evento contou ainda com a presen\u00e7a de autoridades do Tribunal de Justi\u00e7a do Amazonas (TJ-AM), do Minist\u00e9rio P\u00fablico, da Defensoria P\u00fablica, do Tribunal de Contas do Estado, da OAB\/AM e de associa\u00e7\u00f5es representativas da magistratura e dos not\u00e1rios.<\/p>\n\n\n\n<p>Encerrando a noite, os participantes acompanharam uma apresenta\u00e7\u00e3o musical da Banda Zen, que celebrou a cultura amazonense e deu o tom de acolhimento ao in\u00edcio das atividades do encontro, que seguir\u00e1 com pain\u00e9is e debates ao longo da semana.<\/p>\n\n\n\n<p>\u201cManaus \u00e9 uma cidade que escuta, acolhe e constr\u00f3i solu\u00e7\u00f5es junto com o seu povo, e essa \u00e9 tamb\u00e9m a ess\u00eancia das ouvidorias: ouvir, compreender e agir com sensibilidade e responsabilidade\u201d, concluiu o prefeito David Almeida.<\/p>\n\n\n\n<p>\u2014 \u2014- \u2014-<br><strong>Texto- <\/strong>Emanuelle Baires \/ Semcom-Prefeito<br><strong>Fotos &#8211;<\/strong> Ant\u00f4nio Pereira \/ Semcom-Prefeito<\/p>\n","protected":false},"excerpt":{"rendered":"","protected":false},"author":68,"featured_media":248101,"comment_status":"closed","ping_status":"closed","sticky":false,"template":"","format":"standard","meta":{"footnotes":""},"categories":[980],"tags":[35,17811,77],"acf":[],"yoast_head":"<!-- This site is optimized with the Yoast SEO plugin v23.0 - https:\/\/yoast.com\/wordpress\/plugins\/seo\/ -->\n<title>Prefeito David Almeida destaca papel de Manaus<\/title>\n<meta name=\"description\" content=\"O prefeito David Almeida, participou, na noite desta quarta, da abertura do 13\u00ba Encontro Nacional do Col\u00e9gio de Ouvidores Judiciais (Cojud).\" \/>\n<meta name=\"robots\" content=\"index, follow, max-snippet:-1, max-image-preview:large, max-video-preview:-1\" \/>\n<link rel=\"canonical\" href=\"https:\/\/www.manaus.am.gov.br\/semcom\/encontro-nacional-do-colegio-de-ouvidores-judiciais-cojud\/\" \/>\n<meta property=\"og:locale\" content=\"pt_BR\" \/>\n<meta property=\"og:type\" content=\"article\" \/>\n<meta property=\"og:title\" content=\"Prefeito David Almeida destaca papel de Manaus\" \/>\n<meta property=\"og:description\" content=\"O prefeito David Almeida, participou, na noite desta quarta, da abertura do 13\u00ba Encontro Nacional do Col\u00e9gio de Ouvidores Judiciais (Cojud).\" \/>\n<meta property=\"og:url\" content=\"https:\/\/www.manaus.am.gov.br\/semcom\/encontro-nacional-do-colegio-de-ouvidores-judiciais-cojud\/\" \/>\n<meta property=\"og:site_name\" content=\"SEMCOM\" \/>\n<meta property=\"article:published_time\" content=\"2025-11-06T01:51:21+00:00\" \/>\n<meta property=\"article:modified_time\" content=\"2025-11-06T01:51:23+00:00\" \/>\n<meta property=\"og:image\" content=\"https:\/\/www.manaus.am.gov.br\/semcom\/wp-content\/uploads\/sites\/5\/2025\/11\/WhatsApp-Image-2025-11-05-at-20.56.56.jpeg\" \/>\n\t<meta property=\"og:image:width\" content=\"4160\" \/>\n\t<meta property=\"og:image:height\" content=\"2773\" \/>\n\t<meta property=\"og:image:type\" content=\"image\/jpeg\" \/>\n<meta name=\"author\" content=\"bvalente\" \/>\n<meta name=\"twitter:card\" content=\"summary_large_image\" \/>\n<meta name=\"twitter:label1\" content=\"Written by\" \/>\n\t<meta name=\"twitter:data1\" content=\"bvalente\" \/>\n\t<meta name=\"twitter:label2\" content=\"Est. reading time\" \/>\n\t<meta name=\"twitter:data2\" content=\"3 minutos\" \/>\n<script type=\"application\/ld+json\" class=\"yoast-schema-graph\">{\"@context\":\"https:\/\/schema.org\",\"@graph\":[{\"@type\":\"WebPage\",\"@id\":\"https:\/\/www.manaus.am.gov.br\/semcom\/encontro-nacional-do-colegio-de-ouvidores-judiciais-cojud\/\",\"url\":\"https:\/\/www.manaus.am.gov.br\/semcom\/encontro-nacional-do-colegio-de-ouvidores-judiciais-cojud\/\",\"name\":\"Prefeito David Almeida destaca papel de Manaus\",\"isPartOf\":{\"@id\":\"https:\/\/www.manaus.am.gov.br\/semcom\/#website\"},\"primaryImageOfPage\":{\"@id\":\"https:\/\/www.manaus.am.gov.br\/semcom\/encontro-nacional-do-colegio-de-ouvidores-judiciais-cojud\/#primaryimage\"},\"image\":{\"@id\":\"https:\/\/www.manaus.am.gov.br\/semcom\/encontro-nacional-do-colegio-de-ouvidores-judiciais-cojud\/#primaryimage\"},\"thumbnailUrl\":\"https:\/\/www.manaus.am.gov.br\/semcom\/wp-content\/uploads\/sites\/5\/2025\/11\/WhatsApp-Image-2025-11-05-at-20.56.56.jpeg\",\"datePublished\":\"2025-11-06T01:51:21+00:00\",\"dateModified\":\"2025-11-06T01:51:23+00:00\",\"author\":{\"@id\":\"https:\/\/www.manaus.am.gov.br\/semcom\/#\/schema\/person\/466a0e03ae4b6062809046bd560ac955\"},\"description\":\"O prefeito David Almeida, participou, na noite desta quarta, da abertura do 13\u00ba Encontro Nacional do Col\u00e9gio de Ouvidores Judiciais (Cojud).\",\"inLanguage\":\"pt-BR\",\"potentialAction\":[{\"@type\":\"ReadAction\",\"target\":[\"https:\/\/www.manaus.am.gov.br\/semcom\/encontro-nacional-do-colegio-de-ouvidores-judiciais-cojud\/\"]}]},{\"@type\":\"ImageObject\",\"inLanguage\":\"pt-BR\",\"@id\":\"https:\/\/www.manaus.am.gov.br\/semcom\/encontro-nacional-do-colegio-de-ouvidores-judiciais-cojud\/#primaryimage\",\"url\":\"https:\/\/www.manaus.am.gov.br\/semcom\/wp-content\/uploads\/sites\/5\/2025\/11\/WhatsApp-Image-2025-11-05-at-20.56.56.jpeg\",\"contentUrl\":\"https:\/\/www.manaus.am.gov.br\/semcom\/wp-content\/uploads\/sites\/5\/2025\/11\/WhatsApp-Image-2025-11-05-at-20.56.56.jpeg\",\"width\":4160,\"height\":2773,\"caption\":\"#paratodosverem \u2013 Prefeito discursando e ao fundo do palco, autoridades\"},{\"@type\":\"WebSite\",\"@id\":\"https:\/\/www.manaus.am.gov.br\/semcom\/#website\",\"url\":\"https:\/\/www.manaus.am.gov.br\/semcom\/\",\"name\":\"SEMCOM\",\"description\":\"Secretaria Municipal de Comunica\u00e7\u00e3o\",\"potentialAction\":[{\"@type\":\"SearchAction\",\"target\":{\"@type\":\"EntryPoint\",\"urlTemplate\":\"https:\/\/www.manaus.am.gov.br\/semcom\/?s={search_term_string}\"},\"query-input\":\"required name=search_term_string\"}],\"inLanguage\":\"pt-BR\"},{\"@type\":\"Person\",\"@id\":\"https:\/\/www.manaus.am.gov.br\/semcom\/#\/schema\/person\/466a0e03ae4b6062809046bd560ac955\",\"name\":\"bvalente\",\"image\":{\"@type\":\"ImageObject\",\"inLanguage\":\"pt-BR\",\"@id\":\"https:\/\/www.manaus.am.gov.br\/semcom\/#\/schema\/person\/image\/\",\"url\":\"https:\/\/secure.gravatar.com\/avatar\/3e69bc2b014bdad41adfec3a39de07d2?s=96&d=mm&r=g\",\"contentUrl\":\"https:\/\/secure.gravatar.com\/avatar\/3e69bc2b014bdad41adfec3a39de07d2?s=96&d=mm&r=g\",\"caption\":\"bvalente\"}}]}<\/script>\n<!-- \/ Yoast SEO plugin. -->","yoast_head_json":{"title":"Prefeito David Almeida destaca papel de Manaus","description":"O prefeito David Almeida, participou, na noite desta quarta, da abertura do 13\u00ba Encontro Nacional do Col\u00e9gio de Ouvidores Judiciais (Cojud).","robots":{"index":"index","follow":"follow","max-snippet":"max-snippet:-1","max-image-preview":"max-image-preview:large","max-video-preview":"max-video-preview:-1"},"canonical":"https:\/\/www.manaus.am.gov.br\/semcom\/encontro-nacional-do-colegio-de-ouvidores-judiciais-cojud\/","og_locale":"pt_BR","og_type":"article","og_title":"Prefeito David Almeida destaca papel de Manaus","og_description":"O prefeito David Almeida, participou, na noite desta quarta, da abertura do 13\u00ba Encontro Nacional do Col\u00e9gio de Ouvidores Judiciais (Cojud).","og_url":"https:\/\/www.manaus.am.gov.br\/semcom\/encontro-nacional-do-colegio-de-ouvidores-judiciais-cojud\/","og_site_name":"SEMCOM","article_published_time":"2025-11-06T01:51:21+00:00","article_modified_time":"2025-11-06T01:51:23+00:00","og_image":[{"width":4160,"height":2773,"url":"https:\/\/www.manaus.am.gov.br\/semcom\/wp-content\/uploads\/sites\/5\/2025\/11\/WhatsApp-Image-2025-11-05-at-20.56.56.jpeg","type":"image\/jpeg"}],"author":"bvalente","twitter_card":"summary_large_image","twitter_misc":{"Written by":"bvalente","Est. reading time":"3 minutos"},"schema":{"@context":"https:\/\/schema.org","@graph":[{"@type":"WebPage","@id":"https:\/\/www.manaus.am.gov.br\/semcom\/encontro-nacional-do-colegio-de-ouvidores-judiciais-cojud\/","url":"https:\/\/www.manaus.am.gov.br\/semcom\/encontro-nacional-do-colegio-de-ouvidores-judiciais-cojud\/","name":"Prefeito David Almeida destaca papel de Manaus","isPartOf":{"@id":"https:\/\/www.manaus.am.gov.br\/semcom\/#website"},"primaryImageOfPage":{"@id":"https:\/\/www.manaus.am.gov.br\/semcom\/encontro-nacional-do-colegio-de-ouvidores-judiciais-cojud\/#primaryimage"},"image":{"@id":"https:\/\/www.manaus.am.gov.br\/semcom\/encontro-nacional-do-colegio-de-ouvidores-judiciais-cojud\/#primaryimage"},"thumbnailUrl":"https:\/\/www.manaus.am.gov.br\/semcom\/wp-content\/uploads\/sites\/5\/2025\/11\/WhatsApp-Image-2025-11-05-at-20.56.56.jpeg","datePublished":"2025-11-06T01:51:21+00:00","dateModified":"2025-11-06T01:51:23+00:00","author":{"@id":"https:\/\/www.manaus.am.gov.br\/semcom\/#\/schema\/person\/466a0e03ae4b6062809046bd560ac955"},"description":"O prefeito David Almeida, participou, na noite desta quarta, da abertura do 13\u00ba Encontro Nacional do Col\u00e9gio de Ouvidores Judiciais (Cojud).","inLanguage":"pt-BR","potentialAction":[{"@type":"ReadAction","target":["https:\/\/www.manaus.am.gov.br\/semcom\/encontro-nacional-do-colegio-de-ouvidores-judiciais-cojud\/"]}]},{"@type":"ImageObject","inLanguage":"pt-BR","@id":"https:\/\/www.manaus.am.gov.br\/semcom\/encontro-nacional-do-colegio-de-ouvidores-judiciais-cojud\/#primaryimage","url":"https:\/\/www.manaus.am.gov.br\/semcom\/wp-content\/uploads\/sites\/5\/2025\/11\/WhatsApp-Image-2025-11-05-at-20.56.56.jpeg","contentUrl":"https:\/\/www.manaus.am.gov.br\/semcom\/wp-content\/uploads\/sites\/5\/2025\/11\/WhatsApp-Image-2025-11-05-at-20.56.56.jpeg","width":4160,"height":2773,"caption":"#paratodosverem \u2013 Prefeito discursando e ao fundo do palco, autoridades"},{"@type":"WebSite","@id":"https:\/\/www.manaus.am.gov.br\/semcom\/#website","url":"https:\/\/www.manaus.am.gov.br\/semcom\/","name":"SEMCOM","description":"Secretaria Municipal de Comunica\u00e7\u00e3o","potentialAction":[{"@type":"SearchAction","target":{"@type":"EntryPoint","urlTemplate":"https:\/\/www.manaus.am.gov.br\/semcom\/?s={search_term_string}"},"query-input":"required name=search_term_string"}],"inLanguage":"pt-BR"},{"@type":"Person","@id":"https:\/\/www.manaus.am.gov.br\/semcom\/#\/schema\/person\/466a0e03ae4b6062809046bd560ac955","name":"bvalente","image":{"@type":"ImageObject","inLanguage":"pt-BR","@id":"https:\/\/www.manaus.am.gov.br\/semcom\/#\/schema\/person\/image\/","url":"https:\/\/secure.gravatar.com\/avatar\/3e69bc2b014bdad41adfec3a39de07d2?s=96&d=mm&r=g","contentUrl":"https:\/\/secure.gravatar.com\/avatar\/3e69bc2b014bdad41adfec3a39de07d2?s=96&d=mm&r=g","caption":"bvalente"}}]}},"_links":{"self":[{"href":"https:\/\/www.manaus.am.gov.br\/semcom\/wp-json\/wp\/v2\/posts\/248100"}],"collection":[{"href":"https:\/\/www.manaus.am.gov.br\/semcom\/wp-json\/wp\/v2\/posts"}],"about":[{"href":"https:\/\/www.manaus.am.gov.br\/semcom\/wp-json\/wp\/v2\/types\/post"}],"author":[{"embeddable":true,"href":"https:\/\/www.manaus.am.gov.br\/semcom\/wp-json\/wp\/v2\/users\/68"}],"replies":[{"embeddable":true,"href":"https:\/\/www.manaus.am.gov.br\/semcom\/wp-json\/wp\/v2\/comments?post=248100"}],"version-history":[{"count":0,"href":"https:\/\/www.manaus.am.gov.br\/semcom\/wp-json\/wp\/v2\/posts\/248100\/revisions"}],"wp:featuredmedia":[{"embeddable":true,"href":"https:\/\/www.manaus.am.gov.br\/semcom\/wp-json\/wp\/v2\/media\/248101"}],"wp:attachment":[{"href":"https:\/\/www.manaus.am.gov.br\/semcom\/wp-json\/wp\/v2\/media?parent=248100"}],"wp:term":[{"taxonomy":"category","embeddable":true,"href":"https:\/\/www.manaus.am.gov.br\/semcom\/wp-json\/wp\/v2\/categories?post=248100"},{"taxonomy":"post_tag","embeddable":true,"href":"https:\/\/www.manaus.am.gov.br\/semcom\/wp-json\/wp\/v2\/tags?post=248100"}],"curies":[{"name":"wp","href":"https:\/\/api.w.org\/{rel}","templated":true}]}}