{"id":248070,"date":"2025-11-05T17:01:05","date_gmt":"2025-11-05T20:01:05","guid":{"rendered":"https:\/\/www.manaus.am.gov.br\/semcom\/concurso-da-semmas-com-30-vagas\/"},"modified":"2025-11-05T17:01:06","modified_gmt":"2025-11-05T20:01:06","slug":"concurso-da-semmas-com-30-vagas","status":"publish","type":"post","link":"https:\/\/www.manaus.am.gov.br\/semcom\/concurso-da-semmas-com-30-vagas\/","title":{"rendered":"Prefeito David Almeida anuncia edital de concurso da Semmas com 30 vagas"},"content":{"rendered":"\n<p>O prefeito de Manaus, David Almeida, anunciou que na pr\u00f3xima sexta-feira, 7\/11, ser\u00e1 publicado o edital de concurso p\u00fablico com 30 vagas para a Secretaria Municipal do Meio Ambiente e Sustentabilidade (Semmas), al\u00e9m de oportunidades em cadastro de reserva. O edital foi assinado pelo chefe do Executivo municipal nesta quarta-feira, 5\/11, durante reuni\u00e3o com o secret\u00e1rio C\u00e9lio Guedes, titular da Secretaria Municipal de Administra\u00e7\u00e3o e Gest\u00e3o (Semad), e com o subsecret\u00e1rio da Semmas, Elton \u201cMan\u00e3o\u201d Oliveira.<\/p>\n\n\n\n<p>O concurso p\u00fablico ser\u00e1 organizado pelo Instituto Consulplan, com oportunidades para Analista Municipal I (\u00e1reas de Fiscaliza\u00e7\u00e3o, Qu\u00edmica, Geografia e Geologia), com sal\u00e1rios iniciais de R$ 3.822,71, e com vagas para Analista Municipal II (nas \u00e1reas de Engenharia Agr\u00f4noma, Ambiental, Civil e Florestal), com sal\u00e1rios iniciais de R$ 7.404,82.<\/p>\n\n\n\n<p>&#8220;Voc\u00ea concurseiro, se prepare, que na pr\u00f3xima sexta-feiravamos publicar no Di\u00e1rio Oficial do Munic\u00edpio o edital para o concurso p\u00fablico da Semmas. \u00c9 a oportunidade que voc\u00ea tem de fazer parte dos nossos quadros da Prefeitura de Manaus&#8221;, anunciou o prefeito.<\/p>\n\n\n\n<p>O secret\u00e1rio da Semad, C\u00e9lio Guedes, informou que as inscri\u00e7\u00f5es para o concurso j\u00e1 se iniciam na sexta-feira, podendo ser realizadas no site do Instituto Consulplan. &#8220;Como foi anunciado pelo prefeito, o edital ser\u00e1 publicado no dia 7, com previs\u00e3o de o concurso ser realizado no dia 26 de janeiro de 2026. Quem quiser se inscrever j\u00e1 pode, a partir de sexta-feira, quando for publicado o edital, procurar o site da Consulplan e fazer a sua inscri\u00e7\u00e3o para participar desse concurso da Semmas&#8221;, informou.<\/p>\n\n\n\n<p>O subsecret\u00e1rio da Semmas, Elton Man\u00e3o, parabenizou a gest\u00e3o pela realiza\u00e7\u00e3o do certame, pois as demandas da pasta cresceram desde a realiza\u00e7\u00e3o do \u00faltimo concurso, em 2012.<\/p>\n\n\n\n<p>&#8220;Hoje \u00e9 um dia hist\u00f3rico. Quero aqui parabenizar o prefeito David Almeida pela import\u00e2ncia do compromisso da gest\u00e3o com o servi\u00e7o p\u00fablico. Hoje Manaus est\u00e1 em festa, juntamente com toda a secretaria. H\u00e1 muito tempo n\u00e3o havia esse concurso p\u00fablico, ent\u00e3o as demandas aumentaram muito, e agora, gra\u00e7as ao concurso p\u00fablico, a gente vai poder atender melhor a popula\u00e7\u00e3o da cidade de Manaus&#8221;, destacou o subsecret\u00e1rio.<\/p>\n\n\n\n<p>&#8212; &#8212; &#8212;<\/p>\n\n\n\n<p><strong>Texto&nbsp;&#8211;<\/strong> Geraldo Farias \/ Semcom<\/p>\n\n\n\n<p><strong>Fotos&nbsp;&#8211;<\/strong> Antonio Pereira \/ Semcom<\/p>\n","protected":false},"excerpt":{"rendered":"","protected":false},"author":57,"featured_media":248071,"comment_status":"closed","ping_status":"closed","sticky":false,"template":"","format":"standard","meta":{"footnotes":""},"categories":[2911],"tags":[17793,35,77],"acf":[],"yoast_head":"<!-- This site is optimized with the Yoast SEO plugin v23.0 - https:\/\/yoast.com\/wordpress\/plugins\/seo\/ -->\n<title>David anuncia edital de concurso da Semmas com 30 vagas<\/title>\n<meta name=\"description\" content=\"David Almeida anunciou que na pr\u00f3xima sexta-feira, 7\/11, ser\u00e1 publicado o edital de concurso p\u00fablico com 30 vagas para a Semmas.\" \/>\n<meta name=\"robots\" content=\"index, follow, max-snippet:-1, max-image-preview:large, max-video-preview:-1\" \/>\n<link rel=\"canonical\" href=\"https:\/\/www.manaus.am.gov.br\/semcom\/concurso-da-semmas-com-30-vagas\/\" \/>\n<meta property=\"og:locale\" content=\"pt_BR\" \/>\n<meta property=\"og:type\" content=\"article\" \/>\n<meta property=\"og:title\" content=\"David anuncia edital de concurso da Semmas com 30 vagas\" \/>\n<meta property=\"og:description\" content=\"David Almeida anunciou que na pr\u00f3xima sexta-feira, 7\/11, ser\u00e1 publicado o edital de concurso p\u00fablico com 30 vagas para a Semmas.\" \/>\n<meta property=\"og:url\" content=\"https:\/\/www.manaus.am.gov.br\/semcom\/concurso-da-semmas-com-30-vagas\/\" \/>\n<meta property=\"og:site_name\" content=\"SEMCOM\" \/>\n<meta property=\"article:published_time\" content=\"2025-11-05T20:01:05+00:00\" \/>\n<meta property=\"article:modified_time\" content=\"2025-11-05T20:01:06+00:00\" \/>\n<meta property=\"og:image\" content=\"https:\/\/www.manaus.am.gov.br\/semcom\/wp-content\/uploads\/sites\/5\/2025\/11\/concurso-da-Semmas-3.jpeg\" \/>\n\t<meta property=\"og:image:width\" content=\"4160\" \/>\n\t<meta property=\"og:image:height\" content=\"2773\" \/>\n\t<meta property=\"og:image:type\" content=\"image\/jpeg\" \/>\n<meta name=\"author\" content=\"Thiago Fernando\" \/>\n<meta name=\"twitter:card\" content=\"summary_large_image\" \/>\n<meta name=\"twitter:label1\" content=\"Written by\" \/>\n\t<meta name=\"twitter:data1\" content=\"Thiago Fernando\" \/>\n\t<meta name=\"twitter:label2\" content=\"Est. reading time\" \/>\n\t<meta name=\"twitter:data2\" content=\"3 minutos\" \/>\n<script type=\"application\/ld+json\" class=\"yoast-schema-graph\">{\"@context\":\"https:\/\/schema.org\",\"@graph\":[{\"@type\":\"WebPage\",\"@id\":\"https:\/\/www.manaus.am.gov.br\/semcom\/concurso-da-semmas-com-30-vagas\/\",\"url\":\"https:\/\/www.manaus.am.gov.br\/semcom\/concurso-da-semmas-com-30-vagas\/\",\"name\":\"David anuncia edital de concurso da Semmas com 30 vagas\",\"isPartOf\":{\"@id\":\"https:\/\/www.manaus.am.gov.br\/semcom\/#website\"},\"primaryImageOfPage\":{\"@id\":\"https:\/\/www.manaus.am.gov.br\/semcom\/concurso-da-semmas-com-30-vagas\/#primaryimage\"},\"image\":{\"@id\":\"https:\/\/www.manaus.am.gov.br\/semcom\/concurso-da-semmas-com-30-vagas\/#primaryimage\"},\"thumbnailUrl\":\"https:\/\/www.manaus.am.gov.br\/semcom\/wp-content\/uploads\/sites\/5\/2025\/11\/concurso-da-Semmas-3.jpeg\",\"datePublished\":\"2025-11-05T20:01:05+00:00\",\"dateModified\":\"2025-11-05T20:01:06+00:00\",\"author\":{\"@id\":\"https:\/\/www.manaus.am.gov.br\/semcom\/#\/schema\/person\/a5ee5376db6e21af026374b369f30882\"},\"description\":\"David Almeida anunciou que na pr\u00f3xima sexta-feira, 7\/11, ser\u00e1 publicado o edital de concurso p\u00fablico com 30 vagas para a Semmas.\",\"inLanguage\":\"pt-BR\",\"potentialAction\":[{\"@type\":\"ReadAction\",\"target\":[\"https:\/\/www.manaus.am.gov.br\/semcom\/concurso-da-semmas-com-30-vagas\/\"]}]},{\"@type\":\"ImageObject\",\"inLanguage\":\"pt-BR\",\"@id\":\"https:\/\/www.manaus.am.gov.br\/semcom\/concurso-da-semmas-com-30-vagas\/#primaryimage\",\"url\":\"https:\/\/www.manaus.am.gov.br\/semcom\/wp-content\/uploads\/sites\/5\/2025\/11\/concurso-da-Semmas-3.jpeg\",\"contentUrl\":\"https:\/\/www.manaus.am.gov.br\/semcom\/wp-content\/uploads\/sites\/5\/2025\/11\/concurso-da-Semmas-3.jpeg\",\"width\":4160,\"height\":2773,\"caption\":\"#paratodosverem - Prefeito David Almeida ao lado do titular da Semad e subsecret\u00e1rio da Semmas.\"},{\"@type\":\"WebSite\",\"@id\":\"https:\/\/www.manaus.am.gov.br\/semcom\/#website\",\"url\":\"https:\/\/www.manaus.am.gov.br\/semcom\/\",\"name\":\"SEMCOM\",\"description\":\"Secretaria Municipal de Comunica\u00e7\u00e3o\",\"potentialAction\":[{\"@type\":\"SearchAction\",\"target\":{\"@type\":\"EntryPoint\",\"urlTemplate\":\"https:\/\/www.manaus.am.gov.br\/semcom\/?s={search_term_string}\"},\"query-input\":\"required name=search_term_string\"}],\"inLanguage\":\"pt-BR\"},{\"@type\":\"Person\",\"@id\":\"https:\/\/www.manaus.am.gov.br\/semcom\/#\/schema\/person\/a5ee5376db6e21af026374b369f30882\",\"name\":\"Thiago Fernando\",\"image\":{\"@type\":\"ImageObject\",\"inLanguage\":\"pt-BR\",\"@id\":\"https:\/\/www.manaus.am.gov.br\/semcom\/#\/schema\/person\/image\/\",\"url\":\"https:\/\/secure.gravatar.com\/avatar\/f5aab8722444041451501c077052ac07?s=96&d=mm&r=g\",\"contentUrl\":\"https:\/\/secure.gravatar.com\/avatar\/f5aab8722444041451501c077052ac07?s=96&d=mm&r=g\",\"caption\":\"Thiago Fernando\"}}]}<\/script>\n<!-- \/ Yoast SEO plugin. -->","yoast_head_json":{"title":"David anuncia edital de concurso da Semmas com 30 vagas","description":"David Almeida anunciou que na pr\u00f3xima sexta-feira, 7\/11, ser\u00e1 publicado o edital de concurso p\u00fablico com 30 vagas para a Semmas.","robots":{"index":"index","follow":"follow","max-snippet":"max-snippet:-1","max-image-preview":"max-image-preview:large","max-video-preview":"max-video-preview:-1"},"canonical":"https:\/\/www.manaus.am.gov.br\/semcom\/concurso-da-semmas-com-30-vagas\/","og_locale":"pt_BR","og_type":"article","og_title":"David anuncia edital de concurso da Semmas com 30 vagas","og_description":"David Almeida anunciou que na pr\u00f3xima sexta-feira, 7\/11, ser\u00e1 publicado o edital de concurso p\u00fablico com 30 vagas para a Semmas.","og_url":"https:\/\/www.manaus.am.gov.br\/semcom\/concurso-da-semmas-com-30-vagas\/","og_site_name":"SEMCOM","article_published_time":"2025-11-05T20:01:05+00:00","article_modified_time":"2025-11-05T20:01:06+00:00","og_image":[{"width":4160,"height":2773,"url":"https:\/\/www.manaus.am.gov.br\/semcom\/wp-content\/uploads\/sites\/5\/2025\/11\/concurso-da-Semmas-3.jpeg","type":"image\/jpeg"}],"author":"Thiago Fernando","twitter_card":"summary_large_image","twitter_misc":{"Written by":"Thiago Fernando","Est. reading time":"3 minutos"},"schema":{"@context":"https:\/\/schema.org","@graph":[{"@type":"WebPage","@id":"https:\/\/www.manaus.am.gov.br\/semcom\/concurso-da-semmas-com-30-vagas\/","url":"https:\/\/www.manaus.am.gov.br\/semcom\/concurso-da-semmas-com-30-vagas\/","name":"David anuncia edital de concurso da Semmas com 30 vagas","isPartOf":{"@id":"https:\/\/www.manaus.am.gov.br\/semcom\/#website"},"primaryImageOfPage":{"@id":"https:\/\/www.manaus.am.gov.br\/semcom\/concurso-da-semmas-com-30-vagas\/#primaryimage"},"image":{"@id":"https:\/\/www.manaus.am.gov.br\/semcom\/concurso-da-semmas-com-30-vagas\/#primaryimage"},"thumbnailUrl":"https:\/\/www.manaus.am.gov.br\/semcom\/wp-content\/uploads\/sites\/5\/2025\/11\/concurso-da-Semmas-3.jpeg","datePublished":"2025-11-05T20:01:05+00:00","dateModified":"2025-11-05T20:01:06+00:00","author":{"@id":"https:\/\/www.manaus.am.gov.br\/semcom\/#\/schema\/person\/a5ee5376db6e21af026374b369f30882"},"description":"David Almeida anunciou que na pr\u00f3xima sexta-feira, 7\/11, ser\u00e1 publicado o edital de concurso p\u00fablico com 30 vagas para a Semmas.","inLanguage":"pt-BR","potentialAction":[{"@type":"ReadAction","target":["https:\/\/www.manaus.am.gov.br\/semcom\/concurso-da-semmas-com-30-vagas\/"]}]},{"@type":"ImageObject","inLanguage":"pt-BR","@id":"https:\/\/www.manaus.am.gov.br\/semcom\/concurso-da-semmas-com-30-vagas\/#primaryimage","url":"https:\/\/www.manaus.am.gov.br\/semcom\/wp-content\/uploads\/sites\/5\/2025\/11\/concurso-da-Semmas-3.jpeg","contentUrl":"https:\/\/www.manaus.am.gov.br\/semcom\/wp-content\/uploads\/sites\/5\/2025\/11\/concurso-da-Semmas-3.jpeg","width":4160,"height":2773,"caption":"#paratodosverem - Prefeito David Almeida ao lado do titular da Semad e subsecret\u00e1rio da Semmas."},{"@type":"WebSite","@id":"https:\/\/www.manaus.am.gov.br\/semcom\/#website","url":"https:\/\/www.manaus.am.gov.br\/semcom\/","name":"SEMCOM","description":"Secretaria Municipal de Comunica\u00e7\u00e3o","potentialAction":[{"@type":"SearchAction","target":{"@type":"EntryPoint","urlTemplate":"https:\/\/www.manaus.am.gov.br\/semcom\/?s={search_term_string}"},"query-input":"required name=search_term_string"}],"inLanguage":"pt-BR"},{"@type":"Person","@id":"https:\/\/www.manaus.am.gov.br\/semcom\/#\/schema\/person\/a5ee5376db6e21af026374b369f30882","name":"Thiago Fernando","image":{"@type":"ImageObject","inLanguage":"pt-BR","@id":"https:\/\/www.manaus.am.gov.br\/semcom\/#\/schema\/person\/image\/","url":"https:\/\/secure.gravatar.com\/avatar\/f5aab8722444041451501c077052ac07?s=96&d=mm&r=g","contentUrl":"https:\/\/secure.gravatar.com\/avatar\/f5aab8722444041451501c077052ac07?s=96&d=mm&r=g","caption":"Thiago Fernando"}}]}},"_links":{"self":[{"href":"https:\/\/www.manaus.am.gov.br\/semcom\/wp-json\/wp\/v2\/posts\/248070"}],"collection":[{"href":"https:\/\/www.manaus.am.gov.br\/semcom\/wp-json\/wp\/v2\/posts"}],"about":[{"href":"https:\/\/www.manaus.am.gov.br\/semcom\/wp-json\/wp\/v2\/types\/post"}],"author":[{"embeddable":true,"href":"https:\/\/www.manaus.am.gov.br\/semcom\/wp-json\/wp\/v2\/users\/57"}],"replies":[{"embeddable":true,"href":"https:\/\/www.manaus.am.gov.br\/semcom\/wp-json\/wp\/v2\/comments?post=248070"}],"version-history":[{"count":0,"href":"https:\/\/www.manaus.am.gov.br\/semcom\/wp-json\/wp\/v2\/posts\/248070\/revisions"}],"wp:featuredmedia":[{"embeddable":true,"href":"https:\/\/www.manaus.am.gov.br\/semcom\/wp-json\/wp\/v2\/media\/248071"}],"wp:attachment":[{"href":"https:\/\/www.manaus.am.gov.br\/semcom\/wp-json\/wp\/v2\/media?parent=248070"}],"wp:term":[{"taxonomy":"category","embeddable":true,"href":"https:\/\/www.manaus.am.gov.br\/semcom\/wp-json\/wp\/v2\/categories?post=248070"},{"taxonomy":"post_tag","embeddable":true,"href":"https:\/\/www.manaus.am.gov.br\/semcom\/wp-json\/wp\/v2\/tags?post=248070"}],"curies":[{"name":"wp","href":"https:\/\/api.w.org\/{rel}","templated":true}]}}