{"id":248063,"date":"2025-11-05T15:49:41","date_gmt":"2025-11-05T19:49:41","guid":{"rendered":"https:\/\/www.manaus.am.gov.br\/semcom\/plano-de-verao-riacho-doce\/"},"modified":"2025-11-05T16:50:24","modified_gmt":"2025-11-05T19:50:24","slug":"plano-de-verao-riacho-doce","status":"publish","type":"post","link":"https:\/\/www.manaus.am.gov.br\/semcom\/plano-de-verao-riacho-doce\/","title":{"rendered":"Prefeitura de Manaus impulsiona obras do \u2018Plano de Ver\u00e3o\u2019 no conjunto Riacho Doce"},"content":{"rendered":"\n<p>A Prefeitura de Manaus, por meio da Secretaria Municipal de Infraestrutura (Seminf), impulsiona, nesta quarta-feira, 5\/11, as obras de manuten\u00e7\u00e3o asf\u00e1ltica nas ruas Jo\u00e3o Bosco Ramos de Lima e Santa Isabel, localizadas no conjunto Riacho Doce, bairro Cidade Nova, zona Norte da capital.<\/p>\n\n\n\n<p><br>O vice-prefeito e secret\u00e1rio de Obras, Renato Junior, enfatiza que a gest\u00e3o municipal sempre est\u00e1 atenta \u00e0s necessidades do bairro Cidade Nova.<br><br>\u201cN\u00f3s da gest\u00e3o do prefeito David Almeida entramos em um bairro para fazer a diferen\u00e7a. Aqui no bairro Cidade Nova, o prefeito revitalizou complexos esportivos, ruas com asfalto, servi\u00e7os de drenagens e continuamos dando essa aten\u00e7\u00e3o necess\u00e1ria por meio das obras de reparo do Plano de Ver\u00e3o\u201d, afirma.<\/p>\n\n\n\n<p><br>O \u201cPlano de Ver\u00e3o\u201d refor\u00e7a a presen\u00e7a da Prefeitura de Manaus nas ruas, levando servi\u00e7os essenciais que impactam diretamente na rotina da popula\u00e7\u00e3o. A dona de casa e moradora da rua Jo\u00e3o Bosco, Maria Nascimento, de 59 anos, relata que esse asfalto \u00e9 um sonho sendo realizado.<\/p>\n\n\n\n<p><br>\u201cEsse asfalto que est\u00e1 sendo colocado aqui no Riacho Doce 2 \u00e9 um sonho, vai fazer uma grande diferen\u00e7a na minha rotina e dos vizinhos. Agradecemos ao prefeito David Almeida e ao vice Renato Junior\u201d, celebra a moradora.<\/p>\n\n\n\n<p><br>Com planejamento, compromisso e ritmo intenso de trabalho, a Prefeitura de Manaus avan\u00e7a na infraestrutura da zona Norte. A comerciante Nazar\u00e9 Queiroz, de 63 anos, que mora na rua Santa Isabel, compartilha que a Prefeitura de Manaus prometeu e cumpriu as melhorias de infraestrutura na sua \u00e1rea.<\/p>\n\n\n\n<p><br>\u201cAs equipes da Prefeitura de Manaus vieram aqui na rua prometeram e fizeram um \u00f3timo trabalho. Eu s\u00f3 tenho a agradecer ao prefeito David Almeida e ao vice Renato Junior, e vamos fazer uma festa para comemorar o novo asfalto aqui da minha rua\u201d, finalizou a moradora.<\/p>\n\n\n\n<figure class=\"wp-block-image size-full\"><img loading=\"lazy\" decoding=\"async\" width=\"872\" height=\"486\" src=\"https:\/\/www.manaus.am.gov.br\/semcom\/wp-content\/uploads\/sites\/5\/2025\/11\/Servicos-4.jpeg\" alt=\"\" class=\"wp-image-248066\" srcset=\"https:\/\/www.manaus.am.gov.br\/semcom\/wp-content\/uploads\/sites\/5\/2025\/11\/Servicos-4.jpeg 872w, https:\/\/www.manaus.am.gov.br\/semcom\/wp-content\/uploads\/sites\/5\/2025\/11\/Servicos-4-300x167.jpeg 300w, https:\/\/www.manaus.am.gov.br\/semcom\/wp-content\/uploads\/sites\/5\/2025\/11\/Servicos-4-768x428.jpeg 768w\" sizes=\"(max-width: 872px) 100vw, 872px\" \/><\/figure>\n\n\n\n<p>&#8212; &#8212; &#8212;<\/p>\n\n\n\n<p><strong>Texto<\/strong>\u00a0&#8211; Rayana Coutinho\/Seminf<\/p>\n\n\n\n<p><strong>Fotos<\/strong> &#8211; Alessandro Ara\u00fajo\/Seminf<\/p>\n\n\n\n<p> <\/p>\n","protected":false},"excerpt":{"rendered":"","protected":false},"author":39,"featured_media":248064,"comment_status":"closed","ping_status":"closed","sticky":false,"template":"","format":"standard","meta":{"footnotes":""},"categories":[90],"tags":[321,5141,17721,77,17791,33],"acf":[],"yoast_head":"<!-- This site is optimized with the Yoast SEO plugin v23.0 - https:\/\/yoast.com\/wordpress\/plugins\/seo\/ -->\n<title>Obras do \u2018Plano de Ver\u00e3o\u2019 no conjunto Riacho Doce<\/title>\n<meta name=\"description\" content=\"Prefeitura de Manaus, por meio da Seminf, impulsiona obras do \u2018Plano de Ver\u00e3o\u2019 no conjunto Riacho Doce, nesta quarta-feira, 5\/11.\" \/>\n<meta name=\"robots\" content=\"index, follow, max-snippet:-1, max-image-preview:large, max-video-preview:-1\" \/>\n<link rel=\"canonical\" href=\"https:\/\/www.manaus.am.gov.br\/semcom\/plano-de-verao-riacho-doce\/\" \/>\n<meta property=\"og:locale\" content=\"pt_BR\" \/>\n<meta property=\"og:type\" content=\"article\" \/>\n<meta property=\"og:title\" content=\"Obras do \u2018Plano de Ver\u00e3o\u2019 no conjunto Riacho Doce\" \/>\n<meta property=\"og:description\" content=\"Prefeitura de Manaus, por meio da Seminf, impulsiona obras do \u2018Plano de Ver\u00e3o\u2019 no conjunto Riacho Doce, nesta quarta-feira, 5\/11.\" \/>\n<meta property=\"og:url\" content=\"https:\/\/www.manaus.am.gov.br\/semcom\/plano-de-verao-riacho-doce\/\" \/>\n<meta property=\"og:site_name\" content=\"SEMCOM\" \/>\n<meta property=\"article:published_time\" content=\"2025-11-05T19:49:41+00:00\" \/>\n<meta property=\"article:modified_time\" content=\"2025-11-05T19:50:24+00:00\" \/>\n<meta property=\"og:image\" content=\"https:\/\/www.manaus.am.gov.br\/semcom\/wp-content\/uploads\/sites\/5\/2025\/11\/Servicos-5.jpeg\" \/>\n\t<meta property=\"og:image:width\" content=\"1600\" \/>\n\t<meta property=\"og:image:height\" content=\"900\" \/>\n\t<meta property=\"og:image:type\" content=\"image\/jpeg\" \/>\n<meta name=\"author\" content=\"Bruna Greco\" \/>\n<meta name=\"twitter:card\" content=\"summary_large_image\" \/>\n<meta name=\"twitter:label1\" content=\"Written by\" \/>\n\t<meta name=\"twitter:data1\" content=\"Bruna Greco\" \/>\n\t<meta name=\"twitter:label2\" content=\"Est. reading time\" \/>\n\t<meta name=\"twitter:data2\" content=\"3 minutos\" \/>\n<script type=\"application\/ld+json\" class=\"yoast-schema-graph\">{\"@context\":\"https:\/\/schema.org\",\"@graph\":[{\"@type\":\"WebPage\",\"@id\":\"https:\/\/www.manaus.am.gov.br\/semcom\/plano-de-verao-riacho-doce\/\",\"url\":\"https:\/\/www.manaus.am.gov.br\/semcom\/plano-de-verao-riacho-doce\/\",\"name\":\"Obras do \u2018Plano de Ver\u00e3o\u2019 no conjunto Riacho Doce\",\"isPartOf\":{\"@id\":\"https:\/\/www.manaus.am.gov.br\/semcom\/#website\"},\"primaryImageOfPage\":{\"@id\":\"https:\/\/www.manaus.am.gov.br\/semcom\/plano-de-verao-riacho-doce\/#primaryimage\"},\"image\":{\"@id\":\"https:\/\/www.manaus.am.gov.br\/semcom\/plano-de-verao-riacho-doce\/#primaryimage\"},\"thumbnailUrl\":\"https:\/\/www.manaus.am.gov.br\/semcom\/wp-content\/uploads\/sites\/5\/2025\/11\/Servicos-5.jpeg\",\"datePublished\":\"2025-11-05T19:49:41+00:00\",\"dateModified\":\"2025-11-05T19:50:24+00:00\",\"author\":{\"@id\":\"https:\/\/www.manaus.am.gov.br\/semcom\/#\/schema\/person\/05d223aea2bf115f9883a6ff3683d81b\"},\"description\":\"Prefeitura de Manaus, por meio da Seminf, impulsiona obras do \u2018Plano de Ver\u00e3o\u2019 no conjunto Riacho Doce, nesta quarta-feira, 5\/11.\",\"inLanguage\":\"pt-BR\",\"potentialAction\":[{\"@type\":\"ReadAction\",\"target\":[\"https:\/\/www.manaus.am.gov.br\/semcom\/plano-de-verao-riacho-doce\/\"]}]},{\"@type\":\"ImageObject\",\"inLanguage\":\"pt-BR\",\"@id\":\"https:\/\/www.manaus.am.gov.br\/semcom\/plano-de-verao-riacho-doce\/#primaryimage\",\"url\":\"https:\/\/www.manaus.am.gov.br\/semcom\/wp-content\/uploads\/sites\/5\/2025\/11\/Servicos-5.jpeg\",\"contentUrl\":\"https:\/\/www.manaus.am.gov.br\/semcom\/wp-content\/uploads\/sites\/5\/2025\/11\/Servicos-5.jpeg\",\"width\":1600,\"height\":900,\"caption\":\"#paratodosverem - Via do conjunto Riacho Doce, no bairro Cidade Nova, recebendo manuten\u00e7\u00e3o asf\u00e1ltica do \\\"Plano de Ver\u00e3o\\\"\"},{\"@type\":\"WebSite\",\"@id\":\"https:\/\/www.manaus.am.gov.br\/semcom\/#website\",\"url\":\"https:\/\/www.manaus.am.gov.br\/semcom\/\",\"name\":\"SEMCOM\",\"description\":\"Secretaria Municipal de Comunica\u00e7\u00e3o\",\"potentialAction\":[{\"@type\":\"SearchAction\",\"target\":{\"@type\":\"EntryPoint\",\"urlTemplate\":\"https:\/\/www.manaus.am.gov.br\/semcom\/?s={search_term_string}\"},\"query-input\":\"required name=search_term_string\"}],\"inLanguage\":\"pt-BR\"},{\"@type\":\"Person\",\"@id\":\"https:\/\/www.manaus.am.gov.br\/semcom\/#\/schema\/person\/05d223aea2bf115f9883a6ff3683d81b\",\"name\":\"Bruna Greco\",\"image\":{\"@type\":\"ImageObject\",\"inLanguage\":\"pt-BR\",\"@id\":\"https:\/\/www.manaus.am.gov.br\/semcom\/#\/schema\/person\/image\/\",\"url\":\"https:\/\/secure.gravatar.com\/avatar\/9c877d1a6adc2a055330e5c09a8653ce?s=96&d=mm&r=g\",\"contentUrl\":\"https:\/\/secure.gravatar.com\/avatar\/9c877d1a6adc2a055330e5c09a8653ce?s=96&d=mm&r=g\",\"caption\":\"Bruna Greco\"}}]}<\/script>\n<!-- \/ Yoast SEO plugin. -->","yoast_head_json":{"title":"Obras do \u2018Plano de Ver\u00e3o\u2019 no conjunto Riacho Doce","description":"Prefeitura de Manaus, por meio da Seminf, impulsiona obras do \u2018Plano de Ver\u00e3o\u2019 no conjunto Riacho Doce, nesta quarta-feira, 5\/11.","robots":{"index":"index","follow":"follow","max-snippet":"max-snippet:-1","max-image-preview":"max-image-preview:large","max-video-preview":"max-video-preview:-1"},"canonical":"https:\/\/www.manaus.am.gov.br\/semcom\/plano-de-verao-riacho-doce\/","og_locale":"pt_BR","og_type":"article","og_title":"Obras do \u2018Plano de Ver\u00e3o\u2019 no conjunto Riacho Doce","og_description":"Prefeitura de Manaus, por meio da Seminf, impulsiona obras do \u2018Plano de Ver\u00e3o\u2019 no conjunto Riacho Doce, nesta quarta-feira, 5\/11.","og_url":"https:\/\/www.manaus.am.gov.br\/semcom\/plano-de-verao-riacho-doce\/","og_site_name":"SEMCOM","article_published_time":"2025-11-05T19:49:41+00:00","article_modified_time":"2025-11-05T19:50:24+00:00","og_image":[{"width":1600,"height":900,"url":"https:\/\/www.manaus.am.gov.br\/semcom\/wp-content\/uploads\/sites\/5\/2025\/11\/Servicos-5.jpeg","type":"image\/jpeg"}],"author":"Bruna Greco","twitter_card":"summary_large_image","twitter_misc":{"Written by":"Bruna Greco","Est. reading time":"3 minutos"},"schema":{"@context":"https:\/\/schema.org","@graph":[{"@type":"WebPage","@id":"https:\/\/www.manaus.am.gov.br\/semcom\/plano-de-verao-riacho-doce\/","url":"https:\/\/www.manaus.am.gov.br\/semcom\/plano-de-verao-riacho-doce\/","name":"Obras do \u2018Plano de Ver\u00e3o\u2019 no conjunto Riacho Doce","isPartOf":{"@id":"https:\/\/www.manaus.am.gov.br\/semcom\/#website"},"primaryImageOfPage":{"@id":"https:\/\/www.manaus.am.gov.br\/semcom\/plano-de-verao-riacho-doce\/#primaryimage"},"image":{"@id":"https:\/\/www.manaus.am.gov.br\/semcom\/plano-de-verao-riacho-doce\/#primaryimage"},"thumbnailUrl":"https:\/\/www.manaus.am.gov.br\/semcom\/wp-content\/uploads\/sites\/5\/2025\/11\/Servicos-5.jpeg","datePublished":"2025-11-05T19:49:41+00:00","dateModified":"2025-11-05T19:50:24+00:00","author":{"@id":"https:\/\/www.manaus.am.gov.br\/semcom\/#\/schema\/person\/05d223aea2bf115f9883a6ff3683d81b"},"description":"Prefeitura de Manaus, por meio da Seminf, impulsiona obras do \u2018Plano de Ver\u00e3o\u2019 no conjunto Riacho Doce, nesta quarta-feira, 5\/11.","inLanguage":"pt-BR","potentialAction":[{"@type":"ReadAction","target":["https:\/\/www.manaus.am.gov.br\/semcom\/plano-de-verao-riacho-doce\/"]}]},{"@type":"ImageObject","inLanguage":"pt-BR","@id":"https:\/\/www.manaus.am.gov.br\/semcom\/plano-de-verao-riacho-doce\/#primaryimage","url":"https:\/\/www.manaus.am.gov.br\/semcom\/wp-content\/uploads\/sites\/5\/2025\/11\/Servicos-5.jpeg","contentUrl":"https:\/\/www.manaus.am.gov.br\/semcom\/wp-content\/uploads\/sites\/5\/2025\/11\/Servicos-5.jpeg","width":1600,"height":900,"caption":"#paratodosverem - Via do conjunto Riacho Doce, no bairro Cidade Nova, recebendo manuten\u00e7\u00e3o asf\u00e1ltica do \"Plano de Ver\u00e3o\""},{"@type":"WebSite","@id":"https:\/\/www.manaus.am.gov.br\/semcom\/#website","url":"https:\/\/www.manaus.am.gov.br\/semcom\/","name":"SEMCOM","description":"Secretaria Municipal de Comunica\u00e7\u00e3o","potentialAction":[{"@type":"SearchAction","target":{"@type":"EntryPoint","urlTemplate":"https:\/\/www.manaus.am.gov.br\/semcom\/?s={search_term_string}"},"query-input":"required name=search_term_string"}],"inLanguage":"pt-BR"},{"@type":"Person","@id":"https:\/\/www.manaus.am.gov.br\/semcom\/#\/schema\/person\/05d223aea2bf115f9883a6ff3683d81b","name":"Bruna Greco","image":{"@type":"ImageObject","inLanguage":"pt-BR","@id":"https:\/\/www.manaus.am.gov.br\/semcom\/#\/schema\/person\/image\/","url":"https:\/\/secure.gravatar.com\/avatar\/9c877d1a6adc2a055330e5c09a8653ce?s=96&d=mm&r=g","contentUrl":"https:\/\/secure.gravatar.com\/avatar\/9c877d1a6adc2a055330e5c09a8653ce?s=96&d=mm&r=g","caption":"Bruna Greco"}}]}},"_links":{"self":[{"href":"https:\/\/www.manaus.am.gov.br\/semcom\/wp-json\/wp\/v2\/posts\/248063"}],"collection":[{"href":"https:\/\/www.manaus.am.gov.br\/semcom\/wp-json\/wp\/v2\/posts"}],"about":[{"href":"https:\/\/www.manaus.am.gov.br\/semcom\/wp-json\/wp\/v2\/types\/post"}],"author":[{"embeddable":true,"href":"https:\/\/www.manaus.am.gov.br\/semcom\/wp-json\/wp\/v2\/users\/39"}],"replies":[{"embeddable":true,"href":"https:\/\/www.manaus.am.gov.br\/semcom\/wp-json\/wp\/v2\/comments?post=248063"}],"version-history":[{"count":2,"href":"https:\/\/www.manaus.am.gov.br\/semcom\/wp-json\/wp\/v2\/posts\/248063\/revisions"}],"predecessor-version":[{"id":248067,"href":"https:\/\/www.manaus.am.gov.br\/semcom\/wp-json\/wp\/v2\/posts\/248063\/revisions\/248067"}],"wp:featuredmedia":[{"embeddable":true,"href":"https:\/\/www.manaus.am.gov.br\/semcom\/wp-json\/wp\/v2\/media\/248064"}],"wp:attachment":[{"href":"https:\/\/www.manaus.am.gov.br\/semcom\/wp-json\/wp\/v2\/media?parent=248063"}],"wp:term":[{"taxonomy":"category","embeddable":true,"href":"https:\/\/www.manaus.am.gov.br\/semcom\/wp-json\/wp\/v2\/categories?post=248063"},{"taxonomy":"post_tag","embeddable":true,"href":"https:\/\/www.manaus.am.gov.br\/semcom\/wp-json\/wp\/v2\/tags?post=248063"}],"curies":[{"name":"wp","href":"https:\/\/api.w.org\/{rel}","templated":true}]}}