{"id":247986,"date":"2025-11-04T16:25:01","date_gmt":"2025-11-04T20:25:01","guid":{"rendered":"https:\/\/www.manaus.am.gov.br\/semcom\/pesquisa-procon-manaus\/"},"modified":"2025-11-04T16:25:01","modified_gmt":"2025-11-04T20:25:01","slug":"pesquisa-procon-manaus","status":"publish","type":"post","link":"https:\/\/www.manaus.am.gov.br\/semcom\/pesquisa-procon-manaus\/","title":{"rendered":"Pesquisa do Procon Manaus aponta nova redu\u00e7\u00e3o no valor m\u00e9dio da cesta b\u00e1sica em novembro"},"content":{"rendered":"\n<p>A Prefeitura de Manaus, por meio do Servi\u00e7o de Atendimento e Prote\u00e7\u00e3o ao Consumidor (Procon Manaus), realizou, na segunda-feira, 3\/11, a pesquisa mensal de pre\u00e7os da cesta b\u00e1sica em supermercados da capital. O levantamento tem o objetivo de acompanhar a varia\u00e7\u00e3o dos pre\u00e7os praticados e oferecer aos consumidores informa\u00e7\u00f5es atualizadas que auxiliem no planejamento das compras e na economia dom\u00e9stica.<\/p>\n\n\n\n<p>Conduzida pela Divis\u00e3o de Fiscaliza\u00e7\u00e3o do \u00f3rg\u00e3o, a pesquisa avaliou 16 produtos, totalizando 36 itens, em dez estabelecimentos comerciais de Manaus: Nova Era, Barat\u00e3o da Carne, Coema, Veneza, DB, Rodrigues, Assa\u00ed, Carrefour, Atacad\u00e3o e Vit\u00f3ria. A metodologia utilizada segue as diretrizes do Departamento Intersindical de Estat\u00edstica e Estudos Socioecon\u00f4micos (Dieese) e o Decreto Federal n\u00ba 11.936\/2024, que define a composi\u00e7\u00e3o da cesta b\u00e1sica nacional no \u00e2mbito da Pol\u00edtica de Seguran\u00e7a Alimentar e Nutricional.<\/p>\n\n\n\n<p>De acordo com o levantamento, o valor m\u00e9dio da cesta b\u00e1sica na capital ficou em R$259,77, representando uma queda de 5,84% em rela\u00e7\u00e3o ao m\u00eas anterior. O Supermercado Vit\u00f3ria apresentou o menor valor, com R$224,72, enquanto o Carrefour registrou o pre\u00e7o mais alto, de R$309,42, uma diferen\u00e7a de R$84,70 entre os dois estabelecimentos.<\/p>\n\n\n\n<p>Entre os produtos que apresentaram maior varia\u00e7\u00e3o de pre\u00e7os, o mam\u00e3o se destacou com uma diferen\u00e7a de 60%, sendo encontrado entre R$3,99 e R$9,99 o quilo. O arroz branco tipo 1 apresentou varia\u00e7\u00e3o de 32,63% (R$2,89 a R$4,29), e o caf\u00e9 teve redu\u00e7\u00e3o de 19,48%, variando de R$11,99 a R$14,89. J\u00e1 o leite em p\u00f3 integral registrou varia\u00e7\u00e3o de 43,11%, com pre\u00e7os entre R$12,99 e R$18,59.<\/p>\n\n\n\n<p>A presidente do Procon Manaus, Onilda Abreu, destacou que o acompanhamento cont\u00ednuo dos pre\u00e7os \u00e9 fundamental para garantir a transpar\u00eancia nas rela\u00e7\u00f5es de consumo. \u201cA pesquisa mensal garante ao consumidor acesso a informa\u00e7\u00f5es confi\u00e1veis, permitindo que ele planeje suas compras com mais seguran\u00e7a e encontre as melhores oportunidades de economia nos supermercados da cidade\u201d, afirmou.<\/p>\n\n\n\n<p>Nos \u00faltimos tr\u00eas meses, a pesquisa mostra uma tend\u00eancia de queda nos menores valores da cesta b\u00e1sica em Manaus: R$246,02 em setembro, R$238,67 em outubro e R$224,72 em novembro. O Procon Manaus refor\u00e7a que os pre\u00e7os refletem o cen\u00e1rio verificado no dia da coleta e podem sofrer altera\u00e7\u00f5es em fun\u00e7\u00e3o de promo\u00e7\u00f5es, ofertas e disponibilidade dos produtos.<\/p>\n\n\n\n<div data-wp-interactive=\"\" class=\"wp-block-file\"><object data-wp-bind--hidden=\"!selectors.core.file.hasPdfPreview\" hidden class=\"wp-block-file__embed\" data=\"https:\/\/www.manaus.am.gov.br\/semcom\/wp-content\/uploads\/sites\/5\/2025\/11\/CESTA-BASICA-NOV-2025.pdf\" type=\"application\/pdf\" style=\"width:100%;height:600px\" aria-label=\"Incorporado de CESTA-BASICA-NOV-2025.\"><\/object><a id=\"wp-block-file--media-4e4497ba-3041-4642-88e4-69ce5595ab0a\" href=\"https:\/\/www.manaus.am.gov.br\/semcom\/wp-content\/uploads\/sites\/5\/2025\/11\/CESTA-BASICA-NOV-2025.pdf\">CESTA-BASICA-NOV-2025<\/a><a href=\"https:\/\/www.manaus.am.gov.br\/semcom\/wp-content\/uploads\/sites\/5\/2025\/11\/CESTA-BASICA-NOV-2025.pdf\" class=\"wp-block-file__button wp-element-button\" download aria-describedby=\"wp-block-file--media-4e4497ba-3041-4642-88e4-69ce5595ab0a\">Baixar<\/a><\/div>\n\n\n\n<p>&#8212; &#8212; &#8212;<br><strong>Texto &#8211;<\/strong> Lara Bernardes \/ Procon<br><strong>Fotos &#8211; <\/strong>Divulga\u00e7\u00e3o \/ Procon<\/p>\n","protected":false},"excerpt":{"rendered":"","protected":false},"author":68,"featured_media":247988,"comment_status":"closed","ping_status":"closed","sticky":false,"template":"","format":"standard","meta":{"footnotes":""},"categories":[9823],"tags":[10983,5985,17768,77,9825],"acf":[],"yoast_head":"<!-- This site is optimized with the Yoast SEO plugin v23.0 - https:\/\/yoast.com\/wordpress\/plugins\/seo\/ -->\n<title>Pesquisa aponta nova redu\u00e7\u00e3o no valor m\u00e9dio da cesta b\u00e1sica<\/title>\n<meta name=\"description\" content=\"A Prefeitura de Manaus realizou, na segunda-feira, 3\/11, a pesquisa mensal de pre\u00e7os da cesta b\u00e1sica em supermercados da capital.\" \/>\n<meta name=\"robots\" content=\"index, follow, max-snippet:-1, max-image-preview:large, max-video-preview:-1\" \/>\n<link rel=\"canonical\" href=\"https:\/\/www.manaus.am.gov.br\/semcom\/pesquisa-procon-manaus\/\" \/>\n<meta property=\"og:locale\" content=\"pt_BR\" \/>\n<meta property=\"og:type\" content=\"article\" \/>\n<meta property=\"og:title\" content=\"Pesquisa aponta nova redu\u00e7\u00e3o no valor m\u00e9dio da cesta b\u00e1sica\" \/>\n<meta property=\"og:description\" content=\"A Prefeitura de Manaus realizou, na segunda-feira, 3\/11, a pesquisa mensal de pre\u00e7os da cesta b\u00e1sica em supermercados da capital.\" \/>\n<meta property=\"og:url\" content=\"https:\/\/www.manaus.am.gov.br\/semcom\/pesquisa-procon-manaus\/\" \/>\n<meta property=\"og:site_name\" content=\"SEMCOM\" \/>\n<meta property=\"article:published_time\" content=\"2025-11-04T20:25:01+00:00\" \/>\n<meta property=\"og:image\" content=\"https:\/\/www.manaus.am.gov.br\/semcom\/wp-content\/uploads\/sites\/5\/2025\/11\/IMG_5051.jpg\" \/>\n\t<meta property=\"og:image:width\" content=\"960\" \/>\n\t<meta property=\"og:image:height\" content=\"720\" \/>\n\t<meta property=\"og:image:type\" content=\"image\/jpeg\" \/>\n<meta name=\"author\" content=\"bvalente\" \/>\n<meta name=\"twitter:card\" content=\"summary_large_image\" \/>\n<meta name=\"twitter:label1\" content=\"Written by\" \/>\n\t<meta name=\"twitter:data1\" content=\"bvalente\" \/>\n\t<meta name=\"twitter:label2\" content=\"Est. reading time\" \/>\n\t<meta name=\"twitter:data2\" content=\"3 minutos\" \/>\n<script type=\"application\/ld+json\" class=\"yoast-schema-graph\">{\"@context\":\"https:\/\/schema.org\",\"@graph\":[{\"@type\":\"WebPage\",\"@id\":\"https:\/\/www.manaus.am.gov.br\/semcom\/pesquisa-procon-manaus\/\",\"url\":\"https:\/\/www.manaus.am.gov.br\/semcom\/pesquisa-procon-manaus\/\",\"name\":\"Pesquisa aponta nova redu\u00e7\u00e3o no valor m\u00e9dio da cesta b\u00e1sica\",\"isPartOf\":{\"@id\":\"https:\/\/www.manaus.am.gov.br\/semcom\/#website\"},\"primaryImageOfPage\":{\"@id\":\"https:\/\/www.manaus.am.gov.br\/semcom\/pesquisa-procon-manaus\/#primaryimage\"},\"image\":{\"@id\":\"https:\/\/www.manaus.am.gov.br\/semcom\/pesquisa-procon-manaus\/#primaryimage\"},\"thumbnailUrl\":\"https:\/\/www.manaus.am.gov.br\/semcom\/wp-content\/uploads\/sites\/5\/2025\/11\/IMG_5051.jpg\",\"datePublished\":\"2025-11-04T20:25:01+00:00\",\"dateModified\":\"2025-11-04T20:25:01+00:00\",\"author\":{\"@id\":\"https:\/\/www.manaus.am.gov.br\/semcom\/#\/schema\/person\/466a0e03ae4b6062809046bd560ac955\"},\"description\":\"A Prefeitura de Manaus realizou, na segunda-feira, 3\/11, a pesquisa mensal de pre\u00e7os da cesta b\u00e1sica em supermercados da capital.\",\"inLanguage\":\"pt-BR\",\"potentialAction\":[{\"@type\":\"ReadAction\",\"target\":[\"https:\/\/www.manaus.am.gov.br\/semcom\/pesquisa-procon-manaus\/\"]}]},{\"@type\":\"ImageObject\",\"inLanguage\":\"pt-BR\",\"@id\":\"https:\/\/www.manaus.am.gov.br\/semcom\/pesquisa-procon-manaus\/#primaryimage\",\"url\":\"https:\/\/www.manaus.am.gov.br\/semcom\/wp-content\/uploads\/sites\/5\/2025\/11\/IMG_5051.jpg\",\"contentUrl\":\"https:\/\/www.manaus.am.gov.br\/semcom\/wp-content\/uploads\/sites\/5\/2025\/11\/IMG_5051.jpg\",\"width\":960,\"height\":720,\"caption\":\"#paratodosverem \u2013 Fiscais do Procon realizando pesquisa de pre\u00e7os\"},{\"@type\":\"WebSite\",\"@id\":\"https:\/\/www.manaus.am.gov.br\/semcom\/#website\",\"url\":\"https:\/\/www.manaus.am.gov.br\/semcom\/\",\"name\":\"SEMCOM\",\"description\":\"Secretaria Municipal de Comunica\u00e7\u00e3o\",\"potentialAction\":[{\"@type\":\"SearchAction\",\"target\":{\"@type\":\"EntryPoint\",\"urlTemplate\":\"https:\/\/www.manaus.am.gov.br\/semcom\/?s={search_term_string}\"},\"query-input\":\"required name=search_term_string\"}],\"inLanguage\":\"pt-BR\"},{\"@type\":\"Person\",\"@id\":\"https:\/\/www.manaus.am.gov.br\/semcom\/#\/schema\/person\/466a0e03ae4b6062809046bd560ac955\",\"name\":\"bvalente\",\"image\":{\"@type\":\"ImageObject\",\"inLanguage\":\"pt-BR\",\"@id\":\"https:\/\/www.manaus.am.gov.br\/semcom\/#\/schema\/person\/image\/\",\"url\":\"https:\/\/secure.gravatar.com\/avatar\/3e69bc2b014bdad41adfec3a39de07d2?s=96&d=mm&r=g\",\"contentUrl\":\"https:\/\/secure.gravatar.com\/avatar\/3e69bc2b014bdad41adfec3a39de07d2?s=96&d=mm&r=g\",\"caption\":\"bvalente\"}}]}<\/script>\n<!-- \/ Yoast SEO plugin. -->","yoast_head_json":{"title":"Pesquisa aponta nova redu\u00e7\u00e3o no valor m\u00e9dio da cesta b\u00e1sica","description":"A Prefeitura de Manaus realizou, na segunda-feira, 3\/11, a pesquisa mensal de pre\u00e7os da cesta b\u00e1sica em supermercados da capital.","robots":{"index":"index","follow":"follow","max-snippet":"max-snippet:-1","max-image-preview":"max-image-preview:large","max-video-preview":"max-video-preview:-1"},"canonical":"https:\/\/www.manaus.am.gov.br\/semcom\/pesquisa-procon-manaus\/","og_locale":"pt_BR","og_type":"article","og_title":"Pesquisa aponta nova redu\u00e7\u00e3o no valor m\u00e9dio da cesta b\u00e1sica","og_description":"A Prefeitura de Manaus realizou, na segunda-feira, 3\/11, a pesquisa mensal de pre\u00e7os da cesta b\u00e1sica em supermercados da capital.","og_url":"https:\/\/www.manaus.am.gov.br\/semcom\/pesquisa-procon-manaus\/","og_site_name":"SEMCOM","article_published_time":"2025-11-04T20:25:01+00:00","og_image":[{"width":960,"height":720,"url":"https:\/\/www.manaus.am.gov.br\/semcom\/wp-content\/uploads\/sites\/5\/2025\/11\/IMG_5051.jpg","type":"image\/jpeg"}],"author":"bvalente","twitter_card":"summary_large_image","twitter_misc":{"Written by":"bvalente","Est. reading time":"3 minutos"},"schema":{"@context":"https:\/\/schema.org","@graph":[{"@type":"WebPage","@id":"https:\/\/www.manaus.am.gov.br\/semcom\/pesquisa-procon-manaus\/","url":"https:\/\/www.manaus.am.gov.br\/semcom\/pesquisa-procon-manaus\/","name":"Pesquisa aponta nova redu\u00e7\u00e3o no valor m\u00e9dio da cesta b\u00e1sica","isPartOf":{"@id":"https:\/\/www.manaus.am.gov.br\/semcom\/#website"},"primaryImageOfPage":{"@id":"https:\/\/www.manaus.am.gov.br\/semcom\/pesquisa-procon-manaus\/#primaryimage"},"image":{"@id":"https:\/\/www.manaus.am.gov.br\/semcom\/pesquisa-procon-manaus\/#primaryimage"},"thumbnailUrl":"https:\/\/www.manaus.am.gov.br\/semcom\/wp-content\/uploads\/sites\/5\/2025\/11\/IMG_5051.jpg","datePublished":"2025-11-04T20:25:01+00:00","dateModified":"2025-11-04T20:25:01+00:00","author":{"@id":"https:\/\/www.manaus.am.gov.br\/semcom\/#\/schema\/person\/466a0e03ae4b6062809046bd560ac955"},"description":"A Prefeitura de Manaus realizou, na segunda-feira, 3\/11, a pesquisa mensal de pre\u00e7os da cesta b\u00e1sica em supermercados da capital.","inLanguage":"pt-BR","potentialAction":[{"@type":"ReadAction","target":["https:\/\/www.manaus.am.gov.br\/semcom\/pesquisa-procon-manaus\/"]}]},{"@type":"ImageObject","inLanguage":"pt-BR","@id":"https:\/\/www.manaus.am.gov.br\/semcom\/pesquisa-procon-manaus\/#primaryimage","url":"https:\/\/www.manaus.am.gov.br\/semcom\/wp-content\/uploads\/sites\/5\/2025\/11\/IMG_5051.jpg","contentUrl":"https:\/\/www.manaus.am.gov.br\/semcom\/wp-content\/uploads\/sites\/5\/2025\/11\/IMG_5051.jpg","width":960,"height":720,"caption":"#paratodosverem \u2013 Fiscais do Procon realizando pesquisa de pre\u00e7os"},{"@type":"WebSite","@id":"https:\/\/www.manaus.am.gov.br\/semcom\/#website","url":"https:\/\/www.manaus.am.gov.br\/semcom\/","name":"SEMCOM","description":"Secretaria Municipal de Comunica\u00e7\u00e3o","potentialAction":[{"@type":"SearchAction","target":{"@type":"EntryPoint","urlTemplate":"https:\/\/www.manaus.am.gov.br\/semcom\/?s={search_term_string}"},"query-input":"required name=search_term_string"}],"inLanguage":"pt-BR"},{"@type":"Person","@id":"https:\/\/www.manaus.am.gov.br\/semcom\/#\/schema\/person\/466a0e03ae4b6062809046bd560ac955","name":"bvalente","image":{"@type":"ImageObject","inLanguage":"pt-BR","@id":"https:\/\/www.manaus.am.gov.br\/semcom\/#\/schema\/person\/image\/","url":"https:\/\/secure.gravatar.com\/avatar\/3e69bc2b014bdad41adfec3a39de07d2?s=96&d=mm&r=g","contentUrl":"https:\/\/secure.gravatar.com\/avatar\/3e69bc2b014bdad41adfec3a39de07d2?s=96&d=mm&r=g","caption":"bvalente"}}]}},"_links":{"self":[{"href":"https:\/\/www.manaus.am.gov.br\/semcom\/wp-json\/wp\/v2\/posts\/247986"}],"collection":[{"href":"https:\/\/www.manaus.am.gov.br\/semcom\/wp-json\/wp\/v2\/posts"}],"about":[{"href":"https:\/\/www.manaus.am.gov.br\/semcom\/wp-json\/wp\/v2\/types\/post"}],"author":[{"embeddable":true,"href":"https:\/\/www.manaus.am.gov.br\/semcom\/wp-json\/wp\/v2\/users\/68"}],"replies":[{"embeddable":true,"href":"https:\/\/www.manaus.am.gov.br\/semcom\/wp-json\/wp\/v2\/comments?post=247986"}],"version-history":[{"count":1,"href":"https:\/\/www.manaus.am.gov.br\/semcom\/wp-json\/wp\/v2\/posts\/247986\/revisions"}],"predecessor-version":[{"id":247989,"href":"https:\/\/www.manaus.am.gov.br\/semcom\/wp-json\/wp\/v2\/posts\/247986\/revisions\/247989"}],"wp:featuredmedia":[{"embeddable":true,"href":"https:\/\/www.manaus.am.gov.br\/semcom\/wp-json\/wp\/v2\/media\/247988"}],"wp:attachment":[{"href":"https:\/\/www.manaus.am.gov.br\/semcom\/wp-json\/wp\/v2\/media?parent=247986"}],"wp:term":[{"taxonomy":"category","embeddable":true,"href":"https:\/\/www.manaus.am.gov.br\/semcom\/wp-json\/wp\/v2\/categories?post=247986"},{"taxonomy":"post_tag","embeddable":true,"href":"https:\/\/www.manaus.am.gov.br\/semcom\/wp-json\/wp\/v2\/tags?post=247986"}],"curies":[{"name":"wp","href":"https:\/\/api.w.org\/{rel}","templated":true}]}}