{"id":247960,"date":"2025-11-04T13:32:24","date_gmt":"2025-11-04T16:32:24","guid":{"rendered":"https:\/\/www.manaus.am.gov.br\/semcom\/prefeitura-semacc-producaopitaya-zonarural\/"},"modified":"2025-11-04T13:32:26","modified_gmt":"2025-11-04T16:32:26","slug":"prefeitura-semacc-producaopitaya-zonarural","status":"publish","type":"post","link":"https:\/\/www.manaus.am.gov.br\/semcom\/prefeitura-semacc-producaopitaya-zonarural\/","title":{"rendered":"Prefeitura de Manaus distribui 5 mil mudas de pitaya e fortalece agricultura familiar na zona rural"},"content":{"rendered":"\n<p>A Prefeitura de Manaus, por meio da Secretaria Municipal de Agricultura, Abastecimento, Centro e Com\u00e9rcio Informal (Semacc), iniciou, na sexta-feira, 31\/10, a distribui\u00e7\u00e3o de aproximadamente 5.000 mudas de pitaya a agricultores das comunidades ZF5, Suma\u00fama 1, 2 e 3, e Terra Nostra, localizadas na zona rural da capital amazonense.&nbsp;<\/p>\n\n\n\n<p>A a\u00e7\u00e3o faz parte do projeto de incentivo ao cultivo da pitaya, iniciado em 2022, que se tornou um caso de sucesso entre os produtores rurais de Manaus. Atualmente, centenas de fam\u00edlias dos polos agr\u00edcolas da cidade trabalham com o plantio da fruta, que se consolidou como uma fonte de renda est\u00e1vel e sustent\u00e1vel.<\/p>\n\n\n\n<p>De acordo com o titular da Semacc, Wanderson Costa, o objetivo do projeto \u00e9 fortalecer a agricultura familiar e diversificar a produ\u00e7\u00e3o rural. \u201cEstamos, a cada dia, incentivando o desenvolvimento econ\u00f4mico das comunidades com o fomento a fam\u00edlias e agricultores.<\/p>\n\n\n\n<p>A pitaya \u00e9 um desses fomentos, uma fruta de alto valor comercial, que se adapta bem ao clima amaz\u00f4nico e tem se mostrado uma excelente alternativa para os pequenos produtores. A determina\u00e7\u00e3o do prefeito David Almeida \u00e9 que esse incentivo cres\u00e7a cada vez mais\u201d, destacou o secret\u00e1rio.<\/p>\n\n\n\n<p>O produtor Francisco Chaves, morador da zona rural, ressaltou a import\u00e2ncia da iniciativa para o fortalecimento da produ\u00e7\u00e3o local. \u201cEssas mudas v\u00e3o ajudar bastante. Estou esperando mais uma produ\u00e7\u00e3o, e elas v\u00e3o alavancar a colheita. Quero agradecer, porque n\u00e3o esperava receber tanta pitaya\u201d, afirmou.<\/p>\n\n\n\n<p>Com apoio t\u00e9cnico e distribui\u00e7\u00e3o cont\u00ednua de mudas, a Prefeitura de Manaus vem ampliando o fomento \u00e0 cultura da pitaya nos polos agr\u00edcolas, consolidando a iniciativa como um exemplo de sustentabilidade, gera\u00e7\u00e3o de renda e valoriza\u00e7\u00e3o do trabalho no campo.<\/p>\n\n\n\n<p>A gest\u00e3o municipal refor\u00e7a o compromisso com o fortalecimento do setor prim\u00e1rio, o est\u00edmulo ao empreendedorismo rural e a garantia de mais oportunidades e qualidade de vida \u00e0s fam\u00edlias que vivem e produzem na zona rural de Manaus.<\/p>\n\n\n\n<p>&#8212; &#8212; &#8212;<\/p>\n\n\n\n<p><strong>Texto<\/strong>&nbsp;&#8211; Polyana Brelaz\/Semacc<\/p>\n\n\n\n<p><strong>Fotos<\/strong>&nbsp;&#8211; Gildo Smith\/Semacc<\/p>\n\n\n\n<p><strong>Dispon\u00edveis em<\/strong>&nbsp;&#8211;&nbsp;<a href=\"https:\/\/flic.kr\/s\/aHBqjCzz2w\" target=\"_blank\" rel=\"noreferrer noopener\">https:\/\/flic.kr\/s\/aHBqjCzz2w<\/a><\/p>\n","protected":false},"excerpt":{"rendered":"","protected":false},"author":23,"featured_media":247961,"comment_status":"closed","ping_status":"closed","sticky":false,"template":"","format":"standard","meta":{"footnotes":""},"categories":[1969],"tags":[9958,963,77,16361,55,4438,17760,284],"acf":[],"yoast_head":"<!-- This site is optimized with the Yoast SEO plugin v23.0 - https:\/\/yoast.com\/wordpress\/plugins\/seo\/ -->\n<title>Prefeitura de Manaus distribui 5 mil mudas de pitaya e fortalece agricultura familiar na zona rural<\/title>\n<meta name=\"description\" content=\"A Prefeitura de Manaus, por meio da Secretaria Municipal de Agricultura, Abastecimento, Centro e Com\u00e9rcio Informal (Semacc), iniciou, na sexta-feira, 31\/10, a distribui\u00e7\u00e3o de aproximadamente 5.000 mudas de pitaya a agricultores das comunidades ZF5, Suma\u00fama 1, 2 e 3, e Terra Nostra, localizadas na zona rural da capital amazonense.\" \/>\n<meta name=\"robots\" content=\"index, follow, max-snippet:-1, max-image-preview:large, max-video-preview:-1\" \/>\n<link rel=\"canonical\" href=\"https:\/\/www.manaus.am.gov.br\/semcom\/prefeitura-semacc-producaopitaya-zonarural\/\" \/>\n<meta property=\"og:locale\" content=\"pt_BR\" \/>\n<meta property=\"og:type\" content=\"article\" \/>\n<meta property=\"og:title\" content=\"Prefeitura de Manaus distribui 5 mil mudas de pitaya e fortalece agricultura familiar na zona rural\" \/>\n<meta property=\"og:description\" content=\"A Prefeitura de Manaus, por meio da Secretaria Municipal de Agricultura, Abastecimento, Centro e Com\u00e9rcio Informal (Semacc), iniciou, na sexta-feira, 31\/10, a distribui\u00e7\u00e3o de aproximadamente 5.000 mudas de pitaya a agricultores das comunidades ZF5, Suma\u00fama 1, 2 e 3, e Terra Nostra, localizadas na zona rural da capital amazonense.\" \/>\n<meta property=\"og:url\" content=\"https:\/\/www.manaus.am.gov.br\/semcom\/prefeitura-semacc-producaopitaya-zonarural\/\" \/>\n<meta property=\"og:site_name\" content=\"SEMCOM\" \/>\n<meta property=\"article:published_time\" content=\"2025-11-04T16:32:24+00:00\" \/>\n<meta property=\"article:modified_time\" content=\"2025-11-04T16:32:26+00:00\" \/>\n<meta property=\"og:image\" content=\"https:\/\/www.manaus.am.gov.br\/semcom\/wp-content\/uploads\/sites\/5\/2025\/11\/54901799726_aea0662cf5_c.jpg\" \/>\n\t<meta property=\"og:image:width\" content=\"800\" \/>\n\t<meta property=\"og:image:height\" content=\"600\" \/>\n\t<meta property=\"og:image:type\" content=\"image\/jpeg\" \/>\n<meta name=\"author\" content=\"Adriana Costa\" \/>\n<meta name=\"twitter:card\" content=\"summary_large_image\" \/>\n<meta name=\"twitter:label1\" content=\"Written by\" \/>\n\t<meta name=\"twitter:data1\" content=\"Adriana Costa\" \/>\n\t<meta name=\"twitter:label2\" content=\"Est. reading time\" \/>\n\t<meta name=\"twitter:data2\" content=\"2 minutos\" \/>\n<script type=\"application\/ld+json\" class=\"yoast-schema-graph\">{\"@context\":\"https:\/\/schema.org\",\"@graph\":[{\"@type\":\"WebPage\",\"@id\":\"https:\/\/www.manaus.am.gov.br\/semcom\/prefeitura-semacc-producaopitaya-zonarural\/\",\"url\":\"https:\/\/www.manaus.am.gov.br\/semcom\/prefeitura-semacc-producaopitaya-zonarural\/\",\"name\":\"Prefeitura de Manaus distribui 5 mil mudas de pitaya e fortalece agricultura familiar na zona rural\",\"isPartOf\":{\"@id\":\"https:\/\/www.manaus.am.gov.br\/semcom\/#website\"},\"primaryImageOfPage\":{\"@id\":\"https:\/\/www.manaus.am.gov.br\/semcom\/prefeitura-semacc-producaopitaya-zonarural\/#primaryimage\"},\"image\":{\"@id\":\"https:\/\/www.manaus.am.gov.br\/semcom\/prefeitura-semacc-producaopitaya-zonarural\/#primaryimage\"},\"thumbnailUrl\":\"https:\/\/www.manaus.am.gov.br\/semcom\/wp-content\/uploads\/sites\/5\/2025\/11\/54901799726_aea0662cf5_c.jpg\",\"datePublished\":\"2025-11-04T16:32:24+00:00\",\"dateModified\":\"2025-11-04T16:32:26+00:00\",\"author\":{\"@id\":\"https:\/\/www.manaus.am.gov.br\/semcom\/#\/schema\/person\/4e49f4e267757a06ca072ec61b2b9968\"},\"description\":\"A Prefeitura de Manaus, por meio da Secretaria Municipal de Agricultura, Abastecimento, Centro e Com\u00e9rcio Informal (Semacc), iniciou, na sexta-feira, 31\/10, a distribui\u00e7\u00e3o de aproximadamente 5.000 mudas de pitaya a agricultores das comunidades ZF5, Suma\u00fama 1, 2 e 3, e Terra Nostra, localizadas na zona rural da capital amazonense.\",\"inLanguage\":\"pt-BR\",\"potentialAction\":[{\"@type\":\"ReadAction\",\"target\":[\"https:\/\/www.manaus.am.gov.br\/semcom\/prefeitura-semacc-producaopitaya-zonarural\/\"]}]},{\"@type\":\"ImageObject\",\"inLanguage\":\"pt-BR\",\"@id\":\"https:\/\/www.manaus.am.gov.br\/semcom\/prefeitura-semacc-producaopitaya-zonarural\/#primaryimage\",\"url\":\"https:\/\/www.manaus.am.gov.br\/semcom\/wp-content\/uploads\/sites\/5\/2025\/11\/54901799726_aea0662cf5_c.jpg\",\"contentUrl\":\"https:\/\/www.manaus.am.gov.br\/semcom\/wp-content\/uploads\/sites\/5\/2025\/11\/54901799726_aea0662cf5_c.jpg\",\"width\":800,\"height\":600,\"caption\":\"#paratodosverem - Produtor rural recebe pelas m\u00e3os de t\u00e9cnico da Semacc a pitaya\"},{\"@type\":\"WebSite\",\"@id\":\"https:\/\/www.manaus.am.gov.br\/semcom\/#website\",\"url\":\"https:\/\/www.manaus.am.gov.br\/semcom\/\",\"name\":\"SEMCOM\",\"description\":\"Secretaria Municipal de Comunica\u00e7\u00e3o\",\"potentialAction\":[{\"@type\":\"SearchAction\",\"target\":{\"@type\":\"EntryPoint\",\"urlTemplate\":\"https:\/\/www.manaus.am.gov.br\/semcom\/?s={search_term_string}\"},\"query-input\":\"required name=search_term_string\"}],\"inLanguage\":\"pt-BR\"},{\"@type\":\"Person\",\"@id\":\"https:\/\/www.manaus.am.gov.br\/semcom\/#\/schema\/person\/4e49f4e267757a06ca072ec61b2b9968\",\"name\":\"Adriana Costa\",\"image\":{\"@type\":\"ImageObject\",\"inLanguage\":\"pt-BR\",\"@id\":\"https:\/\/www.manaus.am.gov.br\/semcom\/#\/schema\/person\/image\/\",\"url\":\"https:\/\/secure.gravatar.com\/avatar\/576258617ef7194f718179e766d57bd4?s=96&d=mm&r=g\",\"contentUrl\":\"https:\/\/secure.gravatar.com\/avatar\/576258617ef7194f718179e766d57bd4?s=96&d=mm&r=g\",\"caption\":\"Adriana Costa\"}}]}<\/script>\n<!-- \/ Yoast SEO plugin. -->","yoast_head_json":{"title":"Prefeitura de Manaus distribui 5 mil mudas de pitaya e fortalece agricultura familiar na zona rural","description":"A Prefeitura de Manaus, por meio da Secretaria Municipal de Agricultura, Abastecimento, Centro e Com\u00e9rcio Informal (Semacc), iniciou, na sexta-feira, 31\/10, a distribui\u00e7\u00e3o de aproximadamente 5.000 mudas de pitaya a agricultores das comunidades ZF5, Suma\u00fama 1, 2 e 3, e Terra Nostra, localizadas na zona rural da capital amazonense.","robots":{"index":"index","follow":"follow","max-snippet":"max-snippet:-1","max-image-preview":"max-image-preview:large","max-video-preview":"max-video-preview:-1"},"canonical":"https:\/\/www.manaus.am.gov.br\/semcom\/prefeitura-semacc-producaopitaya-zonarural\/","og_locale":"pt_BR","og_type":"article","og_title":"Prefeitura de Manaus distribui 5 mil mudas de pitaya e fortalece agricultura familiar na zona rural","og_description":"A Prefeitura de Manaus, por meio da Secretaria Municipal de Agricultura, Abastecimento, Centro e Com\u00e9rcio Informal (Semacc), iniciou, na sexta-feira, 31\/10, a distribui\u00e7\u00e3o de aproximadamente 5.000 mudas de pitaya a agricultores das comunidades ZF5, Suma\u00fama 1, 2 e 3, e Terra Nostra, localizadas na zona rural da capital amazonense.","og_url":"https:\/\/www.manaus.am.gov.br\/semcom\/prefeitura-semacc-producaopitaya-zonarural\/","og_site_name":"SEMCOM","article_published_time":"2025-11-04T16:32:24+00:00","article_modified_time":"2025-11-04T16:32:26+00:00","og_image":[{"width":800,"height":600,"url":"https:\/\/www.manaus.am.gov.br\/semcom\/wp-content\/uploads\/sites\/5\/2025\/11\/54901799726_aea0662cf5_c.jpg","type":"image\/jpeg"}],"author":"Adriana Costa","twitter_card":"summary_large_image","twitter_misc":{"Written by":"Adriana Costa","Est. reading time":"2 minutos"},"schema":{"@context":"https:\/\/schema.org","@graph":[{"@type":"WebPage","@id":"https:\/\/www.manaus.am.gov.br\/semcom\/prefeitura-semacc-producaopitaya-zonarural\/","url":"https:\/\/www.manaus.am.gov.br\/semcom\/prefeitura-semacc-producaopitaya-zonarural\/","name":"Prefeitura de Manaus distribui 5 mil mudas de pitaya e fortalece agricultura familiar na zona rural","isPartOf":{"@id":"https:\/\/www.manaus.am.gov.br\/semcom\/#website"},"primaryImageOfPage":{"@id":"https:\/\/www.manaus.am.gov.br\/semcom\/prefeitura-semacc-producaopitaya-zonarural\/#primaryimage"},"image":{"@id":"https:\/\/www.manaus.am.gov.br\/semcom\/prefeitura-semacc-producaopitaya-zonarural\/#primaryimage"},"thumbnailUrl":"https:\/\/www.manaus.am.gov.br\/semcom\/wp-content\/uploads\/sites\/5\/2025\/11\/54901799726_aea0662cf5_c.jpg","datePublished":"2025-11-04T16:32:24+00:00","dateModified":"2025-11-04T16:32:26+00:00","author":{"@id":"https:\/\/www.manaus.am.gov.br\/semcom\/#\/schema\/person\/4e49f4e267757a06ca072ec61b2b9968"},"description":"A Prefeitura de Manaus, por meio da Secretaria Municipal de Agricultura, Abastecimento, Centro e Com\u00e9rcio Informal (Semacc), iniciou, na sexta-feira, 31\/10, a distribui\u00e7\u00e3o de aproximadamente 5.000 mudas de pitaya a agricultores das comunidades ZF5, Suma\u00fama 1, 2 e 3, e Terra Nostra, localizadas na zona rural da capital amazonense.","inLanguage":"pt-BR","potentialAction":[{"@type":"ReadAction","target":["https:\/\/www.manaus.am.gov.br\/semcom\/prefeitura-semacc-producaopitaya-zonarural\/"]}]},{"@type":"ImageObject","inLanguage":"pt-BR","@id":"https:\/\/www.manaus.am.gov.br\/semcom\/prefeitura-semacc-producaopitaya-zonarural\/#primaryimage","url":"https:\/\/www.manaus.am.gov.br\/semcom\/wp-content\/uploads\/sites\/5\/2025\/11\/54901799726_aea0662cf5_c.jpg","contentUrl":"https:\/\/www.manaus.am.gov.br\/semcom\/wp-content\/uploads\/sites\/5\/2025\/11\/54901799726_aea0662cf5_c.jpg","width":800,"height":600,"caption":"#paratodosverem - Produtor rural recebe pelas m\u00e3os de t\u00e9cnico da Semacc a pitaya"},{"@type":"WebSite","@id":"https:\/\/www.manaus.am.gov.br\/semcom\/#website","url":"https:\/\/www.manaus.am.gov.br\/semcom\/","name":"SEMCOM","description":"Secretaria Municipal de Comunica\u00e7\u00e3o","potentialAction":[{"@type":"SearchAction","target":{"@type":"EntryPoint","urlTemplate":"https:\/\/www.manaus.am.gov.br\/semcom\/?s={search_term_string}"},"query-input":"required name=search_term_string"}],"inLanguage":"pt-BR"},{"@type":"Person","@id":"https:\/\/www.manaus.am.gov.br\/semcom\/#\/schema\/person\/4e49f4e267757a06ca072ec61b2b9968","name":"Adriana Costa","image":{"@type":"ImageObject","inLanguage":"pt-BR","@id":"https:\/\/www.manaus.am.gov.br\/semcom\/#\/schema\/person\/image\/","url":"https:\/\/secure.gravatar.com\/avatar\/576258617ef7194f718179e766d57bd4?s=96&d=mm&r=g","contentUrl":"https:\/\/secure.gravatar.com\/avatar\/576258617ef7194f718179e766d57bd4?s=96&d=mm&r=g","caption":"Adriana Costa"}}]}},"_links":{"self":[{"href":"https:\/\/www.manaus.am.gov.br\/semcom\/wp-json\/wp\/v2\/posts\/247960"}],"collection":[{"href":"https:\/\/www.manaus.am.gov.br\/semcom\/wp-json\/wp\/v2\/posts"}],"about":[{"href":"https:\/\/www.manaus.am.gov.br\/semcom\/wp-json\/wp\/v2\/types\/post"}],"author":[{"embeddable":true,"href":"https:\/\/www.manaus.am.gov.br\/semcom\/wp-json\/wp\/v2\/users\/23"}],"replies":[{"embeddable":true,"href":"https:\/\/www.manaus.am.gov.br\/semcom\/wp-json\/wp\/v2\/comments?post=247960"}],"version-history":[{"count":0,"href":"https:\/\/www.manaus.am.gov.br\/semcom\/wp-json\/wp\/v2\/posts\/247960\/revisions"}],"wp:featuredmedia":[{"embeddable":true,"href":"https:\/\/www.manaus.am.gov.br\/semcom\/wp-json\/wp\/v2\/media\/247961"}],"wp:attachment":[{"href":"https:\/\/www.manaus.am.gov.br\/semcom\/wp-json\/wp\/v2\/media?parent=247960"}],"wp:term":[{"taxonomy":"category","embeddable":true,"href":"https:\/\/www.manaus.am.gov.br\/semcom\/wp-json\/wp\/v2\/categories?post=247960"},{"taxonomy":"post_tag","embeddable":true,"href":"https:\/\/www.manaus.am.gov.br\/semcom\/wp-json\/wp\/v2\/tags?post=247960"}],"curies":[{"name":"wp","href":"https:\/\/api.w.org\/{rel}","templated":true}]}}