{"id":247950,"date":"2025-11-04T13:13:51","date_gmt":"2025-11-04T16:13:51","guid":{"rendered":"https:\/\/www.manaus.am.gov.br\/semcom\/prefeitura-semed-prazo-inscricoes-concurso\/"},"modified":"2025-11-04T13:13:52","modified_gmt":"2025-11-04T16:13:52","slug":"prefeitura-semed-prazo-inscricoes-concurso","status":"publish","type":"post","link":"https:\/\/www.manaus.am.gov.br\/semcom\/prefeitura-semed-prazo-inscricoes-concurso\/","title":{"rendered":"Prefeitura de Manaus encerra inscri\u00e7\u00f5es para concurso p\u00fablico da Semed nesta quarta-feira"},"content":{"rendered":"\n<p>A Prefeitura de Manaus, por meio da Secretaria Municipal de Educa\u00e7\u00e3o (Semed), encerra, nesta quarta-feira, 5\/11, \u00e0s 15h, hor\u00e1rio Manaus, as inscri\u00e7\u00f5es para o concurso p\u00fablico que visa ao provimento de mil vagas e \u00e0 forma\u00e7\u00e3o de cadastro de reserva com 500 vagas em cargos de n\u00edvel m\u00e9dio e superior. As provas do certame est\u00e3o previstas para acontecer no dia 7\/12 (domingo).<\/p>\n\n\n\n<p>O edital do concurso foi publicado no Di\u00e1rio Oficial do Munic\u00edpio (DOM), n\u00ba 6.168, edi\u00e7\u00e3o extra, de 3 de outubro de 2025. Os cargos de n\u00edvel m\u00e9dio s\u00e3o de t\u00e9cnico municipal nas \u00e1reas de assistente de administra\u00e7\u00e3o, geoprocessamento e hardware\/redes.<\/p>\n\n\n\n<p>Para o n\u00edvel superior, h\u00e1 vagas para analista municipal nas \u00e1reas de administra\u00e7\u00e3o, direito, servi\u00e7o social, biblioteconomia, contabilidade, economia, engenharia civil, engenharia el\u00e9trica, estat\u00edstica, fisioterapia, fonoaudiologia,&nbsp; nutri\u00e7\u00e3o, psicologia, programa\u00e7\u00e3o de computador e an\u00e1lise de sistemas.<\/p>\n\n\n\n<p>Tamb\u00e9m h\u00e1 oportunidades para profissionais do magist\u00e9rio, nos cargos de pedagogo e professor n\u00edvel superior nas disciplinas de 1\u00ba ao 5\u00ba ano, educa\u00e7\u00e3o infantil, artes, ci\u00eancias, hist\u00f3ria, geografia, educa\u00e7\u00e3o f\u00edsica, ensino religioso, l\u00edngua inglesa, matem\u00e1tica e libras.<\/p>\n\n\n\n<p>O secret\u00e1rio municipal de Educa\u00e7\u00e3o, J\u00fanior Mar, destacou que o novo concurso representa um avan\u00e7o significativo para o fortalecimento da rede municipal de ensino. Segundo ele, a iniciativa demonstra o compromisso da Prefeitura de Manaus com a valoriza\u00e7\u00e3o dos profissionais da educa\u00e7\u00e3o e com a melhoria da qualidade do ensino.<\/p>\n\n\n\n<p>\u201cEste concurso \u00e9 um marco importante para a educa\u00e7\u00e3o da nossa cidade. Estamos abrindo mil vagas imediatas e mais 500 para cadastro de reserva, o que vai permitir refor\u00e7ar tanto o quadro t\u00e9cnico quanto o pedag\u00f3gico da Semed. \u00c9 uma excelente oportunidade para quem deseja fazer parte da transforma\u00e7\u00e3o que a educa\u00e7\u00e3o de Manaus est\u00e1 vivendo sob a gest\u00e3o do prefeito David Almeida\u201d, ressaltou o secret\u00e1rio.<\/p>\n\n\n\n<p>&#8212; &#8212; &#8212;<\/p>\n\n\n\n<p><strong>Texto<\/strong>&nbsp;&#8211; Alexandre Abreu\/ Semed<\/p>\n\n\n\n<p><strong>Fotos<\/strong>&nbsp;&#8211; Divulga\u00e7\u00e3o\/ Semed<\/p>\n","protected":false},"excerpt":{"rendered":"","protected":false},"author":23,"featured_media":247951,"comment_status":"closed","ping_status":"closed","sticky":false,"template":"","format":"standard","meta":{"footnotes":""},"categories":[1495],"tags":[1445,757,1498,77],"acf":[],"yoast_head":"<!-- This site is optimized with the Yoast SEO plugin v23.0 - https:\/\/yoast.com\/wordpress\/plugins\/seo\/ -->\n<title>Prefeitura de Manaus encerra inscri\u00e7\u00f5es para concurso p\u00fablico da Semed nesta quarta-feira<\/title>\n<meta name=\"description\" content=\"A Prefeitura de Manaus, por meio da Secretaria Municipal de Educa\u00e7\u00e3o (Semed), encerra, nesta quarta-feira, 5\/11, \u00e0s 15h, hor\u00e1rio Manaus, as inscri\u00e7\u00f5es para o concurso p\u00fablico que visa ao provimento de mil vagas e \u00e0 forma\u00e7\u00e3o de cadastro de reserva com 500 vagas em cargos de n\u00edvel m\u00e9dio e superior.\" \/>\n<meta name=\"robots\" content=\"index, follow, max-snippet:-1, max-image-preview:large, max-video-preview:-1\" \/>\n<link rel=\"canonical\" href=\"https:\/\/www.manaus.am.gov.br\/semcom\/prefeitura-semed-prazo-inscricoes-concurso\/\" \/>\n<meta property=\"og:locale\" content=\"pt_BR\" \/>\n<meta property=\"og:type\" content=\"article\" \/>\n<meta property=\"og:title\" content=\"Prefeitura de Manaus encerra inscri\u00e7\u00f5es para concurso p\u00fablico da Semed nesta quarta-feira\" \/>\n<meta property=\"og:description\" content=\"A Prefeitura de Manaus, por meio da Secretaria Municipal de Educa\u00e7\u00e3o (Semed), encerra, nesta quarta-feira, 5\/11, \u00e0s 15h, hor\u00e1rio Manaus, as inscri\u00e7\u00f5es para o concurso p\u00fablico que visa ao provimento de mil vagas e \u00e0 forma\u00e7\u00e3o de cadastro de reserva com 500 vagas em cargos de n\u00edvel m\u00e9dio e superior.\" \/>\n<meta property=\"og:url\" content=\"https:\/\/www.manaus.am.gov.br\/semcom\/prefeitura-semed-prazo-inscricoes-concurso\/\" \/>\n<meta property=\"og:site_name\" content=\"SEMCOM\" \/>\n<meta property=\"article:published_time\" content=\"2025-11-04T16:13:51+00:00\" \/>\n<meta property=\"article:modified_time\" content=\"2025-11-04T16:13:52+00:00\" \/>\n<meta property=\"og:image\" content=\"https:\/\/www.manaus.am.gov.br\/semcom\/wp-content\/uploads\/sites\/5\/2025\/11\/54838866108_cd74afb882_c.jpg\" \/>\n\t<meta property=\"og:image:width\" content=\"799\" \/>\n\t<meta property=\"og:image:height\" content=\"533\" \/>\n\t<meta property=\"og:image:type\" content=\"image\/jpeg\" \/>\n<meta name=\"author\" content=\"Adriana Costa\" \/>\n<meta name=\"twitter:card\" content=\"summary_large_image\" \/>\n<meta name=\"twitter:label1\" content=\"Written by\" \/>\n\t<meta name=\"twitter:data1\" content=\"Adriana Costa\" \/>\n\t<meta name=\"twitter:label2\" content=\"Est. reading time\" \/>\n\t<meta name=\"twitter:data2\" content=\"2 minutos\" \/>\n<script type=\"application\/ld+json\" class=\"yoast-schema-graph\">{\"@context\":\"https:\/\/schema.org\",\"@graph\":[{\"@type\":\"WebPage\",\"@id\":\"https:\/\/www.manaus.am.gov.br\/semcom\/prefeitura-semed-prazo-inscricoes-concurso\/\",\"url\":\"https:\/\/www.manaus.am.gov.br\/semcom\/prefeitura-semed-prazo-inscricoes-concurso\/\",\"name\":\"Prefeitura de Manaus encerra inscri\u00e7\u00f5es para concurso p\u00fablico da Semed nesta quarta-feira\",\"isPartOf\":{\"@id\":\"https:\/\/www.manaus.am.gov.br\/semcom\/#website\"},\"primaryImageOfPage\":{\"@id\":\"https:\/\/www.manaus.am.gov.br\/semcom\/prefeitura-semed-prazo-inscricoes-concurso\/#primaryimage\"},\"image\":{\"@id\":\"https:\/\/www.manaus.am.gov.br\/semcom\/prefeitura-semed-prazo-inscricoes-concurso\/#primaryimage\"},\"thumbnailUrl\":\"https:\/\/www.manaus.am.gov.br\/semcom\/wp-content\/uploads\/sites\/5\/2025\/11\/54838866108_cd74afb882_c.jpg\",\"datePublished\":\"2025-11-04T16:13:51+00:00\",\"dateModified\":\"2025-11-04T16:13:52+00:00\",\"author\":{\"@id\":\"https:\/\/www.manaus.am.gov.br\/semcom\/#\/schema\/person\/4e49f4e267757a06ca072ec61b2b9968\"},\"description\":\"A Prefeitura de Manaus, por meio da Secretaria Municipal de Educa\u00e7\u00e3o (Semed), encerra, nesta quarta-feira, 5\/11, \u00e0s 15h, hor\u00e1rio Manaus, as inscri\u00e7\u00f5es para o concurso p\u00fablico que visa ao provimento de mil vagas e \u00e0 forma\u00e7\u00e3o de cadastro de reserva com 500 vagas em cargos de n\u00edvel m\u00e9dio e superior.\",\"inLanguage\":\"pt-BR\",\"potentialAction\":[{\"@type\":\"ReadAction\",\"target\":[\"https:\/\/www.manaus.am.gov.br\/semcom\/prefeitura-semed-prazo-inscricoes-concurso\/\"]}]},{\"@type\":\"ImageObject\",\"inLanguage\":\"pt-BR\",\"@id\":\"https:\/\/www.manaus.am.gov.br\/semcom\/prefeitura-semed-prazo-inscricoes-concurso\/#primaryimage\",\"url\":\"https:\/\/www.manaus.am.gov.br\/semcom\/wp-content\/uploads\/sites\/5\/2025\/11\/54838866108_cd74afb882_c.jpg\",\"contentUrl\":\"https:\/\/www.manaus.am.gov.br\/semcom\/wp-content\/uploads\/sites\/5\/2025\/11\/54838866108_cd74afb882_c.jpg\",\"width\":799,\"height\":533,\"caption\":\"#paratodosverem - Professora em sala de aula com alunos da rede municipal\"},{\"@type\":\"WebSite\",\"@id\":\"https:\/\/www.manaus.am.gov.br\/semcom\/#website\",\"url\":\"https:\/\/www.manaus.am.gov.br\/semcom\/\",\"name\":\"SEMCOM\",\"description\":\"Secretaria Municipal de Comunica\u00e7\u00e3o\",\"potentialAction\":[{\"@type\":\"SearchAction\",\"target\":{\"@type\":\"EntryPoint\",\"urlTemplate\":\"https:\/\/www.manaus.am.gov.br\/semcom\/?s={search_term_string}\"},\"query-input\":\"required name=search_term_string\"}],\"inLanguage\":\"pt-BR\"},{\"@type\":\"Person\",\"@id\":\"https:\/\/www.manaus.am.gov.br\/semcom\/#\/schema\/person\/4e49f4e267757a06ca072ec61b2b9968\",\"name\":\"Adriana Costa\",\"image\":{\"@type\":\"ImageObject\",\"inLanguage\":\"pt-BR\",\"@id\":\"https:\/\/www.manaus.am.gov.br\/semcom\/#\/schema\/person\/image\/\",\"url\":\"https:\/\/secure.gravatar.com\/avatar\/576258617ef7194f718179e766d57bd4?s=96&d=mm&r=g\",\"contentUrl\":\"https:\/\/secure.gravatar.com\/avatar\/576258617ef7194f718179e766d57bd4?s=96&d=mm&r=g\",\"caption\":\"Adriana Costa\"}}]}<\/script>\n<!-- \/ Yoast SEO plugin. -->","yoast_head_json":{"title":"Prefeitura de Manaus encerra inscri\u00e7\u00f5es para concurso p\u00fablico da Semed nesta quarta-feira","description":"A Prefeitura de Manaus, por meio da Secretaria Municipal de Educa\u00e7\u00e3o (Semed), encerra, nesta quarta-feira, 5\/11, \u00e0s 15h, hor\u00e1rio Manaus, as inscri\u00e7\u00f5es para o concurso p\u00fablico que visa ao provimento de mil vagas e \u00e0 forma\u00e7\u00e3o de cadastro de reserva com 500 vagas em cargos de n\u00edvel m\u00e9dio e superior.","robots":{"index":"index","follow":"follow","max-snippet":"max-snippet:-1","max-image-preview":"max-image-preview:large","max-video-preview":"max-video-preview:-1"},"canonical":"https:\/\/www.manaus.am.gov.br\/semcom\/prefeitura-semed-prazo-inscricoes-concurso\/","og_locale":"pt_BR","og_type":"article","og_title":"Prefeitura de Manaus encerra inscri\u00e7\u00f5es para concurso p\u00fablico da Semed nesta quarta-feira","og_description":"A Prefeitura de Manaus, por meio da Secretaria Municipal de Educa\u00e7\u00e3o (Semed), encerra, nesta quarta-feira, 5\/11, \u00e0s 15h, hor\u00e1rio Manaus, as inscri\u00e7\u00f5es para o concurso p\u00fablico que visa ao provimento de mil vagas e \u00e0 forma\u00e7\u00e3o de cadastro de reserva com 500 vagas em cargos de n\u00edvel m\u00e9dio e superior.","og_url":"https:\/\/www.manaus.am.gov.br\/semcom\/prefeitura-semed-prazo-inscricoes-concurso\/","og_site_name":"SEMCOM","article_published_time":"2025-11-04T16:13:51+00:00","article_modified_time":"2025-11-04T16:13:52+00:00","og_image":[{"width":799,"height":533,"url":"https:\/\/www.manaus.am.gov.br\/semcom\/wp-content\/uploads\/sites\/5\/2025\/11\/54838866108_cd74afb882_c.jpg","type":"image\/jpeg"}],"author":"Adriana Costa","twitter_card":"summary_large_image","twitter_misc":{"Written by":"Adriana Costa","Est. reading time":"2 minutos"},"schema":{"@context":"https:\/\/schema.org","@graph":[{"@type":"WebPage","@id":"https:\/\/www.manaus.am.gov.br\/semcom\/prefeitura-semed-prazo-inscricoes-concurso\/","url":"https:\/\/www.manaus.am.gov.br\/semcom\/prefeitura-semed-prazo-inscricoes-concurso\/","name":"Prefeitura de Manaus encerra inscri\u00e7\u00f5es para concurso p\u00fablico da Semed nesta quarta-feira","isPartOf":{"@id":"https:\/\/www.manaus.am.gov.br\/semcom\/#website"},"primaryImageOfPage":{"@id":"https:\/\/www.manaus.am.gov.br\/semcom\/prefeitura-semed-prazo-inscricoes-concurso\/#primaryimage"},"image":{"@id":"https:\/\/www.manaus.am.gov.br\/semcom\/prefeitura-semed-prazo-inscricoes-concurso\/#primaryimage"},"thumbnailUrl":"https:\/\/www.manaus.am.gov.br\/semcom\/wp-content\/uploads\/sites\/5\/2025\/11\/54838866108_cd74afb882_c.jpg","datePublished":"2025-11-04T16:13:51+00:00","dateModified":"2025-11-04T16:13:52+00:00","author":{"@id":"https:\/\/www.manaus.am.gov.br\/semcom\/#\/schema\/person\/4e49f4e267757a06ca072ec61b2b9968"},"description":"A Prefeitura de Manaus, por meio da Secretaria Municipal de Educa\u00e7\u00e3o (Semed), encerra, nesta quarta-feira, 5\/11, \u00e0s 15h, hor\u00e1rio Manaus, as inscri\u00e7\u00f5es para o concurso p\u00fablico que visa ao provimento de mil vagas e \u00e0 forma\u00e7\u00e3o de cadastro de reserva com 500 vagas em cargos de n\u00edvel m\u00e9dio e superior.","inLanguage":"pt-BR","potentialAction":[{"@type":"ReadAction","target":["https:\/\/www.manaus.am.gov.br\/semcom\/prefeitura-semed-prazo-inscricoes-concurso\/"]}]},{"@type":"ImageObject","inLanguage":"pt-BR","@id":"https:\/\/www.manaus.am.gov.br\/semcom\/prefeitura-semed-prazo-inscricoes-concurso\/#primaryimage","url":"https:\/\/www.manaus.am.gov.br\/semcom\/wp-content\/uploads\/sites\/5\/2025\/11\/54838866108_cd74afb882_c.jpg","contentUrl":"https:\/\/www.manaus.am.gov.br\/semcom\/wp-content\/uploads\/sites\/5\/2025\/11\/54838866108_cd74afb882_c.jpg","width":799,"height":533,"caption":"#paratodosverem - Professora em sala de aula com alunos da rede municipal"},{"@type":"WebSite","@id":"https:\/\/www.manaus.am.gov.br\/semcom\/#website","url":"https:\/\/www.manaus.am.gov.br\/semcom\/","name":"SEMCOM","description":"Secretaria Municipal de Comunica\u00e7\u00e3o","potentialAction":[{"@type":"SearchAction","target":{"@type":"EntryPoint","urlTemplate":"https:\/\/www.manaus.am.gov.br\/semcom\/?s={search_term_string}"},"query-input":"required name=search_term_string"}],"inLanguage":"pt-BR"},{"@type":"Person","@id":"https:\/\/www.manaus.am.gov.br\/semcom\/#\/schema\/person\/4e49f4e267757a06ca072ec61b2b9968","name":"Adriana Costa","image":{"@type":"ImageObject","inLanguage":"pt-BR","@id":"https:\/\/www.manaus.am.gov.br\/semcom\/#\/schema\/person\/image\/","url":"https:\/\/secure.gravatar.com\/avatar\/576258617ef7194f718179e766d57bd4?s=96&d=mm&r=g","contentUrl":"https:\/\/secure.gravatar.com\/avatar\/576258617ef7194f718179e766d57bd4?s=96&d=mm&r=g","caption":"Adriana Costa"}}]}},"_links":{"self":[{"href":"https:\/\/www.manaus.am.gov.br\/semcom\/wp-json\/wp\/v2\/posts\/247950"}],"collection":[{"href":"https:\/\/www.manaus.am.gov.br\/semcom\/wp-json\/wp\/v2\/posts"}],"about":[{"href":"https:\/\/www.manaus.am.gov.br\/semcom\/wp-json\/wp\/v2\/types\/post"}],"author":[{"embeddable":true,"href":"https:\/\/www.manaus.am.gov.br\/semcom\/wp-json\/wp\/v2\/users\/23"}],"replies":[{"embeddable":true,"href":"https:\/\/www.manaus.am.gov.br\/semcom\/wp-json\/wp\/v2\/comments?post=247950"}],"version-history":[{"count":0,"href":"https:\/\/www.manaus.am.gov.br\/semcom\/wp-json\/wp\/v2\/posts\/247950\/revisions"}],"wp:featuredmedia":[{"embeddable":true,"href":"https:\/\/www.manaus.am.gov.br\/semcom\/wp-json\/wp\/v2\/media\/247951"}],"wp:attachment":[{"href":"https:\/\/www.manaus.am.gov.br\/semcom\/wp-json\/wp\/v2\/media?parent=247950"}],"wp:term":[{"taxonomy":"category","embeddable":true,"href":"https:\/\/www.manaus.am.gov.br\/semcom\/wp-json\/wp\/v2\/categories?post=247950"},{"taxonomy":"post_tag","embeddable":true,"href":"https:\/\/www.manaus.am.gov.br\/semcom\/wp-json\/wp\/v2\/tags?post=247950"}],"curies":[{"name":"wp","href":"https:\/\/api.w.org\/{rel}","templated":true}]}}