{"id":247946,"date":"2025-11-04T12:20:05","date_gmt":"2025-11-04T15:20:05","guid":{"rendered":"https:\/\/www.manaus.am.gov.br\/semcom\/prefeitura-seminf-recuperacaoviaria-tancredoneves\/"},"modified":"2025-11-04T12:20:06","modified_gmt":"2025-11-04T15:20:06","slug":"prefeitura-seminf-recuperacaoviaria-tancredoneves","status":"publish","type":"post","link":"https:\/\/www.manaus.am.gov.br\/semcom\/prefeitura-seminf-recuperacaoviaria-tancredoneves\/","title":{"rendered":"Bairro Tancredo Neves recebe servi\u00e7os de recupera\u00e7\u00e3o vi\u00e1ria do \u2018Plano Ver\u00e3o\u2019"},"content":{"rendered":"\n<p>A Prefeitura de Manaus, por meio da Secretaria Municipal de Infraestrutura (Seminf), realiza, nesta ter\u00e7a-feira, 4\/11, os trabalhos de recupera\u00e7\u00e3o vi\u00e1ria do \u201cPlano Ver\u00e3o&#8221;, na rua Jos\u00e9 Francisco, bairro Tancredo Neves, zona Leste. As atividades s\u00e3o executadas para melhorar a mobilidade urbana da \u00e1rea e garantindo passagens seguras para os moradores.<\/p>\n\n\n\n<p>\u201cA nossa gest\u00e3o, liderada pelo prefeito David Almeida, \u00e9 de muita responsabilidade com a popula\u00e7\u00e3o. Realizamos servi\u00e7os de manuten\u00e7\u00e3o asf\u00e1ltica em muitos bairros da zona Leste e Norte com o \u2018Plano de Ver\u00e3o\u2019, e a mudan\u00e7a \u00e9 clara, mais dignidade e seguran\u00e7a para a popula\u00e7\u00e3o\u201d, afirma o vice-prefeito e secret\u00e1rio de Obras, Renato Junior.<\/p>\n\n\n\n<p>A interven\u00e7\u00e3o visa melhorar as condi\u00e7\u00f5es da via, com isso, os oper\u00e1rios realizam os trabalhos com o suporte de uma minicarregadeira, que auxilia na aplica\u00e7\u00e3o do novo pavimento em trechos da via que estavam desgastados. Os servi\u00e7os s\u00e3o muito bem recebidos pela popula\u00e7\u00e3o, pois os moradores afirmam que a via estava deteriorada e a manuten\u00e7\u00e3o veio em boa hora.<\/p>\n\n\n\n<p>\u201cAqui \u00e9 minha passagem di\u00e1ria para ir ao trabalho, e estava complicado de passar carros. Agora, est\u00e1 muito melhor, com todo esse trabalho\u201d, comemorou a auxiliar de servi\u00e7os gerais Neiriane Teixeira, 53 anos.<\/p>\n\n\n\n<p>Com servi\u00e7os como o da rua Jos\u00e9 Francisco, a Prefeitura de Manaus reafirma o compromisso com a popula\u00e7\u00e3o da zona Leste da cidade, levando infraestrutura de qualidade e conforto para todos.<\/p>\n\n\n\n<p>&#8212; &#8212; &#8212;<\/p>\n\n\n\n<p><strong>Texto<\/strong>&nbsp;&#8211; Eduarda Lira\/Seminf<\/p>\n\n\n\n<p><strong>Fotos<\/strong>\u00a0&#8211; M\u00e1rcio Melo\/Seminf<\/p>\n\n\n\n<p><strong>Dispon\u00edveis em<\/strong> &#8211; <a href=\"https:\/\/flic.kr\/s\/aHBqjCzzcx\">https:\/\/flic.kr\/s\/aHBqjCzzcx<\/a><\/p>\n","protected":false},"excerpt":{"rendered":"","protected":false},"author":23,"featured_media":247947,"comment_status":"closed","ping_status":"closed","sticky":false,"template":"","format":"standard","meta":{"footnotes":""},"categories":[27],"tags":[3640,16000,77,33,5947],"acf":[],"yoast_head":"<!-- This site is optimized with the Yoast SEO plugin v23.0 - https:\/\/yoast.com\/wordpress\/plugins\/seo\/ -->\n<title>Bairro Tancredo Neves recebe servi\u00e7os de recupera\u00e7\u00e3o vi\u00e1ria do \u2018Plano Ver\u00e3o\u2019<\/title>\n<meta name=\"description\" content=\"A Prefeitura de Manaus, por meio da Secretaria Municipal de Infraestrutura (Seminf), realiza, nesta ter\u00e7a-feira, 4\/11, os trabalhos de recupera\u00e7\u00e3o vi\u00e1ria do \u201cPlano Ver\u00e3o&quot;, na rua Jos\u00e9 Francisco, bairro Tancredo Neves, zona Leste. As atividades s\u00e3o executadas para melhorar a mobilidade urbana da \u00e1rea e garantindo passagens seguras para os moradores.\" \/>\n<meta name=\"robots\" content=\"index, follow, max-snippet:-1, max-image-preview:large, max-video-preview:-1\" \/>\n<link rel=\"canonical\" href=\"https:\/\/www.manaus.am.gov.br\/semcom\/prefeitura-seminf-recuperacaoviaria-tancredoneves\/\" \/>\n<meta property=\"og:locale\" content=\"pt_BR\" \/>\n<meta property=\"og:type\" content=\"article\" \/>\n<meta property=\"og:title\" content=\"Bairro Tancredo Neves recebe servi\u00e7os de recupera\u00e7\u00e3o vi\u00e1ria do \u2018Plano Ver\u00e3o\u2019\" \/>\n<meta property=\"og:description\" content=\"A Prefeitura de Manaus, por meio da Secretaria Municipal de Infraestrutura (Seminf), realiza, nesta ter\u00e7a-feira, 4\/11, os trabalhos de recupera\u00e7\u00e3o vi\u00e1ria do \u201cPlano Ver\u00e3o&quot;, na rua Jos\u00e9 Francisco, bairro Tancredo Neves, zona Leste. As atividades s\u00e3o executadas para melhorar a mobilidade urbana da \u00e1rea e garantindo passagens seguras para os moradores.\" \/>\n<meta property=\"og:url\" content=\"https:\/\/www.manaus.am.gov.br\/semcom\/prefeitura-seminf-recuperacaoviaria-tancredoneves\/\" \/>\n<meta property=\"og:site_name\" content=\"SEMCOM\" \/>\n<meta property=\"article:published_time\" content=\"2025-11-04T15:20:05+00:00\" \/>\n<meta property=\"article:modified_time\" content=\"2025-11-04T15:20:06+00:00\" \/>\n<meta property=\"og:image\" content=\"https:\/\/www.manaus.am.gov.br\/semcom\/wp-content\/uploads\/sites\/5\/2025\/11\/54901947305_63eb3c71e1_c.jpg\" \/>\n\t<meta property=\"og:image:width\" content=\"799\" \/>\n\t<meta property=\"og:image:height\" content=\"533\" \/>\n\t<meta property=\"og:image:type\" content=\"image\/jpeg\" \/>\n<meta name=\"author\" content=\"Adriana Costa\" \/>\n<meta name=\"twitter:card\" content=\"summary_large_image\" \/>\n<meta name=\"twitter:label1\" content=\"Written by\" \/>\n\t<meta name=\"twitter:data1\" content=\"Adriana Costa\" \/>\n\t<meta name=\"twitter:label2\" content=\"Est. reading time\" \/>\n\t<meta name=\"twitter:data2\" content=\"2 minutos\" \/>\n<script type=\"application\/ld+json\" class=\"yoast-schema-graph\">{\"@context\":\"https:\/\/schema.org\",\"@graph\":[{\"@type\":\"WebPage\",\"@id\":\"https:\/\/www.manaus.am.gov.br\/semcom\/prefeitura-seminf-recuperacaoviaria-tancredoneves\/\",\"url\":\"https:\/\/www.manaus.am.gov.br\/semcom\/prefeitura-seminf-recuperacaoviaria-tancredoneves\/\",\"name\":\"Bairro Tancredo Neves recebe servi\u00e7os de recupera\u00e7\u00e3o vi\u00e1ria do \u2018Plano Ver\u00e3o\u2019\",\"isPartOf\":{\"@id\":\"https:\/\/www.manaus.am.gov.br\/semcom\/#website\"},\"primaryImageOfPage\":{\"@id\":\"https:\/\/www.manaus.am.gov.br\/semcom\/prefeitura-seminf-recuperacaoviaria-tancredoneves\/#primaryimage\"},\"image\":{\"@id\":\"https:\/\/www.manaus.am.gov.br\/semcom\/prefeitura-seminf-recuperacaoviaria-tancredoneves\/#primaryimage\"},\"thumbnailUrl\":\"https:\/\/www.manaus.am.gov.br\/semcom\/wp-content\/uploads\/sites\/5\/2025\/11\/54901947305_63eb3c71e1_c.jpg\",\"datePublished\":\"2025-11-04T15:20:05+00:00\",\"dateModified\":\"2025-11-04T15:20:06+00:00\",\"author\":{\"@id\":\"https:\/\/www.manaus.am.gov.br\/semcom\/#\/schema\/person\/4e49f4e267757a06ca072ec61b2b9968\"},\"description\":\"A Prefeitura de Manaus, por meio da Secretaria Municipal de Infraestrutura (Seminf), realiza, nesta ter\u00e7a-feira, 4\/11, os trabalhos de recupera\u00e7\u00e3o vi\u00e1ria do \u201cPlano Ver\u00e3o\\\", na rua Jos\u00e9 Francisco, bairro Tancredo Neves, zona Leste. As atividades s\u00e3o executadas para melhorar a mobilidade urbana da \u00e1rea e garantindo passagens seguras para os moradores.\",\"inLanguage\":\"pt-BR\",\"potentialAction\":[{\"@type\":\"ReadAction\",\"target\":[\"https:\/\/www.manaus.am.gov.br\/semcom\/prefeitura-seminf-recuperacaoviaria-tancredoneves\/\"]}]},{\"@type\":\"ImageObject\",\"inLanguage\":\"pt-BR\",\"@id\":\"https:\/\/www.manaus.am.gov.br\/semcom\/prefeitura-seminf-recuperacaoviaria-tancredoneves\/#primaryimage\",\"url\":\"https:\/\/www.manaus.am.gov.br\/semcom\/wp-content\/uploads\/sites\/5\/2025\/11\/54901947305_63eb3c71e1_c.jpg\",\"contentUrl\":\"https:\/\/www.manaus.am.gov.br\/semcom\/wp-content\/uploads\/sites\/5\/2025\/11\/54901947305_63eb3c71e1_c.jpg\",\"width\":799,\"height\":533,\"caption\":\"#paratodosverem - Maquin\u00e1rio e oper\u00e1rio da Seminf diante de rua que recebe asfalto novo; ao fundo, mais oper\u00e1rios na frente de trabalho\"},{\"@type\":\"WebSite\",\"@id\":\"https:\/\/www.manaus.am.gov.br\/semcom\/#website\",\"url\":\"https:\/\/www.manaus.am.gov.br\/semcom\/\",\"name\":\"SEMCOM\",\"description\":\"Secretaria Municipal de Comunica\u00e7\u00e3o\",\"potentialAction\":[{\"@type\":\"SearchAction\",\"target\":{\"@type\":\"EntryPoint\",\"urlTemplate\":\"https:\/\/www.manaus.am.gov.br\/semcom\/?s={search_term_string}\"},\"query-input\":\"required name=search_term_string\"}],\"inLanguage\":\"pt-BR\"},{\"@type\":\"Person\",\"@id\":\"https:\/\/www.manaus.am.gov.br\/semcom\/#\/schema\/person\/4e49f4e267757a06ca072ec61b2b9968\",\"name\":\"Adriana Costa\",\"image\":{\"@type\":\"ImageObject\",\"inLanguage\":\"pt-BR\",\"@id\":\"https:\/\/www.manaus.am.gov.br\/semcom\/#\/schema\/person\/image\/\",\"url\":\"https:\/\/secure.gravatar.com\/avatar\/576258617ef7194f718179e766d57bd4?s=96&d=mm&r=g\",\"contentUrl\":\"https:\/\/secure.gravatar.com\/avatar\/576258617ef7194f718179e766d57bd4?s=96&d=mm&r=g\",\"caption\":\"Adriana Costa\"}}]}<\/script>\n<!-- \/ Yoast SEO plugin. -->","yoast_head_json":{"title":"Bairro Tancredo Neves recebe servi\u00e7os de recupera\u00e7\u00e3o vi\u00e1ria do \u2018Plano Ver\u00e3o\u2019","description":"A Prefeitura de Manaus, por meio da Secretaria Municipal de Infraestrutura (Seminf), realiza, nesta ter\u00e7a-feira, 4\/11, os trabalhos de recupera\u00e7\u00e3o vi\u00e1ria do \u201cPlano Ver\u00e3o\", na rua Jos\u00e9 Francisco, bairro Tancredo Neves, zona Leste. As atividades s\u00e3o executadas para melhorar a mobilidade urbana da \u00e1rea e garantindo passagens seguras para os moradores.","robots":{"index":"index","follow":"follow","max-snippet":"max-snippet:-1","max-image-preview":"max-image-preview:large","max-video-preview":"max-video-preview:-1"},"canonical":"https:\/\/www.manaus.am.gov.br\/semcom\/prefeitura-seminf-recuperacaoviaria-tancredoneves\/","og_locale":"pt_BR","og_type":"article","og_title":"Bairro Tancredo Neves recebe servi\u00e7os de recupera\u00e7\u00e3o vi\u00e1ria do \u2018Plano Ver\u00e3o\u2019","og_description":"A Prefeitura de Manaus, por meio da Secretaria Municipal de Infraestrutura (Seminf), realiza, nesta ter\u00e7a-feira, 4\/11, os trabalhos de recupera\u00e7\u00e3o vi\u00e1ria do \u201cPlano Ver\u00e3o\", na rua Jos\u00e9 Francisco, bairro Tancredo Neves, zona Leste. As atividades s\u00e3o executadas para melhorar a mobilidade urbana da \u00e1rea e garantindo passagens seguras para os moradores.","og_url":"https:\/\/www.manaus.am.gov.br\/semcom\/prefeitura-seminf-recuperacaoviaria-tancredoneves\/","og_site_name":"SEMCOM","article_published_time":"2025-11-04T15:20:05+00:00","article_modified_time":"2025-11-04T15:20:06+00:00","og_image":[{"width":799,"height":533,"url":"https:\/\/www.manaus.am.gov.br\/semcom\/wp-content\/uploads\/sites\/5\/2025\/11\/54901947305_63eb3c71e1_c.jpg","type":"image\/jpeg"}],"author":"Adriana Costa","twitter_card":"summary_large_image","twitter_misc":{"Written by":"Adriana Costa","Est. reading time":"2 minutos"},"schema":{"@context":"https:\/\/schema.org","@graph":[{"@type":"WebPage","@id":"https:\/\/www.manaus.am.gov.br\/semcom\/prefeitura-seminf-recuperacaoviaria-tancredoneves\/","url":"https:\/\/www.manaus.am.gov.br\/semcom\/prefeitura-seminf-recuperacaoviaria-tancredoneves\/","name":"Bairro Tancredo Neves recebe servi\u00e7os de recupera\u00e7\u00e3o vi\u00e1ria do \u2018Plano Ver\u00e3o\u2019","isPartOf":{"@id":"https:\/\/www.manaus.am.gov.br\/semcom\/#website"},"primaryImageOfPage":{"@id":"https:\/\/www.manaus.am.gov.br\/semcom\/prefeitura-seminf-recuperacaoviaria-tancredoneves\/#primaryimage"},"image":{"@id":"https:\/\/www.manaus.am.gov.br\/semcom\/prefeitura-seminf-recuperacaoviaria-tancredoneves\/#primaryimage"},"thumbnailUrl":"https:\/\/www.manaus.am.gov.br\/semcom\/wp-content\/uploads\/sites\/5\/2025\/11\/54901947305_63eb3c71e1_c.jpg","datePublished":"2025-11-04T15:20:05+00:00","dateModified":"2025-11-04T15:20:06+00:00","author":{"@id":"https:\/\/www.manaus.am.gov.br\/semcom\/#\/schema\/person\/4e49f4e267757a06ca072ec61b2b9968"},"description":"A Prefeitura de Manaus, por meio da Secretaria Municipal de Infraestrutura (Seminf), realiza, nesta ter\u00e7a-feira, 4\/11, os trabalhos de recupera\u00e7\u00e3o vi\u00e1ria do \u201cPlano Ver\u00e3o\", na rua Jos\u00e9 Francisco, bairro Tancredo Neves, zona Leste. As atividades s\u00e3o executadas para melhorar a mobilidade urbana da \u00e1rea e garantindo passagens seguras para os moradores.","inLanguage":"pt-BR","potentialAction":[{"@type":"ReadAction","target":["https:\/\/www.manaus.am.gov.br\/semcom\/prefeitura-seminf-recuperacaoviaria-tancredoneves\/"]}]},{"@type":"ImageObject","inLanguage":"pt-BR","@id":"https:\/\/www.manaus.am.gov.br\/semcom\/prefeitura-seminf-recuperacaoviaria-tancredoneves\/#primaryimage","url":"https:\/\/www.manaus.am.gov.br\/semcom\/wp-content\/uploads\/sites\/5\/2025\/11\/54901947305_63eb3c71e1_c.jpg","contentUrl":"https:\/\/www.manaus.am.gov.br\/semcom\/wp-content\/uploads\/sites\/5\/2025\/11\/54901947305_63eb3c71e1_c.jpg","width":799,"height":533,"caption":"#paratodosverem - Maquin\u00e1rio e oper\u00e1rio da Seminf diante de rua que recebe asfalto novo; ao fundo, mais oper\u00e1rios na frente de trabalho"},{"@type":"WebSite","@id":"https:\/\/www.manaus.am.gov.br\/semcom\/#website","url":"https:\/\/www.manaus.am.gov.br\/semcom\/","name":"SEMCOM","description":"Secretaria Municipal de Comunica\u00e7\u00e3o","potentialAction":[{"@type":"SearchAction","target":{"@type":"EntryPoint","urlTemplate":"https:\/\/www.manaus.am.gov.br\/semcom\/?s={search_term_string}"},"query-input":"required name=search_term_string"}],"inLanguage":"pt-BR"},{"@type":"Person","@id":"https:\/\/www.manaus.am.gov.br\/semcom\/#\/schema\/person\/4e49f4e267757a06ca072ec61b2b9968","name":"Adriana Costa","image":{"@type":"ImageObject","inLanguage":"pt-BR","@id":"https:\/\/www.manaus.am.gov.br\/semcom\/#\/schema\/person\/image\/","url":"https:\/\/secure.gravatar.com\/avatar\/576258617ef7194f718179e766d57bd4?s=96&d=mm&r=g","contentUrl":"https:\/\/secure.gravatar.com\/avatar\/576258617ef7194f718179e766d57bd4?s=96&d=mm&r=g","caption":"Adriana Costa"}}]}},"_links":{"self":[{"href":"https:\/\/www.manaus.am.gov.br\/semcom\/wp-json\/wp\/v2\/posts\/247946"}],"collection":[{"href":"https:\/\/www.manaus.am.gov.br\/semcom\/wp-json\/wp\/v2\/posts"}],"about":[{"href":"https:\/\/www.manaus.am.gov.br\/semcom\/wp-json\/wp\/v2\/types\/post"}],"author":[{"embeddable":true,"href":"https:\/\/www.manaus.am.gov.br\/semcom\/wp-json\/wp\/v2\/users\/23"}],"replies":[{"embeddable":true,"href":"https:\/\/www.manaus.am.gov.br\/semcom\/wp-json\/wp\/v2\/comments?post=247946"}],"version-history":[{"count":0,"href":"https:\/\/www.manaus.am.gov.br\/semcom\/wp-json\/wp\/v2\/posts\/247946\/revisions"}],"wp:featuredmedia":[{"embeddable":true,"href":"https:\/\/www.manaus.am.gov.br\/semcom\/wp-json\/wp\/v2\/media\/247947"}],"wp:attachment":[{"href":"https:\/\/www.manaus.am.gov.br\/semcom\/wp-json\/wp\/v2\/media?parent=247946"}],"wp:term":[{"taxonomy":"category","embeddable":true,"href":"https:\/\/www.manaus.am.gov.br\/semcom\/wp-json\/wp\/v2\/categories?post=247946"},{"taxonomy":"post_tag","embeddable":true,"href":"https:\/\/www.manaus.am.gov.br\/semcom\/wp-json\/wp\/v2\/tags?post=247946"}],"curies":[{"name":"wp","href":"https:\/\/api.w.org\/{rel}","templated":true}]}}