{"id":247944,"date":"2025-11-04T12:10:46","date_gmt":"2025-11-04T15:10:46","guid":{"rendered":"https:\/\/www.manaus.am.gov.br\/semcom\/prefeitura-seminf-cidadededeus\/"},"modified":"2025-11-04T12:10:47","modified_gmt":"2025-11-04T15:10:47","slug":"prefeitura-seminf-cidadededeus","status":"publish","type":"post","link":"https:\/\/www.manaus.am.gov.br\/semcom\/prefeitura-seminf-cidadededeus\/","title":{"rendered":"Novo asfalto transforma vias do Cidade de Deus e melhora a mobilidade na zona Norte"},"content":{"rendered":"\n<p>A Prefeitura de Manaus intensifica o ritmo de obras de infraestrutura em todas as zonas da cidade. Nesta ter\u00e7a-feira, 4\/11, as equipes da Secretaria Municipal de Infraestrutura (Seminf) avan\u00e7aram com os servi\u00e7os de aplica\u00e7\u00e3o de novo asfalto no bairro Cidade de Deus, modernizando importantes vias, como as avenidas Autaz Mirim e Nossa Senhora da Concei\u00e7\u00e3o, zona Norte.<\/p>\n\n\n\n<p>A a\u00e7\u00e3o integra o \u201cPlano de Ver\u00e3o\u201d, um amplo programa de recupera\u00e7\u00e3o vi\u00e1ria que vem mudando a paisagem urbana de Manaus e garantindo mais conforto, seguran\u00e7a e mobilidade aos motoristas e pedestres.<\/p>\n\n\n\n<p>O vice-prefeito e secret\u00e1rio municipal de Obras, Renato Junior, destacou o impacto positivo das interven\u00e7\u00f5es na rotina dos moradores.<\/p>\n\n\n\n<p>&nbsp;\u201cO \u2018Plano de Ver\u00e3o\u2019 leva dignidade e mobilidade a milhares de pessoas. Nosso trabalho segue o compromisso do prefeito David Almeida de cuidar da nossa gente e oferecer uma infraestrutura de qualidade em todas as zonas da cidade. Este novo asfalto n\u00e3o apenas refor\u00e7a o pavimento, mas devolve seguran\u00e7a no tr\u00e2nsito e o orgulho de viver em um bairro melhor\u201d, afirmou Renato Junior.<\/p>\n\n\n\n<p>As frentes de obras da Seminf atuam de forma simult\u00e2nea em diversos bairros, executando servi\u00e7os de recapeamento, tapa-buracos e drenagem. O resultado \u00e9 vis\u00edvel: ruas renovadas, tr\u00e2nsito mais fluido e comunidades satisfeitas.<\/p>\n\n\n\n<p>O empres\u00e1rio Fabiano Vilhena, morador do Cidade de Deus, comemora as melhorias. \u201cA Prefeitura de Manaus est\u00e1 de parab\u00e9ns. O trabalho da Seminf tem sido excelente, com m\u00e1quinas nas ruas e equipes comprometidas. Essas obras valorizam o bairro e facilitam a vida de quem depende diariamente dessas vias\u201d, ressaltou Fabiano.<\/p>\n\n\n\n<p>Para a aut\u00f4noma Priscila Santana, as obras representam um novo tempo para o bairro.&nbsp;\u201c\u00c9 gratificante ver o quanto a cidade est\u00e1 mudando. As equipes trabalham com dedica\u00e7\u00e3o e o resultado est\u00e1 ficando lindo. A gente v\u00ea o cuidado e o empenho da prefeitura em cada detalhe\u201d, destacou Priscila.<\/p>\n\n\n\n<p>Com a requalifica\u00e7\u00e3o das avenidas Autaz Mirim e Nossa Senhora da Concei\u00e7\u00e3o, a zona Norte ganha vias mais seguras e dur\u00e1veis, e Manaus avan\u00e7a em dire\u00e7\u00e3o a uma infraestrutura urbana moderna e eficiente, reflexo do compromisso da gest\u00e3o municipal com o bem-estar da popula\u00e7\u00e3o.<\/p>\n\n\n\n<p>&#8212; &#8212; &#8212;<\/p>\n\n\n\n<p><strong>Texto e Fotos<\/strong> &#8211; Maria Amed\/ Seminf<\/p>\n\n\n\n<p><strong>Dispon\u00edveis em<\/strong> &#8211; <a href=\"https:\/\/flic.kr\/s\/aHBqjCzFg8\">https:\/\/flic.kr\/s\/aHBqjCzFg8<\/a><\/p>\n","protected":false},"excerpt":{"rendered":"","protected":false},"author":23,"featured_media":247945,"comment_status":"closed","ping_status":"closed","sticky":false,"template":"","format":"standard","meta":{"footnotes":""},"categories":[27],"tags":[3979,16000,77,33,328],"acf":[],"yoast_head":"<!-- This site is optimized with the Yoast SEO plugin v23.0 - https:\/\/yoast.com\/wordpress\/plugins\/seo\/ -->\n<title>Novo asfalto transforma vias do Cidade de Deus e melhora a mobilidade na zona Norte<\/title>\n<meta name=\"description\" content=\"A Prefeitura de Manaus intensifica o ritmo de obras de infraestrutura em todas as zonas da cidade. Nesta ter\u00e7a-feira, 4\/11, as equipes da Secretaria Municipal de Infraestrutura (Seminf) avan\u00e7aram com os servi\u00e7os de aplica\u00e7\u00e3o de novo asfalto no bairro Cidade de Deus, modernizando importantes vias, como as avenidas Autaz Mirim e Nossa Senhora da Concei\u00e7\u00e3o, zona Norte.\" \/>\n<meta name=\"robots\" content=\"index, follow, max-snippet:-1, max-image-preview:large, max-video-preview:-1\" \/>\n<link rel=\"canonical\" href=\"https:\/\/www.manaus.am.gov.br\/semcom\/prefeitura-seminf-cidadededeus\/\" \/>\n<meta property=\"og:locale\" content=\"pt_BR\" \/>\n<meta property=\"og:type\" content=\"article\" \/>\n<meta property=\"og:title\" content=\"Novo asfalto transforma vias do Cidade de Deus e melhora a mobilidade na zona Norte\" \/>\n<meta property=\"og:description\" content=\"A Prefeitura de Manaus intensifica o ritmo de obras de infraestrutura em todas as zonas da cidade. Nesta ter\u00e7a-feira, 4\/11, as equipes da Secretaria Municipal de Infraestrutura (Seminf) avan\u00e7aram com os servi\u00e7os de aplica\u00e7\u00e3o de novo asfalto no bairro Cidade de Deus, modernizando importantes vias, como as avenidas Autaz Mirim e Nossa Senhora da Concei\u00e7\u00e3o, zona Norte.\" \/>\n<meta property=\"og:url\" content=\"https:\/\/www.manaus.am.gov.br\/semcom\/prefeitura-seminf-cidadededeus\/\" \/>\n<meta property=\"og:site_name\" content=\"SEMCOM\" \/>\n<meta property=\"article:published_time\" content=\"2025-11-04T15:10:46+00:00\" \/>\n<meta property=\"article:modified_time\" content=\"2025-11-04T15:10:47+00:00\" \/>\n<meta property=\"og:image\" content=\"https:\/\/www.manaus.am.gov.br\/semcom\/wp-content\/uploads\/sites\/5\/2025\/11\/54901954570_35024bd800_c.jpg\" \/>\n\t<meta property=\"og:image:width\" content=\"800\" \/>\n\t<meta property=\"og:image:height\" content=\"600\" \/>\n\t<meta property=\"og:image:type\" content=\"image\/jpeg\" \/>\n<meta name=\"author\" content=\"Adriana Costa\" \/>\n<meta name=\"twitter:card\" content=\"summary_large_image\" \/>\n<meta name=\"twitter:label1\" content=\"Written by\" \/>\n\t<meta name=\"twitter:data1\" content=\"Adriana Costa\" \/>\n\t<meta name=\"twitter:label2\" content=\"Est. reading time\" \/>\n\t<meta name=\"twitter:data2\" content=\"2 minutos\" \/>\n<script type=\"application\/ld+json\" class=\"yoast-schema-graph\">{\"@context\":\"https:\/\/schema.org\",\"@graph\":[{\"@type\":\"WebPage\",\"@id\":\"https:\/\/www.manaus.am.gov.br\/semcom\/prefeitura-seminf-cidadededeus\/\",\"url\":\"https:\/\/www.manaus.am.gov.br\/semcom\/prefeitura-seminf-cidadededeus\/\",\"name\":\"Novo asfalto transforma vias do Cidade de Deus e melhora a mobilidade na zona Norte\",\"isPartOf\":{\"@id\":\"https:\/\/www.manaus.am.gov.br\/semcom\/#website\"},\"primaryImageOfPage\":{\"@id\":\"https:\/\/www.manaus.am.gov.br\/semcom\/prefeitura-seminf-cidadededeus\/#primaryimage\"},\"image\":{\"@id\":\"https:\/\/www.manaus.am.gov.br\/semcom\/prefeitura-seminf-cidadededeus\/#primaryimage\"},\"thumbnailUrl\":\"https:\/\/www.manaus.am.gov.br\/semcom\/wp-content\/uploads\/sites\/5\/2025\/11\/54901954570_35024bd800_c.jpg\",\"datePublished\":\"2025-11-04T15:10:46+00:00\",\"dateModified\":\"2025-11-04T15:10:47+00:00\",\"author\":{\"@id\":\"https:\/\/www.manaus.am.gov.br\/semcom\/#\/schema\/person\/4e49f4e267757a06ca072ec61b2b9968\"},\"description\":\"A Prefeitura de Manaus intensifica o ritmo de obras de infraestrutura em todas as zonas da cidade. Nesta ter\u00e7a-feira, 4\/11, as equipes da Secretaria Municipal de Infraestrutura (Seminf) avan\u00e7aram com os servi\u00e7os de aplica\u00e7\u00e3o de novo asfalto no bairro Cidade de Deus, modernizando importantes vias, como as avenidas Autaz Mirim e Nossa Senhora da Concei\u00e7\u00e3o, zona Norte.\",\"inLanguage\":\"pt-BR\",\"potentialAction\":[{\"@type\":\"ReadAction\",\"target\":[\"https:\/\/www.manaus.am.gov.br\/semcom\/prefeitura-seminf-cidadededeus\/\"]}]},{\"@type\":\"ImageObject\",\"inLanguage\":\"pt-BR\",\"@id\":\"https:\/\/www.manaus.am.gov.br\/semcom\/prefeitura-seminf-cidadededeus\/#primaryimage\",\"url\":\"https:\/\/www.manaus.am.gov.br\/semcom\/wp-content\/uploads\/sites\/5\/2025\/11\/54901954570_35024bd800_c.jpg\",\"contentUrl\":\"https:\/\/www.manaus.am.gov.br\/semcom\/wp-content\/uploads\/sites\/5\/2025\/11\/54901954570_35024bd800_c.jpg\",\"width\":800,\"height\":600,\"caption\":\"#paratodosverem - Trabalhadores da Seminf e maquin\u00e1rio em servi\u00e7o de requalifica\u00e7\u00e3o asf\u00e1ltica\"},{\"@type\":\"WebSite\",\"@id\":\"https:\/\/www.manaus.am.gov.br\/semcom\/#website\",\"url\":\"https:\/\/www.manaus.am.gov.br\/semcom\/\",\"name\":\"SEMCOM\",\"description\":\"Secretaria Municipal de Comunica\u00e7\u00e3o\",\"potentialAction\":[{\"@type\":\"SearchAction\",\"target\":{\"@type\":\"EntryPoint\",\"urlTemplate\":\"https:\/\/www.manaus.am.gov.br\/semcom\/?s={search_term_string}\"},\"query-input\":\"required name=search_term_string\"}],\"inLanguage\":\"pt-BR\"},{\"@type\":\"Person\",\"@id\":\"https:\/\/www.manaus.am.gov.br\/semcom\/#\/schema\/person\/4e49f4e267757a06ca072ec61b2b9968\",\"name\":\"Adriana Costa\",\"image\":{\"@type\":\"ImageObject\",\"inLanguage\":\"pt-BR\",\"@id\":\"https:\/\/www.manaus.am.gov.br\/semcom\/#\/schema\/person\/image\/\",\"url\":\"https:\/\/secure.gravatar.com\/avatar\/576258617ef7194f718179e766d57bd4?s=96&d=mm&r=g\",\"contentUrl\":\"https:\/\/secure.gravatar.com\/avatar\/576258617ef7194f718179e766d57bd4?s=96&d=mm&r=g\",\"caption\":\"Adriana Costa\"}}]}<\/script>\n<!-- \/ Yoast SEO plugin. -->","yoast_head_json":{"title":"Novo asfalto transforma vias do Cidade de Deus e melhora a mobilidade na zona Norte","description":"A Prefeitura de Manaus intensifica o ritmo de obras de infraestrutura em todas as zonas da cidade. Nesta ter\u00e7a-feira, 4\/11, as equipes da Secretaria Municipal de Infraestrutura (Seminf) avan\u00e7aram com os servi\u00e7os de aplica\u00e7\u00e3o de novo asfalto no bairro Cidade de Deus, modernizando importantes vias, como as avenidas Autaz Mirim e Nossa Senhora da Concei\u00e7\u00e3o, zona Norte.","robots":{"index":"index","follow":"follow","max-snippet":"max-snippet:-1","max-image-preview":"max-image-preview:large","max-video-preview":"max-video-preview:-1"},"canonical":"https:\/\/www.manaus.am.gov.br\/semcom\/prefeitura-seminf-cidadededeus\/","og_locale":"pt_BR","og_type":"article","og_title":"Novo asfalto transforma vias do Cidade de Deus e melhora a mobilidade na zona Norte","og_description":"A Prefeitura de Manaus intensifica o ritmo de obras de infraestrutura em todas as zonas da cidade. Nesta ter\u00e7a-feira, 4\/11, as equipes da Secretaria Municipal de Infraestrutura (Seminf) avan\u00e7aram com os servi\u00e7os de aplica\u00e7\u00e3o de novo asfalto no bairro Cidade de Deus, modernizando importantes vias, como as avenidas Autaz Mirim e Nossa Senhora da Concei\u00e7\u00e3o, zona Norte.","og_url":"https:\/\/www.manaus.am.gov.br\/semcom\/prefeitura-seminf-cidadededeus\/","og_site_name":"SEMCOM","article_published_time":"2025-11-04T15:10:46+00:00","article_modified_time":"2025-11-04T15:10:47+00:00","og_image":[{"width":800,"height":600,"url":"https:\/\/www.manaus.am.gov.br\/semcom\/wp-content\/uploads\/sites\/5\/2025\/11\/54901954570_35024bd800_c.jpg","type":"image\/jpeg"}],"author":"Adriana Costa","twitter_card":"summary_large_image","twitter_misc":{"Written by":"Adriana Costa","Est. reading time":"2 minutos"},"schema":{"@context":"https:\/\/schema.org","@graph":[{"@type":"WebPage","@id":"https:\/\/www.manaus.am.gov.br\/semcom\/prefeitura-seminf-cidadededeus\/","url":"https:\/\/www.manaus.am.gov.br\/semcom\/prefeitura-seminf-cidadededeus\/","name":"Novo asfalto transforma vias do Cidade de Deus e melhora a mobilidade na zona Norte","isPartOf":{"@id":"https:\/\/www.manaus.am.gov.br\/semcom\/#website"},"primaryImageOfPage":{"@id":"https:\/\/www.manaus.am.gov.br\/semcom\/prefeitura-seminf-cidadededeus\/#primaryimage"},"image":{"@id":"https:\/\/www.manaus.am.gov.br\/semcom\/prefeitura-seminf-cidadededeus\/#primaryimage"},"thumbnailUrl":"https:\/\/www.manaus.am.gov.br\/semcom\/wp-content\/uploads\/sites\/5\/2025\/11\/54901954570_35024bd800_c.jpg","datePublished":"2025-11-04T15:10:46+00:00","dateModified":"2025-11-04T15:10:47+00:00","author":{"@id":"https:\/\/www.manaus.am.gov.br\/semcom\/#\/schema\/person\/4e49f4e267757a06ca072ec61b2b9968"},"description":"A Prefeitura de Manaus intensifica o ritmo de obras de infraestrutura em todas as zonas da cidade. Nesta ter\u00e7a-feira, 4\/11, as equipes da Secretaria Municipal de Infraestrutura (Seminf) avan\u00e7aram com os servi\u00e7os de aplica\u00e7\u00e3o de novo asfalto no bairro Cidade de Deus, modernizando importantes vias, como as avenidas Autaz Mirim e Nossa Senhora da Concei\u00e7\u00e3o, zona Norte.","inLanguage":"pt-BR","potentialAction":[{"@type":"ReadAction","target":["https:\/\/www.manaus.am.gov.br\/semcom\/prefeitura-seminf-cidadededeus\/"]}]},{"@type":"ImageObject","inLanguage":"pt-BR","@id":"https:\/\/www.manaus.am.gov.br\/semcom\/prefeitura-seminf-cidadededeus\/#primaryimage","url":"https:\/\/www.manaus.am.gov.br\/semcom\/wp-content\/uploads\/sites\/5\/2025\/11\/54901954570_35024bd800_c.jpg","contentUrl":"https:\/\/www.manaus.am.gov.br\/semcom\/wp-content\/uploads\/sites\/5\/2025\/11\/54901954570_35024bd800_c.jpg","width":800,"height":600,"caption":"#paratodosverem - Trabalhadores da Seminf e maquin\u00e1rio em servi\u00e7o de requalifica\u00e7\u00e3o asf\u00e1ltica"},{"@type":"WebSite","@id":"https:\/\/www.manaus.am.gov.br\/semcom\/#website","url":"https:\/\/www.manaus.am.gov.br\/semcom\/","name":"SEMCOM","description":"Secretaria Municipal de Comunica\u00e7\u00e3o","potentialAction":[{"@type":"SearchAction","target":{"@type":"EntryPoint","urlTemplate":"https:\/\/www.manaus.am.gov.br\/semcom\/?s={search_term_string}"},"query-input":"required name=search_term_string"}],"inLanguage":"pt-BR"},{"@type":"Person","@id":"https:\/\/www.manaus.am.gov.br\/semcom\/#\/schema\/person\/4e49f4e267757a06ca072ec61b2b9968","name":"Adriana Costa","image":{"@type":"ImageObject","inLanguage":"pt-BR","@id":"https:\/\/www.manaus.am.gov.br\/semcom\/#\/schema\/person\/image\/","url":"https:\/\/secure.gravatar.com\/avatar\/576258617ef7194f718179e766d57bd4?s=96&d=mm&r=g","contentUrl":"https:\/\/secure.gravatar.com\/avatar\/576258617ef7194f718179e766d57bd4?s=96&d=mm&r=g","caption":"Adriana Costa"}}]}},"_links":{"self":[{"href":"https:\/\/www.manaus.am.gov.br\/semcom\/wp-json\/wp\/v2\/posts\/247944"}],"collection":[{"href":"https:\/\/www.manaus.am.gov.br\/semcom\/wp-json\/wp\/v2\/posts"}],"about":[{"href":"https:\/\/www.manaus.am.gov.br\/semcom\/wp-json\/wp\/v2\/types\/post"}],"author":[{"embeddable":true,"href":"https:\/\/www.manaus.am.gov.br\/semcom\/wp-json\/wp\/v2\/users\/23"}],"replies":[{"embeddable":true,"href":"https:\/\/www.manaus.am.gov.br\/semcom\/wp-json\/wp\/v2\/comments?post=247944"}],"version-history":[{"count":0,"href":"https:\/\/www.manaus.am.gov.br\/semcom\/wp-json\/wp\/v2\/posts\/247944\/revisions"}],"wp:featuredmedia":[{"embeddable":true,"href":"https:\/\/www.manaus.am.gov.br\/semcom\/wp-json\/wp\/v2\/media\/247945"}],"wp:attachment":[{"href":"https:\/\/www.manaus.am.gov.br\/semcom\/wp-json\/wp\/v2\/media?parent=247944"}],"wp:term":[{"taxonomy":"category","embeddable":true,"href":"https:\/\/www.manaus.am.gov.br\/semcom\/wp-json\/wp\/v2\/categories?post=247944"},{"taxonomy":"post_tag","embeddable":true,"href":"https:\/\/www.manaus.am.gov.br\/semcom\/wp-json\/wp\/v2\/tags?post=247944"}],"curies":[{"name":"wp","href":"https:\/\/api.w.org\/{rel}","templated":true}]}}