{"id":247935,"date":"2025-11-03T21:13:16","date_gmt":"2025-11-04T00:13:16","guid":{"rendered":"https:\/\/www.manaus.am.gov.br\/semcom\/paineis-cop-30\/"},"modified":"2025-11-03T21:13:18","modified_gmt":"2025-11-04T00:13:18","slug":"paineis-cop-30","status":"publish","type":"post","link":"https:\/\/www.manaus.am.gov.br\/semcom\/paineis-cop-30\/","title":{"rendered":"Prefeitura de Manaus destaca a\u00e7\u00f5es de adapta\u00e7\u00e3o clim\u00e1tica e restaura\u00e7\u00e3o urbana em pain\u00e9is do C40 e FNP"},"content":{"rendered":"\n<p>A Prefeitura de Manaus marcou presen\u00e7a nos debates sobre sustentabilidade, adapta\u00e7\u00e3o clim\u00e1tica e cidades resilientes durante a programa\u00e7\u00e3o da 88\u00aa Reuni\u00e3o Geral da Frente Nacional de Prefeitos (FNP) e da C\u00fapula Mundial de Prefeitos do C40, no Rio de Janeiro. A participa\u00e7\u00e3o refor\u00e7a o compromisso da capital amazonense com solu\u00e7\u00f5es baseadas na natureza, restaura\u00e7\u00e3o florestal em \u00e1reas urbanas e fortalecimento das pol\u00edticas clim\u00e1ticas rumo \u00e0 COP30.<\/p>\n\n\n\n<p>Os representantes da prefeitura, Ant\u00f4nio Stroski, subsecret\u00e1rio-executivo de Projetos, e Deyvson Braga, analista municipal da Secretaria Municipal de Meio Ambiente e Sustentabilidade (Semmas), representaram Manaus nos debates e no COP30 Local Leaders F\u00f3rum, como parte das cidades-piloto do Projeto Generation Restoration, do Programa das Na\u00e7\u00f5es Unidas para o Meio Ambiente (Pnuma).<\/p>\n\n\n\n<p>Durante os encontros, representantes de Manaus apresentaram a\u00e7\u00f5es municipais relacionadas \u00e0 recupera\u00e7\u00e3o de \u00e1reas verdes, amplia\u00e7\u00e3o de parques urbanos, ecobarreiras, arboriza\u00e7\u00e3o, reflorestamento comunit\u00e1rio e integra\u00e7\u00e3o da gest\u00e3o ambiental com planejamento urbano.<\/p>\n\n\n\n<p>\u201cA agenda clim\u00e1tica passa por solu\u00e7\u00f5es locais, estruturadas e conectadas com a realidade da Amaz\u00f4nia. Manaus atua com responsabilidade ambiental, planejamento e inova\u00e7\u00e3o, alinhando nossas pol\u00edticas \u00e0 agenda da COP30 e \u00e0s diretrizes internacionais de adapta\u00e7\u00e3o e neutralidade clim\u00e1tica\u201d, refor\u00e7ou Ant\u00f4nio Stroski.<\/p>\n\n\n\n<p>\u201cO Pnuma viabilizou nossa participa\u00e7\u00e3o no evento \u2018Rumo \u00e0 COP30: Cidades e Natureza\u2019, em S\u00e3o Paulo, e no COP30 Local Leaders F\u00f3rum aqui no Rio. Manaus foi cidade piloto do projeto Generation Restoration, que trabalha a restaura\u00e7\u00e3o de ecossistemas urbanos para fortalecer a adapta\u00e7\u00e3o das cidades e criar resili\u00eancia clim\u00e1tica. Esses encontros s\u00e3o fundamentais para troca de experi\u00eancias e para posicionar Manaus no centro das discuss\u00f5es globais sobre clima e natureza\u201d, destacou Deyvson Braga.<\/p>\n\n\n\n<p>A participa\u00e7\u00e3o consolida Manaus como refer\u00eancia amaz\u00f4nica em resili\u00eancia clim\u00e1tica e urbanismo sustent\u00e1vel, refor\u00e7ando parcerias internacionais e a constru\u00e7\u00e3o de pol\u00edticas integradas para prote\u00e7\u00e3o ambiental, qualidade de vida e desenvolvimento sustent\u00e1vel.<\/p>\n\n\n\n<p>\u2014 \u2014 \u2014<br><strong>Texto &#8211;<\/strong> Emanuelle Baires \/ Semcom-Prefeito<br><strong>Fotos &#8211;<\/strong> Dhyeizo Lemos \/ Semcom-Prefeito<\/p>\n\n\n\n<p><\/p>\n","protected":false},"excerpt":{"rendered":"","protected":false},"author":68,"featured_media":247936,"comment_status":"closed","ping_status":"closed","sticky":false,"template":"","format":"standard","meta":{"footnotes":""},"categories":[134],"tags":[17746,35,17747,77,19],"acf":[],"yoast_head":"<!-- This site is optimized with the Yoast SEO plugin v23.0 - https:\/\/yoast.com\/wordpress\/plugins\/seo\/ -->\n<title>Prefeitura de Manaus destaca a\u00e7\u00f5es de adapta\u00e7\u00e3o clim\u00e1tica<\/title>\n<meta name=\"description\" content=\"A Prefeitura marcou presen\u00e7a nos debates sobre sustentabilidade durante a programa\u00e7\u00e3o da 88\u00aa Reuni\u00e3o Geral da Frente Nacional de Prefeitos.\" \/>\n<meta name=\"robots\" content=\"index, follow, max-snippet:-1, max-image-preview:large, max-video-preview:-1\" \/>\n<link rel=\"canonical\" href=\"https:\/\/www.manaus.am.gov.br\/semcom\/paineis-cop-30\/\" \/>\n<meta property=\"og:locale\" content=\"pt_BR\" \/>\n<meta property=\"og:type\" content=\"article\" \/>\n<meta property=\"og:title\" content=\"Prefeitura de Manaus destaca a\u00e7\u00f5es de adapta\u00e7\u00e3o clim\u00e1tica\" \/>\n<meta property=\"og:description\" content=\"A Prefeitura marcou presen\u00e7a nos debates sobre sustentabilidade durante a programa\u00e7\u00e3o da 88\u00aa Reuni\u00e3o Geral da Frente Nacional de Prefeitos.\" \/>\n<meta property=\"og:url\" content=\"https:\/\/www.manaus.am.gov.br\/semcom\/paineis-cop-30\/\" \/>\n<meta property=\"og:site_name\" content=\"SEMCOM\" \/>\n<meta property=\"article:published_time\" content=\"2025-11-04T00:13:16+00:00\" \/>\n<meta property=\"article:modified_time\" content=\"2025-11-04T00:13:18+00:00\" \/>\n<meta property=\"og:image\" content=\"https:\/\/www.manaus.am.gov.br\/semcom\/wp-content\/uploads\/sites\/5\/2025\/11\/Prefeitura-de-Manaus-destaca-acoes-de-adaptacao-climatica-e-restauracao-urbana-em-paineis-do-C40-e-FNP.jpeg\" \/>\n\t<meta property=\"og:image:width\" content=\"4160\" \/>\n\t<meta property=\"og:image:height\" content=\"2773\" \/>\n\t<meta property=\"og:image:type\" content=\"image\/jpeg\" \/>\n<meta name=\"author\" content=\"bvalente\" \/>\n<meta name=\"twitter:card\" content=\"summary_large_image\" \/>\n<meta name=\"twitter:label1\" content=\"Written by\" \/>\n\t<meta name=\"twitter:data1\" content=\"bvalente\" \/>\n\t<meta name=\"twitter:label2\" content=\"Est. reading time\" \/>\n\t<meta name=\"twitter:data2\" content=\"2 minutos\" \/>\n<script type=\"application\/ld+json\" class=\"yoast-schema-graph\">{\"@context\":\"https:\/\/schema.org\",\"@graph\":[{\"@type\":\"WebPage\",\"@id\":\"https:\/\/www.manaus.am.gov.br\/semcom\/paineis-cop-30\/\",\"url\":\"https:\/\/www.manaus.am.gov.br\/semcom\/paineis-cop-30\/\",\"name\":\"Prefeitura de Manaus destaca a\u00e7\u00f5es de adapta\u00e7\u00e3o clim\u00e1tica\",\"isPartOf\":{\"@id\":\"https:\/\/www.manaus.am.gov.br\/semcom\/#website\"},\"primaryImageOfPage\":{\"@id\":\"https:\/\/www.manaus.am.gov.br\/semcom\/paineis-cop-30\/#primaryimage\"},\"image\":{\"@id\":\"https:\/\/www.manaus.am.gov.br\/semcom\/paineis-cop-30\/#primaryimage\"},\"thumbnailUrl\":\"https:\/\/www.manaus.am.gov.br\/semcom\/wp-content\/uploads\/sites\/5\/2025\/11\/Prefeitura-de-Manaus-destaca-acoes-de-adaptacao-climatica-e-restauracao-urbana-em-paineis-do-C40-e-FNP.jpeg\",\"datePublished\":\"2025-11-04T00:13:16+00:00\",\"dateModified\":\"2025-11-04T00:13:18+00:00\",\"author\":{\"@id\":\"https:\/\/www.manaus.am.gov.br\/semcom\/#\/schema\/person\/466a0e03ae4b6062809046bd560ac955\"},\"description\":\"A Prefeitura marcou presen\u00e7a nos debates sobre sustentabilidade durante a programa\u00e7\u00e3o da 88\u00aa Reuni\u00e3o Geral da Frente Nacional de Prefeitos.\",\"inLanguage\":\"pt-BR\",\"potentialAction\":[{\"@type\":\"ReadAction\",\"target\":[\"https:\/\/www.manaus.am.gov.br\/semcom\/paineis-cop-30\/\"]}]},{\"@type\":\"ImageObject\",\"inLanguage\":\"pt-BR\",\"@id\":\"https:\/\/www.manaus.am.gov.br\/semcom\/paineis-cop-30\/#primaryimage\",\"url\":\"https:\/\/www.manaus.am.gov.br\/semcom\/wp-content\/uploads\/sites\/5\/2025\/11\/Prefeitura-de-Manaus-destaca-acoes-de-adaptacao-climatica-e-restauracao-urbana-em-paineis-do-C40-e-FNP.jpeg\",\"contentUrl\":\"https:\/\/www.manaus.am.gov.br\/semcom\/wp-content\/uploads\/sites\/5\/2025\/11\/Prefeitura-de-Manaus-destaca-acoes-de-adaptacao-climatica-e-restauracao-urbana-em-paineis-do-C40-e-FNP.jpeg\",\"width\":4160,\"height\":2773,\"caption\":\"#paratodosverem \u2013 Plen\u00e1ria da 88\u00aa Reuni\u00e3o Geral da FNP e a C\u00fapula Mundial de Prefeitos do C40, no Museu de Arte Moderna (MAM), no Rio de Janeiro\"},{\"@type\":\"WebSite\",\"@id\":\"https:\/\/www.manaus.am.gov.br\/semcom\/#website\",\"url\":\"https:\/\/www.manaus.am.gov.br\/semcom\/\",\"name\":\"SEMCOM\",\"description\":\"Secretaria Municipal de Comunica\u00e7\u00e3o\",\"potentialAction\":[{\"@type\":\"SearchAction\",\"target\":{\"@type\":\"EntryPoint\",\"urlTemplate\":\"https:\/\/www.manaus.am.gov.br\/semcom\/?s={search_term_string}\"},\"query-input\":\"required name=search_term_string\"}],\"inLanguage\":\"pt-BR\"},{\"@type\":\"Person\",\"@id\":\"https:\/\/www.manaus.am.gov.br\/semcom\/#\/schema\/person\/466a0e03ae4b6062809046bd560ac955\",\"name\":\"bvalente\",\"image\":{\"@type\":\"ImageObject\",\"inLanguage\":\"pt-BR\",\"@id\":\"https:\/\/www.manaus.am.gov.br\/semcom\/#\/schema\/person\/image\/\",\"url\":\"https:\/\/secure.gravatar.com\/avatar\/3e69bc2b014bdad41adfec3a39de07d2?s=96&d=mm&r=g\",\"contentUrl\":\"https:\/\/secure.gravatar.com\/avatar\/3e69bc2b014bdad41adfec3a39de07d2?s=96&d=mm&r=g\",\"caption\":\"bvalente\"}}]}<\/script>\n<!-- \/ Yoast SEO plugin. -->","yoast_head_json":{"title":"Prefeitura de Manaus destaca a\u00e7\u00f5es de adapta\u00e7\u00e3o clim\u00e1tica","description":"A Prefeitura marcou presen\u00e7a nos debates sobre sustentabilidade durante a programa\u00e7\u00e3o da 88\u00aa Reuni\u00e3o Geral da Frente Nacional de Prefeitos.","robots":{"index":"index","follow":"follow","max-snippet":"max-snippet:-1","max-image-preview":"max-image-preview:large","max-video-preview":"max-video-preview:-1"},"canonical":"https:\/\/www.manaus.am.gov.br\/semcom\/paineis-cop-30\/","og_locale":"pt_BR","og_type":"article","og_title":"Prefeitura de Manaus destaca a\u00e7\u00f5es de adapta\u00e7\u00e3o clim\u00e1tica","og_description":"A Prefeitura marcou presen\u00e7a nos debates sobre sustentabilidade durante a programa\u00e7\u00e3o da 88\u00aa Reuni\u00e3o Geral da Frente Nacional de Prefeitos.","og_url":"https:\/\/www.manaus.am.gov.br\/semcom\/paineis-cop-30\/","og_site_name":"SEMCOM","article_published_time":"2025-11-04T00:13:16+00:00","article_modified_time":"2025-11-04T00:13:18+00:00","og_image":[{"width":4160,"height":2773,"url":"https:\/\/www.manaus.am.gov.br\/semcom\/wp-content\/uploads\/sites\/5\/2025\/11\/Prefeitura-de-Manaus-destaca-acoes-de-adaptacao-climatica-e-restauracao-urbana-em-paineis-do-C40-e-FNP.jpeg","type":"image\/jpeg"}],"author":"bvalente","twitter_card":"summary_large_image","twitter_misc":{"Written by":"bvalente","Est. reading time":"2 minutos"},"schema":{"@context":"https:\/\/schema.org","@graph":[{"@type":"WebPage","@id":"https:\/\/www.manaus.am.gov.br\/semcom\/paineis-cop-30\/","url":"https:\/\/www.manaus.am.gov.br\/semcom\/paineis-cop-30\/","name":"Prefeitura de Manaus destaca a\u00e7\u00f5es de adapta\u00e7\u00e3o clim\u00e1tica","isPartOf":{"@id":"https:\/\/www.manaus.am.gov.br\/semcom\/#website"},"primaryImageOfPage":{"@id":"https:\/\/www.manaus.am.gov.br\/semcom\/paineis-cop-30\/#primaryimage"},"image":{"@id":"https:\/\/www.manaus.am.gov.br\/semcom\/paineis-cop-30\/#primaryimage"},"thumbnailUrl":"https:\/\/www.manaus.am.gov.br\/semcom\/wp-content\/uploads\/sites\/5\/2025\/11\/Prefeitura-de-Manaus-destaca-acoes-de-adaptacao-climatica-e-restauracao-urbana-em-paineis-do-C40-e-FNP.jpeg","datePublished":"2025-11-04T00:13:16+00:00","dateModified":"2025-11-04T00:13:18+00:00","author":{"@id":"https:\/\/www.manaus.am.gov.br\/semcom\/#\/schema\/person\/466a0e03ae4b6062809046bd560ac955"},"description":"A Prefeitura marcou presen\u00e7a nos debates sobre sustentabilidade durante a programa\u00e7\u00e3o da 88\u00aa Reuni\u00e3o Geral da Frente Nacional de Prefeitos.","inLanguage":"pt-BR","potentialAction":[{"@type":"ReadAction","target":["https:\/\/www.manaus.am.gov.br\/semcom\/paineis-cop-30\/"]}]},{"@type":"ImageObject","inLanguage":"pt-BR","@id":"https:\/\/www.manaus.am.gov.br\/semcom\/paineis-cop-30\/#primaryimage","url":"https:\/\/www.manaus.am.gov.br\/semcom\/wp-content\/uploads\/sites\/5\/2025\/11\/Prefeitura-de-Manaus-destaca-acoes-de-adaptacao-climatica-e-restauracao-urbana-em-paineis-do-C40-e-FNP.jpeg","contentUrl":"https:\/\/www.manaus.am.gov.br\/semcom\/wp-content\/uploads\/sites\/5\/2025\/11\/Prefeitura-de-Manaus-destaca-acoes-de-adaptacao-climatica-e-restauracao-urbana-em-paineis-do-C40-e-FNP.jpeg","width":4160,"height":2773,"caption":"#paratodosverem \u2013 Plen\u00e1ria da 88\u00aa Reuni\u00e3o Geral da FNP e a C\u00fapula Mundial de Prefeitos do C40, no Museu de Arte Moderna (MAM), no Rio de Janeiro"},{"@type":"WebSite","@id":"https:\/\/www.manaus.am.gov.br\/semcom\/#website","url":"https:\/\/www.manaus.am.gov.br\/semcom\/","name":"SEMCOM","description":"Secretaria Municipal de Comunica\u00e7\u00e3o","potentialAction":[{"@type":"SearchAction","target":{"@type":"EntryPoint","urlTemplate":"https:\/\/www.manaus.am.gov.br\/semcom\/?s={search_term_string}"},"query-input":"required name=search_term_string"}],"inLanguage":"pt-BR"},{"@type":"Person","@id":"https:\/\/www.manaus.am.gov.br\/semcom\/#\/schema\/person\/466a0e03ae4b6062809046bd560ac955","name":"bvalente","image":{"@type":"ImageObject","inLanguage":"pt-BR","@id":"https:\/\/www.manaus.am.gov.br\/semcom\/#\/schema\/person\/image\/","url":"https:\/\/secure.gravatar.com\/avatar\/3e69bc2b014bdad41adfec3a39de07d2?s=96&d=mm&r=g","contentUrl":"https:\/\/secure.gravatar.com\/avatar\/3e69bc2b014bdad41adfec3a39de07d2?s=96&d=mm&r=g","caption":"bvalente"}}]}},"_links":{"self":[{"href":"https:\/\/www.manaus.am.gov.br\/semcom\/wp-json\/wp\/v2\/posts\/247935"}],"collection":[{"href":"https:\/\/www.manaus.am.gov.br\/semcom\/wp-json\/wp\/v2\/posts"}],"about":[{"href":"https:\/\/www.manaus.am.gov.br\/semcom\/wp-json\/wp\/v2\/types\/post"}],"author":[{"embeddable":true,"href":"https:\/\/www.manaus.am.gov.br\/semcom\/wp-json\/wp\/v2\/users\/68"}],"replies":[{"embeddable":true,"href":"https:\/\/www.manaus.am.gov.br\/semcom\/wp-json\/wp\/v2\/comments?post=247935"}],"version-history":[{"count":0,"href":"https:\/\/www.manaus.am.gov.br\/semcom\/wp-json\/wp\/v2\/posts\/247935\/revisions"}],"wp:featuredmedia":[{"embeddable":true,"href":"https:\/\/www.manaus.am.gov.br\/semcom\/wp-json\/wp\/v2\/media\/247936"}],"wp:attachment":[{"href":"https:\/\/www.manaus.am.gov.br\/semcom\/wp-json\/wp\/v2\/media?parent=247935"}],"wp:term":[{"taxonomy":"category","embeddable":true,"href":"https:\/\/www.manaus.am.gov.br\/semcom\/wp-json\/wp\/v2\/categories?post=247935"},{"taxonomy":"post_tag","embeddable":true,"href":"https:\/\/www.manaus.am.gov.br\/semcom\/wp-json\/wp\/v2\/tags?post=247935"}],"curies":[{"name":"wp","href":"https:\/\/api.w.org\/{rel}","templated":true}]}}