{"id":247916,"date":"2025-11-03T16:36:02","date_gmt":"2025-11-03T20:36:02","guid":{"rendered":"https:\/\/www.manaus.am.gov.br\/semcom\/posse-manaus-previdencia\/"},"modified":"2025-11-03T16:36:02","modified_gmt":"2025-11-03T20:36:02","slug":"posse-manaus-previdencia","status":"publish","type":"post","link":"https:\/\/www.manaus.am.gov.br\/semcom\/posse-manaus-previdencia\/","title":{"rendered":"Dois novos servidores tomam posse na Manaus Previd\u00eancia e lista de convocados chega a 70"},"content":{"rendered":"\n<p>A Manaus Previd\u00eancia realizou, na manh\u00e3 desta segunda-feira, 3\/11, a cerim\u00f4nia de posse de dois novos servidores aprovados no concurso p\u00fablico de 2021. Foram assumidos os cargos de t\u00e9cnico previdenci\u00e1rio e analista previdenci\u00e1rio, ambos da \u00e1rea administrativa.<\/p>\n\n\n\n<p>Com a chegada dos novos servidores, a Manaus Previd\u00eancia totaliza 70 servidores convocados do \u00faltimo concurso p\u00fablico, realizado em 2021. Ao todo, 68 j\u00e1 haviam sido nomeados anteriormente. O concurso segue v\u00e1lido at\u00e9 mar\u00e7o de 2026, possibilitando que outros aprovados ainda sejam chamados dentro desse per\u00edodo.<\/p>\n\n\n\n<p>Durante o ato, os novos servidores assinaram o termo de posse em conformidade com as normas estatut\u00e1rias, comprometendo-se a exercer com dedica\u00e7\u00e3o e fidelidade as atribui\u00e7\u00f5es de suas fun\u00e7\u00f5es. A solenidade contou com a presen\u00e7a do Conselho Diretor e de chefias de setores da autarquia.<\/p>\n\n\n\n<p>Elizangela Lima passa a integrar a equipe da Assessoria T\u00e9cnica (Astec), enquanto que John Batista atuar\u00e1 no Setor de Concess\u00e3o de Benef\u00edcios (Scon).<\/p>\n\n\n\n<p>Emocionada, Elizangela destacou o acolhimento que sentiu logo nos primeiros momentos. \u201cEstou muito feliz por estar fazendo parte do quadro de servidores da Manausprev e j\u00e1 deu para perceber que aqui \u00e9 um ambiente muito acolhedor. Espero contribuir\u201d, afirmou.<\/p>\n\n\n\n<p>John tamb\u00e9m expressou sua gratid\u00e3o e expectativas para este novo momento. Ele consultava o Di\u00e1rio Oficial do Munic\u00edpio (DOM) constantemente, at\u00e9 receber a grande not\u00edcia. \u201cEspero que esse ciclo que est\u00e1 iniciando na minha vida seja repleto de respeito, companheirismo e responsabilidades. Muito obrigada a cada um de voc\u00eas\u201d, declarou.<\/p>\n\n\n\n<p>A diretora-presidente da Manaus Previd\u00eancia, Daniela Benayon, refor\u00e7ou a import\u00e2ncia da chegada de novos profissionais ao quadro da autarquia. \u201c\u00c9 sempre uma alegria receber novos servidores, pois cada um traz consigo novas ideias, energia e compromisso com o servi\u00e7o p\u00fablico. A Manausprev valoriza o trabalho em equipe e o atendimento de excel\u00eancia, e temos certeza de que Elizangela e John contribuir\u00e3o muito com a nossa miss\u00e3o\u201d, afirmou.<\/p>\n\n\n\n<p>A cerim\u00f4nia tamb\u00e9m foi acompanhada por familiares dos empossados, que compartilharam momentos de emo\u00e7\u00e3o e orgulho ao presenciarem o in\u00edcio dessa nova trajet\u00f3ria profissional.<\/p>\n\n\n\n<p>Todos os atos oficiais do&nbsp;concurso&nbsp;p\u00fablico da&nbsp;Manaus&nbsp;Previd\u00eancia est\u00e3o dispon\u00edveis no site, em&nbsp;<a href=\"https:\/\/manausprevidencia.manaus.am.gov.br\/concurso-publico\/\" target=\"_blank\" rel=\"noreferrer noopener\">https:\/\/manausprevidencia.manaus.am.gov.br\/concurso-publico\/<\/a>.<\/p>\n\n\n\n<p><strong>Concurso 2026<\/strong><\/p>\n\n\n\n<p>A previs\u00e3o da libera\u00e7\u00e3o do edital para o concurso 2026 ainda n\u00e3o tem data certa. As futuras vagas abrangem candidatos com n\u00edveis de ensino m\u00e9dio e superior, oferecendo sal\u00e1rios iniciais que variam entre R$ 5.568,50 e R$ 8.352,78.<\/p>\n\n\n\n<figure class=\"wp-block-image size-large\"><img loading=\"lazy\" decoding=\"async\" width=\"1024\" height=\"575\" src=\"https:\/\/www.manaus.am.gov.br\/semcom\/wp-content\/uploads\/sites\/5\/2025\/11\/Posse-3-1024x575.jpeg\" alt=\"\" class=\"wp-image-247918\" srcset=\"https:\/\/www.manaus.am.gov.br\/semcom\/wp-content\/uploads\/sites\/5\/2025\/11\/Posse-3-1024x575.jpeg 1024w, https:\/\/www.manaus.am.gov.br\/semcom\/wp-content\/uploads\/sites\/5\/2025\/11\/Posse-3-300x168.jpeg 300w, https:\/\/www.manaus.am.gov.br\/semcom\/wp-content\/uploads\/sites\/5\/2025\/11\/Posse-3-768x431.jpeg 768w, https:\/\/www.manaus.am.gov.br\/semcom\/wp-content\/uploads\/sites\/5\/2025\/11\/Posse-3-1536x862.jpeg 1536w, https:\/\/www.manaus.am.gov.br\/semcom\/wp-content\/uploads\/sites\/5\/2025\/11\/Posse-3.jpeg 1600w\" sizes=\"(max-width: 1024px) 100vw, 1024px\" \/><\/figure>\n\n\n\n<p>&#8212; &#8212; &#8212;<\/p>\n\n\n\n<p><strong>Texto<\/strong>&nbsp;\u2013 Renata Felix\/Manaus Previd\u00eancia<\/p>\n\n\n\n<p><strong>Fotos<\/strong>&nbsp;\u2013 Raquel Dedier\/Estagi\u00e1ria\u2013Manaus Previd\u00eancia<\/p>\n","protected":false},"excerpt":{"rendered":"","protected":false},"author":39,"featured_media":247917,"comment_status":"closed","ping_status":"closed","sticky":false,"template":"","format":"standard","meta":{"footnotes":""},"categories":[1628],"tags":[9113,17737,228,1596,77],"acf":[],"yoast_head":"<!-- This site is optimized with the Yoast SEO plugin v23.0 - https:\/\/yoast.com\/wordpress\/plugins\/seo\/ -->\n<title>Dois novos servidores tomam posse na Manaus Previd\u00eancia<\/title>\n<meta name=\"description\" content=\"Dois novos servidores tomam posse na Manaus Previd\u00eancia e lista de convocados do concurso p\u00fablico de 2021 chega a 70.\" \/>\n<meta name=\"robots\" content=\"index, follow, max-snippet:-1, max-image-preview:large, max-video-preview:-1\" \/>\n<link rel=\"canonical\" href=\"https:\/\/www.manaus.am.gov.br\/semcom\/posse-manaus-previdencia\/\" \/>\n<meta property=\"og:locale\" content=\"pt_BR\" \/>\n<meta property=\"og:type\" content=\"article\" \/>\n<meta property=\"og:title\" content=\"Dois novos servidores tomam posse na Manaus Previd\u00eancia\" \/>\n<meta property=\"og:description\" content=\"Dois novos servidores tomam posse na Manaus Previd\u00eancia e lista de convocados do concurso p\u00fablico de 2021 chega a 70.\" \/>\n<meta property=\"og:url\" content=\"https:\/\/www.manaus.am.gov.br\/semcom\/posse-manaus-previdencia\/\" \/>\n<meta property=\"og:site_name\" content=\"SEMCOM\" \/>\n<meta property=\"article:published_time\" content=\"2025-11-03T20:36:02+00:00\" \/>\n<meta property=\"og:image\" content=\"https:\/\/www.manaus.am.gov.br\/semcom\/wp-content\/uploads\/sites\/5\/2025\/11\/Posse-1.jpeg\" \/>\n\t<meta property=\"og:image:width\" content=\"1600\" \/>\n\t<meta property=\"og:image:height\" content=\"898\" \/>\n\t<meta property=\"og:image:type\" content=\"image\/jpeg\" \/>\n<meta name=\"author\" content=\"Bruna Greco\" \/>\n<meta name=\"twitter:card\" content=\"summary_large_image\" \/>\n<meta name=\"twitter:label1\" content=\"Written by\" \/>\n\t<meta name=\"twitter:data1\" content=\"Bruna Greco\" \/>\n\t<meta name=\"twitter:label2\" content=\"Est. reading time\" \/>\n\t<meta name=\"twitter:data2\" content=\"3 minutos\" \/>\n<script type=\"application\/ld+json\" class=\"yoast-schema-graph\">{\"@context\":\"https:\/\/schema.org\",\"@graph\":[{\"@type\":\"WebPage\",\"@id\":\"https:\/\/www.manaus.am.gov.br\/semcom\/posse-manaus-previdencia\/\",\"url\":\"https:\/\/www.manaus.am.gov.br\/semcom\/posse-manaus-previdencia\/\",\"name\":\"Dois novos servidores tomam posse na Manaus Previd\u00eancia\",\"isPartOf\":{\"@id\":\"https:\/\/www.manaus.am.gov.br\/semcom\/#website\"},\"primaryImageOfPage\":{\"@id\":\"https:\/\/www.manaus.am.gov.br\/semcom\/posse-manaus-previdencia\/#primaryimage\"},\"image\":{\"@id\":\"https:\/\/www.manaus.am.gov.br\/semcom\/posse-manaus-previdencia\/#primaryimage\"},\"thumbnailUrl\":\"https:\/\/www.manaus.am.gov.br\/semcom\/wp-content\/uploads\/sites\/5\/2025\/11\/Posse-1.jpeg\",\"datePublished\":\"2025-11-03T20:36:02+00:00\",\"dateModified\":\"2025-11-03T20:36:02+00:00\",\"author\":{\"@id\":\"https:\/\/www.manaus.am.gov.br\/semcom\/#\/schema\/person\/05d223aea2bf115f9883a6ff3683d81b\"},\"description\":\"Dois novos servidores tomam posse na Manaus Previd\u00eancia e lista de convocados do concurso p\u00fablico de 2021 chega a 70.\",\"inLanguage\":\"pt-BR\",\"potentialAction\":[{\"@type\":\"ReadAction\",\"target\":[\"https:\/\/www.manaus.am.gov.br\/semcom\/posse-manaus-previdencia\/\"]}]},{\"@type\":\"ImageObject\",\"inLanguage\":\"pt-BR\",\"@id\":\"https:\/\/www.manaus.am.gov.br\/semcom\/posse-manaus-previdencia\/#primaryimage\",\"url\":\"https:\/\/www.manaus.am.gov.br\/semcom\/wp-content\/uploads\/sites\/5\/2025\/11\/Posse-1.jpeg\",\"contentUrl\":\"https:\/\/www.manaus.am.gov.br\/semcom\/wp-content\/uploads\/sites\/5\/2025\/11\/Posse-1.jpeg\",\"width\":1600,\"height\":898,\"caption\":\"#paratodosverem - Elizangela Lima e John Batista, aprovados no concurso da Manaus Previd\u00eancia de 2021, tomando posse de cargos p\u00fablicos\"},{\"@type\":\"WebSite\",\"@id\":\"https:\/\/www.manaus.am.gov.br\/semcom\/#website\",\"url\":\"https:\/\/www.manaus.am.gov.br\/semcom\/\",\"name\":\"SEMCOM\",\"description\":\"Secretaria Municipal de Comunica\u00e7\u00e3o\",\"potentialAction\":[{\"@type\":\"SearchAction\",\"target\":{\"@type\":\"EntryPoint\",\"urlTemplate\":\"https:\/\/www.manaus.am.gov.br\/semcom\/?s={search_term_string}\"},\"query-input\":\"required name=search_term_string\"}],\"inLanguage\":\"pt-BR\"},{\"@type\":\"Person\",\"@id\":\"https:\/\/www.manaus.am.gov.br\/semcom\/#\/schema\/person\/05d223aea2bf115f9883a6ff3683d81b\",\"name\":\"Bruna Greco\",\"image\":{\"@type\":\"ImageObject\",\"inLanguage\":\"pt-BR\",\"@id\":\"https:\/\/www.manaus.am.gov.br\/semcom\/#\/schema\/person\/image\/\",\"url\":\"https:\/\/secure.gravatar.com\/avatar\/9c877d1a6adc2a055330e5c09a8653ce?s=96&d=mm&r=g\",\"contentUrl\":\"https:\/\/secure.gravatar.com\/avatar\/9c877d1a6adc2a055330e5c09a8653ce?s=96&d=mm&r=g\",\"caption\":\"Bruna Greco\"}}]}<\/script>\n<!-- \/ Yoast SEO plugin. -->","yoast_head_json":{"title":"Dois novos servidores tomam posse na Manaus Previd\u00eancia","description":"Dois novos servidores tomam posse na Manaus Previd\u00eancia e lista de convocados do concurso p\u00fablico de 2021 chega a 70.","robots":{"index":"index","follow":"follow","max-snippet":"max-snippet:-1","max-image-preview":"max-image-preview:large","max-video-preview":"max-video-preview:-1"},"canonical":"https:\/\/www.manaus.am.gov.br\/semcom\/posse-manaus-previdencia\/","og_locale":"pt_BR","og_type":"article","og_title":"Dois novos servidores tomam posse na Manaus Previd\u00eancia","og_description":"Dois novos servidores tomam posse na Manaus Previd\u00eancia e lista de convocados do concurso p\u00fablico de 2021 chega a 70.","og_url":"https:\/\/www.manaus.am.gov.br\/semcom\/posse-manaus-previdencia\/","og_site_name":"SEMCOM","article_published_time":"2025-11-03T20:36:02+00:00","og_image":[{"width":1600,"height":898,"url":"https:\/\/www.manaus.am.gov.br\/semcom\/wp-content\/uploads\/sites\/5\/2025\/11\/Posse-1.jpeg","type":"image\/jpeg"}],"author":"Bruna Greco","twitter_card":"summary_large_image","twitter_misc":{"Written by":"Bruna Greco","Est. reading time":"3 minutos"},"schema":{"@context":"https:\/\/schema.org","@graph":[{"@type":"WebPage","@id":"https:\/\/www.manaus.am.gov.br\/semcom\/posse-manaus-previdencia\/","url":"https:\/\/www.manaus.am.gov.br\/semcom\/posse-manaus-previdencia\/","name":"Dois novos servidores tomam posse na Manaus Previd\u00eancia","isPartOf":{"@id":"https:\/\/www.manaus.am.gov.br\/semcom\/#website"},"primaryImageOfPage":{"@id":"https:\/\/www.manaus.am.gov.br\/semcom\/posse-manaus-previdencia\/#primaryimage"},"image":{"@id":"https:\/\/www.manaus.am.gov.br\/semcom\/posse-manaus-previdencia\/#primaryimage"},"thumbnailUrl":"https:\/\/www.manaus.am.gov.br\/semcom\/wp-content\/uploads\/sites\/5\/2025\/11\/Posse-1.jpeg","datePublished":"2025-11-03T20:36:02+00:00","dateModified":"2025-11-03T20:36:02+00:00","author":{"@id":"https:\/\/www.manaus.am.gov.br\/semcom\/#\/schema\/person\/05d223aea2bf115f9883a6ff3683d81b"},"description":"Dois novos servidores tomam posse na Manaus Previd\u00eancia e lista de convocados do concurso p\u00fablico de 2021 chega a 70.","inLanguage":"pt-BR","potentialAction":[{"@type":"ReadAction","target":["https:\/\/www.manaus.am.gov.br\/semcom\/posse-manaus-previdencia\/"]}]},{"@type":"ImageObject","inLanguage":"pt-BR","@id":"https:\/\/www.manaus.am.gov.br\/semcom\/posse-manaus-previdencia\/#primaryimage","url":"https:\/\/www.manaus.am.gov.br\/semcom\/wp-content\/uploads\/sites\/5\/2025\/11\/Posse-1.jpeg","contentUrl":"https:\/\/www.manaus.am.gov.br\/semcom\/wp-content\/uploads\/sites\/5\/2025\/11\/Posse-1.jpeg","width":1600,"height":898,"caption":"#paratodosverem - Elizangela Lima e John Batista, aprovados no concurso da Manaus Previd\u00eancia de 2021, tomando posse de cargos p\u00fablicos"},{"@type":"WebSite","@id":"https:\/\/www.manaus.am.gov.br\/semcom\/#website","url":"https:\/\/www.manaus.am.gov.br\/semcom\/","name":"SEMCOM","description":"Secretaria Municipal de Comunica\u00e7\u00e3o","potentialAction":[{"@type":"SearchAction","target":{"@type":"EntryPoint","urlTemplate":"https:\/\/www.manaus.am.gov.br\/semcom\/?s={search_term_string}"},"query-input":"required name=search_term_string"}],"inLanguage":"pt-BR"},{"@type":"Person","@id":"https:\/\/www.manaus.am.gov.br\/semcom\/#\/schema\/person\/05d223aea2bf115f9883a6ff3683d81b","name":"Bruna Greco","image":{"@type":"ImageObject","inLanguage":"pt-BR","@id":"https:\/\/www.manaus.am.gov.br\/semcom\/#\/schema\/person\/image\/","url":"https:\/\/secure.gravatar.com\/avatar\/9c877d1a6adc2a055330e5c09a8653ce?s=96&d=mm&r=g","contentUrl":"https:\/\/secure.gravatar.com\/avatar\/9c877d1a6adc2a055330e5c09a8653ce?s=96&d=mm&r=g","caption":"Bruna Greco"}}]}},"_links":{"self":[{"href":"https:\/\/www.manaus.am.gov.br\/semcom\/wp-json\/wp\/v2\/posts\/247916"}],"collection":[{"href":"https:\/\/www.manaus.am.gov.br\/semcom\/wp-json\/wp\/v2\/posts"}],"about":[{"href":"https:\/\/www.manaus.am.gov.br\/semcom\/wp-json\/wp\/v2\/types\/post"}],"author":[{"embeddable":true,"href":"https:\/\/www.manaus.am.gov.br\/semcom\/wp-json\/wp\/v2\/users\/39"}],"replies":[{"embeddable":true,"href":"https:\/\/www.manaus.am.gov.br\/semcom\/wp-json\/wp\/v2\/comments?post=247916"}],"version-history":[{"count":1,"href":"https:\/\/www.manaus.am.gov.br\/semcom\/wp-json\/wp\/v2\/posts\/247916\/revisions"}],"predecessor-version":[{"id":247919,"href":"https:\/\/www.manaus.am.gov.br\/semcom\/wp-json\/wp\/v2\/posts\/247916\/revisions\/247919"}],"wp:featuredmedia":[{"embeddable":true,"href":"https:\/\/www.manaus.am.gov.br\/semcom\/wp-json\/wp\/v2\/media\/247917"}],"wp:attachment":[{"href":"https:\/\/www.manaus.am.gov.br\/semcom\/wp-json\/wp\/v2\/media?parent=247916"}],"wp:term":[{"taxonomy":"category","embeddable":true,"href":"https:\/\/www.manaus.am.gov.br\/semcom\/wp-json\/wp\/v2\/categories?post=247916"},{"taxonomy":"post_tag","embeddable":true,"href":"https:\/\/www.manaus.am.gov.br\/semcom\/wp-json\/wp\/v2\/tags?post=247916"}],"curies":[{"name":"wp","href":"https:\/\/api.w.org\/{rel}","templated":true}]}}