{"id":247912,"date":"2025-11-03T16:22:03","date_gmt":"2025-11-03T19:22:03","guid":{"rendered":"https:\/\/www.manaus.am.gov.br\/semcom\/prefeitura-seminf-planodeverao-novacidade\/"},"modified":"2025-11-03T16:22:04","modified_gmt":"2025-11-03T19:22:04","slug":"prefeitura-seminf-planodeverao-novacidade","status":"publish","type":"post","link":"https:\/\/www.manaus.am.gov.br\/semcom\/prefeitura-seminf-planodeverao-novacidade\/","title":{"rendered":"Prefeitura de Manaus avan\u00e7a com o \u2018Plano de Ver\u00e3o\u2019 no bairro Nova Cidade\u00a0"},"content":{"rendered":"\n<p>A Prefeitura de Manaus, por meio da Secretaria Municipal de Infraestrutura (Seminf), avan\u00e7a, nesta segunda-feira, 3\/11, com novas frentes de trabalho no bairro Nova Cidade, zona Norte, e a beneficiada da vez \u00e9 a rua 155 que recebe as equipes de obras para a aplica\u00e7\u00e3o de uma nova camada de asfalto.&nbsp;<\/p>\n\n\n\n<p>\u201cEu quero agradecer \u00e0 Prefeitura de Manaus por estar presente no nosso bairro Nova Cidade, com o servi\u00e7o de asfalto que \u00e9 muito importante para n\u00f3s. Esse trabalho traz muitos benef\u00edcios, como facilitar a locomo\u00e7\u00e3o, garantir mais seguran\u00e7a para as crian\u00e7as brincarem e melhorar o acesso da coleta de lixo\u201d, afirmou o administrador Washington da Costa, 47, morador da \u00e1rea.<\/p>\n\n\n\n<p>Os trabalhadores da secretaria de Obras mapeiam as \u00e1reas degradadas e avan\u00e7am com os servi\u00e7os que fazem parte do esfor\u00e7o cont\u00ednuo do \u201cPlano de Ver\u00e3o\u201d, em recuperar com novo asfalto a malha vi\u00e1ria das ruas de Manaus.&nbsp;<\/p>\n\n\n\n<p>De acordo com o vice-prefeito e secret\u00e1rio de Obras, Renato Junior, o trabalho cont\u00ednuo de recupera\u00e7\u00e3o do pavimento reafirma o compromisso da gest\u00e3o municipal com a popula\u00e7\u00e3o. \u201cA gest\u00e3o do prefeito David Almeida permanece em constante evolu\u00e7\u00e3o, executamos um trabalho cont\u00ednuo todos os dias, em lugares diferente, mas com o mesmo foco em manter Manaus em movimento com vias mais resistentes e bem cuidadas para todos, e desta forma reafirmamos nosso compromisso com Manaus e a popula\u00e7\u00e3o\u201d, ressaltou Renato Junior.<\/p>\n\n\n\n<p>&#8212; &#8212; &#8212;<\/p>\n\n\n\n<p><strong>Texto<\/strong>&nbsp;&#8211; Rayana Coutinho\/ Seminf&nbsp;<\/p>\n\n\n\n<p><strong>Fotos<\/strong>&nbsp;&#8211; Alessandro Ara\u00fajo\/ Seminf&nbsp;<\/p>\n","protected":false},"excerpt":{"rendered":"","protected":false},"author":23,"featured_media":247913,"comment_status":"closed","ping_status":"closed","sticky":false,"template":"","format":"standard","meta":{"footnotes":""},"categories":[27],"tags":[31,16000,77,33,328],"acf":[],"yoast_head":"<!-- This site is optimized with the Yoast SEO plugin v23.0 - https:\/\/yoast.com\/wordpress\/plugins\/seo\/ -->\n<title>Prefeitura de Manaus avan\u00e7a com o \u2018Plano de Ver\u00e3o\u2019 no bairro Nova Cidade<\/title>\n<meta name=\"description\" content=\"Prefeitura de Manaus avan\u00e7a com o \u2018Plano de Ver\u00e3o\u2019 no bairro Cidade Nova\" \/>\n<meta name=\"robots\" content=\"index, follow, max-snippet:-1, max-image-preview:large, max-video-preview:-1\" \/>\n<link rel=\"canonical\" href=\"https:\/\/www.manaus.am.gov.br\/semcom\/prefeitura-seminf-planodeverao-novacidade\/\" \/>\n<meta property=\"og:locale\" content=\"pt_BR\" \/>\n<meta property=\"og:type\" content=\"article\" \/>\n<meta property=\"og:title\" content=\"Prefeitura de Manaus avan\u00e7a com o \u2018Plano de Ver\u00e3o\u2019 no bairro Nova Cidade\" \/>\n<meta property=\"og:description\" content=\"Prefeitura de Manaus avan\u00e7a com o \u2018Plano de Ver\u00e3o\u2019 no bairro Cidade Nova\" \/>\n<meta property=\"og:url\" content=\"https:\/\/www.manaus.am.gov.br\/semcom\/prefeitura-seminf-planodeverao-novacidade\/\" \/>\n<meta property=\"og:site_name\" content=\"SEMCOM\" \/>\n<meta property=\"article:published_time\" content=\"2025-11-03T19:22:03+00:00\" \/>\n<meta property=\"article:modified_time\" content=\"2025-11-03T19:22:04+00:00\" \/>\n<meta property=\"og:image\" content=\"https:\/\/www.manaus.am.gov.br\/semcom\/wp-content\/uploads\/sites\/5\/2025\/11\/WhatsApp-Image-2025-11-03-at-15.14.23.jpeg\" \/>\n\t<meta property=\"og:image:width\" content=\"2560\" \/>\n\t<meta property=\"og:image:height\" content=\"1440\" \/>\n\t<meta property=\"og:image:type\" content=\"image\/jpeg\" \/>\n<meta name=\"author\" content=\"Adriana Costa\" \/>\n<meta name=\"twitter:card\" content=\"summary_large_image\" \/>\n<meta name=\"twitter:label1\" content=\"Written by\" \/>\n\t<meta name=\"twitter:data1\" content=\"Adriana Costa\" \/>\n\t<meta name=\"twitter:label2\" content=\"Est. reading time\" \/>\n\t<meta name=\"twitter:data2\" content=\"2 minutos\" \/>\n<script type=\"application\/ld+json\" class=\"yoast-schema-graph\">{\"@context\":\"https:\/\/schema.org\",\"@graph\":[{\"@type\":\"WebPage\",\"@id\":\"https:\/\/www.manaus.am.gov.br\/semcom\/prefeitura-seminf-planodeverao-novacidade\/\",\"url\":\"https:\/\/www.manaus.am.gov.br\/semcom\/prefeitura-seminf-planodeverao-novacidade\/\",\"name\":\"Prefeitura de Manaus avan\u00e7a com o \u2018Plano de Ver\u00e3o\u2019 no bairro Nova Cidade\",\"isPartOf\":{\"@id\":\"https:\/\/www.manaus.am.gov.br\/semcom\/#website\"},\"primaryImageOfPage\":{\"@id\":\"https:\/\/www.manaus.am.gov.br\/semcom\/prefeitura-seminf-planodeverao-novacidade\/#primaryimage\"},\"image\":{\"@id\":\"https:\/\/www.manaus.am.gov.br\/semcom\/prefeitura-seminf-planodeverao-novacidade\/#primaryimage\"},\"thumbnailUrl\":\"https:\/\/www.manaus.am.gov.br\/semcom\/wp-content\/uploads\/sites\/5\/2025\/11\/WhatsApp-Image-2025-11-03-at-15.14.23.jpeg\",\"datePublished\":\"2025-11-03T19:22:03+00:00\",\"dateModified\":\"2025-11-03T19:22:04+00:00\",\"author\":{\"@id\":\"https:\/\/www.manaus.am.gov.br\/semcom\/#\/schema\/person\/4e49f4e267757a06ca072ec61b2b9968\"},\"description\":\"Prefeitura de Manaus avan\u00e7a com o \u2018Plano de Ver\u00e3o\u2019 no bairro Cidade Nova\",\"inLanguage\":\"pt-BR\",\"potentialAction\":[{\"@type\":\"ReadAction\",\"target\":[\"https:\/\/www.manaus.am.gov.br\/semcom\/prefeitura-seminf-planodeverao-novacidade\/\"]}]},{\"@type\":\"ImageObject\",\"inLanguage\":\"pt-BR\",\"@id\":\"https:\/\/www.manaus.am.gov.br\/semcom\/prefeitura-seminf-planodeverao-novacidade\/#primaryimage\",\"url\":\"https:\/\/www.manaus.am.gov.br\/semcom\/wp-content\/uploads\/sites\/5\/2025\/11\/WhatsApp-Image-2025-11-03-at-15.14.23.jpeg\",\"contentUrl\":\"https:\/\/www.manaus.am.gov.br\/semcom\/wp-content\/uploads\/sites\/5\/2025\/11\/WhatsApp-Image-2025-11-03-at-15.14.23.jpeg\",\"width\":2560,\"height\":1440,\"caption\":\"#paratodosverem - Frente de trabalho da Seminf aplica\u00e7\u00e3o de asfalto novo no Nova Cidade\"},{\"@type\":\"WebSite\",\"@id\":\"https:\/\/www.manaus.am.gov.br\/semcom\/#website\",\"url\":\"https:\/\/www.manaus.am.gov.br\/semcom\/\",\"name\":\"SEMCOM\",\"description\":\"Secretaria Municipal de Comunica\u00e7\u00e3o\",\"potentialAction\":[{\"@type\":\"SearchAction\",\"target\":{\"@type\":\"EntryPoint\",\"urlTemplate\":\"https:\/\/www.manaus.am.gov.br\/semcom\/?s={search_term_string}\"},\"query-input\":\"required name=search_term_string\"}],\"inLanguage\":\"pt-BR\"},{\"@type\":\"Person\",\"@id\":\"https:\/\/www.manaus.am.gov.br\/semcom\/#\/schema\/person\/4e49f4e267757a06ca072ec61b2b9968\",\"name\":\"Adriana Costa\",\"image\":{\"@type\":\"ImageObject\",\"inLanguage\":\"pt-BR\",\"@id\":\"https:\/\/www.manaus.am.gov.br\/semcom\/#\/schema\/person\/image\/\",\"url\":\"https:\/\/secure.gravatar.com\/avatar\/576258617ef7194f718179e766d57bd4?s=96&d=mm&r=g\",\"contentUrl\":\"https:\/\/secure.gravatar.com\/avatar\/576258617ef7194f718179e766d57bd4?s=96&d=mm&r=g\",\"caption\":\"Adriana Costa\"}}]}<\/script>\n<!-- \/ Yoast SEO plugin. -->","yoast_head_json":{"title":"Prefeitura de Manaus avan\u00e7a com o \u2018Plano de Ver\u00e3o\u2019 no bairro Nova Cidade","description":"Prefeitura de Manaus avan\u00e7a com o \u2018Plano de Ver\u00e3o\u2019 no bairro Cidade Nova","robots":{"index":"index","follow":"follow","max-snippet":"max-snippet:-1","max-image-preview":"max-image-preview:large","max-video-preview":"max-video-preview:-1"},"canonical":"https:\/\/www.manaus.am.gov.br\/semcom\/prefeitura-seminf-planodeverao-novacidade\/","og_locale":"pt_BR","og_type":"article","og_title":"Prefeitura de Manaus avan\u00e7a com o \u2018Plano de Ver\u00e3o\u2019 no bairro Nova Cidade","og_description":"Prefeitura de Manaus avan\u00e7a com o \u2018Plano de Ver\u00e3o\u2019 no bairro Cidade Nova","og_url":"https:\/\/www.manaus.am.gov.br\/semcom\/prefeitura-seminf-planodeverao-novacidade\/","og_site_name":"SEMCOM","article_published_time":"2025-11-03T19:22:03+00:00","article_modified_time":"2025-11-03T19:22:04+00:00","og_image":[{"width":2560,"height":1440,"url":"https:\/\/www.manaus.am.gov.br\/semcom\/wp-content\/uploads\/sites\/5\/2025\/11\/WhatsApp-Image-2025-11-03-at-15.14.23.jpeg","type":"image\/jpeg"}],"author":"Adriana Costa","twitter_card":"summary_large_image","twitter_misc":{"Written by":"Adriana Costa","Est. reading time":"2 minutos"},"schema":{"@context":"https:\/\/schema.org","@graph":[{"@type":"WebPage","@id":"https:\/\/www.manaus.am.gov.br\/semcom\/prefeitura-seminf-planodeverao-novacidade\/","url":"https:\/\/www.manaus.am.gov.br\/semcom\/prefeitura-seminf-planodeverao-novacidade\/","name":"Prefeitura de Manaus avan\u00e7a com o \u2018Plano de Ver\u00e3o\u2019 no bairro Nova Cidade","isPartOf":{"@id":"https:\/\/www.manaus.am.gov.br\/semcom\/#website"},"primaryImageOfPage":{"@id":"https:\/\/www.manaus.am.gov.br\/semcom\/prefeitura-seminf-planodeverao-novacidade\/#primaryimage"},"image":{"@id":"https:\/\/www.manaus.am.gov.br\/semcom\/prefeitura-seminf-planodeverao-novacidade\/#primaryimage"},"thumbnailUrl":"https:\/\/www.manaus.am.gov.br\/semcom\/wp-content\/uploads\/sites\/5\/2025\/11\/WhatsApp-Image-2025-11-03-at-15.14.23.jpeg","datePublished":"2025-11-03T19:22:03+00:00","dateModified":"2025-11-03T19:22:04+00:00","author":{"@id":"https:\/\/www.manaus.am.gov.br\/semcom\/#\/schema\/person\/4e49f4e267757a06ca072ec61b2b9968"},"description":"Prefeitura de Manaus avan\u00e7a com o \u2018Plano de Ver\u00e3o\u2019 no bairro Cidade Nova","inLanguage":"pt-BR","potentialAction":[{"@type":"ReadAction","target":["https:\/\/www.manaus.am.gov.br\/semcom\/prefeitura-seminf-planodeverao-novacidade\/"]}]},{"@type":"ImageObject","inLanguage":"pt-BR","@id":"https:\/\/www.manaus.am.gov.br\/semcom\/prefeitura-seminf-planodeverao-novacidade\/#primaryimage","url":"https:\/\/www.manaus.am.gov.br\/semcom\/wp-content\/uploads\/sites\/5\/2025\/11\/WhatsApp-Image-2025-11-03-at-15.14.23.jpeg","contentUrl":"https:\/\/www.manaus.am.gov.br\/semcom\/wp-content\/uploads\/sites\/5\/2025\/11\/WhatsApp-Image-2025-11-03-at-15.14.23.jpeg","width":2560,"height":1440,"caption":"#paratodosverem - Frente de trabalho da Seminf aplica\u00e7\u00e3o de asfalto novo no Nova Cidade"},{"@type":"WebSite","@id":"https:\/\/www.manaus.am.gov.br\/semcom\/#website","url":"https:\/\/www.manaus.am.gov.br\/semcom\/","name":"SEMCOM","description":"Secretaria Municipal de Comunica\u00e7\u00e3o","potentialAction":[{"@type":"SearchAction","target":{"@type":"EntryPoint","urlTemplate":"https:\/\/www.manaus.am.gov.br\/semcom\/?s={search_term_string}"},"query-input":"required name=search_term_string"}],"inLanguage":"pt-BR"},{"@type":"Person","@id":"https:\/\/www.manaus.am.gov.br\/semcom\/#\/schema\/person\/4e49f4e267757a06ca072ec61b2b9968","name":"Adriana Costa","image":{"@type":"ImageObject","inLanguage":"pt-BR","@id":"https:\/\/www.manaus.am.gov.br\/semcom\/#\/schema\/person\/image\/","url":"https:\/\/secure.gravatar.com\/avatar\/576258617ef7194f718179e766d57bd4?s=96&d=mm&r=g","contentUrl":"https:\/\/secure.gravatar.com\/avatar\/576258617ef7194f718179e766d57bd4?s=96&d=mm&r=g","caption":"Adriana Costa"}}]}},"_links":{"self":[{"href":"https:\/\/www.manaus.am.gov.br\/semcom\/wp-json\/wp\/v2\/posts\/247912"}],"collection":[{"href":"https:\/\/www.manaus.am.gov.br\/semcom\/wp-json\/wp\/v2\/posts"}],"about":[{"href":"https:\/\/www.manaus.am.gov.br\/semcom\/wp-json\/wp\/v2\/types\/post"}],"author":[{"embeddable":true,"href":"https:\/\/www.manaus.am.gov.br\/semcom\/wp-json\/wp\/v2\/users\/23"}],"replies":[{"embeddable":true,"href":"https:\/\/www.manaus.am.gov.br\/semcom\/wp-json\/wp\/v2\/comments?post=247912"}],"version-history":[{"count":0,"href":"https:\/\/www.manaus.am.gov.br\/semcom\/wp-json\/wp\/v2\/posts\/247912\/revisions"}],"wp:featuredmedia":[{"embeddable":true,"href":"https:\/\/www.manaus.am.gov.br\/semcom\/wp-json\/wp\/v2\/media\/247913"}],"wp:attachment":[{"href":"https:\/\/www.manaus.am.gov.br\/semcom\/wp-json\/wp\/v2\/media?parent=247912"}],"wp:term":[{"taxonomy":"category","embeddable":true,"href":"https:\/\/www.manaus.am.gov.br\/semcom\/wp-json\/wp\/v2\/categories?post=247912"},{"taxonomy":"post_tag","embeddable":true,"href":"https:\/\/www.manaus.am.gov.br\/semcom\/wp-json\/wp\/v2\/tags?post=247912"}],"curies":[{"name":"wp","href":"https:\/\/api.w.org\/{rel}","templated":true}]}}