{"id":247892,"date":"2025-11-02T00:32:07","date_gmt":"2025-11-02T03:32:07","guid":{"rendered":"https:\/\/www.manaus.am.gov.br\/semcom\/prefeito-decoracaonatalina-pistadepatinacao-pontanegra\/"},"modified":"2025-11-02T00:32:09","modified_gmt":"2025-11-02T03:32:09","slug":"prefeito-decoracaonatalina-pistadepatinacao-pontanegra","status":"publish","type":"post","link":"https:\/\/www.manaus.am.gov.br\/semcom\/prefeito-decoracaonatalina-pistadepatinacao-pontanegra\/","title":{"rendered":"Prefeito David Almeida inaugura decora\u00e7\u00e3o natalina e pista de patina\u00e7\u00e3o no gelo no complexo tur\u00edstico Ponta Negra"},"content":{"rendered":"\n<p>O prefeito de Manaus, David Almeida, acompanhado da primeira-dama Izabelle&nbsp;Fontenelle e da presidente do Fundo Manaus Solid\u00e1ria (FMS), Viviana Lira, inaugurou, na noite deste s\u00e1bado, 1\u00ba\/11, a decora\u00e7\u00e3o natalina e a pista de patina\u00e7\u00e3o no gelo do projeto \u201cUm Sonho M\u00e1gico de Natal\u201d, no complexo tur\u00edstico Ponta Negra, zona Oeste da capital. A a\u00e7\u00e3o, coordenada pelo Fundo Manaus Solid\u00e1ria (FMS), marca o in\u00edcio oficial da programa\u00e7\u00e3o natalina na orla da cidade, levando luz, cor e emo\u00e7\u00e3o para milhares de fam\u00edlias manauaras.<\/p>\n\n\n\n<p>\u201c\u00c9 o in\u00edcio da nossa programa\u00e7\u00e3o natalina aqui na Ponta Negra. Na semana passada, come\u00e7amos pelo centro da cidade, no anivers\u00e1rio de Manaus, e agora trazemos para a zona Oeste uma estrutura in\u00e9dita, com t\u00fanel de LED, \u00e1rvore digital, tren\u00f3, Vila do Papai Noel e a nossa pista de patina\u00e7\u00e3o no gelo, que com certeza vai atrair a popula\u00e7\u00e3o para este complexo tur\u00edstico que \u00e9 o principal cart\u00e3o-postal da cidade\u201d, destacou o prefeito David Almeida.<\/p>\n\n\n\n<p>Com 32 metros de altura, a \u00e1rvore natalina instalada ao lado do anfiteatro se tornou um dos principais s\u00edmbolos da temporada, iluminando toda a orla da Ponta Negra. Al\u00e9m dela, o espa\u00e7o recebeu ornatos tem\u00e1ticos, o tren\u00f3 do Papai Noel, a Vila do Papai Noel, um t\u00fanel iluminado e uma \u00e1rvore digital em LED na rotat\u00f3ria, transformando o local em um cen\u00e1rio encantado e prop\u00edcio \u00e0 conviv\u00eancia em fam\u00edlia.<\/p>\n\n\n\n<p>A pista de gelo, in\u00e9dita na programa\u00e7\u00e3o natalina de Manaus, possui 10 metros de largura por 20 metros de comprimento e comporta at\u00e9 30 pessoas por sess\u00e3o de 30 minutos, com monitores e instrutores para garantir a seguran\u00e7a. Crian\u00e7as a partir de 5 anos podem participar, e o uso de meias de cano longo \u00e9 obrigat\u00f3rio.<\/p>\n\n\n\n<p>\u201cAs inscri\u00e7\u00f5es j\u00e1 podem ser realizadas por meio do site www.umsonhomagicodenatal.com.br. A pessoa escolhe a data e o hor\u00e1rio, informa o n\u00famero do cal\u00e7ado, traz uma lata de leite e troca pela entrada solid\u00e1ria aqui na Casa de Praia Zezinho Corr\u00eaa. Cada sess\u00e3o durar\u00e1 30 minutos, e contar\u00e1 com instrutores e monitores para garantir a seguran\u00e7a do p\u00fablico\u201d, explicou o prefeito.<\/p>\n\n\n\n<p>A presidente do FMS, Viviana Lira, ressaltou o car\u00e1ter social e o simbolismo da a\u00e7\u00e3o. \u201cO \u2018Um Sonho M\u00e1gico de Natal\u2019 vai muito al\u00e9m da beleza das luzes. \u00c9 um projeto que mobiliza a cidade, arrecada alimentos para quem mais precisa e refor\u00e7a o esp\u00edrito de solidariedade e uni\u00e3o entre as fam\u00edlias manauaras. Essa \u00e9 a ess\u00eancia do nosso Natal: compartilhar amor e esperan\u00e7a\u201d, afirmou Viviana.<\/p>\n\n\n\n<p>Entre o p\u00fablico que lotou a Ponta Negra, a dona de casa Maria das Gra\u00e7as Lima, de 38 anos, levou o marido e os dois filhos pequenos para assistir \u00e0 inaugura\u00e7\u00e3o.<\/p>\n\n\n\n<p>\u201cA gente ficou encantado com tanta beleza. Meus filhos nunca tinham visto neve e nem pista de gelo. \u00c9 uma experi\u00eancia diferente, parece que a gente est\u00e1 em outro pa\u00eds. Est\u00e1 tudo muito bonito\u201d, contou emocionada.<\/p>\n\n\n\n<p>A programa\u00e7\u00e3o de abertura contou com coral natalino, show infantil e encerrou com a apresenta\u00e7\u00e3o do cantor Uendel Pinheiro, reunindo grande p\u00fablico no anfiteatro.<\/p>\n\n\n\n<p>A pista funcionar\u00e1 diariamente, de segunda a segunda, das 17h \u00e0s 22h, at\u00e9 o dia 15 de janeiro de 2026, integrando o calend\u00e1rio do \u201cUm Sonho M\u00e1gico de Natal\u201d, que consolida Manaus como um dos principais destinos natalinos do pa\u00eds.<\/p>\n\n\n\n<p>&#8212; &#8212; &#8212;<\/p>\n\n\n\n<p><strong>Texto <\/strong>&#8211; Emanuelle Baires \/ Semcom-Prefeito<\/p>\n\n\n\n<p><strong>Fotos <\/strong>&#8211; Dhyeizo Lemos \/ Semcom-Prefeito e Ant\u00f4nio Pereira\/Semcom<\/p>\n\n\n\n<p><strong>Dispon\u00edveis em <\/strong>&#8211; <a href=\"https:\/\/flic.kr\/s\/aHBqjCzjWz\">https:\/\/flic.kr\/s\/aHBqjCzjWz<\/a><\/p>\n","protected":false},"excerpt":{"rendered":"","protected":false},"author":23,"featured_media":247893,"comment_status":"closed","ping_status":"closed","sticky":false,"template":"","format":"standard","meta":{"footnotes":""},"categories":[1884],"tags":[17727,16700,17728,458,484,77,17729],"acf":[],"yoast_head":"<!-- This site is optimized with the Yoast SEO plugin v23.0 - https:\/\/yoast.com\/wordpress\/plugins\/seo\/ -->\n<title>Prefeito David Almeida inaugura decora\u00e7\u00e3o natalina e pista de patina\u00e7\u00e3o no gelo no complexo tur\u00edstico Ponta Negra<\/title>\n<meta name=\"description\" content=\"O prefeito de Manaus, David Almeida, acompanhado da primeira-dama Izabelle Fontenelle e da presidente do Fundo Manaus Solid\u00e1ria (FMS), Viviana Lira, inaugurou, na noite deste s\u00e1bado, 1\u00ba\/11, a decora\u00e7\u00e3o natalina e a pista de patina\u00e7\u00e3o no gelo do projeto \u201cUm Sonho M\u00e1gico de Natal\u201d, no complexo tur\u00edstico Ponta Negra, zona Oeste da capital.\" \/>\n<meta name=\"robots\" content=\"index, follow, max-snippet:-1, max-image-preview:large, max-video-preview:-1\" \/>\n<link rel=\"canonical\" href=\"https:\/\/www.manaus.am.gov.br\/semcom\/prefeito-decoracaonatalina-pistadepatinacao-pontanegra\/\" \/>\n<meta property=\"og:locale\" content=\"pt_BR\" \/>\n<meta property=\"og:type\" content=\"article\" \/>\n<meta property=\"og:title\" content=\"Prefeito David Almeida inaugura decora\u00e7\u00e3o natalina e pista de patina\u00e7\u00e3o no gelo no complexo tur\u00edstico Ponta Negra\" \/>\n<meta property=\"og:description\" content=\"O prefeito de Manaus, David Almeida, acompanhado da primeira-dama Izabelle Fontenelle e da presidente do Fundo Manaus Solid\u00e1ria (FMS), Viviana Lira, inaugurou, na noite deste s\u00e1bado, 1\u00ba\/11, a decora\u00e7\u00e3o natalina e a pista de patina\u00e7\u00e3o no gelo do projeto \u201cUm Sonho M\u00e1gico de Natal\u201d, no complexo tur\u00edstico Ponta Negra, zona Oeste da capital.\" \/>\n<meta property=\"og:url\" content=\"https:\/\/www.manaus.am.gov.br\/semcom\/prefeito-decoracaonatalina-pistadepatinacao-pontanegra\/\" \/>\n<meta property=\"og:site_name\" content=\"SEMCOM\" \/>\n<meta property=\"article:published_time\" content=\"2025-11-02T03:32:07+00:00\" \/>\n<meta property=\"article:modified_time\" content=\"2025-11-02T03:32:09+00:00\" \/>\n<meta property=\"og:image\" content=\"https:\/\/www.manaus.am.gov.br\/semcom\/wp-content\/uploads\/sites\/5\/2025\/11\/WhatsApp-Image-2025-11-01-at-22.40.09.jpeg\" \/>\n\t<meta property=\"og:image:width\" content=\"1280\" \/>\n\t<meta property=\"og:image:height\" content=\"854\" \/>\n\t<meta property=\"og:image:type\" content=\"image\/jpeg\" \/>\n<meta name=\"author\" content=\"Adriana Costa\" \/>\n<meta name=\"twitter:card\" content=\"summary_large_image\" \/>\n<meta name=\"twitter:label1\" content=\"Written by\" \/>\n\t<meta name=\"twitter:data1\" content=\"Adriana Costa\" \/>\n\t<meta name=\"twitter:label2\" content=\"Est. reading time\" \/>\n\t<meta name=\"twitter:data2\" content=\"4 minutos\" \/>\n<script type=\"application\/ld+json\" class=\"yoast-schema-graph\">{\"@context\":\"https:\/\/schema.org\",\"@graph\":[{\"@type\":\"WebPage\",\"@id\":\"https:\/\/www.manaus.am.gov.br\/semcom\/prefeito-decoracaonatalina-pistadepatinacao-pontanegra\/\",\"url\":\"https:\/\/www.manaus.am.gov.br\/semcom\/prefeito-decoracaonatalina-pistadepatinacao-pontanegra\/\",\"name\":\"Prefeito David Almeida inaugura decora\u00e7\u00e3o natalina e pista de patina\u00e7\u00e3o no gelo no complexo tur\u00edstico Ponta Negra\",\"isPartOf\":{\"@id\":\"https:\/\/www.manaus.am.gov.br\/semcom\/#website\"},\"primaryImageOfPage\":{\"@id\":\"https:\/\/www.manaus.am.gov.br\/semcom\/prefeito-decoracaonatalina-pistadepatinacao-pontanegra\/#primaryimage\"},\"image\":{\"@id\":\"https:\/\/www.manaus.am.gov.br\/semcom\/prefeito-decoracaonatalina-pistadepatinacao-pontanegra\/#primaryimage\"},\"thumbnailUrl\":\"https:\/\/www.manaus.am.gov.br\/semcom\/wp-content\/uploads\/sites\/5\/2025\/11\/WhatsApp-Image-2025-11-01-at-22.40.09.jpeg\",\"datePublished\":\"2025-11-02T03:32:07+00:00\",\"dateModified\":\"2025-11-02T03:32:09+00:00\",\"author\":{\"@id\":\"https:\/\/www.manaus.am.gov.br\/semcom\/#\/schema\/person\/4e49f4e267757a06ca072ec61b2b9968\"},\"description\":\"O prefeito de Manaus, David Almeida, acompanhado da primeira-dama Izabelle Fontenelle e da presidente do Fundo Manaus Solid\u00e1ria (FMS), Viviana Lira, inaugurou, na noite deste s\u00e1bado, 1\u00ba\/11, a decora\u00e7\u00e3o natalina e a pista de patina\u00e7\u00e3o no gelo do projeto \u201cUm Sonho M\u00e1gico de Natal\u201d, no complexo tur\u00edstico Ponta Negra, zona Oeste da capital.\",\"inLanguage\":\"pt-BR\",\"potentialAction\":[{\"@type\":\"ReadAction\",\"target\":[\"https:\/\/www.manaus.am.gov.br\/semcom\/prefeito-decoracaonatalina-pistadepatinacao-pontanegra\/\"]}]},{\"@type\":\"ImageObject\",\"inLanguage\":\"pt-BR\",\"@id\":\"https:\/\/www.manaus.am.gov.br\/semcom\/prefeito-decoracaonatalina-pistadepatinacao-pontanegra\/#primaryimage\",\"url\":\"https:\/\/www.manaus.am.gov.br\/semcom\/wp-content\/uploads\/sites\/5\/2025\/11\/WhatsApp-Image-2025-11-01-at-22.40.09.jpeg\",\"contentUrl\":\"https:\/\/www.manaus.am.gov.br\/semcom\/wp-content\/uploads\/sites\/5\/2025\/11\/WhatsApp-Image-2025-11-01-at-22.40.09.jpeg\",\"width\":1280,\"height\":854,\"caption\":\"#paratodosverem - Prefeito David Almeida, acompanhado da primeira-dama Izabelle Fontenelle, filha, neta e presidente do FMS, Viviana Lira, inaugura pista de patina\u00e7\u00e3o no gelo na Ponta Negra\"},{\"@type\":\"WebSite\",\"@id\":\"https:\/\/www.manaus.am.gov.br\/semcom\/#website\",\"url\":\"https:\/\/www.manaus.am.gov.br\/semcom\/\",\"name\":\"SEMCOM\",\"description\":\"Secretaria Municipal de Comunica\u00e7\u00e3o\",\"potentialAction\":[{\"@type\":\"SearchAction\",\"target\":{\"@type\":\"EntryPoint\",\"urlTemplate\":\"https:\/\/www.manaus.am.gov.br\/semcom\/?s={search_term_string}\"},\"query-input\":\"required name=search_term_string\"}],\"inLanguage\":\"pt-BR\"},{\"@type\":\"Person\",\"@id\":\"https:\/\/www.manaus.am.gov.br\/semcom\/#\/schema\/person\/4e49f4e267757a06ca072ec61b2b9968\",\"name\":\"Adriana Costa\",\"image\":{\"@type\":\"ImageObject\",\"inLanguage\":\"pt-BR\",\"@id\":\"https:\/\/www.manaus.am.gov.br\/semcom\/#\/schema\/person\/image\/\",\"url\":\"https:\/\/secure.gravatar.com\/avatar\/576258617ef7194f718179e766d57bd4?s=96&d=mm&r=g\",\"contentUrl\":\"https:\/\/secure.gravatar.com\/avatar\/576258617ef7194f718179e766d57bd4?s=96&d=mm&r=g\",\"caption\":\"Adriana Costa\"}}]}<\/script>\n<!-- \/ Yoast SEO plugin. -->","yoast_head_json":{"title":"Prefeito David Almeida inaugura decora\u00e7\u00e3o natalina e pista de patina\u00e7\u00e3o no gelo no complexo tur\u00edstico Ponta Negra","description":"O prefeito de Manaus, David Almeida, acompanhado da primeira-dama Izabelle Fontenelle e da presidente do Fundo Manaus Solid\u00e1ria (FMS), Viviana Lira, inaugurou, na noite deste s\u00e1bado, 1\u00ba\/11, a decora\u00e7\u00e3o natalina e a pista de patina\u00e7\u00e3o no gelo do projeto \u201cUm Sonho M\u00e1gico de Natal\u201d, no complexo tur\u00edstico Ponta Negra, zona Oeste da capital.","robots":{"index":"index","follow":"follow","max-snippet":"max-snippet:-1","max-image-preview":"max-image-preview:large","max-video-preview":"max-video-preview:-1"},"canonical":"https:\/\/www.manaus.am.gov.br\/semcom\/prefeito-decoracaonatalina-pistadepatinacao-pontanegra\/","og_locale":"pt_BR","og_type":"article","og_title":"Prefeito David Almeida inaugura decora\u00e7\u00e3o natalina e pista de patina\u00e7\u00e3o no gelo no complexo tur\u00edstico Ponta Negra","og_description":"O prefeito de Manaus, David Almeida, acompanhado da primeira-dama Izabelle Fontenelle e da presidente do Fundo Manaus Solid\u00e1ria (FMS), Viviana Lira, inaugurou, na noite deste s\u00e1bado, 1\u00ba\/11, a decora\u00e7\u00e3o natalina e a pista de patina\u00e7\u00e3o no gelo do projeto \u201cUm Sonho M\u00e1gico de Natal\u201d, no complexo tur\u00edstico Ponta Negra, zona Oeste da capital.","og_url":"https:\/\/www.manaus.am.gov.br\/semcom\/prefeito-decoracaonatalina-pistadepatinacao-pontanegra\/","og_site_name":"SEMCOM","article_published_time":"2025-11-02T03:32:07+00:00","article_modified_time":"2025-11-02T03:32:09+00:00","og_image":[{"width":1280,"height":854,"url":"https:\/\/www.manaus.am.gov.br\/semcom\/wp-content\/uploads\/sites\/5\/2025\/11\/WhatsApp-Image-2025-11-01-at-22.40.09.jpeg","type":"image\/jpeg"}],"author":"Adriana Costa","twitter_card":"summary_large_image","twitter_misc":{"Written by":"Adriana Costa","Est. reading time":"4 minutos"},"schema":{"@context":"https:\/\/schema.org","@graph":[{"@type":"WebPage","@id":"https:\/\/www.manaus.am.gov.br\/semcom\/prefeito-decoracaonatalina-pistadepatinacao-pontanegra\/","url":"https:\/\/www.manaus.am.gov.br\/semcom\/prefeito-decoracaonatalina-pistadepatinacao-pontanegra\/","name":"Prefeito David Almeida inaugura decora\u00e7\u00e3o natalina e pista de patina\u00e7\u00e3o no gelo no complexo tur\u00edstico Ponta Negra","isPartOf":{"@id":"https:\/\/www.manaus.am.gov.br\/semcom\/#website"},"primaryImageOfPage":{"@id":"https:\/\/www.manaus.am.gov.br\/semcom\/prefeito-decoracaonatalina-pistadepatinacao-pontanegra\/#primaryimage"},"image":{"@id":"https:\/\/www.manaus.am.gov.br\/semcom\/prefeito-decoracaonatalina-pistadepatinacao-pontanegra\/#primaryimage"},"thumbnailUrl":"https:\/\/www.manaus.am.gov.br\/semcom\/wp-content\/uploads\/sites\/5\/2025\/11\/WhatsApp-Image-2025-11-01-at-22.40.09.jpeg","datePublished":"2025-11-02T03:32:07+00:00","dateModified":"2025-11-02T03:32:09+00:00","author":{"@id":"https:\/\/www.manaus.am.gov.br\/semcom\/#\/schema\/person\/4e49f4e267757a06ca072ec61b2b9968"},"description":"O prefeito de Manaus, David Almeida, acompanhado da primeira-dama Izabelle Fontenelle e da presidente do Fundo Manaus Solid\u00e1ria (FMS), Viviana Lira, inaugurou, na noite deste s\u00e1bado, 1\u00ba\/11, a decora\u00e7\u00e3o natalina e a pista de patina\u00e7\u00e3o no gelo do projeto \u201cUm Sonho M\u00e1gico de Natal\u201d, no complexo tur\u00edstico Ponta Negra, zona Oeste da capital.","inLanguage":"pt-BR","potentialAction":[{"@type":"ReadAction","target":["https:\/\/www.manaus.am.gov.br\/semcom\/prefeito-decoracaonatalina-pistadepatinacao-pontanegra\/"]}]},{"@type":"ImageObject","inLanguage":"pt-BR","@id":"https:\/\/www.manaus.am.gov.br\/semcom\/prefeito-decoracaonatalina-pistadepatinacao-pontanegra\/#primaryimage","url":"https:\/\/www.manaus.am.gov.br\/semcom\/wp-content\/uploads\/sites\/5\/2025\/11\/WhatsApp-Image-2025-11-01-at-22.40.09.jpeg","contentUrl":"https:\/\/www.manaus.am.gov.br\/semcom\/wp-content\/uploads\/sites\/5\/2025\/11\/WhatsApp-Image-2025-11-01-at-22.40.09.jpeg","width":1280,"height":854,"caption":"#paratodosverem - Prefeito David Almeida, acompanhado da primeira-dama Izabelle Fontenelle, filha, neta e presidente do FMS, Viviana Lira, inaugura pista de patina\u00e7\u00e3o no gelo na Ponta Negra"},{"@type":"WebSite","@id":"https:\/\/www.manaus.am.gov.br\/semcom\/#website","url":"https:\/\/www.manaus.am.gov.br\/semcom\/","name":"SEMCOM","description":"Secretaria Municipal de Comunica\u00e7\u00e3o","potentialAction":[{"@type":"SearchAction","target":{"@type":"EntryPoint","urlTemplate":"https:\/\/www.manaus.am.gov.br\/semcom\/?s={search_term_string}"},"query-input":"required name=search_term_string"}],"inLanguage":"pt-BR"},{"@type":"Person","@id":"https:\/\/www.manaus.am.gov.br\/semcom\/#\/schema\/person\/4e49f4e267757a06ca072ec61b2b9968","name":"Adriana Costa","image":{"@type":"ImageObject","inLanguage":"pt-BR","@id":"https:\/\/www.manaus.am.gov.br\/semcom\/#\/schema\/person\/image\/","url":"https:\/\/secure.gravatar.com\/avatar\/576258617ef7194f718179e766d57bd4?s=96&d=mm&r=g","contentUrl":"https:\/\/secure.gravatar.com\/avatar\/576258617ef7194f718179e766d57bd4?s=96&d=mm&r=g","caption":"Adriana Costa"}}]}},"_links":{"self":[{"href":"https:\/\/www.manaus.am.gov.br\/semcom\/wp-json\/wp\/v2\/posts\/247892"}],"collection":[{"href":"https:\/\/www.manaus.am.gov.br\/semcom\/wp-json\/wp\/v2\/posts"}],"about":[{"href":"https:\/\/www.manaus.am.gov.br\/semcom\/wp-json\/wp\/v2\/types\/post"}],"author":[{"embeddable":true,"href":"https:\/\/www.manaus.am.gov.br\/semcom\/wp-json\/wp\/v2\/users\/23"}],"replies":[{"embeddable":true,"href":"https:\/\/www.manaus.am.gov.br\/semcom\/wp-json\/wp\/v2\/comments?post=247892"}],"version-history":[{"count":0,"href":"https:\/\/www.manaus.am.gov.br\/semcom\/wp-json\/wp\/v2\/posts\/247892\/revisions"}],"wp:featuredmedia":[{"embeddable":true,"href":"https:\/\/www.manaus.am.gov.br\/semcom\/wp-json\/wp\/v2\/media\/247893"}],"wp:attachment":[{"href":"https:\/\/www.manaus.am.gov.br\/semcom\/wp-json\/wp\/v2\/media?parent=247892"}],"wp:term":[{"taxonomy":"category","embeddable":true,"href":"https:\/\/www.manaus.am.gov.br\/semcom\/wp-json\/wp\/v2\/categories?post=247892"},{"taxonomy":"post_tag","embeddable":true,"href":"https:\/\/www.manaus.am.gov.br\/semcom\/wp-json\/wp\/v2\/tags?post=247892"}],"curies":[{"name":"wp","href":"https:\/\/api.w.org\/{rel}","templated":true}]}}