{"id":247890,"date":"2025-11-02T00:09:23","date_gmt":"2025-11-02T03:09:23","guid":{"rendered":"https:\/\/www.manaus.am.gov.br\/semcom\/prefeitura-inaugura-pracaanjodaesperanca\/"},"modified":"2025-11-02T00:09:25","modified_gmt":"2025-11-02T03:09:25","slug":"prefeitura-inaugura-pracaanjodaesperanca","status":"publish","type":"post","link":"https:\/\/www.manaus.am.gov.br\/semcom\/prefeitura-inaugura-pracaanjodaesperanca\/","title":{"rendered":"Vice-prefeito Renato Junior inaugura pra\u00e7a Anjo da Esperan\u00e7a em homenagem \u00e0s v\u00edtimas da Covid-19"},"content":{"rendered":"\n<p>O vice-prefeito de Manaus, Renato Junior, inaugurou, na noite deste s\u00e1bado, 1\u00ba\/11, a pra\u00e7a Anjo da Esperan\u00e7a, um espa\u00e7o criado em homenagem \u00e0s v\u00edtimas da Covid-19 e aos profissionais da sa\u00fade que atuaram na linha de frente durante a pandemia. O local est\u00e1 situado na entrada do cemit\u00e9rio Nossa Senhora Aparecida, no bairro Tarum\u00e3, zona Oeste da capital. O evento contou com a presen\u00e7a de autoridades municipais, familiares das v\u00edtimas e servidores p\u00fablicos, em uma cerim\u00f4nia marcada por emo\u00e7\u00e3o, f\u00e9 e gratid\u00e3o.<\/p>\n\n\n\n<p>No centro da pra\u00e7a, est\u00e1 o monumento Anjo da Esperan\u00e7a, uma escultura de tr\u00eas metros de altura que representa um anjo com m\u00e1scara facial e um par de pulm\u00f5es nas m\u00e3os, s\u00edmbolo do respiro da humanidade.<\/p>\n\n\n\n<p>Durante a cerim\u00f4nia, o vice-prefeito de Manaus, Renato Junior, ressaltou a import\u00e2ncia de manter viva a mem\u00f3ria das pessoas que perderam a vida durante o per\u00edodo mais cr\u00edtico da pandemia. \u201cUma pra\u00e7a que simboliza o amor, a saudade e o respeito por aqueles que partiram. \u00c9 uma forma de rememorar essas pessoas e reafirmar o compromisso da Prefeitura de Manaus de zelar pelo bem-estar da popula\u00e7\u00e3o\u201d, destacou Renato J\u00fanior.<\/p>\n\n\n\n<p>A obra foi idealizada e executada pelo gari escultor Luiz Cl\u00e1udio Azevedo da Silva, servidor da Secretaria Municipal de Limpeza Urbana (Semulsp). Produzida em concreto e com materiais reciclados de compensa\u00e7\u00e3o ambiental, a escultura refor\u00e7a o compromisso da gest\u00e3o municipal com a sustentabilidade e a valoriza\u00e7\u00e3o da arte popular.<\/p>\n\n\n\n<p>O secret\u00e1rio da Semulsp, Sab\u00e1 Reis, destacou o simbolismo do monumento e o reconhecimento aos profissionais, que dedicaram suas vidas \u00e0 prote\u00e7\u00e3o da popula\u00e7\u00e3o. \u201cEssa \u00e9 uma forma de eternizar a lembran\u00e7a daqueles que nos deixaram e valorizar o trabalho dos que lutaram para salvar vidas\u201d, afirmou o secret\u00e1rio.<\/p>\n\n\n\n<p>O cemit\u00e9rio Nossa Senhora Aparecida abriga aproximadamente 4.700 v\u00edtimas da pandemia e faz parte do conjunto de dez cemit\u00e9rios p\u00fablicos administrados pela Semulsp, que recebem manuten\u00e7\u00e3o permanente de limpeza, jardinagem e zeladoria.<\/p>\n\n\n\n<p>&#8212; &#8212; &#8212;<\/p>\n\n\n\n<p><strong>Texto<\/strong> \u2013 Deborah Azevedo\/Semcom<\/p>\n\n\n\n<p><strong>Fotos<\/strong> \u2013&nbsp;Jo\u00e3o Viana\/Semcom<\/p>\n\n\n\n<p><strong>Dispon\u00edveis em<\/strong> &#8211; <a href=\"https:\/\/flic.kr\/s\/aHBqjCzoUF\">https:\/\/flic.kr\/s\/aHBqjCzoUF<\/a><\/p>\n","protected":false},"excerpt":{"rendered":"","protected":false},"author":23,"featured_media":247891,"comment_status":"closed","ping_status":"closed","sticky":false,"template":"","format":"standard","meta":{"footnotes":""},"categories":[6055],"tags":[3583,1068,17726,13221,17325],"acf":[],"yoast_head":"<!-- This site is optimized with the Yoast SEO plugin v23.0 - https:\/\/yoast.com\/wordpress\/plugins\/seo\/ -->\n<title>Vice-prefeito Renato Junior inaugura pra\u00e7a Anjo da Esperan\u00e7a em homenagem \u00e0s v\u00edtimas da Covid-19<\/title>\n<meta name=\"description\" content=\"O vice-prefeito de Manaus, Renato Junior, inaugurou, na noite deste s\u00e1bado, 1\u00ba\/11, a pra\u00e7a Anjo da Esperan\u00e7a, um espa\u00e7o criado em homenagem \u00e0s v\u00edtimas da Covid-19 e aos profissionais da sa\u00fade\" \/>\n<meta name=\"robots\" content=\"index, follow, max-snippet:-1, max-image-preview:large, max-video-preview:-1\" \/>\n<link rel=\"canonical\" href=\"https:\/\/www.manaus.am.gov.br\/semcom\/prefeitura-inaugura-pracaanjodaesperanca\/\" \/>\n<meta property=\"og:locale\" content=\"pt_BR\" \/>\n<meta property=\"og:type\" content=\"article\" \/>\n<meta property=\"og:title\" content=\"Vice-prefeito Renato Junior inaugura pra\u00e7a Anjo da Esperan\u00e7a em homenagem \u00e0s v\u00edtimas da Covid-19\" \/>\n<meta property=\"og:description\" content=\"O vice-prefeito de Manaus, Renato Junior, inaugurou, na noite deste s\u00e1bado, 1\u00ba\/11, a pra\u00e7a Anjo da Esperan\u00e7a, um espa\u00e7o criado em homenagem \u00e0s v\u00edtimas da Covid-19 e aos profissionais da sa\u00fade\" \/>\n<meta property=\"og:url\" content=\"https:\/\/www.manaus.am.gov.br\/semcom\/prefeitura-inaugura-pracaanjodaesperanca\/\" \/>\n<meta property=\"og:site_name\" content=\"SEMCOM\" \/>\n<meta property=\"article:published_time\" content=\"2025-11-02T03:09:23+00:00\" \/>\n<meta property=\"article:modified_time\" content=\"2025-11-02T03:09:25+00:00\" \/>\n<meta property=\"og:image\" content=\"https:\/\/www.manaus.am.gov.br\/semcom\/wp-content\/uploads\/sites\/5\/2025\/11\/54895712389_8960614558_c.jpg\" \/>\n\t<meta property=\"og:image:width\" content=\"799\" \/>\n\t<meta property=\"og:image:height\" content=\"533\" \/>\n\t<meta property=\"og:image:type\" content=\"image\/jpeg\" \/>\n<meta name=\"author\" content=\"Adriana Costa\" \/>\n<meta name=\"twitter:card\" content=\"summary_large_image\" \/>\n<meta name=\"twitter:label1\" content=\"Written by\" \/>\n\t<meta name=\"twitter:data1\" content=\"Adriana Costa\" \/>\n\t<meta name=\"twitter:label2\" content=\"Est. reading time\" \/>\n\t<meta name=\"twitter:data2\" content=\"3 minutos\" \/>\n<script type=\"application\/ld+json\" class=\"yoast-schema-graph\">{\"@context\":\"https:\/\/schema.org\",\"@graph\":[{\"@type\":\"WebPage\",\"@id\":\"https:\/\/www.manaus.am.gov.br\/semcom\/prefeitura-inaugura-pracaanjodaesperanca\/\",\"url\":\"https:\/\/www.manaus.am.gov.br\/semcom\/prefeitura-inaugura-pracaanjodaesperanca\/\",\"name\":\"Vice-prefeito Renato Junior inaugura pra\u00e7a Anjo da Esperan\u00e7a em homenagem \u00e0s v\u00edtimas da Covid-19\",\"isPartOf\":{\"@id\":\"https:\/\/www.manaus.am.gov.br\/semcom\/#website\"},\"primaryImageOfPage\":{\"@id\":\"https:\/\/www.manaus.am.gov.br\/semcom\/prefeitura-inaugura-pracaanjodaesperanca\/#primaryimage\"},\"image\":{\"@id\":\"https:\/\/www.manaus.am.gov.br\/semcom\/prefeitura-inaugura-pracaanjodaesperanca\/#primaryimage\"},\"thumbnailUrl\":\"https:\/\/www.manaus.am.gov.br\/semcom\/wp-content\/uploads\/sites\/5\/2025\/11\/54895712389_8960614558_c.jpg\",\"datePublished\":\"2025-11-02T03:09:23+00:00\",\"dateModified\":\"2025-11-02T03:09:25+00:00\",\"author\":{\"@id\":\"https:\/\/www.manaus.am.gov.br\/semcom\/#\/schema\/person\/4e49f4e267757a06ca072ec61b2b9968\"},\"description\":\"O vice-prefeito de Manaus, Renato Junior, inaugurou, na noite deste s\u00e1bado, 1\u00ba\/11, a pra\u00e7a Anjo da Esperan\u00e7a, um espa\u00e7o criado em homenagem \u00e0s v\u00edtimas da Covid-19 e aos profissionais da sa\u00fade\",\"inLanguage\":\"pt-BR\",\"potentialAction\":[{\"@type\":\"ReadAction\",\"target\":[\"https:\/\/www.manaus.am.gov.br\/semcom\/prefeitura-inaugura-pracaanjodaesperanca\/\"]}]},{\"@type\":\"ImageObject\",\"inLanguage\":\"pt-BR\",\"@id\":\"https:\/\/www.manaus.am.gov.br\/semcom\/prefeitura-inaugura-pracaanjodaesperanca\/#primaryimage\",\"url\":\"https:\/\/www.manaus.am.gov.br\/semcom\/wp-content\/uploads\/sites\/5\/2025\/11\/54895712389_8960614558_c.jpg\",\"contentUrl\":\"https:\/\/www.manaus.am.gov.br\/semcom\/wp-content\/uploads\/sites\/5\/2025\/11\/54895712389_8960614558_c.jpg\",\"width\":799,\"height\":533,\"caption\":\"#paratodosverem - Evento com autoridades, p\u00fablico e, ao fundo, monumento Anjo da Esperan\u00e7a, em homenagem \u00e0s v\u00edtimas da Covid-19 e profissionais de sa\u00fade\"},{\"@type\":\"WebSite\",\"@id\":\"https:\/\/www.manaus.am.gov.br\/semcom\/#website\",\"url\":\"https:\/\/www.manaus.am.gov.br\/semcom\/\",\"name\":\"SEMCOM\",\"description\":\"Secretaria Municipal de Comunica\u00e7\u00e3o\",\"potentialAction\":[{\"@type\":\"SearchAction\",\"target\":{\"@type\":\"EntryPoint\",\"urlTemplate\":\"https:\/\/www.manaus.am.gov.br\/semcom\/?s={search_term_string}\"},\"query-input\":\"required name=search_term_string\"}],\"inLanguage\":\"pt-BR\"},{\"@type\":\"Person\",\"@id\":\"https:\/\/www.manaus.am.gov.br\/semcom\/#\/schema\/person\/4e49f4e267757a06ca072ec61b2b9968\",\"name\":\"Adriana Costa\",\"image\":{\"@type\":\"ImageObject\",\"inLanguage\":\"pt-BR\",\"@id\":\"https:\/\/www.manaus.am.gov.br\/semcom\/#\/schema\/person\/image\/\",\"url\":\"https:\/\/secure.gravatar.com\/avatar\/576258617ef7194f718179e766d57bd4?s=96&d=mm&r=g\",\"contentUrl\":\"https:\/\/secure.gravatar.com\/avatar\/576258617ef7194f718179e766d57bd4?s=96&d=mm&r=g\",\"caption\":\"Adriana Costa\"}}]}<\/script>\n<!-- \/ Yoast SEO plugin. -->","yoast_head_json":{"title":"Vice-prefeito Renato Junior inaugura pra\u00e7a Anjo da Esperan\u00e7a em homenagem \u00e0s v\u00edtimas da Covid-19","description":"O vice-prefeito de Manaus, Renato Junior, inaugurou, na noite deste s\u00e1bado, 1\u00ba\/11, a pra\u00e7a Anjo da Esperan\u00e7a, um espa\u00e7o criado em homenagem \u00e0s v\u00edtimas da Covid-19 e aos profissionais da sa\u00fade","robots":{"index":"index","follow":"follow","max-snippet":"max-snippet:-1","max-image-preview":"max-image-preview:large","max-video-preview":"max-video-preview:-1"},"canonical":"https:\/\/www.manaus.am.gov.br\/semcom\/prefeitura-inaugura-pracaanjodaesperanca\/","og_locale":"pt_BR","og_type":"article","og_title":"Vice-prefeito Renato Junior inaugura pra\u00e7a Anjo da Esperan\u00e7a em homenagem \u00e0s v\u00edtimas da Covid-19","og_description":"O vice-prefeito de Manaus, Renato Junior, inaugurou, na noite deste s\u00e1bado, 1\u00ba\/11, a pra\u00e7a Anjo da Esperan\u00e7a, um espa\u00e7o criado em homenagem \u00e0s v\u00edtimas da Covid-19 e aos profissionais da sa\u00fade","og_url":"https:\/\/www.manaus.am.gov.br\/semcom\/prefeitura-inaugura-pracaanjodaesperanca\/","og_site_name":"SEMCOM","article_published_time":"2025-11-02T03:09:23+00:00","article_modified_time":"2025-11-02T03:09:25+00:00","og_image":[{"width":799,"height":533,"url":"https:\/\/www.manaus.am.gov.br\/semcom\/wp-content\/uploads\/sites\/5\/2025\/11\/54895712389_8960614558_c.jpg","type":"image\/jpeg"}],"author":"Adriana Costa","twitter_card":"summary_large_image","twitter_misc":{"Written by":"Adriana Costa","Est. reading time":"3 minutos"},"schema":{"@context":"https:\/\/schema.org","@graph":[{"@type":"WebPage","@id":"https:\/\/www.manaus.am.gov.br\/semcom\/prefeitura-inaugura-pracaanjodaesperanca\/","url":"https:\/\/www.manaus.am.gov.br\/semcom\/prefeitura-inaugura-pracaanjodaesperanca\/","name":"Vice-prefeito Renato Junior inaugura pra\u00e7a Anjo da Esperan\u00e7a em homenagem \u00e0s v\u00edtimas da Covid-19","isPartOf":{"@id":"https:\/\/www.manaus.am.gov.br\/semcom\/#website"},"primaryImageOfPage":{"@id":"https:\/\/www.manaus.am.gov.br\/semcom\/prefeitura-inaugura-pracaanjodaesperanca\/#primaryimage"},"image":{"@id":"https:\/\/www.manaus.am.gov.br\/semcom\/prefeitura-inaugura-pracaanjodaesperanca\/#primaryimage"},"thumbnailUrl":"https:\/\/www.manaus.am.gov.br\/semcom\/wp-content\/uploads\/sites\/5\/2025\/11\/54895712389_8960614558_c.jpg","datePublished":"2025-11-02T03:09:23+00:00","dateModified":"2025-11-02T03:09:25+00:00","author":{"@id":"https:\/\/www.manaus.am.gov.br\/semcom\/#\/schema\/person\/4e49f4e267757a06ca072ec61b2b9968"},"description":"O vice-prefeito de Manaus, Renato Junior, inaugurou, na noite deste s\u00e1bado, 1\u00ba\/11, a pra\u00e7a Anjo da Esperan\u00e7a, um espa\u00e7o criado em homenagem \u00e0s v\u00edtimas da Covid-19 e aos profissionais da sa\u00fade","inLanguage":"pt-BR","potentialAction":[{"@type":"ReadAction","target":["https:\/\/www.manaus.am.gov.br\/semcom\/prefeitura-inaugura-pracaanjodaesperanca\/"]}]},{"@type":"ImageObject","inLanguage":"pt-BR","@id":"https:\/\/www.manaus.am.gov.br\/semcom\/prefeitura-inaugura-pracaanjodaesperanca\/#primaryimage","url":"https:\/\/www.manaus.am.gov.br\/semcom\/wp-content\/uploads\/sites\/5\/2025\/11\/54895712389_8960614558_c.jpg","contentUrl":"https:\/\/www.manaus.am.gov.br\/semcom\/wp-content\/uploads\/sites\/5\/2025\/11\/54895712389_8960614558_c.jpg","width":799,"height":533,"caption":"#paratodosverem - Evento com autoridades, p\u00fablico e, ao fundo, monumento Anjo da Esperan\u00e7a, em homenagem \u00e0s v\u00edtimas da Covid-19 e profissionais de sa\u00fade"},{"@type":"WebSite","@id":"https:\/\/www.manaus.am.gov.br\/semcom\/#website","url":"https:\/\/www.manaus.am.gov.br\/semcom\/","name":"SEMCOM","description":"Secretaria Municipal de Comunica\u00e7\u00e3o","potentialAction":[{"@type":"SearchAction","target":{"@type":"EntryPoint","urlTemplate":"https:\/\/www.manaus.am.gov.br\/semcom\/?s={search_term_string}"},"query-input":"required name=search_term_string"}],"inLanguage":"pt-BR"},{"@type":"Person","@id":"https:\/\/www.manaus.am.gov.br\/semcom\/#\/schema\/person\/4e49f4e267757a06ca072ec61b2b9968","name":"Adriana Costa","image":{"@type":"ImageObject","inLanguage":"pt-BR","@id":"https:\/\/www.manaus.am.gov.br\/semcom\/#\/schema\/person\/image\/","url":"https:\/\/secure.gravatar.com\/avatar\/576258617ef7194f718179e766d57bd4?s=96&d=mm&r=g","contentUrl":"https:\/\/secure.gravatar.com\/avatar\/576258617ef7194f718179e766d57bd4?s=96&d=mm&r=g","caption":"Adriana Costa"}}]}},"_links":{"self":[{"href":"https:\/\/www.manaus.am.gov.br\/semcom\/wp-json\/wp\/v2\/posts\/247890"}],"collection":[{"href":"https:\/\/www.manaus.am.gov.br\/semcom\/wp-json\/wp\/v2\/posts"}],"about":[{"href":"https:\/\/www.manaus.am.gov.br\/semcom\/wp-json\/wp\/v2\/types\/post"}],"author":[{"embeddable":true,"href":"https:\/\/www.manaus.am.gov.br\/semcom\/wp-json\/wp\/v2\/users\/23"}],"replies":[{"embeddable":true,"href":"https:\/\/www.manaus.am.gov.br\/semcom\/wp-json\/wp\/v2\/comments?post=247890"}],"version-history":[{"count":0,"href":"https:\/\/www.manaus.am.gov.br\/semcom\/wp-json\/wp\/v2\/posts\/247890\/revisions"}],"wp:featuredmedia":[{"embeddable":true,"href":"https:\/\/www.manaus.am.gov.br\/semcom\/wp-json\/wp\/v2\/media\/247891"}],"wp:attachment":[{"href":"https:\/\/www.manaus.am.gov.br\/semcom\/wp-json\/wp\/v2\/media?parent=247890"}],"wp:term":[{"taxonomy":"category","embeddable":true,"href":"https:\/\/www.manaus.am.gov.br\/semcom\/wp-json\/wp\/v2\/categories?post=247890"},{"taxonomy":"post_tag","embeddable":true,"href":"https:\/\/www.manaus.am.gov.br\/semcom\/wp-json\/wp\/v2\/tags?post=247890"}],"curies":[{"name":"wp","href":"https:\/\/api.w.org\/{rel}","templated":true}]}}