{"id":247887,"date":"2025-11-01T17:15:41","date_gmt":"2025-11-01T20:15:41","guid":{"rendered":"https:\/\/www.manaus.am.gov.br\/semcom\/prefeitura-planoverao-cidadenova\/"},"modified":"2025-11-01T23:32:28","modified_gmt":"2025-11-02T02:32:28","slug":"prefeitura-planoverao-cidadenova","status":"publish","type":"post","link":"https:\/\/www.manaus.am.gov.br\/semcom\/prefeitura-planoverao-cidadenova\/","title":{"rendered":"Prefeitura de Manaus revitaliza via do bairro Cidade Nova com \u2018Plano de Ver\u00e3o\u2019"},"content":{"rendered":"\n<p>A Prefeitura de Manaus, por meio da Secretaria Municipal de Infraestrutura (Seminf), executa, neste s\u00e1bado, 1\u00ba\/11, servi\u00e7os de manuten\u00e7\u00e3o asf\u00e1ltica na rua Eldorado, no loteamento Monte Sinai, no bairro Cidade Nova, zona Norte da capital, com o objetivo de melhorar as vias da cidade e a infraestrutura na regi\u00e3o.<\/p>\n\n\n\n<p>\u201cA determina\u00e7\u00e3o do prefeito David Almeida \u00e9 que possamos espalhar as equipes do distrito de obras da Seminf em diversos pontos da cidade, para, assim, conseguirmos alcan\u00e7ar o m\u00e1ximo de solicita\u00e7\u00f5es poss\u00edvel e atender as demandas da popula\u00e7\u00e3o com as aplica\u00e7\u00f5es de asfalto\u201d, explica o vice-prefeito e secret\u00e1rio de Obras, Renato Junior.<\/p>\n\n\n\n<p>A rua Eldorado se encontrava em situa\u00e7\u00f5es prec\u00e1rias devido \u00e0 grande movimenta\u00e7\u00e3o de ve\u00edculos na regi\u00e3o, portanto equipes do distrito de obras atuaram, neste fim de semana, com os servi\u00e7os de manuten\u00e7\u00e3o asf\u00e1ltica, devolvendo a via nivelada e pronta para o tr\u00e1fego de ve\u00edculos. Moradores da \u00e1rea agradecem a iniciativa da prefeitura em melhorar a infraestrutura da rua.&nbsp;&nbsp;<\/p>\n\n\n\n<p>\u201cAqui tinham muitos buracos, \u00e9 uma rua que passa bastante carro. Realizamos as solicita\u00e7\u00f5es \u00e0 prefeitura e nos atenderam, estamos felizes com a resposta. Agradecemos a iniciativa de passarem o asfalto aqui na rua para a gente\u201d, agradece o morador Lionel Moraes, agente de portaria, 56 anos.&nbsp;<\/p>\n\n\n\n<p>Com essa iniciativa, a Prefeitura de Manaus reafirma o seu compromisso com a popula\u00e7\u00e3o em responder \u00e0s solicita\u00e7\u00f5es de forma c\u00e9lere, realizando os servi\u00e7os para garantir a seguran\u00e7a e mobilidade de todos.<\/p>\n\n\n\n<p>&#8212; &#8212; &#8212;<\/p>\n\n\n\n<p><strong>Texto <\/strong>&#8211; Eduarda Lira\/Seminf<\/p>\n\n\n\n<p><strong>Fotos <\/strong>&#8211; M\u00e1rcio Melo\/Seminf<\/p>\n","protected":false},"excerpt":{"rendered":"","protected":false},"author":23,"featured_media":247888,"comment_status":"closed","ping_status":"closed","sticky":false,"template":"","format":"standard","meta":{"footnotes":""},"categories":[47],"tags":[266,16000,77,33],"acf":[],"yoast_head":"<!-- This site is optimized with the Yoast SEO plugin v23.0 - https:\/\/yoast.com\/wordpress\/plugins\/seo\/ -->\n<title>Prefeitura de Manaus revitaliza via do bairro Cidade Nova com \u2018Plano de Ver\u00e3o\u2019<\/title>\n<meta name=\"description\" content=\"A Prefeitura de Manaus, por meio da Secretaria Municipal de Infraestrutura (Seminf), executa, neste s\u00e1bado, 1\u00ba\/11, servi\u00e7os de manuten\u00e7\u00e3o asf\u00e1ltica na rua Eldorado, no loteamento Monte Sinai, no bairro Cidade Nova, zona Norte da capital, com o objetivo de melhorar as vias da cidade e a infraestrutura na regi\u00e3o.\" \/>\n<meta name=\"robots\" content=\"index, follow, max-snippet:-1, max-image-preview:large, max-video-preview:-1\" \/>\n<link rel=\"canonical\" href=\"https:\/\/www.manaus.am.gov.br\/semcom\/prefeitura-planoverao-cidadenova\/\" \/>\n<meta property=\"og:locale\" content=\"pt_BR\" \/>\n<meta property=\"og:type\" content=\"article\" \/>\n<meta property=\"og:title\" content=\"Prefeitura de Manaus revitaliza via do bairro Cidade Nova com \u2018Plano de Ver\u00e3o\u2019\" \/>\n<meta property=\"og:description\" content=\"A Prefeitura de Manaus, por meio da Secretaria Municipal de Infraestrutura (Seminf), executa, neste s\u00e1bado, 1\u00ba\/11, servi\u00e7os de manuten\u00e7\u00e3o asf\u00e1ltica na rua Eldorado, no loteamento Monte Sinai, no bairro Cidade Nova, zona Norte da capital, com o objetivo de melhorar as vias da cidade e a infraestrutura na regi\u00e3o.\" \/>\n<meta property=\"og:url\" content=\"https:\/\/www.manaus.am.gov.br\/semcom\/prefeitura-planoverao-cidadenova\/\" \/>\n<meta property=\"og:site_name\" content=\"SEMCOM\" \/>\n<meta property=\"article:published_time\" content=\"2025-11-01T20:15:41+00:00\" \/>\n<meta property=\"article:modified_time\" content=\"2025-11-02T02:32:28+00:00\" \/>\n<meta property=\"og:image\" content=\"https:\/\/www.manaus.am.gov.br\/semcom\/wp-content\/uploads\/sites\/5\/2025\/11\/WhatsApp-Image-2025-11-01-at-16.14.14-1.jpeg\" \/>\n\t<meta property=\"og:image:width\" content=\"1600\" \/>\n\t<meta property=\"og:image:height\" content=\"1066\" \/>\n\t<meta property=\"og:image:type\" content=\"image\/jpeg\" \/>\n<meta name=\"author\" content=\"Adriana Costa\" \/>\n<meta name=\"twitter:card\" content=\"summary_large_image\" \/>\n<meta name=\"twitter:label1\" content=\"Written by\" \/>\n\t<meta name=\"twitter:data1\" content=\"Adriana Costa\" \/>\n\t<meta name=\"twitter:label2\" content=\"Est. reading time\" \/>\n\t<meta name=\"twitter:data2\" content=\"2 minutos\" \/>\n<script type=\"application\/ld+json\" class=\"yoast-schema-graph\">{\"@context\":\"https:\/\/schema.org\",\"@graph\":[{\"@type\":\"WebPage\",\"@id\":\"https:\/\/www.manaus.am.gov.br\/semcom\/prefeitura-planoverao-cidadenova\/\",\"url\":\"https:\/\/www.manaus.am.gov.br\/semcom\/prefeitura-planoverao-cidadenova\/\",\"name\":\"Prefeitura de Manaus revitaliza via do bairro Cidade Nova com \u2018Plano de Ver\u00e3o\u2019\",\"isPartOf\":{\"@id\":\"https:\/\/www.manaus.am.gov.br\/semcom\/#website\"},\"primaryImageOfPage\":{\"@id\":\"https:\/\/www.manaus.am.gov.br\/semcom\/prefeitura-planoverao-cidadenova\/#primaryimage\"},\"image\":{\"@id\":\"https:\/\/www.manaus.am.gov.br\/semcom\/prefeitura-planoverao-cidadenova\/#primaryimage\"},\"thumbnailUrl\":\"https:\/\/www.manaus.am.gov.br\/semcom\/wp-content\/uploads\/sites\/5\/2025\/11\/WhatsApp-Image-2025-11-01-at-16.14.14-1.jpeg\",\"datePublished\":\"2025-11-01T20:15:41+00:00\",\"dateModified\":\"2025-11-02T02:32:28+00:00\",\"author\":{\"@id\":\"https:\/\/www.manaus.am.gov.br\/semcom\/#\/schema\/person\/4e49f4e267757a06ca072ec61b2b9968\"},\"description\":\"A Prefeitura de Manaus, por meio da Secretaria Municipal de Infraestrutura (Seminf), executa, neste s\u00e1bado, 1\u00ba\/11, servi\u00e7os de manuten\u00e7\u00e3o asf\u00e1ltica na rua Eldorado, no loteamento Monte Sinai, no bairro Cidade Nova, zona Norte da capital, com o objetivo de melhorar as vias da cidade e a infraestrutura na regi\u00e3o.\",\"inLanguage\":\"pt-BR\",\"potentialAction\":[{\"@type\":\"ReadAction\",\"target\":[\"https:\/\/www.manaus.am.gov.br\/semcom\/prefeitura-planoverao-cidadenova\/\"]}]},{\"@type\":\"ImageObject\",\"inLanguage\":\"pt-BR\",\"@id\":\"https:\/\/www.manaus.am.gov.br\/semcom\/prefeitura-planoverao-cidadenova\/#primaryimage\",\"url\":\"https:\/\/www.manaus.am.gov.br\/semcom\/wp-content\/uploads\/sites\/5\/2025\/11\/WhatsApp-Image-2025-11-01-at-16.14.14-1.jpeg\",\"contentUrl\":\"https:\/\/www.manaus.am.gov.br\/semcom\/wp-content\/uploads\/sites\/5\/2025\/11\/WhatsApp-Image-2025-11-01-at-16.14.14-1.jpeg\",\"width\":1600,\"height\":1066,\"caption\":\"#paratodosverem - Servi\u00e7o de recupera\u00e7\u00e3o asf\u00e1ltica a partir do Plano de Ver\u00e3o, da Prefeitura de Manaus\"},{\"@type\":\"WebSite\",\"@id\":\"https:\/\/www.manaus.am.gov.br\/semcom\/#website\",\"url\":\"https:\/\/www.manaus.am.gov.br\/semcom\/\",\"name\":\"SEMCOM\",\"description\":\"Secretaria Municipal de Comunica\u00e7\u00e3o\",\"potentialAction\":[{\"@type\":\"SearchAction\",\"target\":{\"@type\":\"EntryPoint\",\"urlTemplate\":\"https:\/\/www.manaus.am.gov.br\/semcom\/?s={search_term_string}\"},\"query-input\":\"required name=search_term_string\"}],\"inLanguage\":\"pt-BR\"},{\"@type\":\"Person\",\"@id\":\"https:\/\/www.manaus.am.gov.br\/semcom\/#\/schema\/person\/4e49f4e267757a06ca072ec61b2b9968\",\"name\":\"Adriana Costa\",\"image\":{\"@type\":\"ImageObject\",\"inLanguage\":\"pt-BR\",\"@id\":\"https:\/\/www.manaus.am.gov.br\/semcom\/#\/schema\/person\/image\/\",\"url\":\"https:\/\/secure.gravatar.com\/avatar\/576258617ef7194f718179e766d57bd4?s=96&d=mm&r=g\",\"contentUrl\":\"https:\/\/secure.gravatar.com\/avatar\/576258617ef7194f718179e766d57bd4?s=96&d=mm&r=g\",\"caption\":\"Adriana Costa\"}}]}<\/script>\n<!-- \/ Yoast SEO plugin. -->","yoast_head_json":{"title":"Prefeitura de Manaus revitaliza via do bairro Cidade Nova com \u2018Plano de Ver\u00e3o\u2019","description":"A Prefeitura de Manaus, por meio da Secretaria Municipal de Infraestrutura (Seminf), executa, neste s\u00e1bado, 1\u00ba\/11, servi\u00e7os de manuten\u00e7\u00e3o asf\u00e1ltica na rua Eldorado, no loteamento Monte Sinai, no bairro Cidade Nova, zona Norte da capital, com o objetivo de melhorar as vias da cidade e a infraestrutura na regi\u00e3o.","robots":{"index":"index","follow":"follow","max-snippet":"max-snippet:-1","max-image-preview":"max-image-preview:large","max-video-preview":"max-video-preview:-1"},"canonical":"https:\/\/www.manaus.am.gov.br\/semcom\/prefeitura-planoverao-cidadenova\/","og_locale":"pt_BR","og_type":"article","og_title":"Prefeitura de Manaus revitaliza via do bairro Cidade Nova com \u2018Plano de Ver\u00e3o\u2019","og_description":"A Prefeitura de Manaus, por meio da Secretaria Municipal de Infraestrutura (Seminf), executa, neste s\u00e1bado, 1\u00ba\/11, servi\u00e7os de manuten\u00e7\u00e3o asf\u00e1ltica na rua Eldorado, no loteamento Monte Sinai, no bairro Cidade Nova, zona Norte da capital, com o objetivo de melhorar as vias da cidade e a infraestrutura na regi\u00e3o.","og_url":"https:\/\/www.manaus.am.gov.br\/semcom\/prefeitura-planoverao-cidadenova\/","og_site_name":"SEMCOM","article_published_time":"2025-11-01T20:15:41+00:00","article_modified_time":"2025-11-02T02:32:28+00:00","og_image":[{"width":1600,"height":1066,"url":"https:\/\/www.manaus.am.gov.br\/semcom\/wp-content\/uploads\/sites\/5\/2025\/11\/WhatsApp-Image-2025-11-01-at-16.14.14-1.jpeg","type":"image\/jpeg"}],"author":"Adriana Costa","twitter_card":"summary_large_image","twitter_misc":{"Written by":"Adriana Costa","Est. reading time":"2 minutos"},"schema":{"@context":"https:\/\/schema.org","@graph":[{"@type":"WebPage","@id":"https:\/\/www.manaus.am.gov.br\/semcom\/prefeitura-planoverao-cidadenova\/","url":"https:\/\/www.manaus.am.gov.br\/semcom\/prefeitura-planoverao-cidadenova\/","name":"Prefeitura de Manaus revitaliza via do bairro Cidade Nova com \u2018Plano de Ver\u00e3o\u2019","isPartOf":{"@id":"https:\/\/www.manaus.am.gov.br\/semcom\/#website"},"primaryImageOfPage":{"@id":"https:\/\/www.manaus.am.gov.br\/semcom\/prefeitura-planoverao-cidadenova\/#primaryimage"},"image":{"@id":"https:\/\/www.manaus.am.gov.br\/semcom\/prefeitura-planoverao-cidadenova\/#primaryimage"},"thumbnailUrl":"https:\/\/www.manaus.am.gov.br\/semcom\/wp-content\/uploads\/sites\/5\/2025\/11\/WhatsApp-Image-2025-11-01-at-16.14.14-1.jpeg","datePublished":"2025-11-01T20:15:41+00:00","dateModified":"2025-11-02T02:32:28+00:00","author":{"@id":"https:\/\/www.manaus.am.gov.br\/semcom\/#\/schema\/person\/4e49f4e267757a06ca072ec61b2b9968"},"description":"A Prefeitura de Manaus, por meio da Secretaria Municipal de Infraestrutura (Seminf), executa, neste s\u00e1bado, 1\u00ba\/11, servi\u00e7os de manuten\u00e7\u00e3o asf\u00e1ltica na rua Eldorado, no loteamento Monte Sinai, no bairro Cidade Nova, zona Norte da capital, com o objetivo de melhorar as vias da cidade e a infraestrutura na regi\u00e3o.","inLanguage":"pt-BR","potentialAction":[{"@type":"ReadAction","target":["https:\/\/www.manaus.am.gov.br\/semcom\/prefeitura-planoverao-cidadenova\/"]}]},{"@type":"ImageObject","inLanguage":"pt-BR","@id":"https:\/\/www.manaus.am.gov.br\/semcom\/prefeitura-planoverao-cidadenova\/#primaryimage","url":"https:\/\/www.manaus.am.gov.br\/semcom\/wp-content\/uploads\/sites\/5\/2025\/11\/WhatsApp-Image-2025-11-01-at-16.14.14-1.jpeg","contentUrl":"https:\/\/www.manaus.am.gov.br\/semcom\/wp-content\/uploads\/sites\/5\/2025\/11\/WhatsApp-Image-2025-11-01-at-16.14.14-1.jpeg","width":1600,"height":1066,"caption":"#paratodosverem - Servi\u00e7o de recupera\u00e7\u00e3o asf\u00e1ltica a partir do Plano de Ver\u00e3o, da Prefeitura de Manaus"},{"@type":"WebSite","@id":"https:\/\/www.manaus.am.gov.br\/semcom\/#website","url":"https:\/\/www.manaus.am.gov.br\/semcom\/","name":"SEMCOM","description":"Secretaria Municipal de Comunica\u00e7\u00e3o","potentialAction":[{"@type":"SearchAction","target":{"@type":"EntryPoint","urlTemplate":"https:\/\/www.manaus.am.gov.br\/semcom\/?s={search_term_string}"},"query-input":"required name=search_term_string"}],"inLanguage":"pt-BR"},{"@type":"Person","@id":"https:\/\/www.manaus.am.gov.br\/semcom\/#\/schema\/person\/4e49f4e267757a06ca072ec61b2b9968","name":"Adriana Costa","image":{"@type":"ImageObject","inLanguage":"pt-BR","@id":"https:\/\/www.manaus.am.gov.br\/semcom\/#\/schema\/person\/image\/","url":"https:\/\/secure.gravatar.com\/avatar\/576258617ef7194f718179e766d57bd4?s=96&d=mm&r=g","contentUrl":"https:\/\/secure.gravatar.com\/avatar\/576258617ef7194f718179e766d57bd4?s=96&d=mm&r=g","caption":"Adriana Costa"}}]}},"_links":{"self":[{"href":"https:\/\/www.manaus.am.gov.br\/semcom\/wp-json\/wp\/v2\/posts\/247887"}],"collection":[{"href":"https:\/\/www.manaus.am.gov.br\/semcom\/wp-json\/wp\/v2\/posts"}],"about":[{"href":"https:\/\/www.manaus.am.gov.br\/semcom\/wp-json\/wp\/v2\/types\/post"}],"author":[{"embeddable":true,"href":"https:\/\/www.manaus.am.gov.br\/semcom\/wp-json\/wp\/v2\/users\/23"}],"replies":[{"embeddable":true,"href":"https:\/\/www.manaus.am.gov.br\/semcom\/wp-json\/wp\/v2\/comments?post=247887"}],"version-history":[{"count":1,"href":"https:\/\/www.manaus.am.gov.br\/semcom\/wp-json\/wp\/v2\/posts\/247887\/revisions"}],"predecessor-version":[{"id":247889,"href":"https:\/\/www.manaus.am.gov.br\/semcom\/wp-json\/wp\/v2\/posts\/247887\/revisions\/247889"}],"wp:featuredmedia":[{"embeddable":true,"href":"https:\/\/www.manaus.am.gov.br\/semcom\/wp-json\/wp\/v2\/media\/247888"}],"wp:attachment":[{"href":"https:\/\/www.manaus.am.gov.br\/semcom\/wp-json\/wp\/v2\/media?parent=247887"}],"wp:term":[{"taxonomy":"category","embeddable":true,"href":"https:\/\/www.manaus.am.gov.br\/semcom\/wp-json\/wp\/v2\/categories?post=247887"},{"taxonomy":"post_tag","embeddable":true,"href":"https:\/\/www.manaus.am.gov.br\/semcom\/wp-json\/wp\/v2\/tags?post=247887"}],"curies":[{"name":"wp","href":"https:\/\/api.w.org\/{rel}","templated":true}]}}