{"id":247877,"date":"2025-10-31T19:22:31","date_gmt":"2025-10-31T22:22:31","guid":{"rendered":"https:\/\/www.manaus.am.gov.br\/semcom\/programacao-de-natal-2\/"},"modified":"2025-10-31T19:23:14","modified_gmt":"2025-10-31T22:23:14","slug":"programacao-de-natal-2","status":"publish","type":"post","link":"https:\/\/www.manaus.am.gov.br\/semcom\/programacao-de-natal-2\/","title":{"rendered":"Prefeito David Almeida apresenta pista de patina\u00e7\u00e3o no gelo e amplia programa\u00e7\u00e3o do \u2018Um Sonho M\u00e1gico de Natal\u2019"},"content":{"rendered":"\n<p>O prefeito de Manaus, David Almeida, apresentou, na manh\u00e3 desta sexta-feira, 31\/10, a pista de patina\u00e7\u00e3o no gelo instalada na praia da Ponta Negra, zona Oeste da capital, como uma das grandes novidades do \u201cUm Sonho M\u00e1gico de Natal 2025\u201d. A entrega oficial do espa\u00e7o ser\u00e1 neste s\u00e1bado, 1\u00ba\/11, com programa\u00e7\u00e3o musical e art\u00edstica aberta ao p\u00fablico.<\/p>\n\n\n\n<p>A vistoria do local foi realizada ao lado da presidente do Fundo Manaus Solid\u00e1ria (FMS), Viviana Lira, respons\u00e1vel pela coordena\u00e7\u00e3o das a\u00e7\u00f5es natalinas em toda a cidade. A pista funcionar\u00e1 diariamente das 17h \u00e0s 22h, com entrada solid\u00e1ria mediante a troca de uma lata de leite integral pelo ingresso, a partir das 21h deste s\u00e1bado, no site www.umsonhomagicodenatal.com.br.<\/p>\n\n\n\n<p>\u201cEstamos ampliando o nosso Sonho M\u00e1gico de Natal, que j\u00e1 come\u00e7ou com o acendimento das luzes no mirante L\u00facia Almeida e na pra\u00e7a dos Rem\u00e9dios, no Centro. Agora, a Ponta Negra ganha essa pista de patina\u00e7\u00e3o coberta, uma atra\u00e7\u00e3o in\u00e9dita que vai funcionar por 75 dias, inclusive durante as f\u00e9rias de janeiro\u201d, destacou o prefeito.<\/p>\n\n\n\n<p>Com 10 metros de largura por 20 metros de comprimento, a arena m\u00e1gica de patina\u00e7\u00e3o comporta at\u00e9 30 pessoas por sess\u00e3o de 30 minutos e contar\u00e1 com instrutores e monitores para garantir a seguran\u00e7a do p\u00fablico. Crian\u00e7as a partir de 5 anos poder\u00e3o participar, e os menores ter\u00e3o \u00e0 disposi\u00e7\u00e3o carrinhos conduzidos pelos pais ou monitores.&nbsp;<\/p>\n\n\n\n<p>\u201c\u00c9 mais uma alegria que estamos proporcionando para a popula\u00e7\u00e3o. Muitas pessoas sonham em patinar no gelo, e agora ter\u00e3o essa experi\u00eancia aqui mesmo em Manaus, sem precisar viajar. A gente trouxe para Manaus, em parceria com tr\u00eas parceiros privados, e sem d\u00favida \u00e9 uma grande atra\u00e7\u00e3o e novidade que teremos nesse Natal. Al\u00e9m disso, todo o leite arrecadado com as entradas solid\u00e1rias ser\u00e1 destinado \u00e0s comunidades ribeirinhas a partir de dezembro\u201d, ressaltou David Almeida.<br><br>A presidente do FMS, Viviana Lira, orienta que os interessados devem ficar atentos \u00e0s instru\u00e7\u00f5es, e que o uso de meias de cano longo no momento da patina\u00e7\u00e3o \u00e9 obrigat\u00f3rio para todos.<\/p>\n\n\n\n<p>\u201cCada pessoa ter\u00e1 um tempo de 30 minutos para andar, ressaltando que 10 minutos desses ser\u00e3o para instru\u00e7\u00e3o, para que as pessoas possam aprender e consigam continuar os outros 20 minutos. O site funcionar\u00e1 todos os dias, de segunda a segunda, ent\u00e3o teremos v\u00e1rios hor\u00e1rios e todas as pessoas v\u00e3o conseguir participar\u201d, destacou.<\/p>\n\n\n\n<p><strong>Natal que une, encanta e transforma<\/strong><\/p>\n\n\n\n<p>A pista de patina\u00e7\u00e3o integra o conjunto de atra\u00e7\u00f5es do \u201cUm Sonho M\u00e1gico de Natal\u201d, que transforma a Ponta Negra em um verdadeiro cen\u00e1rio de encantamento, com a Vila e o Tren\u00f3 do Papai Noel, um t\u00fanel iluminado e a \u00e1rvore natalina gigante de 32 metros instalada ao lado do anfiteatro.<\/p>\n\n\n\n<p>\u201cManaus vive um Natal inclusivo, que chega aos bairros e comunidades ribeirinhas com a mesma beleza e emo\u00e7\u00e3o, como \u00e9 o caso do pres\u00e9pio flutuante que este ano vai levar a magia e o encantamento das luzes natalinas. Queremos levar esse sentimento de esperan\u00e7a e solidariedade a todos os cantos da cidade\u201d, afirmou o prefeito.<\/p>\n\n\n\n<p>A programa\u00e7\u00e3o deste s\u00e1bado, 1\u00ba\/11, na zona Oeste, acontece no complexo tur\u00edstico Ponta Negra e promete encantar o p\u00fablico com uma noite de m\u00fasica e celebra\u00e7\u00e3o natalina. As atividades come\u00e7am \u00e0s 19h, com a apresenta\u00e7\u00e3o do Coral Natalino, em seguida, \u00e0s 20h, por um show infantil tem\u00e1tico de Natal. O encerramento fica por conta do cantor Uendel Pinheiro, que sobe ao palco \u00e0s 20h30 e segue animando o p\u00fablico at\u00e9 as 22h.<\/p>\n\n\n\n<p>A partir de domingo, 2\/11, o p\u00fablico poder\u00e1 aproveitar os espet\u00e1culos de luzes e neve artificial e a pista de patina\u00e7\u00e3o no gelo, que ficar\u00e1 dispon\u00edvel at\u00e9 15 de janeiro de 2026, consolidando Manaus como um dos principais destinos natalinos do Brasil.<\/p>\n\n\n\n<p>&#8212; &#8212; &#8212;<br><strong>Texto &#8211;<\/strong> Emanuelle Baires \/ Semcom-Prefeito<\/p>\n\n\n\n<p><strong>Fotos &#8211; <\/strong>Dhyeizo Lemos \/ Semcom-Prefeito e Cl\u00f3vis Miranda \/ Semcom<br><strong>Dispon\u00edveis em \u2013<\/strong><a href=\"https:\/\/flic.kr\/s\/aHBqjCzjKQ\">https:\/\/flic.kr\/s\/aHBqjCzjKQ<\/a><\/p>\n","protected":false},"excerpt":{"rendered":"","protected":false},"author":68,"featured_media":247878,"comment_status":"closed","ping_status":"closed","sticky":false,"template":"","format":"standard","meta":{"footnotes":""},"categories":[8875],"tags":[35,17723,77,17190],"acf":[],"yoast_head":"<!-- This site is optimized with the Yoast SEO plugin v23.0 - https:\/\/yoast.com\/wordpress\/plugins\/seo\/ -->\n<title>Prefeito David Almeida apresenta pista de patina\u00e7\u00e3o no gelo<\/title>\n<meta name=\"description\" content=\"O prefeito David Almeida, apresentou, na manh\u00e3 desta sexta-feira, 31\/10, a pista de patina\u00e7\u00e3o no gelo instalada na praia da Ponta Negra.\" \/>\n<meta name=\"robots\" content=\"index, follow, max-snippet:-1, max-image-preview:large, max-video-preview:-1\" \/>\n<link rel=\"canonical\" href=\"https:\/\/www.manaus.am.gov.br\/semcom\/programacao-de-natal-2\/\" \/>\n<meta property=\"og:locale\" content=\"pt_BR\" \/>\n<meta property=\"og:type\" content=\"article\" \/>\n<meta property=\"og:title\" content=\"Prefeito David Almeida apresenta pista de patina\u00e7\u00e3o no gelo\" \/>\n<meta property=\"og:description\" content=\"O prefeito David Almeida, apresentou, na manh\u00e3 desta sexta-feira, 31\/10, a pista de patina\u00e7\u00e3o no gelo instalada na praia da Ponta Negra.\" \/>\n<meta property=\"og:url\" content=\"https:\/\/www.manaus.am.gov.br\/semcom\/programacao-de-natal-2\/\" \/>\n<meta property=\"og:site_name\" content=\"SEMCOM\" \/>\n<meta property=\"article:published_time\" content=\"2025-10-31T22:22:31+00:00\" \/>\n<meta property=\"article:modified_time\" content=\"2025-10-31T22:23:14+00:00\" \/>\n<meta property=\"og:image\" content=\"https:\/\/www.manaus.am.gov.br\/semcom\/wp-content\/uploads\/sites\/5\/2025\/10\/54892679226_77a879bbdc_c.jpg\" \/>\n\t<meta property=\"og:image:width\" content=\"799\" \/>\n\t<meta property=\"og:image:height\" content=\"533\" \/>\n\t<meta property=\"og:image:type\" content=\"image\/jpeg\" \/>\n<meta name=\"author\" content=\"bvalente\" \/>\n<meta name=\"twitter:card\" content=\"summary_large_image\" \/>\n<meta name=\"twitter:label1\" content=\"Written by\" \/>\n\t<meta name=\"twitter:data1\" content=\"bvalente\" \/>\n\t<meta name=\"twitter:label2\" content=\"Est. reading time\" \/>\n\t<meta name=\"twitter:data2\" content=\"4 minutos\" \/>\n<script type=\"application\/ld+json\" class=\"yoast-schema-graph\">{\"@context\":\"https:\/\/schema.org\",\"@graph\":[{\"@type\":\"WebPage\",\"@id\":\"https:\/\/www.manaus.am.gov.br\/semcom\/programacao-de-natal-2\/\",\"url\":\"https:\/\/www.manaus.am.gov.br\/semcom\/programacao-de-natal-2\/\",\"name\":\"Prefeito David Almeida apresenta pista de patina\u00e7\u00e3o no gelo\",\"isPartOf\":{\"@id\":\"https:\/\/www.manaus.am.gov.br\/semcom\/#website\"},\"primaryImageOfPage\":{\"@id\":\"https:\/\/www.manaus.am.gov.br\/semcom\/programacao-de-natal-2\/#primaryimage\"},\"image\":{\"@id\":\"https:\/\/www.manaus.am.gov.br\/semcom\/programacao-de-natal-2\/#primaryimage\"},\"thumbnailUrl\":\"https:\/\/www.manaus.am.gov.br\/semcom\/wp-content\/uploads\/sites\/5\/2025\/10\/54892679226_77a879bbdc_c.jpg\",\"datePublished\":\"2025-10-31T22:22:31+00:00\",\"dateModified\":\"2025-10-31T22:23:14+00:00\",\"author\":{\"@id\":\"https:\/\/www.manaus.am.gov.br\/semcom\/#\/schema\/person\/466a0e03ae4b6062809046bd560ac955\"},\"description\":\"O prefeito David Almeida, apresentou, na manh\u00e3 desta sexta-feira, 31\/10, a pista de patina\u00e7\u00e3o no gelo instalada na praia da Ponta Negra.\",\"inLanguage\":\"pt-BR\",\"potentialAction\":[{\"@type\":\"ReadAction\",\"target\":[\"https:\/\/www.manaus.am.gov.br\/semcom\/programacao-de-natal-2\/\"]}]},{\"@type\":\"ImageObject\",\"inLanguage\":\"pt-BR\",\"@id\":\"https:\/\/www.manaus.am.gov.br\/semcom\/programacao-de-natal-2\/#primaryimage\",\"url\":\"https:\/\/www.manaus.am.gov.br\/semcom\/wp-content\/uploads\/sites\/5\/2025\/10\/54892679226_77a879bbdc_c.jpg\",\"contentUrl\":\"https:\/\/www.manaus.am.gov.br\/semcom\/wp-content\/uploads\/sites\/5\/2025\/10\/54892679226_77a879bbdc_c.jpg\",\"width\":799,\"height\":533,\"caption\":\"#paratodosverem \u2013 Prefeito ao lado da presidente do FMS, durante vistoria da pista de patina\u00e7\u00e3o\"},{\"@type\":\"WebSite\",\"@id\":\"https:\/\/www.manaus.am.gov.br\/semcom\/#website\",\"url\":\"https:\/\/www.manaus.am.gov.br\/semcom\/\",\"name\":\"SEMCOM\",\"description\":\"Secretaria Municipal de Comunica\u00e7\u00e3o\",\"potentialAction\":[{\"@type\":\"SearchAction\",\"target\":{\"@type\":\"EntryPoint\",\"urlTemplate\":\"https:\/\/www.manaus.am.gov.br\/semcom\/?s={search_term_string}\"},\"query-input\":\"required name=search_term_string\"}],\"inLanguage\":\"pt-BR\"},{\"@type\":\"Person\",\"@id\":\"https:\/\/www.manaus.am.gov.br\/semcom\/#\/schema\/person\/466a0e03ae4b6062809046bd560ac955\",\"name\":\"bvalente\",\"image\":{\"@type\":\"ImageObject\",\"inLanguage\":\"pt-BR\",\"@id\":\"https:\/\/www.manaus.am.gov.br\/semcom\/#\/schema\/person\/image\/\",\"url\":\"https:\/\/secure.gravatar.com\/avatar\/3e69bc2b014bdad41adfec3a39de07d2?s=96&d=mm&r=g\",\"contentUrl\":\"https:\/\/secure.gravatar.com\/avatar\/3e69bc2b014bdad41adfec3a39de07d2?s=96&d=mm&r=g\",\"caption\":\"bvalente\"}}]}<\/script>\n<!-- \/ Yoast SEO plugin. -->","yoast_head_json":{"title":"Prefeito David Almeida apresenta pista de patina\u00e7\u00e3o no gelo","description":"O prefeito David Almeida, apresentou, na manh\u00e3 desta sexta-feira, 31\/10, a pista de patina\u00e7\u00e3o no gelo instalada na praia da Ponta Negra.","robots":{"index":"index","follow":"follow","max-snippet":"max-snippet:-1","max-image-preview":"max-image-preview:large","max-video-preview":"max-video-preview:-1"},"canonical":"https:\/\/www.manaus.am.gov.br\/semcom\/programacao-de-natal-2\/","og_locale":"pt_BR","og_type":"article","og_title":"Prefeito David Almeida apresenta pista de patina\u00e7\u00e3o no gelo","og_description":"O prefeito David Almeida, apresentou, na manh\u00e3 desta sexta-feira, 31\/10, a pista de patina\u00e7\u00e3o no gelo instalada na praia da Ponta Negra.","og_url":"https:\/\/www.manaus.am.gov.br\/semcom\/programacao-de-natal-2\/","og_site_name":"SEMCOM","article_published_time":"2025-10-31T22:22:31+00:00","article_modified_time":"2025-10-31T22:23:14+00:00","og_image":[{"width":799,"height":533,"url":"https:\/\/www.manaus.am.gov.br\/semcom\/wp-content\/uploads\/sites\/5\/2025\/10\/54892679226_77a879bbdc_c.jpg","type":"image\/jpeg"}],"author":"bvalente","twitter_card":"summary_large_image","twitter_misc":{"Written by":"bvalente","Est. reading time":"4 minutos"},"schema":{"@context":"https:\/\/schema.org","@graph":[{"@type":"WebPage","@id":"https:\/\/www.manaus.am.gov.br\/semcom\/programacao-de-natal-2\/","url":"https:\/\/www.manaus.am.gov.br\/semcom\/programacao-de-natal-2\/","name":"Prefeito David Almeida apresenta pista de patina\u00e7\u00e3o no gelo","isPartOf":{"@id":"https:\/\/www.manaus.am.gov.br\/semcom\/#website"},"primaryImageOfPage":{"@id":"https:\/\/www.manaus.am.gov.br\/semcom\/programacao-de-natal-2\/#primaryimage"},"image":{"@id":"https:\/\/www.manaus.am.gov.br\/semcom\/programacao-de-natal-2\/#primaryimage"},"thumbnailUrl":"https:\/\/www.manaus.am.gov.br\/semcom\/wp-content\/uploads\/sites\/5\/2025\/10\/54892679226_77a879bbdc_c.jpg","datePublished":"2025-10-31T22:22:31+00:00","dateModified":"2025-10-31T22:23:14+00:00","author":{"@id":"https:\/\/www.manaus.am.gov.br\/semcom\/#\/schema\/person\/466a0e03ae4b6062809046bd560ac955"},"description":"O prefeito David Almeida, apresentou, na manh\u00e3 desta sexta-feira, 31\/10, a pista de patina\u00e7\u00e3o no gelo instalada na praia da Ponta Negra.","inLanguage":"pt-BR","potentialAction":[{"@type":"ReadAction","target":["https:\/\/www.manaus.am.gov.br\/semcom\/programacao-de-natal-2\/"]}]},{"@type":"ImageObject","inLanguage":"pt-BR","@id":"https:\/\/www.manaus.am.gov.br\/semcom\/programacao-de-natal-2\/#primaryimage","url":"https:\/\/www.manaus.am.gov.br\/semcom\/wp-content\/uploads\/sites\/5\/2025\/10\/54892679226_77a879bbdc_c.jpg","contentUrl":"https:\/\/www.manaus.am.gov.br\/semcom\/wp-content\/uploads\/sites\/5\/2025\/10\/54892679226_77a879bbdc_c.jpg","width":799,"height":533,"caption":"#paratodosverem \u2013 Prefeito ao lado da presidente do FMS, durante vistoria da pista de patina\u00e7\u00e3o"},{"@type":"WebSite","@id":"https:\/\/www.manaus.am.gov.br\/semcom\/#website","url":"https:\/\/www.manaus.am.gov.br\/semcom\/","name":"SEMCOM","description":"Secretaria Municipal de Comunica\u00e7\u00e3o","potentialAction":[{"@type":"SearchAction","target":{"@type":"EntryPoint","urlTemplate":"https:\/\/www.manaus.am.gov.br\/semcom\/?s={search_term_string}"},"query-input":"required name=search_term_string"}],"inLanguage":"pt-BR"},{"@type":"Person","@id":"https:\/\/www.manaus.am.gov.br\/semcom\/#\/schema\/person\/466a0e03ae4b6062809046bd560ac955","name":"bvalente","image":{"@type":"ImageObject","inLanguage":"pt-BR","@id":"https:\/\/www.manaus.am.gov.br\/semcom\/#\/schema\/person\/image\/","url":"https:\/\/secure.gravatar.com\/avatar\/3e69bc2b014bdad41adfec3a39de07d2?s=96&d=mm&r=g","contentUrl":"https:\/\/secure.gravatar.com\/avatar\/3e69bc2b014bdad41adfec3a39de07d2?s=96&d=mm&r=g","caption":"bvalente"}}]}},"_links":{"self":[{"href":"https:\/\/www.manaus.am.gov.br\/semcom\/wp-json\/wp\/v2\/posts\/247877"}],"collection":[{"href":"https:\/\/www.manaus.am.gov.br\/semcom\/wp-json\/wp\/v2\/posts"}],"about":[{"href":"https:\/\/www.manaus.am.gov.br\/semcom\/wp-json\/wp\/v2\/types\/post"}],"author":[{"embeddable":true,"href":"https:\/\/www.manaus.am.gov.br\/semcom\/wp-json\/wp\/v2\/users\/68"}],"replies":[{"embeddable":true,"href":"https:\/\/www.manaus.am.gov.br\/semcom\/wp-json\/wp\/v2\/comments?post=247877"}],"version-history":[{"count":1,"href":"https:\/\/www.manaus.am.gov.br\/semcom\/wp-json\/wp\/v2\/posts\/247877\/revisions"}],"predecessor-version":[{"id":247879,"href":"https:\/\/www.manaus.am.gov.br\/semcom\/wp-json\/wp\/v2\/posts\/247877\/revisions\/247879"}],"wp:featuredmedia":[{"embeddable":true,"href":"https:\/\/www.manaus.am.gov.br\/semcom\/wp-json\/wp\/v2\/media\/247878"}],"wp:attachment":[{"href":"https:\/\/www.manaus.am.gov.br\/semcom\/wp-json\/wp\/v2\/media?parent=247877"}],"wp:term":[{"taxonomy":"category","embeddable":true,"href":"https:\/\/www.manaus.am.gov.br\/semcom\/wp-json\/wp\/v2\/categories?post=247877"},{"taxonomy":"post_tag","embeddable":true,"href":"https:\/\/www.manaus.am.gov.br\/semcom\/wp-json\/wp\/v2\/tags?post=247877"}],"curies":[{"name":"wp","href":"https:\/\/api.w.org\/{rel}","templated":true}]}}