{"id":247868,"date":"2025-10-31T16:33:34","date_gmt":"2025-10-31T19:33:34","guid":{"rendered":"https:\/\/www.manaus.am.gov.br\/semcom\/reabre_parque_cidade_da_crianca\/"},"modified":"2025-10-31T16:33:36","modified_gmt":"2025-10-31T19:33:36","slug":"reabre_parque_cidade_da_crianca","status":"publish","type":"post","link":"https:\/\/www.manaus.am.gov.br\/semcom\/reabre_parque_cidade_da_crianca\/","title":{"rendered":"Prefeito David Almeida reabre parque \u2018Cidade da Crian\u00e7a\u2019 e anuncia instala\u00e7\u00e3o de pra\u00e7a molhada e creche no espa\u00e7o"},"content":{"rendered":"\n<p>O prefeito de Manaus, David Almeida, reabriu, nesta sexta-feira, 31\/10, o parque \u201cCidade da Crian\u00e7a\u201d totalmente revitalizado, localizado na rua Castro Alves, bairro Aleixo, zona Centro-Sul. O parque abriga brinquedos cl\u00e1ssicos como a Casa do Tarzan, Gangorras, Forte Apache, Miniquadra Poliesportiva e o Teatrinho, todos reformados e prontos para receber as crian\u00e7as. Durante a reabertura, o prefeito anunciou duas novas obras dentro do complexo, a pra\u00e7a molhada e uma creche municipal, ampliando o conceito do espa\u00e7o como um ambiente de lazer, educa\u00e7\u00e3o e conviv\u00eancia familiar.<\/p>\n\n\n\n<p>\u201cN\u00f3s ainda vamos construir uma pra\u00e7a molhada aqui no parque, j\u00e1 temos o planejamento para a constru\u00e7\u00e3o de uma creche na parte superior e vamos implantar tamb\u00e9m um parque de divers\u00f5es com brinquedos infl\u00e1veis. Estamos devolvendo para a zona Centro-Sul um espa\u00e7o completo, digno, seguro e cheio de vida\u201d, afirmou David Almeida.<\/p>\n\n\n\n<p>O espa\u00e7o, que voltou a ser um dos principais pontos de lazer infantil da cidade, recebeu melhorias estruturais, pintura, manuten\u00e7\u00e3o e novos equipamentos, garantindo mais conforto, seguran\u00e7a e divers\u00e3o para as fam\u00edlias manauaras. Ele funciona de ter\u00e7a-feira a sexta-feira, das 9h \u00e0s 17h, e nos finais de semana, das 9h \u00e0s 18h.<\/p>\n\n\n\n<p>O prefeito destacou que a entrega faz parte do plano da prefeitura de requalificar os espa\u00e7os p\u00fablicos de Manaus, garantindo estruturas de lazer e conviv\u00eancia de qualidade em todas as zonas da cidade.<\/p>\n\n\n\n<p>\u201cEssa \u00e9 a Prefeitura de Manaus, que transforma \u00e1reas abandonadas em locais de alegria, aprendizado e pertencimento. Estamos investindo em espa\u00e7os que fortalecem a inf\u00e2ncia, a fam\u00edlia e o futuro da nossa cidade\u201d, completou David, que ainda lembrou o ritmo intenso de entregas da gest\u00e3o. \u201cOntem entregamos a Casa de Passagem e o Centro Pop, espa\u00e7os de acolhimento para pessoas em situa\u00e7\u00e3o de rua, e formamos quase 140 novos guardas municipais. Seguimos trabalhando manh\u00e3, tarde e noite para melhorar a vida das pessoas\u201d, destacou o prefeito.<\/p>\n\n\n\n<p>Titular da Secretaria Municipal de Educa\u00e7\u00e3o (Semed), Junior Mar ressaltou que o parque \u201cCidade da Crian\u00e7a\u201d ser\u00e1 integrado \u00e0s a\u00e7\u00f5es pedag\u00f3gicas da rede municipal, servindo como um espa\u00e7o de aprendizagem l\u00fadica e desenvolvimento integral.<\/p>\n\n\n\n<p>\u201cA crian\u00e7a \u00e9 o futuro de Manaus, mas s\u00f3 se \u00e9 crian\u00e7a uma vez. E um dos direitos dela \u00e9 aprender brincando. Esse parque vai receber nossas escolas para atividades pedag\u00f3gicas, f\u00edsicas e culturais, promovendo aprendizado e socializa\u00e7\u00e3o em um ambiente saud\u00e1vel\u201d, afirmou.<\/p>\n\n\n\n<p>O vereador S\u00e9rgio Bar\u00e9 destacou o car\u00e1ter humano e vision\u00e1rio das a\u00e7\u00f5es da prefeitura. \u201cOntem, o prefeito marcou um gola\u00e7o ao entregar o Centro Pop e hoje faz mais um, entregando esse espa\u00e7o colorido, educativo e seguro as nossas crian\u00e7as. Cada placa descerrada \u00e9 um gesto de carinho com Manaus e com suas fam\u00edlias\u201d, disse.<\/p>\n\n\n\n<p><strong>Manaus, amiga das crian\u00e7as<\/strong><\/p>\n\n\n\n<p>Com a reabertura e os novos investimentos anunciados, o parque \u201cCidade da Crian\u00e7a\u201d refor\u00e7a o compromisso da gest\u00e3o com pol\u00edticas p\u00fablicas voltadas \u00e0 inf\u00e2ncia, ao lazer e \u00e0 educa\u00e7\u00e3o. O espa\u00e7o volta a integrar o calend\u00e1rio das escolas municipais e receber\u00e1 atividades permanentes voltadas \u00e0 primeira inf\u00e2ncia.<\/p>\n\n\n\n<p>\u201cEsse parque \u00e9 das crian\u00e7as, \u00e9 da fam\u00edlia manauara. Vou trazer minha netinha para brincar aqui, porque esse \u00e9 um lugar de paz, sombra, alegria e pertencimento. Que as fam\u00edlias aproveitem, a festa \u00e9 de voc\u00eas e com voc\u00eas\u201d, concluiu David Almeida.<\/p>\n\n\n\n<p><strong>&#8212; &#8212; &#8212;<\/strong><\/p>\n\n\n\n<p><strong>Texto &#8211;<\/strong> Emanuelle Baires \/ Semcom-Prefeito<\/p>\n\n\n\n<p><strong>Fotos &#8211;<\/strong> Dhyeizo Lemos \/ Semcom-Prefeito<\/p>\n\n\n\n<p><strong>Dispon\u00edveis em<\/strong> \u2013 <a href=\"https:\/\/flic.kr\/s\/aHBqjCzfMJ\">https:\/\/flic.kr\/s\/aHBqjCzfMJ<\/a><\/p>\n","protected":false},"excerpt":{"rendered":"","protected":false},"author":57,"featured_media":247869,"comment_status":"closed","ping_status":"closed","sticky":false,"template":"","format":"standard","meta":{"footnotes":""},"categories":[670],"tags":[35,17717,77,2629],"acf":[],"yoast_head":"<!-- This site is optimized with the Yoast SEO plugin v23.0 - https:\/\/yoast.com\/wordpress\/plugins\/seo\/ -->\n<title>Prefeito David Almeida reabre parque \u2018Cidade da Crian\u00e7a\u2019<\/title>\n<meta name=\"description\" content=\"O prefeito David Almeida, reabriu, nesta sexta-feira, 31\/10, o parque \u201cCidade da Crian\u00e7a\u201d totalmente revitalizado, localizado no Aleixo.\" \/>\n<meta name=\"robots\" content=\"index, follow, max-snippet:-1, max-image-preview:large, max-video-preview:-1\" \/>\n<link rel=\"canonical\" href=\"https:\/\/www.manaus.am.gov.br\/semcom\/reabre_parque_cidade_da_crianca\/\" \/>\n<meta property=\"og:locale\" content=\"pt_BR\" \/>\n<meta property=\"og:type\" content=\"article\" \/>\n<meta property=\"og:title\" content=\"Prefeito David Almeida reabre parque \u2018Cidade da Crian\u00e7a\u2019\" \/>\n<meta property=\"og:description\" content=\"O prefeito David Almeida, reabriu, nesta sexta-feira, 31\/10, o parque \u201cCidade da Crian\u00e7a\u201d totalmente revitalizado, localizado no Aleixo.\" \/>\n<meta property=\"og:url\" content=\"https:\/\/www.manaus.am.gov.br\/semcom\/reabre_parque_cidade_da_crianca\/\" \/>\n<meta property=\"og:site_name\" content=\"SEMCOM\" \/>\n<meta property=\"article:published_time\" content=\"2025-10-31T19:33:34+00:00\" \/>\n<meta property=\"article:modified_time\" content=\"2025-10-31T19:33:36+00:00\" \/>\n<meta property=\"og:image\" content=\"https:\/\/www.manaus.am.gov.br\/semcom\/wp-content\/uploads\/sites\/5\/2025\/10\/parque-\u2018Cidade-da-Crianca-1.jpg\" \/>\n\t<meta property=\"og:image:width\" content=\"800\" \/>\n\t<meta property=\"og:image:height\" content=\"534\" \/>\n\t<meta property=\"og:image:type\" content=\"image\/jpeg\" \/>\n<meta name=\"author\" content=\"Thiago Fernando\" \/>\n<meta name=\"twitter:card\" content=\"summary_large_image\" \/>\n<meta name=\"twitter:label1\" content=\"Written by\" \/>\n\t<meta name=\"twitter:data1\" content=\"Thiago Fernando\" \/>\n\t<meta name=\"twitter:label2\" content=\"Est. reading time\" \/>\n\t<meta name=\"twitter:data2\" content=\"4 minutos\" \/>\n<script type=\"application\/ld+json\" class=\"yoast-schema-graph\">{\"@context\":\"https:\/\/schema.org\",\"@graph\":[{\"@type\":\"WebPage\",\"@id\":\"https:\/\/www.manaus.am.gov.br\/semcom\/reabre_parque_cidade_da_crianca\/\",\"url\":\"https:\/\/www.manaus.am.gov.br\/semcom\/reabre_parque_cidade_da_crianca\/\",\"name\":\"Prefeito David Almeida reabre parque \u2018Cidade da Crian\u00e7a\u2019\",\"isPartOf\":{\"@id\":\"https:\/\/www.manaus.am.gov.br\/semcom\/#website\"},\"primaryImageOfPage\":{\"@id\":\"https:\/\/www.manaus.am.gov.br\/semcom\/reabre_parque_cidade_da_crianca\/#primaryimage\"},\"image\":{\"@id\":\"https:\/\/www.manaus.am.gov.br\/semcom\/reabre_parque_cidade_da_crianca\/#primaryimage\"},\"thumbnailUrl\":\"https:\/\/www.manaus.am.gov.br\/semcom\/wp-content\/uploads\/sites\/5\/2025\/10\/parque-\u2018Cidade-da-Crianca-1.jpg\",\"datePublished\":\"2025-10-31T19:33:34+00:00\",\"dateModified\":\"2025-10-31T19:33:36+00:00\",\"author\":{\"@id\":\"https:\/\/www.manaus.am.gov.br\/semcom\/#\/schema\/person\/a5ee5376db6e21af026374b369f30882\"},\"description\":\"O prefeito David Almeida, reabriu, nesta sexta-feira, 31\/10, o parque \u201cCidade da Crian\u00e7a\u201d totalmente revitalizado, localizado no Aleixo.\",\"inLanguage\":\"pt-BR\",\"potentialAction\":[{\"@type\":\"ReadAction\",\"target\":[\"https:\/\/www.manaus.am.gov.br\/semcom\/reabre_parque_cidade_da_crianca\/\"]}]},{\"@type\":\"ImageObject\",\"inLanguage\":\"pt-BR\",\"@id\":\"https:\/\/www.manaus.am.gov.br\/semcom\/reabre_parque_cidade_da_crianca\/#primaryimage\",\"url\":\"https:\/\/www.manaus.am.gov.br\/semcom\/wp-content\/uploads\/sites\/5\/2025\/10\/parque-\u2018Cidade-da-Crianca-1.jpg\",\"contentUrl\":\"https:\/\/www.manaus.am.gov.br\/semcom\/wp-content\/uploads\/sites\/5\/2025\/10\/parque-\u2018Cidade-da-Crianca-1.jpg\",\"width\":800,\"height\":534,\"caption\":\"#paratodosverem - Prefeito David Almeida discursando na reinaugura\u00e7\u00e3o do parque\"},{\"@type\":\"WebSite\",\"@id\":\"https:\/\/www.manaus.am.gov.br\/semcom\/#website\",\"url\":\"https:\/\/www.manaus.am.gov.br\/semcom\/\",\"name\":\"SEMCOM\",\"description\":\"Secretaria Municipal de Comunica\u00e7\u00e3o\",\"potentialAction\":[{\"@type\":\"SearchAction\",\"target\":{\"@type\":\"EntryPoint\",\"urlTemplate\":\"https:\/\/www.manaus.am.gov.br\/semcom\/?s={search_term_string}\"},\"query-input\":\"required name=search_term_string\"}],\"inLanguage\":\"pt-BR\"},{\"@type\":\"Person\",\"@id\":\"https:\/\/www.manaus.am.gov.br\/semcom\/#\/schema\/person\/a5ee5376db6e21af026374b369f30882\",\"name\":\"Thiago Fernando\",\"image\":{\"@type\":\"ImageObject\",\"inLanguage\":\"pt-BR\",\"@id\":\"https:\/\/www.manaus.am.gov.br\/semcom\/#\/schema\/person\/image\/\",\"url\":\"https:\/\/secure.gravatar.com\/avatar\/f5aab8722444041451501c077052ac07?s=96&d=mm&r=g\",\"contentUrl\":\"https:\/\/secure.gravatar.com\/avatar\/f5aab8722444041451501c077052ac07?s=96&d=mm&r=g\",\"caption\":\"Thiago Fernando\"}}]}<\/script>\n<!-- \/ Yoast SEO plugin. -->","yoast_head_json":{"title":"Prefeito David Almeida reabre parque \u2018Cidade da Crian\u00e7a\u2019","description":"O prefeito David Almeida, reabriu, nesta sexta-feira, 31\/10, o parque \u201cCidade da Crian\u00e7a\u201d totalmente revitalizado, localizado no Aleixo.","robots":{"index":"index","follow":"follow","max-snippet":"max-snippet:-1","max-image-preview":"max-image-preview:large","max-video-preview":"max-video-preview:-1"},"canonical":"https:\/\/www.manaus.am.gov.br\/semcom\/reabre_parque_cidade_da_crianca\/","og_locale":"pt_BR","og_type":"article","og_title":"Prefeito David Almeida reabre parque \u2018Cidade da Crian\u00e7a\u2019","og_description":"O prefeito David Almeida, reabriu, nesta sexta-feira, 31\/10, o parque \u201cCidade da Crian\u00e7a\u201d totalmente revitalizado, localizado no Aleixo.","og_url":"https:\/\/www.manaus.am.gov.br\/semcom\/reabre_parque_cidade_da_crianca\/","og_site_name":"SEMCOM","article_published_time":"2025-10-31T19:33:34+00:00","article_modified_time":"2025-10-31T19:33:36+00:00","og_image":[{"width":800,"height":534,"url":"https:\/\/www.manaus.am.gov.br\/semcom\/wp-content\/uploads\/sites\/5\/2025\/10\/parque-\u2018Cidade-da-Crianca-1.jpg","type":"image\/jpeg"}],"author":"Thiago Fernando","twitter_card":"summary_large_image","twitter_misc":{"Written by":"Thiago Fernando","Est. reading time":"4 minutos"},"schema":{"@context":"https:\/\/schema.org","@graph":[{"@type":"WebPage","@id":"https:\/\/www.manaus.am.gov.br\/semcom\/reabre_parque_cidade_da_crianca\/","url":"https:\/\/www.manaus.am.gov.br\/semcom\/reabre_parque_cidade_da_crianca\/","name":"Prefeito David Almeida reabre parque \u2018Cidade da Crian\u00e7a\u2019","isPartOf":{"@id":"https:\/\/www.manaus.am.gov.br\/semcom\/#website"},"primaryImageOfPage":{"@id":"https:\/\/www.manaus.am.gov.br\/semcom\/reabre_parque_cidade_da_crianca\/#primaryimage"},"image":{"@id":"https:\/\/www.manaus.am.gov.br\/semcom\/reabre_parque_cidade_da_crianca\/#primaryimage"},"thumbnailUrl":"https:\/\/www.manaus.am.gov.br\/semcom\/wp-content\/uploads\/sites\/5\/2025\/10\/parque-\u2018Cidade-da-Crianca-1.jpg","datePublished":"2025-10-31T19:33:34+00:00","dateModified":"2025-10-31T19:33:36+00:00","author":{"@id":"https:\/\/www.manaus.am.gov.br\/semcom\/#\/schema\/person\/a5ee5376db6e21af026374b369f30882"},"description":"O prefeito David Almeida, reabriu, nesta sexta-feira, 31\/10, o parque \u201cCidade da Crian\u00e7a\u201d totalmente revitalizado, localizado no Aleixo.","inLanguage":"pt-BR","potentialAction":[{"@type":"ReadAction","target":["https:\/\/www.manaus.am.gov.br\/semcom\/reabre_parque_cidade_da_crianca\/"]}]},{"@type":"ImageObject","inLanguage":"pt-BR","@id":"https:\/\/www.manaus.am.gov.br\/semcom\/reabre_parque_cidade_da_crianca\/#primaryimage","url":"https:\/\/www.manaus.am.gov.br\/semcom\/wp-content\/uploads\/sites\/5\/2025\/10\/parque-\u2018Cidade-da-Crianca-1.jpg","contentUrl":"https:\/\/www.manaus.am.gov.br\/semcom\/wp-content\/uploads\/sites\/5\/2025\/10\/parque-\u2018Cidade-da-Crianca-1.jpg","width":800,"height":534,"caption":"#paratodosverem - Prefeito David Almeida discursando na reinaugura\u00e7\u00e3o do parque"},{"@type":"WebSite","@id":"https:\/\/www.manaus.am.gov.br\/semcom\/#website","url":"https:\/\/www.manaus.am.gov.br\/semcom\/","name":"SEMCOM","description":"Secretaria Municipal de Comunica\u00e7\u00e3o","potentialAction":[{"@type":"SearchAction","target":{"@type":"EntryPoint","urlTemplate":"https:\/\/www.manaus.am.gov.br\/semcom\/?s={search_term_string}"},"query-input":"required name=search_term_string"}],"inLanguage":"pt-BR"},{"@type":"Person","@id":"https:\/\/www.manaus.am.gov.br\/semcom\/#\/schema\/person\/a5ee5376db6e21af026374b369f30882","name":"Thiago Fernando","image":{"@type":"ImageObject","inLanguage":"pt-BR","@id":"https:\/\/www.manaus.am.gov.br\/semcom\/#\/schema\/person\/image\/","url":"https:\/\/secure.gravatar.com\/avatar\/f5aab8722444041451501c077052ac07?s=96&d=mm&r=g","contentUrl":"https:\/\/secure.gravatar.com\/avatar\/f5aab8722444041451501c077052ac07?s=96&d=mm&r=g","caption":"Thiago Fernando"}}]}},"_links":{"self":[{"href":"https:\/\/www.manaus.am.gov.br\/semcom\/wp-json\/wp\/v2\/posts\/247868"}],"collection":[{"href":"https:\/\/www.manaus.am.gov.br\/semcom\/wp-json\/wp\/v2\/posts"}],"about":[{"href":"https:\/\/www.manaus.am.gov.br\/semcom\/wp-json\/wp\/v2\/types\/post"}],"author":[{"embeddable":true,"href":"https:\/\/www.manaus.am.gov.br\/semcom\/wp-json\/wp\/v2\/users\/57"}],"replies":[{"embeddable":true,"href":"https:\/\/www.manaus.am.gov.br\/semcom\/wp-json\/wp\/v2\/comments?post=247868"}],"version-history":[{"count":0,"href":"https:\/\/www.manaus.am.gov.br\/semcom\/wp-json\/wp\/v2\/posts\/247868\/revisions"}],"wp:featuredmedia":[{"embeddable":true,"href":"https:\/\/www.manaus.am.gov.br\/semcom\/wp-json\/wp\/v2\/media\/247869"}],"wp:attachment":[{"href":"https:\/\/www.manaus.am.gov.br\/semcom\/wp-json\/wp\/v2\/media?parent=247868"}],"wp:term":[{"taxonomy":"category","embeddable":true,"href":"https:\/\/www.manaus.am.gov.br\/semcom\/wp-json\/wp\/v2\/categories?post=247868"},{"taxonomy":"post_tag","embeddable":true,"href":"https:\/\/www.manaus.am.gov.br\/semcom\/wp-json\/wp\/v2\/tags?post=247868"}],"curies":[{"name":"wp","href":"https:\/\/api.w.org\/{rel}","templated":true}]}}