{"id":247850,"date":"2025-10-31T14:29:04","date_gmt":"2025-10-31T17:29:04","guid":{"rendered":"https:\/\/www.manaus.am.gov.br\/semcom\/prefeitura-seminf-comunidadedaspedras\/"},"modified":"2025-10-31T14:29:05","modified_gmt":"2025-10-31T17:29:05","slug":"prefeitura-seminf-comunidadedaspedras","status":"publish","type":"post","link":"https:\/\/www.manaus.am.gov.br\/semcom\/prefeitura-seminf-comunidadedaspedras\/","title":{"rendered":"Prefeitura de Manaus leva mais mobilidade e qualidade de vida \u00e0 comunidade das Pedras"},"content":{"rendered":"\n<p>A Prefeitura de Manaus intensifica as obras de infraestrutura com o \u201cPlano de Ver\u00e3o\u201d, promovendo melhorias nas ruas e na qualidade de vida dos moradores em todas as zonas da cidade. Nesta sexta-feira, 31\/10, a rua Carauari, localizada na comunidade das Pedras, no bairro Grande Vit\u00f3ria, zona Leste, recebeu servi\u00e7os de recupera\u00e7\u00e3o asf\u00e1ltica, realizados pela Secretaria Municipal de Infraestrutura (Seminf).<\/p>\n\n\n\n<p>A interven\u00e7\u00e3o faz parte de um conjunto de a\u00e7\u00f5es que visam melhorar a trafegabilidade, garantir mais seguran\u00e7a vi\u00e1ria e trazer conforto aos condutores e pedestres que utilizam diariamente a via. A recomposi\u00e7\u00e3o asf\u00e1ltica inclui limpeza, aplica\u00e7\u00e3o de nova camada de asfalto e acabamento final, nos trechos desgastados da via, entregando um pavimento com mais mobilidade.<\/p>\n\n\n\n<p>O vice-prefeito e secret\u00e1rio de Obras, Renato Junior, acompanhou de perto a execu\u00e7\u00e3o e destacou o impacto direto dessas a\u00e7\u00f5es na vida da popula\u00e7\u00e3o.<\/p>\n\n\n\n<p>\u201cQuando uma rua \u00e9 revitalizada, n\u00e3o \u00e9 apenas o asfalto que se renova, mas a rotina e o bem-estar das pessoas que vivem ali. Cada via recuperada representa mais seguran\u00e7a, dignidade e mobilidade para os moradores. \u00c9 esse o compromisso da gest\u00e3o do prefeito David Almeida, trabalhar todos os dias para transformar Manaus em uma cidade melhor para se viver\u201d, afirmou Renato Junior.<\/p>\n\n\n\n<p>Com planejamento, equipes em campo e investimentos cont\u00ednuos, o \u201cPlano de Ver\u00e3o\u201d refor\u00e7a o compromisso da prefeitura em cuidar da cidade e garantir infraestrutura de qualidade, especialmente nas comunidades que mais precisam.<\/p>\n\n\n\n<p>&#8212; &#8212; &#8212;<\/p>\n\n\n\n<p><strong>Texto<\/strong> &#8211; Rayana Coutinho\/ Seminf<\/p>\n\n\n\n<p><strong>Fotos<\/strong> \u2013 Divulga\u00e7\u00e3o<\/p>\n","protected":false},"excerpt":{"rendered":"","protected":false},"author":23,"featured_media":247851,"comment_status":"closed","ping_status":"closed","sticky":false,"template":"","format":"standard","meta":{"footnotes":""},"categories":[47],"tags":[17714,11849,77,33],"acf":[],"yoast_head":"<!-- This site is optimized with the Yoast SEO plugin v23.0 - https:\/\/yoast.com\/wordpress\/plugins\/seo\/ -->\n<title>Prefeitura de Manaus leva mais mobilidade e qualidade de vida \u00e0 comunidade das Pedras<\/title>\n<meta name=\"description\" content=\"A Prefeitura de Manaus intensifica as obras de infraestrutura com o \u201cPlano de Ver\u00e3o\u201d, promovendo melhorias nas ruas e na qualidade de vida dos moradores em todas as zonas da cidade. Nesta sexta-feira, 31\/10, a rua Carauari, localizada na comunidade das Pedras, no bairro Grande Vit\u00f3ria, zona Leste, recebeu servi\u00e7os de recupera\u00e7\u00e3o asf\u00e1ltica, realizados pela Secretaria Municipal de Infraestrutura (Seminf).\" \/>\n<meta name=\"robots\" content=\"index, follow, max-snippet:-1, max-image-preview:large, max-video-preview:-1\" \/>\n<link rel=\"canonical\" href=\"https:\/\/www.manaus.am.gov.br\/semcom\/prefeitura-seminf-comunidadedaspedras\/\" \/>\n<meta property=\"og:locale\" content=\"pt_BR\" \/>\n<meta property=\"og:type\" content=\"article\" \/>\n<meta property=\"og:title\" content=\"Prefeitura de Manaus leva mais mobilidade e qualidade de vida \u00e0 comunidade das Pedras\" \/>\n<meta property=\"og:description\" content=\"A Prefeitura de Manaus intensifica as obras de infraestrutura com o \u201cPlano de Ver\u00e3o\u201d, promovendo melhorias nas ruas e na qualidade de vida dos moradores em todas as zonas da cidade. Nesta sexta-feira, 31\/10, a rua Carauari, localizada na comunidade das Pedras, no bairro Grande Vit\u00f3ria, zona Leste, recebeu servi\u00e7os de recupera\u00e7\u00e3o asf\u00e1ltica, realizados pela Secretaria Municipal de Infraestrutura (Seminf).\" \/>\n<meta property=\"og:url\" content=\"https:\/\/www.manaus.am.gov.br\/semcom\/prefeitura-seminf-comunidadedaspedras\/\" \/>\n<meta property=\"og:site_name\" content=\"SEMCOM\" \/>\n<meta property=\"article:published_time\" content=\"2025-10-31T17:29:04+00:00\" \/>\n<meta property=\"article:modified_time\" content=\"2025-10-31T17:29:05+00:00\" \/>\n<meta property=\"og:image\" content=\"https:\/\/www.manaus.am.gov.br\/semcom\/wp-content\/uploads\/sites\/5\/2025\/10\/IMG_1216.jpg\" \/>\n\t<meta property=\"og:image:width\" content=\"1599\" \/>\n\t<meta property=\"og:image:height\" content=\"899\" \/>\n\t<meta property=\"og:image:type\" content=\"image\/jpeg\" \/>\n<meta name=\"author\" content=\"Adriana Costa\" \/>\n<meta name=\"twitter:card\" content=\"summary_large_image\" \/>\n<meta name=\"twitter:label1\" content=\"Written by\" \/>\n\t<meta name=\"twitter:data1\" content=\"Adriana Costa\" \/>\n\t<meta name=\"twitter:label2\" content=\"Est. reading time\" \/>\n\t<meta name=\"twitter:data2\" content=\"2 minutos\" \/>\n<script type=\"application\/ld+json\" class=\"yoast-schema-graph\">{\"@context\":\"https:\/\/schema.org\",\"@graph\":[{\"@type\":\"WebPage\",\"@id\":\"https:\/\/www.manaus.am.gov.br\/semcom\/prefeitura-seminf-comunidadedaspedras\/\",\"url\":\"https:\/\/www.manaus.am.gov.br\/semcom\/prefeitura-seminf-comunidadedaspedras\/\",\"name\":\"Prefeitura de Manaus leva mais mobilidade e qualidade de vida \u00e0 comunidade das Pedras\",\"isPartOf\":{\"@id\":\"https:\/\/www.manaus.am.gov.br\/semcom\/#website\"},\"primaryImageOfPage\":{\"@id\":\"https:\/\/www.manaus.am.gov.br\/semcom\/prefeitura-seminf-comunidadedaspedras\/#primaryimage\"},\"image\":{\"@id\":\"https:\/\/www.manaus.am.gov.br\/semcom\/prefeitura-seminf-comunidadedaspedras\/#primaryimage\"},\"thumbnailUrl\":\"https:\/\/www.manaus.am.gov.br\/semcom\/wp-content\/uploads\/sites\/5\/2025\/10\/IMG_1216.jpg\",\"datePublished\":\"2025-10-31T17:29:04+00:00\",\"dateModified\":\"2025-10-31T17:29:05+00:00\",\"author\":{\"@id\":\"https:\/\/www.manaus.am.gov.br\/semcom\/#\/schema\/person\/4e49f4e267757a06ca072ec61b2b9968\"},\"description\":\"A Prefeitura de Manaus intensifica as obras de infraestrutura com o \u201cPlano de Ver\u00e3o\u201d, promovendo melhorias nas ruas e na qualidade de vida dos moradores em todas as zonas da cidade. Nesta sexta-feira, 31\/10, a rua Carauari, localizada na comunidade das Pedras, no bairro Grande Vit\u00f3ria, zona Leste, recebeu servi\u00e7os de recupera\u00e7\u00e3o asf\u00e1ltica, realizados pela Secretaria Municipal de Infraestrutura (Seminf).\",\"inLanguage\":\"pt-BR\",\"potentialAction\":[{\"@type\":\"ReadAction\",\"target\":[\"https:\/\/www.manaus.am.gov.br\/semcom\/prefeitura-seminf-comunidadedaspedras\/\"]}]},{\"@type\":\"ImageObject\",\"inLanguage\":\"pt-BR\",\"@id\":\"https:\/\/www.manaus.am.gov.br\/semcom\/prefeitura-seminf-comunidadedaspedras\/#primaryimage\",\"url\":\"https:\/\/www.manaus.am.gov.br\/semcom\/wp-content\/uploads\/sites\/5\/2025\/10\/IMG_1216.jpg\",\"contentUrl\":\"https:\/\/www.manaus.am.gov.br\/semcom\/wp-content\/uploads\/sites\/5\/2025\/10\/IMG_1216.jpg\",\"width\":1599,\"height\":899,\"caption\":\"#paratodosverem - Homens da Seminf atuam na aplica\u00e7\u00e3o de massa asf\u00e1ltica na comunidade das Pedras\"},{\"@type\":\"WebSite\",\"@id\":\"https:\/\/www.manaus.am.gov.br\/semcom\/#website\",\"url\":\"https:\/\/www.manaus.am.gov.br\/semcom\/\",\"name\":\"SEMCOM\",\"description\":\"Secretaria Municipal de Comunica\u00e7\u00e3o\",\"potentialAction\":[{\"@type\":\"SearchAction\",\"target\":{\"@type\":\"EntryPoint\",\"urlTemplate\":\"https:\/\/www.manaus.am.gov.br\/semcom\/?s={search_term_string}\"},\"query-input\":\"required name=search_term_string\"}],\"inLanguage\":\"pt-BR\"},{\"@type\":\"Person\",\"@id\":\"https:\/\/www.manaus.am.gov.br\/semcom\/#\/schema\/person\/4e49f4e267757a06ca072ec61b2b9968\",\"name\":\"Adriana Costa\",\"image\":{\"@type\":\"ImageObject\",\"inLanguage\":\"pt-BR\",\"@id\":\"https:\/\/www.manaus.am.gov.br\/semcom\/#\/schema\/person\/image\/\",\"url\":\"https:\/\/secure.gravatar.com\/avatar\/576258617ef7194f718179e766d57bd4?s=96&d=mm&r=g\",\"contentUrl\":\"https:\/\/secure.gravatar.com\/avatar\/576258617ef7194f718179e766d57bd4?s=96&d=mm&r=g\",\"caption\":\"Adriana Costa\"}}]}<\/script>\n<!-- \/ Yoast SEO plugin. -->","yoast_head_json":{"title":"Prefeitura de Manaus leva mais mobilidade e qualidade de vida \u00e0 comunidade das Pedras","description":"A Prefeitura de Manaus intensifica as obras de infraestrutura com o \u201cPlano de Ver\u00e3o\u201d, promovendo melhorias nas ruas e na qualidade de vida dos moradores em todas as zonas da cidade. Nesta sexta-feira, 31\/10, a rua Carauari, localizada na comunidade das Pedras, no bairro Grande Vit\u00f3ria, zona Leste, recebeu servi\u00e7os de recupera\u00e7\u00e3o asf\u00e1ltica, realizados pela Secretaria Municipal de Infraestrutura (Seminf).","robots":{"index":"index","follow":"follow","max-snippet":"max-snippet:-1","max-image-preview":"max-image-preview:large","max-video-preview":"max-video-preview:-1"},"canonical":"https:\/\/www.manaus.am.gov.br\/semcom\/prefeitura-seminf-comunidadedaspedras\/","og_locale":"pt_BR","og_type":"article","og_title":"Prefeitura de Manaus leva mais mobilidade e qualidade de vida \u00e0 comunidade das Pedras","og_description":"A Prefeitura de Manaus intensifica as obras de infraestrutura com o \u201cPlano de Ver\u00e3o\u201d, promovendo melhorias nas ruas e na qualidade de vida dos moradores em todas as zonas da cidade. Nesta sexta-feira, 31\/10, a rua Carauari, localizada na comunidade das Pedras, no bairro Grande Vit\u00f3ria, zona Leste, recebeu servi\u00e7os de recupera\u00e7\u00e3o asf\u00e1ltica, realizados pela Secretaria Municipal de Infraestrutura (Seminf).","og_url":"https:\/\/www.manaus.am.gov.br\/semcom\/prefeitura-seminf-comunidadedaspedras\/","og_site_name":"SEMCOM","article_published_time":"2025-10-31T17:29:04+00:00","article_modified_time":"2025-10-31T17:29:05+00:00","og_image":[{"width":1599,"height":899,"url":"https:\/\/www.manaus.am.gov.br\/semcom\/wp-content\/uploads\/sites\/5\/2025\/10\/IMG_1216.jpg","type":"image\/jpeg"}],"author":"Adriana Costa","twitter_card":"summary_large_image","twitter_misc":{"Written by":"Adriana Costa","Est. reading time":"2 minutos"},"schema":{"@context":"https:\/\/schema.org","@graph":[{"@type":"WebPage","@id":"https:\/\/www.manaus.am.gov.br\/semcom\/prefeitura-seminf-comunidadedaspedras\/","url":"https:\/\/www.manaus.am.gov.br\/semcom\/prefeitura-seminf-comunidadedaspedras\/","name":"Prefeitura de Manaus leva mais mobilidade e qualidade de vida \u00e0 comunidade das Pedras","isPartOf":{"@id":"https:\/\/www.manaus.am.gov.br\/semcom\/#website"},"primaryImageOfPage":{"@id":"https:\/\/www.manaus.am.gov.br\/semcom\/prefeitura-seminf-comunidadedaspedras\/#primaryimage"},"image":{"@id":"https:\/\/www.manaus.am.gov.br\/semcom\/prefeitura-seminf-comunidadedaspedras\/#primaryimage"},"thumbnailUrl":"https:\/\/www.manaus.am.gov.br\/semcom\/wp-content\/uploads\/sites\/5\/2025\/10\/IMG_1216.jpg","datePublished":"2025-10-31T17:29:04+00:00","dateModified":"2025-10-31T17:29:05+00:00","author":{"@id":"https:\/\/www.manaus.am.gov.br\/semcom\/#\/schema\/person\/4e49f4e267757a06ca072ec61b2b9968"},"description":"A Prefeitura de Manaus intensifica as obras de infraestrutura com o \u201cPlano de Ver\u00e3o\u201d, promovendo melhorias nas ruas e na qualidade de vida dos moradores em todas as zonas da cidade. Nesta sexta-feira, 31\/10, a rua Carauari, localizada na comunidade das Pedras, no bairro Grande Vit\u00f3ria, zona Leste, recebeu servi\u00e7os de recupera\u00e7\u00e3o asf\u00e1ltica, realizados pela Secretaria Municipal de Infraestrutura (Seminf).","inLanguage":"pt-BR","potentialAction":[{"@type":"ReadAction","target":["https:\/\/www.manaus.am.gov.br\/semcom\/prefeitura-seminf-comunidadedaspedras\/"]}]},{"@type":"ImageObject","inLanguage":"pt-BR","@id":"https:\/\/www.manaus.am.gov.br\/semcom\/prefeitura-seminf-comunidadedaspedras\/#primaryimage","url":"https:\/\/www.manaus.am.gov.br\/semcom\/wp-content\/uploads\/sites\/5\/2025\/10\/IMG_1216.jpg","contentUrl":"https:\/\/www.manaus.am.gov.br\/semcom\/wp-content\/uploads\/sites\/5\/2025\/10\/IMG_1216.jpg","width":1599,"height":899,"caption":"#paratodosverem - Homens da Seminf atuam na aplica\u00e7\u00e3o de massa asf\u00e1ltica na comunidade das Pedras"},{"@type":"WebSite","@id":"https:\/\/www.manaus.am.gov.br\/semcom\/#website","url":"https:\/\/www.manaus.am.gov.br\/semcom\/","name":"SEMCOM","description":"Secretaria Municipal de Comunica\u00e7\u00e3o","potentialAction":[{"@type":"SearchAction","target":{"@type":"EntryPoint","urlTemplate":"https:\/\/www.manaus.am.gov.br\/semcom\/?s={search_term_string}"},"query-input":"required name=search_term_string"}],"inLanguage":"pt-BR"},{"@type":"Person","@id":"https:\/\/www.manaus.am.gov.br\/semcom\/#\/schema\/person\/4e49f4e267757a06ca072ec61b2b9968","name":"Adriana Costa","image":{"@type":"ImageObject","inLanguage":"pt-BR","@id":"https:\/\/www.manaus.am.gov.br\/semcom\/#\/schema\/person\/image\/","url":"https:\/\/secure.gravatar.com\/avatar\/576258617ef7194f718179e766d57bd4?s=96&d=mm&r=g","contentUrl":"https:\/\/secure.gravatar.com\/avatar\/576258617ef7194f718179e766d57bd4?s=96&d=mm&r=g","caption":"Adriana Costa"}}]}},"_links":{"self":[{"href":"https:\/\/www.manaus.am.gov.br\/semcom\/wp-json\/wp\/v2\/posts\/247850"}],"collection":[{"href":"https:\/\/www.manaus.am.gov.br\/semcom\/wp-json\/wp\/v2\/posts"}],"about":[{"href":"https:\/\/www.manaus.am.gov.br\/semcom\/wp-json\/wp\/v2\/types\/post"}],"author":[{"embeddable":true,"href":"https:\/\/www.manaus.am.gov.br\/semcom\/wp-json\/wp\/v2\/users\/23"}],"replies":[{"embeddable":true,"href":"https:\/\/www.manaus.am.gov.br\/semcom\/wp-json\/wp\/v2\/comments?post=247850"}],"version-history":[{"count":0,"href":"https:\/\/www.manaus.am.gov.br\/semcom\/wp-json\/wp\/v2\/posts\/247850\/revisions"}],"wp:featuredmedia":[{"embeddable":true,"href":"https:\/\/www.manaus.am.gov.br\/semcom\/wp-json\/wp\/v2\/media\/247851"}],"wp:attachment":[{"href":"https:\/\/www.manaus.am.gov.br\/semcom\/wp-json\/wp\/v2\/media?parent=247850"}],"wp:term":[{"taxonomy":"category","embeddable":true,"href":"https:\/\/www.manaus.am.gov.br\/semcom\/wp-json\/wp\/v2\/categories?post=247850"},{"taxonomy":"post_tag","embeddable":true,"href":"https:\/\/www.manaus.am.gov.br\/semcom\/wp-json\/wp\/v2\/tags?post=247850"}],"curies":[{"name":"wp","href":"https:\/\/api.w.org\/{rel}","templated":true}]}}