{"id":247845,"date":"2025-10-31T13:19:02","date_gmt":"2025-10-31T17:19:02","guid":{"rendered":"https:\/\/www.manaus.am.gov.br\/semcom\/revitalizacao-rede-drenagem-praca-14\/"},"modified":"2025-10-31T14:19:43","modified_gmt":"2025-10-31T17:19:43","slug":"revitalizacao-rede-drenagem-praca-14","status":"publish","type":"post","link":"https:\/\/www.manaus.am.gov.br\/semcom\/revitalizacao-rede-drenagem-praca-14\/","title":{"rendered":"Prefeitura garante mais seguran\u00e7a e mobilidade com revitaliza\u00e7\u00e3o de rede de drenagem no bairro Pra\u00e7a 14 de Janeiro"},"content":{"rendered":"\n<p>A Prefeitura de Manaus segue avan\u00e7ando com obras estruturantes que melhoram a vida dos cidad\u00e3os e refor\u00e7am o compromisso da gest\u00e3o com uma cidade mais segura e preparada para o per\u00edodo chuvoso. Nesta sexta-feira, 31\/10, a Secretaria Municipal de Infraestrutura (Seminf) executou os trabalhos de revitaliza\u00e7\u00e3o de um trecho da rede de drenagem da rua Jonathas Pedrosa, no bairro Pra\u00e7a 14 de Janeiro, zona Sul.<\/p>\n\n\n\n<p>A a\u00e7\u00e3o foi necess\u00e1ria ap\u00f3s o rompimento da galeria de \u00e1guas pluviais, que provocou a abertura de uma cratera na via. As equipes atuaram com agilidade, realizando o anelamento da tubula\u00e7\u00e3o, que estava desanelada por meio da t\u00e9cnica conhecida como \u201cperereca\u201d, uma mistura de barro e cimento utilizada para vedar \u00e1reas comprometidas e garantir a estabilidade e o bom funcionamento do sistema de drenagem.<\/p>\n\n\n\n<p>O vice-prefeito e secret\u00e1rio de Obras, Renato Junior, destacou a import\u00e2ncia desse tipo de interven\u00e7\u00e3o para a seguran\u00e7a da popula\u00e7\u00e3o. \u201cCada obra entregue \u00e9 mais do que uma solu\u00e7\u00e3o de engenharia, \u00e9 a garantia de tranquilidade para quem vive e trabalha nessas \u00e1reas. A gest\u00e3o do prefeito David Almeida tem esse prop\u00f3sito, cuidar das pessoas por meio de uma infraestrutura eficiente e duradoura, que evite transtornos e melhore a mobilidade urbana\u201d, afirmou.<\/p>\n\n\n\n<p>Os moradores e comerciantes locais j\u00e1 percebem os resultados positivos da interven\u00e7\u00e3o. O mec\u00e2nico Caio Silva, de 31 anos, agradeceu pela aten\u00e7\u00e3o da prefeitura \u00e0 regi\u00e3o.<\/p>\n\n\n\n<p>\u201cEssas obras s\u00e3o muito boas, ajudam bastante na mobilidade aqui da nossa oficina. Quando chover, n\u00e3o vai mais alagar. Aqui passa muito carro, ent\u00e3o esse servi\u00e7o est\u00e1 sendo \u00f3timo\u201d, comemorou Caio.<\/p>\n\n\n\n<p>Com a\u00e7\u00f5es como essa, o munic\u00edpio reafirma seu compromisso com a preven\u00e7\u00e3o de alagamentos, o fortalecimento da infraestrutura urbana e o bem-estar da popula\u00e7\u00e3o manauara, levando mais seguran\u00e7a e qualidade de vida para quem circula diariamente pelas vias da capital.<\/p>\n\n\n\n<figure class=\"wp-block-image size-large\"><img loading=\"lazy\" decoding=\"async\" width=\"1024\" height=\"964\" src=\"https:\/\/www.manaus.am.gov.br\/semcom\/wp-content\/uploads\/sites\/5\/2025\/10\/WhatsApp-Image-2025-10-31-at-13.17.10-2-1024x964.jpeg\" alt=\"\" class=\"wp-image-247848\" srcset=\"https:\/\/www.manaus.am.gov.br\/semcom\/wp-content\/uploads\/sites\/5\/2025\/10\/WhatsApp-Image-2025-10-31-at-13.17.10-2-1024x964.jpeg 1024w, https:\/\/www.manaus.am.gov.br\/semcom\/wp-content\/uploads\/sites\/5\/2025\/10\/WhatsApp-Image-2025-10-31-at-13.17.10-2-300x283.jpeg 300w, https:\/\/www.manaus.am.gov.br\/semcom\/wp-content\/uploads\/sites\/5\/2025\/10\/WhatsApp-Image-2025-10-31-at-13.17.10-2-768x723.jpeg 768w, https:\/\/www.manaus.am.gov.br\/semcom\/wp-content\/uploads\/sites\/5\/2025\/10\/WhatsApp-Image-2025-10-31-at-13.17.10-2.jpeg 1066w\" sizes=\"(max-width: 1024px) 100vw, 1024px\" \/><\/figure>\n\n\n\n<p>&#8212; &#8212; &#8212;<\/p>\n\n\n\n<p><strong>Texto\u00a0<\/strong>&#8211; Eduarda Lira\/Seminf<\/p>\n\n\n\n<p><strong>Fotos <\/strong>&#8211; M\u00e1rcio Melo\/Seminf<\/p>\n\n\n\n<p> <\/p>\n","protected":false},"excerpt":{"rendered":"","protected":false},"author":39,"featured_media":247846,"comment_status":"closed","ping_status":"closed","sticky":false,"template":"","format":"standard","meta":{"footnotes":""},"categories":[47],"tags":[2102,77,17712,17713,33],"acf":[],"yoast_head":"<!-- This site is optimized with the Yoast SEO plugin v23.0 - https:\/\/yoast.com\/wordpress\/plugins\/seo\/ -->\n<title>Revitaliza\u00e7\u00e3o de rede de drenagem no bairro Pra\u00e7a 14 de Janeiro<\/title>\n<meta name=\"description\" content=\"Prefeitura garante mais seguran\u00e7a e mobilidade com revitaliza\u00e7\u00e3o de rede de drenagem no bairro Pra\u00e7a 14 de Janeiro.\" \/>\n<meta name=\"robots\" content=\"index, follow, max-snippet:-1, max-image-preview:large, max-video-preview:-1\" \/>\n<link rel=\"canonical\" href=\"https:\/\/www.manaus.am.gov.br\/semcom\/revitalizacao-rede-drenagem-praca-14\/\" \/>\n<meta property=\"og:locale\" content=\"pt_BR\" \/>\n<meta property=\"og:type\" content=\"article\" \/>\n<meta property=\"og:title\" content=\"Revitaliza\u00e7\u00e3o de rede de drenagem no bairro Pra\u00e7a 14 de Janeiro\" \/>\n<meta property=\"og:description\" content=\"Prefeitura garante mais seguran\u00e7a e mobilidade com revitaliza\u00e7\u00e3o de rede de drenagem no bairro Pra\u00e7a 14 de Janeiro.\" \/>\n<meta property=\"og:url\" content=\"https:\/\/www.manaus.am.gov.br\/semcom\/revitalizacao-rede-drenagem-praca-14\/\" \/>\n<meta property=\"og:site_name\" content=\"SEMCOM\" \/>\n<meta property=\"article:published_time\" content=\"2025-10-31T17:19:02+00:00\" \/>\n<meta property=\"article:modified_time\" content=\"2025-10-31T17:19:43+00:00\" \/>\n<meta property=\"og:image\" content=\"https:\/\/www.manaus.am.gov.br\/semcom\/wp-content\/uploads\/sites\/5\/2025\/10\/736A8784-1024x683.jpg\" \/>\n\t<meta property=\"og:image:width\" content=\"1024\" \/>\n\t<meta property=\"og:image:height\" content=\"683\" \/>\n\t<meta property=\"og:image:type\" content=\"image\/jpeg\" \/>\n<meta name=\"author\" content=\"Bruna Greco\" \/>\n<meta name=\"twitter:card\" content=\"summary_large_image\" \/>\n<meta name=\"twitter:label1\" content=\"Written by\" \/>\n\t<meta name=\"twitter:data1\" content=\"Bruna Greco\" \/>\n\t<meta name=\"twitter:label2\" content=\"Est. reading time\" \/>\n\t<meta name=\"twitter:data2\" content=\"3 minutos\" \/>\n<script type=\"application\/ld+json\" class=\"yoast-schema-graph\">{\"@context\":\"https:\/\/schema.org\",\"@graph\":[{\"@type\":\"WebPage\",\"@id\":\"https:\/\/www.manaus.am.gov.br\/semcom\/revitalizacao-rede-drenagem-praca-14\/\",\"url\":\"https:\/\/www.manaus.am.gov.br\/semcom\/revitalizacao-rede-drenagem-praca-14\/\",\"name\":\"Revitaliza\u00e7\u00e3o de rede de drenagem no bairro Pra\u00e7a 14 de Janeiro\",\"isPartOf\":{\"@id\":\"https:\/\/www.manaus.am.gov.br\/semcom\/#website\"},\"primaryImageOfPage\":{\"@id\":\"https:\/\/www.manaus.am.gov.br\/semcom\/revitalizacao-rede-drenagem-praca-14\/#primaryimage\"},\"image\":{\"@id\":\"https:\/\/www.manaus.am.gov.br\/semcom\/revitalizacao-rede-drenagem-praca-14\/#primaryimage\"},\"thumbnailUrl\":\"https:\/\/www.manaus.am.gov.br\/semcom\/wp-content\/uploads\/sites\/5\/2025\/10\/736A8784.jpg\",\"datePublished\":\"2025-10-31T17:19:02+00:00\",\"dateModified\":\"2025-10-31T17:19:43+00:00\",\"author\":{\"@id\":\"https:\/\/www.manaus.am.gov.br\/semcom\/#\/schema\/person\/05d223aea2bf115f9883a6ff3683d81b\"},\"description\":\"Prefeitura garante mais seguran\u00e7a e mobilidade com revitaliza\u00e7\u00e3o de rede de drenagem no bairro Pra\u00e7a 14 de Janeiro.\",\"inLanguage\":\"pt-BR\",\"potentialAction\":[{\"@type\":\"ReadAction\",\"target\":[\"https:\/\/www.manaus.am.gov.br\/semcom\/revitalizacao-rede-drenagem-praca-14\/\"]}]},{\"@type\":\"ImageObject\",\"inLanguage\":\"pt-BR\",\"@id\":\"https:\/\/www.manaus.am.gov.br\/semcom\/revitalizacao-rede-drenagem-praca-14\/#primaryimage\",\"url\":\"https:\/\/www.manaus.am.gov.br\/semcom\/wp-content\/uploads\/sites\/5\/2025\/10\/736A8784.jpg\",\"contentUrl\":\"https:\/\/www.manaus.am.gov.br\/semcom\/wp-content\/uploads\/sites\/5\/2025\/10\/736A8784.jpg\",\"width\":4464,\"height\":2976,\"caption\":\"#paratodosverem - Servidores da Seminf realizando a revitaliza\u00e7\u00e3o de rede de drenagem na rua Jonathas Pedrosa, no bairro Pra\u00e7a 14 de Janeiro\"},{\"@type\":\"WebSite\",\"@id\":\"https:\/\/www.manaus.am.gov.br\/semcom\/#website\",\"url\":\"https:\/\/www.manaus.am.gov.br\/semcom\/\",\"name\":\"SEMCOM\",\"description\":\"Secretaria Municipal de Comunica\u00e7\u00e3o\",\"potentialAction\":[{\"@type\":\"SearchAction\",\"target\":{\"@type\":\"EntryPoint\",\"urlTemplate\":\"https:\/\/www.manaus.am.gov.br\/semcom\/?s={search_term_string}\"},\"query-input\":\"required name=search_term_string\"}],\"inLanguage\":\"pt-BR\"},{\"@type\":\"Person\",\"@id\":\"https:\/\/www.manaus.am.gov.br\/semcom\/#\/schema\/person\/05d223aea2bf115f9883a6ff3683d81b\",\"name\":\"Bruna Greco\",\"image\":{\"@type\":\"ImageObject\",\"inLanguage\":\"pt-BR\",\"@id\":\"https:\/\/www.manaus.am.gov.br\/semcom\/#\/schema\/person\/image\/\",\"url\":\"https:\/\/secure.gravatar.com\/avatar\/9c877d1a6adc2a055330e5c09a8653ce?s=96&d=mm&r=g\",\"contentUrl\":\"https:\/\/secure.gravatar.com\/avatar\/9c877d1a6adc2a055330e5c09a8653ce?s=96&d=mm&r=g\",\"caption\":\"Bruna Greco\"}}]}<\/script>\n<!-- \/ Yoast SEO plugin. -->","yoast_head_json":{"title":"Revitaliza\u00e7\u00e3o de rede de drenagem no bairro Pra\u00e7a 14 de Janeiro","description":"Prefeitura garante mais seguran\u00e7a e mobilidade com revitaliza\u00e7\u00e3o de rede de drenagem no bairro Pra\u00e7a 14 de Janeiro.","robots":{"index":"index","follow":"follow","max-snippet":"max-snippet:-1","max-image-preview":"max-image-preview:large","max-video-preview":"max-video-preview:-1"},"canonical":"https:\/\/www.manaus.am.gov.br\/semcom\/revitalizacao-rede-drenagem-praca-14\/","og_locale":"pt_BR","og_type":"article","og_title":"Revitaliza\u00e7\u00e3o de rede de drenagem no bairro Pra\u00e7a 14 de Janeiro","og_description":"Prefeitura garante mais seguran\u00e7a e mobilidade com revitaliza\u00e7\u00e3o de rede de drenagem no bairro Pra\u00e7a 14 de Janeiro.","og_url":"https:\/\/www.manaus.am.gov.br\/semcom\/revitalizacao-rede-drenagem-praca-14\/","og_site_name":"SEMCOM","article_published_time":"2025-10-31T17:19:02+00:00","article_modified_time":"2025-10-31T17:19:43+00:00","og_image":[{"width":1024,"height":683,"url":"https:\/\/www.manaus.am.gov.br\/semcom\/wp-content\/uploads\/sites\/5\/2025\/10\/736A8784-1024x683.jpg","type":"image\/jpeg"}],"author":"Bruna Greco","twitter_card":"summary_large_image","twitter_misc":{"Written by":"Bruna Greco","Est. reading time":"3 minutos"},"schema":{"@context":"https:\/\/schema.org","@graph":[{"@type":"WebPage","@id":"https:\/\/www.manaus.am.gov.br\/semcom\/revitalizacao-rede-drenagem-praca-14\/","url":"https:\/\/www.manaus.am.gov.br\/semcom\/revitalizacao-rede-drenagem-praca-14\/","name":"Revitaliza\u00e7\u00e3o de rede de drenagem no bairro Pra\u00e7a 14 de Janeiro","isPartOf":{"@id":"https:\/\/www.manaus.am.gov.br\/semcom\/#website"},"primaryImageOfPage":{"@id":"https:\/\/www.manaus.am.gov.br\/semcom\/revitalizacao-rede-drenagem-praca-14\/#primaryimage"},"image":{"@id":"https:\/\/www.manaus.am.gov.br\/semcom\/revitalizacao-rede-drenagem-praca-14\/#primaryimage"},"thumbnailUrl":"https:\/\/www.manaus.am.gov.br\/semcom\/wp-content\/uploads\/sites\/5\/2025\/10\/736A8784.jpg","datePublished":"2025-10-31T17:19:02+00:00","dateModified":"2025-10-31T17:19:43+00:00","author":{"@id":"https:\/\/www.manaus.am.gov.br\/semcom\/#\/schema\/person\/05d223aea2bf115f9883a6ff3683d81b"},"description":"Prefeitura garante mais seguran\u00e7a e mobilidade com revitaliza\u00e7\u00e3o de rede de drenagem no bairro Pra\u00e7a 14 de Janeiro.","inLanguage":"pt-BR","potentialAction":[{"@type":"ReadAction","target":["https:\/\/www.manaus.am.gov.br\/semcom\/revitalizacao-rede-drenagem-praca-14\/"]}]},{"@type":"ImageObject","inLanguage":"pt-BR","@id":"https:\/\/www.manaus.am.gov.br\/semcom\/revitalizacao-rede-drenagem-praca-14\/#primaryimage","url":"https:\/\/www.manaus.am.gov.br\/semcom\/wp-content\/uploads\/sites\/5\/2025\/10\/736A8784.jpg","contentUrl":"https:\/\/www.manaus.am.gov.br\/semcom\/wp-content\/uploads\/sites\/5\/2025\/10\/736A8784.jpg","width":4464,"height":2976,"caption":"#paratodosverem - Servidores da Seminf realizando a revitaliza\u00e7\u00e3o de rede de drenagem na rua Jonathas Pedrosa, no bairro Pra\u00e7a 14 de Janeiro"},{"@type":"WebSite","@id":"https:\/\/www.manaus.am.gov.br\/semcom\/#website","url":"https:\/\/www.manaus.am.gov.br\/semcom\/","name":"SEMCOM","description":"Secretaria Municipal de Comunica\u00e7\u00e3o","potentialAction":[{"@type":"SearchAction","target":{"@type":"EntryPoint","urlTemplate":"https:\/\/www.manaus.am.gov.br\/semcom\/?s={search_term_string}"},"query-input":"required name=search_term_string"}],"inLanguage":"pt-BR"},{"@type":"Person","@id":"https:\/\/www.manaus.am.gov.br\/semcom\/#\/schema\/person\/05d223aea2bf115f9883a6ff3683d81b","name":"Bruna Greco","image":{"@type":"ImageObject","inLanguage":"pt-BR","@id":"https:\/\/www.manaus.am.gov.br\/semcom\/#\/schema\/person\/image\/","url":"https:\/\/secure.gravatar.com\/avatar\/9c877d1a6adc2a055330e5c09a8653ce?s=96&d=mm&r=g","contentUrl":"https:\/\/secure.gravatar.com\/avatar\/9c877d1a6adc2a055330e5c09a8653ce?s=96&d=mm&r=g","caption":"Bruna Greco"}}]}},"_links":{"self":[{"href":"https:\/\/www.manaus.am.gov.br\/semcom\/wp-json\/wp\/v2\/posts\/247845"}],"collection":[{"href":"https:\/\/www.manaus.am.gov.br\/semcom\/wp-json\/wp\/v2\/posts"}],"about":[{"href":"https:\/\/www.manaus.am.gov.br\/semcom\/wp-json\/wp\/v2\/types\/post"}],"author":[{"embeddable":true,"href":"https:\/\/www.manaus.am.gov.br\/semcom\/wp-json\/wp\/v2\/users\/39"}],"replies":[{"embeddable":true,"href":"https:\/\/www.manaus.am.gov.br\/semcom\/wp-json\/wp\/v2\/comments?post=247845"}],"version-history":[{"count":2,"href":"https:\/\/www.manaus.am.gov.br\/semcom\/wp-json\/wp\/v2\/posts\/247845\/revisions"}],"predecessor-version":[{"id":247849,"href":"https:\/\/www.manaus.am.gov.br\/semcom\/wp-json\/wp\/v2\/posts\/247845\/revisions\/247849"}],"wp:featuredmedia":[{"embeddable":true,"href":"https:\/\/www.manaus.am.gov.br\/semcom\/wp-json\/wp\/v2\/media\/247846"}],"wp:attachment":[{"href":"https:\/\/www.manaus.am.gov.br\/semcom\/wp-json\/wp\/v2\/media?parent=247845"}],"wp:term":[{"taxonomy":"category","embeddable":true,"href":"https:\/\/www.manaus.am.gov.br\/semcom\/wp-json\/wp\/v2\/categories?post=247845"},{"taxonomy":"post_tag","embeddable":true,"href":"https:\/\/www.manaus.am.gov.br\/semcom\/wp-json\/wp\/v2\/tags?post=247845"}],"curies":[{"name":"wp","href":"https:\/\/api.w.org\/{rel}","templated":true}]}}