{"id":247840,"date":"2025-10-31T13:12:31","date_gmt":"2025-10-31T17:12:31","guid":{"rendered":"https:\/\/www.manaus.am.gov.br\/semcom\/despoluicao-visual-centro\/"},"modified":"2025-11-05T14:33:27","modified_gmt":"2025-11-05T17:33:27","slug":"despoluicao-visual-centro","status":"publish","type":"post","link":"https:\/\/www.manaus.am.gov.br\/semcom\/despoluicao-visual-centro\/","title":{"rendered":"Prefeitura refor\u00e7a a\u00e7\u00e3o de despolui\u00e7\u00e3o visual e j\u00e1 retirou 6,5 toneladas de cabos do Centro de Manaus"},"content":{"rendered":"\n<p>A Prefeitura de Manaus, por meio do Instituto Municipal de Planejamento Urbano (Implurb), segue avan\u00e7ando nas a\u00e7\u00f5es de despolui\u00e7\u00e3o visual no centro hist\u00f3rico da capital. Desde o in\u00edcio do ano, a iniciativa tem promovido a retirada de cabos obsoletos e inutilizados dos postes de energia, melhorando a paisagem urbana e reduzindo riscos \u00e0 seguran\u00e7a p\u00fablica.<\/p>\n\n\n\n<p><br>Nesta sexta-feira, 31\/10, o vice-presidente do Implurb, Ant\u00f4nio Peixoto, esteve reunido com representantes das empresas de telefonia, internet e da concession\u00e1ria Amazonas Energia para alinhar o planejamento das pr\u00f3ximas etapas da opera\u00e7\u00e3o, que ser\u00e1 retomada nos pr\u00f3ximos dias. At\u00e9 o momento, mais de 6,5 toneladas de materiais j\u00e1 foram removidas do Centro.<\/p>\n\n\n\n<p><br>\u201cEssa \u00e9 uma a\u00e7\u00e3o que j\u00e1 vem sendo realizada h\u00e1 cerca de 60 dias. Agora, pr\u00f3ximos do fim do ano, com os meses de novembro e dezembro \u00e0 frente, estamos refor\u00e7ando o planejamento para garantir a continuidade das opera\u00e7\u00f5es. Nosso objetivo \u00e9 diminuir o excesso de cabos e proporcionar um visual mais limpo e adequado para o Centro de Manaus\u201d, destacou Peixoto.<\/p>\n\n\n\n<p><br>As a\u00e7\u00f5es v\u00eam sendo intensificadas por meio do projeto \u201cMutir\u00e3o no Bairro\u201d no Centro, em parceria com a Amazonas Energia, respons\u00e1vel por fiscalizar e apoiar as remo\u00e7\u00f5es.\u00a0\u201cA Amazonas Energia est\u00e1 comprometida em ajudar o Implurb e a Prefeitura de Manaus na continuidade desta iniciativa, que traz benef\u00edcios visuais e de seguran\u00e7a para toda a cidade\u201d, afirmou o coordenador da concession\u00e1ria, Akim Dias.<\/p>\n\n\n\n<p><br>At\u00e9 agora, 13 opera\u00e7\u00f5es j\u00e1 foram executadas em importantes vias do centro hist\u00f3rico, como as avenidas Eduardo Ribeiro, Marc\u00edlio Dias, Marechal Deodoro, Guilherme Moreira e a travessa do Com\u00e9rcio. As equipes atuam de forma integrada com as empresas respons\u00e1veis pelas redes, garantindo um trabalho coordenado e seguro.<\/p>\n\n\n\n<p><br><strong>Compromisso<\/strong><\/p>\n\n\n\n<p><br>Al\u00e9m da melhoria est\u00e9tica e da seguran\u00e7a, a a\u00e7\u00e3o reafirma o compromisso da gest\u00e3o do prefeito David Almeida com a moderniza\u00e7\u00e3o da infraestrutura urbana e a valoriza\u00e7\u00e3o das \u00e1reas hist\u00f3ricas de Manaus. A iniciativa integra uma agenda ampla de revitaliza\u00e7\u00e3o do centro hist\u00f3rico, que envolve 16 secretarias municipais e mais de 1.100 servidores, com foco em urbanismo, sustentabilidade e reocupa\u00e7\u00e3o ordenada dos espa\u00e7os p\u00fablicos.<\/p>\n\n\n\n<p><br>Ap\u00f3s a conclus\u00e3o dos trabalhos no Centro, a Prefeitura de Manaus prev\u00ea expandir as opera\u00e7\u00f5es para outros bairros, que j\u00e1 est\u00e3o sendo mapeados e monitorados pelas equipes t\u00e9cnicas.<\/p>\n\n\n\n<figure class=\"wp-block-image size-large\"><img loading=\"lazy\" decoding=\"async\" width=\"1024\" height=\"768\" src=\"https:\/\/www.manaus.am.gov.br\/semcom\/wp-content\/uploads\/sites\/5\/2025\/10\/Reuniao-2-1024x768.jpeg\" alt=\"\" class=\"wp-image-247843\" srcset=\"https:\/\/www.manaus.am.gov.br\/semcom\/wp-content\/uploads\/sites\/5\/2025\/10\/Reuniao-2-1024x768.jpeg 1024w, https:\/\/www.manaus.am.gov.br\/semcom\/wp-content\/uploads\/sites\/5\/2025\/10\/Reuniao-2-300x225.jpeg 300w, https:\/\/www.manaus.am.gov.br\/semcom\/wp-content\/uploads\/sites\/5\/2025\/10\/Reuniao-2-768x576.jpeg 768w, https:\/\/www.manaus.am.gov.br\/semcom\/wp-content\/uploads\/sites\/5\/2025\/10\/Reuniao-2.jpeg 1280w\" sizes=\"(max-width: 1024px) 100vw, 1024px\" \/><\/figure>\n\n\n\n<p><br>&#8212; &#8212; &#8212;<\/p>\n\n\n\n<p><strong>Texto<\/strong>&nbsp;\u2013 Divulga\u00e7\u00e3o\/Implurb<\/p>\n\n\n\n<p><strong>Fotos<\/strong> \u2013 Maxwell Oliveira\/Implurb<\/p>\n","protected":false},"excerpt":{"rendered":"","protected":false},"author":39,"featured_media":247841,"comment_status":"closed","ping_status":"closed","sticky":false,"template":"","format":"standard","meta":{"footnotes":""},"categories":[56],"tags":[17711,16470,3146,65,77],"acf":[],"yoast_head":"<!-- This site is optimized with the Yoast SEO plugin v23.0 - https:\/\/yoast.com\/wordpress\/plugins\/seo\/ -->\n<title>A\u00e7\u00e3o de despolui\u00e7\u00e3o visual retirou 6,5 toneladas de cabos do Centro<\/title>\n<meta name=\"description\" content=\"Prefeitura de Manaus, por meio do Implurb, refor\u00e7a a\u00e7\u00e3o de despolui\u00e7\u00e3o visual e j\u00e1 retirou 6,5 toneladas de cabos do Centro.\" \/>\n<meta name=\"robots\" content=\"index, follow, max-snippet:-1, max-image-preview:large, max-video-preview:-1\" \/>\n<link rel=\"canonical\" href=\"https:\/\/www.manaus.am.gov.br\/semcom\/despoluicao-visual-centro\/\" \/>\n<meta property=\"og:locale\" content=\"pt_BR\" \/>\n<meta property=\"og:type\" content=\"article\" \/>\n<meta property=\"og:title\" content=\"A\u00e7\u00e3o de despolui\u00e7\u00e3o visual retirou 6,5 toneladas de cabos do Centro\" \/>\n<meta property=\"og:description\" content=\"Prefeitura de Manaus, por meio do Implurb, refor\u00e7a a\u00e7\u00e3o de despolui\u00e7\u00e3o visual e j\u00e1 retirou 6,5 toneladas de cabos do Centro.\" \/>\n<meta property=\"og:url\" content=\"https:\/\/www.manaus.am.gov.br\/semcom\/despoluicao-visual-centro\/\" \/>\n<meta property=\"og:site_name\" content=\"SEMCOM\" \/>\n<meta property=\"article:published_time\" content=\"2025-10-31T17:12:31+00:00\" \/>\n<meta property=\"article:modified_time\" content=\"2025-11-05T17:33:27+00:00\" \/>\n<meta property=\"og:image\" content=\"https:\/\/www.manaus.am.gov.br\/semcom\/wp-content\/uploads\/sites\/5\/2025\/10\/Reuniao-5-1.jpeg\" \/>\n\t<meta property=\"og:image:width\" content=\"1280\" \/>\n\t<meta property=\"og:image:height\" content=\"960\" \/>\n\t<meta property=\"og:image:type\" content=\"image\/jpeg\" \/>\n<meta name=\"author\" content=\"Bruna Greco\" \/>\n<meta name=\"twitter:card\" content=\"summary_large_image\" \/>\n<meta name=\"twitter:label1\" content=\"Written by\" \/>\n\t<meta name=\"twitter:data1\" content=\"Bruna Greco\" \/>\n\t<meta name=\"twitter:label2\" content=\"Est. reading time\" \/>\n\t<meta name=\"twitter:data2\" content=\"3 minutos\" \/>\n<script type=\"application\/ld+json\" class=\"yoast-schema-graph\">{\"@context\":\"https:\/\/schema.org\",\"@graph\":[{\"@type\":\"WebPage\",\"@id\":\"https:\/\/www.manaus.am.gov.br\/semcom\/despoluicao-visual-centro\/\",\"url\":\"https:\/\/www.manaus.am.gov.br\/semcom\/despoluicao-visual-centro\/\",\"name\":\"A\u00e7\u00e3o de despolui\u00e7\u00e3o visual retirou 6,5 toneladas de cabos do Centro\",\"isPartOf\":{\"@id\":\"https:\/\/www.manaus.am.gov.br\/semcom\/#website\"},\"primaryImageOfPage\":{\"@id\":\"https:\/\/www.manaus.am.gov.br\/semcom\/despoluicao-visual-centro\/#primaryimage\"},\"image\":{\"@id\":\"https:\/\/www.manaus.am.gov.br\/semcom\/despoluicao-visual-centro\/#primaryimage\"},\"thumbnailUrl\":\"https:\/\/www.manaus.am.gov.br\/semcom\/wp-content\/uploads\/sites\/5\/2025\/10\/Reuniao-5-1.jpeg\",\"datePublished\":\"2025-10-31T17:12:31+00:00\",\"dateModified\":\"2025-11-05T17:33:27+00:00\",\"author\":{\"@id\":\"https:\/\/www.manaus.am.gov.br\/semcom\/#\/schema\/person\/05d223aea2bf115f9883a6ff3683d81b\"},\"description\":\"Prefeitura de Manaus, por meio do Implurb, refor\u00e7a a\u00e7\u00e3o de despolui\u00e7\u00e3o visual e j\u00e1 retirou 6,5 toneladas de cabos do Centro.\",\"inLanguage\":\"pt-BR\",\"potentialAction\":[{\"@type\":\"ReadAction\",\"target\":[\"https:\/\/www.manaus.am.gov.br\/semcom\/despoluicao-visual-centro\/\"]}]},{\"@type\":\"ImageObject\",\"inLanguage\":\"pt-BR\",\"@id\":\"https:\/\/www.manaus.am.gov.br\/semcom\/despoluicao-visual-centro\/#primaryimage\",\"url\":\"https:\/\/www.manaus.am.gov.br\/semcom\/wp-content\/uploads\/sites\/5\/2025\/10\/Reuniao-5-1.jpeg\",\"contentUrl\":\"https:\/\/www.manaus.am.gov.br\/semcom\/wp-content\/uploads\/sites\/5\/2025\/10\/Reuniao-5-1.jpeg\",\"width\":1280,\"height\":960,\"caption\":\"#paratodosverem - Vice-presidente do Implurb, Ant\u00f4nio Peixoto, reunido com representantes da concession\u00e1ria Amazonas Energia para alinhamento de a\u00e7\u00e3o de despolui\u00e7\u00e3o visual no Centro de Manaus\"},{\"@type\":\"WebSite\",\"@id\":\"https:\/\/www.manaus.am.gov.br\/semcom\/#website\",\"url\":\"https:\/\/www.manaus.am.gov.br\/semcom\/\",\"name\":\"SEMCOM\",\"description\":\"Secretaria Municipal de Comunica\u00e7\u00e3o\",\"potentialAction\":[{\"@type\":\"SearchAction\",\"target\":{\"@type\":\"EntryPoint\",\"urlTemplate\":\"https:\/\/www.manaus.am.gov.br\/semcom\/?s={search_term_string}\"},\"query-input\":\"required name=search_term_string\"}],\"inLanguage\":\"pt-BR\"},{\"@type\":\"Person\",\"@id\":\"https:\/\/www.manaus.am.gov.br\/semcom\/#\/schema\/person\/05d223aea2bf115f9883a6ff3683d81b\",\"name\":\"Bruna Greco\",\"image\":{\"@type\":\"ImageObject\",\"inLanguage\":\"pt-BR\",\"@id\":\"https:\/\/www.manaus.am.gov.br\/semcom\/#\/schema\/person\/image\/\",\"url\":\"https:\/\/secure.gravatar.com\/avatar\/9c877d1a6adc2a055330e5c09a8653ce?s=96&d=mm&r=g\",\"contentUrl\":\"https:\/\/secure.gravatar.com\/avatar\/9c877d1a6adc2a055330e5c09a8653ce?s=96&d=mm&r=g\",\"caption\":\"Bruna Greco\"}}]}<\/script>\n<!-- \/ Yoast SEO plugin. -->","yoast_head_json":{"title":"A\u00e7\u00e3o de despolui\u00e7\u00e3o visual retirou 6,5 toneladas de cabos do Centro","description":"Prefeitura de Manaus, por meio do Implurb, refor\u00e7a a\u00e7\u00e3o de despolui\u00e7\u00e3o visual e j\u00e1 retirou 6,5 toneladas de cabos do Centro.","robots":{"index":"index","follow":"follow","max-snippet":"max-snippet:-1","max-image-preview":"max-image-preview:large","max-video-preview":"max-video-preview:-1"},"canonical":"https:\/\/www.manaus.am.gov.br\/semcom\/despoluicao-visual-centro\/","og_locale":"pt_BR","og_type":"article","og_title":"A\u00e7\u00e3o de despolui\u00e7\u00e3o visual retirou 6,5 toneladas de cabos do Centro","og_description":"Prefeitura de Manaus, por meio do Implurb, refor\u00e7a a\u00e7\u00e3o de despolui\u00e7\u00e3o visual e j\u00e1 retirou 6,5 toneladas de cabos do Centro.","og_url":"https:\/\/www.manaus.am.gov.br\/semcom\/despoluicao-visual-centro\/","og_site_name":"SEMCOM","article_published_time":"2025-10-31T17:12:31+00:00","article_modified_time":"2025-11-05T17:33:27+00:00","og_image":[{"width":1280,"height":960,"url":"https:\/\/www.manaus.am.gov.br\/semcom\/wp-content\/uploads\/sites\/5\/2025\/10\/Reuniao-5-1.jpeg","type":"image\/jpeg"}],"author":"Bruna Greco","twitter_card":"summary_large_image","twitter_misc":{"Written by":"Bruna Greco","Est. reading time":"3 minutos"},"schema":{"@context":"https:\/\/schema.org","@graph":[{"@type":"WebPage","@id":"https:\/\/www.manaus.am.gov.br\/semcom\/despoluicao-visual-centro\/","url":"https:\/\/www.manaus.am.gov.br\/semcom\/despoluicao-visual-centro\/","name":"A\u00e7\u00e3o de despolui\u00e7\u00e3o visual retirou 6,5 toneladas de cabos do Centro","isPartOf":{"@id":"https:\/\/www.manaus.am.gov.br\/semcom\/#website"},"primaryImageOfPage":{"@id":"https:\/\/www.manaus.am.gov.br\/semcom\/despoluicao-visual-centro\/#primaryimage"},"image":{"@id":"https:\/\/www.manaus.am.gov.br\/semcom\/despoluicao-visual-centro\/#primaryimage"},"thumbnailUrl":"https:\/\/www.manaus.am.gov.br\/semcom\/wp-content\/uploads\/sites\/5\/2025\/10\/Reuniao-5-1.jpeg","datePublished":"2025-10-31T17:12:31+00:00","dateModified":"2025-11-05T17:33:27+00:00","author":{"@id":"https:\/\/www.manaus.am.gov.br\/semcom\/#\/schema\/person\/05d223aea2bf115f9883a6ff3683d81b"},"description":"Prefeitura de Manaus, por meio do Implurb, refor\u00e7a a\u00e7\u00e3o de despolui\u00e7\u00e3o visual e j\u00e1 retirou 6,5 toneladas de cabos do Centro.","inLanguage":"pt-BR","potentialAction":[{"@type":"ReadAction","target":["https:\/\/www.manaus.am.gov.br\/semcom\/despoluicao-visual-centro\/"]}]},{"@type":"ImageObject","inLanguage":"pt-BR","@id":"https:\/\/www.manaus.am.gov.br\/semcom\/despoluicao-visual-centro\/#primaryimage","url":"https:\/\/www.manaus.am.gov.br\/semcom\/wp-content\/uploads\/sites\/5\/2025\/10\/Reuniao-5-1.jpeg","contentUrl":"https:\/\/www.manaus.am.gov.br\/semcom\/wp-content\/uploads\/sites\/5\/2025\/10\/Reuniao-5-1.jpeg","width":1280,"height":960,"caption":"#paratodosverem - Vice-presidente do Implurb, Ant\u00f4nio Peixoto, reunido com representantes da concession\u00e1ria Amazonas Energia para alinhamento de a\u00e7\u00e3o de despolui\u00e7\u00e3o visual no Centro de Manaus"},{"@type":"WebSite","@id":"https:\/\/www.manaus.am.gov.br\/semcom\/#website","url":"https:\/\/www.manaus.am.gov.br\/semcom\/","name":"SEMCOM","description":"Secretaria Municipal de Comunica\u00e7\u00e3o","potentialAction":[{"@type":"SearchAction","target":{"@type":"EntryPoint","urlTemplate":"https:\/\/www.manaus.am.gov.br\/semcom\/?s={search_term_string}"},"query-input":"required name=search_term_string"}],"inLanguage":"pt-BR"},{"@type":"Person","@id":"https:\/\/www.manaus.am.gov.br\/semcom\/#\/schema\/person\/05d223aea2bf115f9883a6ff3683d81b","name":"Bruna Greco","image":{"@type":"ImageObject","inLanguage":"pt-BR","@id":"https:\/\/www.manaus.am.gov.br\/semcom\/#\/schema\/person\/image\/","url":"https:\/\/secure.gravatar.com\/avatar\/9c877d1a6adc2a055330e5c09a8653ce?s=96&d=mm&r=g","contentUrl":"https:\/\/secure.gravatar.com\/avatar\/9c877d1a6adc2a055330e5c09a8653ce?s=96&d=mm&r=g","caption":"Bruna Greco"}}]}},"_links":{"self":[{"href":"https:\/\/www.manaus.am.gov.br\/semcom\/wp-json\/wp\/v2\/posts\/247840"}],"collection":[{"href":"https:\/\/www.manaus.am.gov.br\/semcom\/wp-json\/wp\/v2\/posts"}],"about":[{"href":"https:\/\/www.manaus.am.gov.br\/semcom\/wp-json\/wp\/v2\/types\/post"}],"author":[{"embeddable":true,"href":"https:\/\/www.manaus.am.gov.br\/semcom\/wp-json\/wp\/v2\/users\/39"}],"replies":[{"embeddable":true,"href":"https:\/\/www.manaus.am.gov.br\/semcom\/wp-json\/wp\/v2\/comments?post=247840"}],"version-history":[{"count":3,"href":"https:\/\/www.manaus.am.gov.br\/semcom\/wp-json\/wp\/v2\/posts\/247840\/revisions"}],"predecessor-version":[{"id":248039,"href":"https:\/\/www.manaus.am.gov.br\/semcom\/wp-json\/wp\/v2\/posts\/247840\/revisions\/248039"}],"wp:featuredmedia":[{"embeddable":true,"href":"https:\/\/www.manaus.am.gov.br\/semcom\/wp-json\/wp\/v2\/media\/247841"}],"wp:attachment":[{"href":"https:\/\/www.manaus.am.gov.br\/semcom\/wp-json\/wp\/v2\/media?parent=247840"}],"wp:term":[{"taxonomy":"category","embeddable":true,"href":"https:\/\/www.manaus.am.gov.br\/semcom\/wp-json\/wp\/v2\/categories?post=247840"},{"taxonomy":"post_tag","embeddable":true,"href":"https:\/\/www.manaus.am.gov.br\/semcom\/wp-json\/wp\/v2\/tags?post=247840"}],"curies":[{"name":"wp","href":"https:\/\/api.w.org\/{rel}","templated":true}]}}