{"id":247806,"date":"2025-10-30T17:36:03","date_gmt":"2025-10-30T21:36:03","guid":{"rendered":"https:\/\/www.manaus.am.gov.br\/semcom\/dia-de-finados-cemiterios-publicos\/"},"modified":"2025-10-30T17:36:03","modified_gmt":"2025-10-30T21:36:03","slug":"dia-de-finados-cemiterios-publicos","status":"publish","type":"post","link":"https:\/\/www.manaus.am.gov.br\/semcom\/dia-de-finados-cemiterios-publicos\/","title":{"rendered":"Prefeitura prepara estrutura e programa\u00e7\u00e3o especial para o Dia de Finados nos cemit\u00e9rios p\u00fablicos de Manaus"},"content":{"rendered":"\n<p>A Prefeitura de Manaus, por meio da Secretaria Municipal de Limpeza Urbana (Semulsp), prepara uma ampla estrutura e uma programa\u00e7\u00e3o especial para receber os visitantes no Dia de Finados, celebrado em 2\/11, nos dez cemit\u00e9rios p\u00fablicos da capital e da zona rural, garantindo acolhimento, limpeza e conforto.<\/p>\n\n\n\n<p>As a\u00e7\u00f5es iniciam neste s\u00e1bado, 1\u00ba\/11, no Dia de Todos os Santos, a partir das 18h30, com a inaugura\u00e7\u00e3o da pra\u00e7a do Anjo da Esperan\u00e7a, localizada no cemit\u00e9rio municipal Nossa Senhora Aparecida, no bairro Tarum\u00e3, zona Oeste da cidade. J\u00e1 durante todo o domingo, 2\/11, os cemit\u00e9rios contar\u00e3o com missas, cultos e a\u00e7\u00f5es evangel\u00edsticas promovidas por igrejas e grupos mission\u00e1rios, com apoio da Semulsp, que coordena a opera\u00e7\u00e3o de infraestrutura, manuten\u00e7\u00e3o e ordenamento dos espa\u00e7os.<\/p>\n\n\n\n<p>\u201cO Dia de Finados \u00e9 um momento de f\u00e9, saudade e respeito. Nosso compromisso \u00e9 garantir que cada fam\u00edlia encontre um ambiente limpo, seguro e digno para prestar suas homenagens\u201d, destacou o secret\u00e1rio da Semulsp, Sab\u00e1 Reis.<\/p>\n\n\n\n<figure class=\"wp-block-image size-large\"><img loading=\"lazy\" decoding=\"async\" width=\"1024\" height=\"461\" src=\"https:\/\/www.manaus.am.gov.br\/semcom\/wp-content\/uploads\/sites\/5\/2025\/10\/WhatsApp-Image-2025-10-30-at-16.01.19-1024x461.jpeg\" alt=\"\" class=\"wp-image-247808\" srcset=\"https:\/\/www.manaus.am.gov.br\/semcom\/wp-content\/uploads\/sites\/5\/2025\/10\/WhatsApp-Image-2025-10-30-at-16.01.19-1024x461.jpeg 1024w, https:\/\/www.manaus.am.gov.br\/semcom\/wp-content\/uploads\/sites\/5\/2025\/10\/WhatsApp-Image-2025-10-30-at-16.01.19-300x135.jpeg 300w, https:\/\/www.manaus.am.gov.br\/semcom\/wp-content\/uploads\/sites\/5\/2025\/10\/WhatsApp-Image-2025-10-30-at-16.01.19-768x346.jpeg 768w, https:\/\/www.manaus.am.gov.br\/semcom\/wp-content\/uploads\/sites\/5\/2025\/10\/WhatsApp-Image-2025-10-30-at-16.01.19.jpeg 1280w\" sizes=\"(max-width: 1024px) 100vw, 1024px\" \/><\/figure>\n\n\n\n<p><strong>Homenagem<\/strong><\/p>\n\n\n\n<p>A Pra\u00e7a do Anjo da Esperan\u00e7a \u00e9 uma homenagem \u00e0s v\u00edtimas da pandemia da Covid-19 e aos profissionais da sa\u00fade que atuaram na linha de frente durante o per\u00edodo mais cr\u00edtico da crise sanit\u00e1ria na capital amazonense.<\/p>\n\n\n\n<p>\u201cO cemit\u00e9rio Nossa Senhora Aparecida foi um dos locais mais marcados pela pandemia. Homenagear aqui \u00e9 reconhecer a dor, mas tamb\u00e9m a supera\u00e7\u00e3o e a f\u00e9 do povo de Manaus\u201d, afirmou Sab\u00e1 Reis.<\/p>\n\n\n\n<p><strong>Programa\u00e7\u00e3o<\/strong><\/p>\n\n\n\n<p>No domingo, os cemit\u00e9rios p\u00fablicos de Manaus receber\u00e3o programa\u00e7\u00f5es independentes de f\u00e9 e reflex\u00e3o, conduzidas por diversas denomina\u00e7\u00f5es religiosas e entidades mission\u00e1rias. Todos os campos-santos estar\u00e3o abertos das 7h \u00e0s 18h.<\/p>\n\n\n\n<p>A Semulsp disponibilizar\u00e1 toda a estrutura necess\u00e1ria, como tendas, sonoriza\u00e7\u00e3o, pontos de hidrata\u00e7\u00e3o, limpeza refor\u00e7ada e apoio log\u00edstico, para que as celebra\u00e7\u00f5es ocorram com seguran\u00e7a e conforto.<\/p>\n\n\n\n<p>No cemit\u00e9rio municipal S\u00e3o Jo\u00e3o Batista, haver\u00e1 celebra\u00e7\u00f5es \u00e0s 7h, 9h, 10h, 11h, 13h, 15h e 17h; no cemit\u00e9rio Santa Helena, haver\u00e1 missas e cultos8h, 10h, 15h, 17h e 18h; no cemit\u00e9rio S\u00e3o Francisco, haver\u00e1 missas e cultos \u00e0s 7h, 9h, 17h e 18h; no cemit\u00e9rio Piedade, as celebra\u00e7\u00f5es acontecem \u00e0s 8h e \u00e0s 10h; no cemit\u00e9rio Santo Alberto, as celebra\u00e7\u00f5es acontecem \u00e0s 8h, 14h e 16h; \u00a0e no cemit\u00e9rio Nossa Senhora Aparecida, a programa\u00e7\u00e3o ser\u00e1 das 7h \u00e0s 18h, com missas \u00e0s 7h, 8h, 10h, 12h e 18h e cultos \u00e0s 7h e 17h.<\/p>\n\n\n\n<figure class=\"wp-block-image size-large\"><img loading=\"lazy\" decoding=\"async\" width=\"1024\" height=\"768\" src=\"https:\/\/www.manaus.am.gov.br\/semcom\/wp-content\/uploads\/sites\/5\/2025\/10\/WhatsApp-Image-2025-10-30-at-16.01.17-1024x768.jpeg\" alt=\"\" class=\"wp-image-247807\" srcset=\"https:\/\/www.manaus.am.gov.br\/semcom\/wp-content\/uploads\/sites\/5\/2025\/10\/WhatsApp-Image-2025-10-30-at-16.01.17-1024x768.jpeg 1024w, https:\/\/www.manaus.am.gov.br\/semcom\/wp-content\/uploads\/sites\/5\/2025\/10\/WhatsApp-Image-2025-10-30-at-16.01.17-300x225.jpeg 300w, https:\/\/www.manaus.am.gov.br\/semcom\/wp-content\/uploads\/sites\/5\/2025\/10\/WhatsApp-Image-2025-10-30-at-16.01.17-768x576.jpeg 768w, https:\/\/www.manaus.am.gov.br\/semcom\/wp-content\/uploads\/sites\/5\/2025\/10\/WhatsApp-Image-2025-10-30-at-16.01.17-1536x1152.jpeg 1536w, https:\/\/www.manaus.am.gov.br\/semcom\/wp-content\/uploads\/sites\/5\/2025\/10\/WhatsApp-Image-2025-10-30-at-16.01.17-2048x1536.jpeg 2048w\" sizes=\"(max-width: 1024px) 100vw, 1024px\" \/><\/figure>\n\n\n\n<p><strong>Zona rural<\/strong><\/p>\n\n\n\n<p>A programa\u00e7\u00e3o do Dia de Finados tamb\u00e9m se estende aos cemit\u00e9rios da zona rural de Manaus: S\u00e3o Jos\u00e9 do Jatuarana, Nossa Senhora do Carmo, Nossa Senhora da Concei\u00e7\u00e3o das Lajes e Santa Joana do Puraquequara. Nesses campos santos, as celebra\u00e7\u00f5es ser\u00e3o conduzidas por lideran\u00e7as religiosas locais e grupos mission\u00e1rios, com estrutura e apoio log\u00edstico garantidos pela Semulsp.<\/p>\n\n\n\n<p>Mais de mil servidores da Prefeitura de Manaus estar\u00e3o envolvidos na opera\u00e7\u00e3o do Dia dos Finados. Al\u00e9m das equipes da Semulsp, estar\u00e3o em a\u00e7\u00e3o equipes do Instituto Municipal de Mobilidade Urbana (IMMU); Guarda Municipal; das secretarias municipais de Sa\u00fade (Semsa), de Agricultura, Abastecimento, Centro e Com\u00e9rcio Informal (Semacc), de Meio Ambiente e Sustentabilidade (Semmas) e da Mulher, Assist\u00eancia Social e Cidadania (Semasc), al\u00e9m dos efetivos da Policia Militar do Amazonas e Corpo de Bombeiros.<\/p>\n\n\n\n<p>A Semulsp refor\u00e7a ainda o alerta sobre o uso de velas, recomendando que o acendimento ocorra preferencialmente no cruzeiro central, a fim de preservar as \u00e1reas e evitar acidentes.<\/p>\n\n\n\n<p>&#8212; &#8212; &#8212;<\/p>\n\n\n\n<p><strong>Texto\u00a0<\/strong>&#8211; Dora Tupinamb\u00e1\/Semulsp<\/p>\n\n\n\n<p><strong>Fotos <\/strong>\u2013 Divulga\u00e7\u00e3o\/Semulsp<\/p>\n","protected":false},"excerpt":{"rendered":"","protected":false},"author":39,"featured_media":247809,"comment_status":"closed","ping_status":"closed","sticky":false,"template":"","format":"standard","meta":{"footnotes":""},"categories":[424],"tags":[11746,8823,17703,77,301],"acf":[],"yoast_head":"<!-- This site is optimized with the Yoast SEO plugin v23.0 - https:\/\/yoast.com\/wordpress\/plugins\/seo\/ -->\n<title>Prefeitura prepara estrutura e programa\u00e7\u00e3o para o Dia de Finados<\/title>\n<meta name=\"description\" content=\"Prefeitura prepara estrutura e programa\u00e7\u00e3o especial para o Dia de Finados nos cemit\u00e9rios p\u00fablicos de Manaus.\" \/>\n<meta name=\"robots\" content=\"index, follow, max-snippet:-1, max-image-preview:large, max-video-preview:-1\" \/>\n<link rel=\"canonical\" href=\"https:\/\/www.manaus.am.gov.br\/semcom\/dia-de-finados-cemiterios-publicos\/\" \/>\n<meta property=\"og:locale\" content=\"pt_BR\" \/>\n<meta property=\"og:type\" content=\"article\" \/>\n<meta property=\"og:title\" content=\"Prefeitura prepara estrutura e programa\u00e7\u00e3o para o Dia de Finados\" \/>\n<meta property=\"og:description\" content=\"Prefeitura prepara estrutura e programa\u00e7\u00e3o especial para o Dia de Finados nos cemit\u00e9rios p\u00fablicos de Manaus.\" \/>\n<meta property=\"og:url\" content=\"https:\/\/www.manaus.am.gov.br\/semcom\/dia-de-finados-cemiterios-publicos\/\" \/>\n<meta property=\"og:site_name\" content=\"SEMCOM\" \/>\n<meta property=\"article:published_time\" content=\"2025-10-30T21:36:03+00:00\" \/>\n<meta property=\"og:image\" content=\"https:\/\/www.manaus.am.gov.br\/semcom\/wp-content\/uploads\/sites\/5\/2025\/10\/WhatsApp-Image-2025-10-30-at-16.01.18.jpeg\" \/>\n\t<meta property=\"og:image:width\" content=\"4032\" \/>\n\t<meta property=\"og:image:height\" content=\"3024\" \/>\n\t<meta property=\"og:image:type\" content=\"image\/jpeg\" \/>\n<meta name=\"author\" content=\"Bruna Greco\" \/>\n<meta name=\"twitter:card\" content=\"summary_large_image\" \/>\n<meta name=\"twitter:label1\" content=\"Written by\" \/>\n\t<meta name=\"twitter:data1\" content=\"Bruna Greco\" \/>\n\t<meta name=\"twitter:label2\" content=\"Est. reading time\" \/>\n\t<meta name=\"twitter:data2\" content=\"4 minutos\" \/>\n<script type=\"application\/ld+json\" class=\"yoast-schema-graph\">{\"@context\":\"https:\/\/schema.org\",\"@graph\":[{\"@type\":\"WebPage\",\"@id\":\"https:\/\/www.manaus.am.gov.br\/semcom\/dia-de-finados-cemiterios-publicos\/\",\"url\":\"https:\/\/www.manaus.am.gov.br\/semcom\/dia-de-finados-cemiterios-publicos\/\",\"name\":\"Prefeitura prepara estrutura e programa\u00e7\u00e3o para o Dia de Finados\",\"isPartOf\":{\"@id\":\"https:\/\/www.manaus.am.gov.br\/semcom\/#website\"},\"primaryImageOfPage\":{\"@id\":\"https:\/\/www.manaus.am.gov.br\/semcom\/dia-de-finados-cemiterios-publicos\/#primaryimage\"},\"image\":{\"@id\":\"https:\/\/www.manaus.am.gov.br\/semcom\/dia-de-finados-cemiterios-publicos\/#primaryimage\"},\"thumbnailUrl\":\"https:\/\/www.manaus.am.gov.br\/semcom\/wp-content\/uploads\/sites\/5\/2025\/10\/WhatsApp-Image-2025-10-30-at-16.01.18.jpeg\",\"datePublished\":\"2025-10-30T21:36:03+00:00\",\"dateModified\":\"2025-10-30T21:36:03+00:00\",\"author\":{\"@id\":\"https:\/\/www.manaus.am.gov.br\/semcom\/#\/schema\/person\/05d223aea2bf115f9883a6ff3683d81b\"},\"description\":\"Prefeitura prepara estrutura e programa\u00e7\u00e3o especial para o Dia de Finados nos cemit\u00e9rios p\u00fablicos de Manaus.\",\"inLanguage\":\"pt-BR\",\"potentialAction\":[{\"@type\":\"ReadAction\",\"target\":[\"https:\/\/www.manaus.am.gov.br\/semcom\/dia-de-finados-cemiterios-publicos\/\"]}]},{\"@type\":\"ImageObject\",\"inLanguage\":\"pt-BR\",\"@id\":\"https:\/\/www.manaus.am.gov.br\/semcom\/dia-de-finados-cemiterios-publicos\/#primaryimage\",\"url\":\"https:\/\/www.manaus.am.gov.br\/semcom\/wp-content\/uploads\/sites\/5\/2025\/10\/WhatsApp-Image-2025-10-30-at-16.01.18.jpeg\",\"contentUrl\":\"https:\/\/www.manaus.am.gov.br\/semcom\/wp-content\/uploads\/sites\/5\/2025\/10\/WhatsApp-Image-2025-10-30-at-16.01.18.jpeg\",\"width\":4032,\"height\":3024,\"caption\":\"#paratodosverem - \u00c1rea interna de cemit\u00e9rio p\u00fablico em Manaus\"},{\"@type\":\"WebSite\",\"@id\":\"https:\/\/www.manaus.am.gov.br\/semcom\/#website\",\"url\":\"https:\/\/www.manaus.am.gov.br\/semcom\/\",\"name\":\"SEMCOM\",\"description\":\"Secretaria Municipal de Comunica\u00e7\u00e3o\",\"potentialAction\":[{\"@type\":\"SearchAction\",\"target\":{\"@type\":\"EntryPoint\",\"urlTemplate\":\"https:\/\/www.manaus.am.gov.br\/semcom\/?s={search_term_string}\"},\"query-input\":\"required name=search_term_string\"}],\"inLanguage\":\"pt-BR\"},{\"@type\":\"Person\",\"@id\":\"https:\/\/www.manaus.am.gov.br\/semcom\/#\/schema\/person\/05d223aea2bf115f9883a6ff3683d81b\",\"name\":\"Bruna Greco\",\"image\":{\"@type\":\"ImageObject\",\"inLanguage\":\"pt-BR\",\"@id\":\"https:\/\/www.manaus.am.gov.br\/semcom\/#\/schema\/person\/image\/\",\"url\":\"https:\/\/secure.gravatar.com\/avatar\/9c877d1a6adc2a055330e5c09a8653ce?s=96&d=mm&r=g\",\"contentUrl\":\"https:\/\/secure.gravatar.com\/avatar\/9c877d1a6adc2a055330e5c09a8653ce?s=96&d=mm&r=g\",\"caption\":\"Bruna Greco\"}}]}<\/script>\n<!-- \/ Yoast SEO plugin. -->","yoast_head_json":{"title":"Prefeitura prepara estrutura e programa\u00e7\u00e3o para o Dia de Finados","description":"Prefeitura prepara estrutura e programa\u00e7\u00e3o especial para o Dia de Finados nos cemit\u00e9rios p\u00fablicos de Manaus.","robots":{"index":"index","follow":"follow","max-snippet":"max-snippet:-1","max-image-preview":"max-image-preview:large","max-video-preview":"max-video-preview:-1"},"canonical":"https:\/\/www.manaus.am.gov.br\/semcom\/dia-de-finados-cemiterios-publicos\/","og_locale":"pt_BR","og_type":"article","og_title":"Prefeitura prepara estrutura e programa\u00e7\u00e3o para o Dia de Finados","og_description":"Prefeitura prepara estrutura e programa\u00e7\u00e3o especial para o Dia de Finados nos cemit\u00e9rios p\u00fablicos de Manaus.","og_url":"https:\/\/www.manaus.am.gov.br\/semcom\/dia-de-finados-cemiterios-publicos\/","og_site_name":"SEMCOM","article_published_time":"2025-10-30T21:36:03+00:00","og_image":[{"width":4032,"height":3024,"url":"https:\/\/www.manaus.am.gov.br\/semcom\/wp-content\/uploads\/sites\/5\/2025\/10\/WhatsApp-Image-2025-10-30-at-16.01.18.jpeg","type":"image\/jpeg"}],"author":"Bruna Greco","twitter_card":"summary_large_image","twitter_misc":{"Written by":"Bruna Greco","Est. reading time":"4 minutos"},"schema":{"@context":"https:\/\/schema.org","@graph":[{"@type":"WebPage","@id":"https:\/\/www.manaus.am.gov.br\/semcom\/dia-de-finados-cemiterios-publicos\/","url":"https:\/\/www.manaus.am.gov.br\/semcom\/dia-de-finados-cemiterios-publicos\/","name":"Prefeitura prepara estrutura e programa\u00e7\u00e3o para o Dia de Finados","isPartOf":{"@id":"https:\/\/www.manaus.am.gov.br\/semcom\/#website"},"primaryImageOfPage":{"@id":"https:\/\/www.manaus.am.gov.br\/semcom\/dia-de-finados-cemiterios-publicos\/#primaryimage"},"image":{"@id":"https:\/\/www.manaus.am.gov.br\/semcom\/dia-de-finados-cemiterios-publicos\/#primaryimage"},"thumbnailUrl":"https:\/\/www.manaus.am.gov.br\/semcom\/wp-content\/uploads\/sites\/5\/2025\/10\/WhatsApp-Image-2025-10-30-at-16.01.18.jpeg","datePublished":"2025-10-30T21:36:03+00:00","dateModified":"2025-10-30T21:36:03+00:00","author":{"@id":"https:\/\/www.manaus.am.gov.br\/semcom\/#\/schema\/person\/05d223aea2bf115f9883a6ff3683d81b"},"description":"Prefeitura prepara estrutura e programa\u00e7\u00e3o especial para o Dia de Finados nos cemit\u00e9rios p\u00fablicos de Manaus.","inLanguage":"pt-BR","potentialAction":[{"@type":"ReadAction","target":["https:\/\/www.manaus.am.gov.br\/semcom\/dia-de-finados-cemiterios-publicos\/"]}]},{"@type":"ImageObject","inLanguage":"pt-BR","@id":"https:\/\/www.manaus.am.gov.br\/semcom\/dia-de-finados-cemiterios-publicos\/#primaryimage","url":"https:\/\/www.manaus.am.gov.br\/semcom\/wp-content\/uploads\/sites\/5\/2025\/10\/WhatsApp-Image-2025-10-30-at-16.01.18.jpeg","contentUrl":"https:\/\/www.manaus.am.gov.br\/semcom\/wp-content\/uploads\/sites\/5\/2025\/10\/WhatsApp-Image-2025-10-30-at-16.01.18.jpeg","width":4032,"height":3024,"caption":"#paratodosverem - \u00c1rea interna de cemit\u00e9rio p\u00fablico em Manaus"},{"@type":"WebSite","@id":"https:\/\/www.manaus.am.gov.br\/semcom\/#website","url":"https:\/\/www.manaus.am.gov.br\/semcom\/","name":"SEMCOM","description":"Secretaria Municipal de Comunica\u00e7\u00e3o","potentialAction":[{"@type":"SearchAction","target":{"@type":"EntryPoint","urlTemplate":"https:\/\/www.manaus.am.gov.br\/semcom\/?s={search_term_string}"},"query-input":"required name=search_term_string"}],"inLanguage":"pt-BR"},{"@type":"Person","@id":"https:\/\/www.manaus.am.gov.br\/semcom\/#\/schema\/person\/05d223aea2bf115f9883a6ff3683d81b","name":"Bruna Greco","image":{"@type":"ImageObject","inLanguage":"pt-BR","@id":"https:\/\/www.manaus.am.gov.br\/semcom\/#\/schema\/person\/image\/","url":"https:\/\/secure.gravatar.com\/avatar\/9c877d1a6adc2a055330e5c09a8653ce?s=96&d=mm&r=g","contentUrl":"https:\/\/secure.gravatar.com\/avatar\/9c877d1a6adc2a055330e5c09a8653ce?s=96&d=mm&r=g","caption":"Bruna Greco"}}]}},"_links":{"self":[{"href":"https:\/\/www.manaus.am.gov.br\/semcom\/wp-json\/wp\/v2\/posts\/247806"}],"collection":[{"href":"https:\/\/www.manaus.am.gov.br\/semcom\/wp-json\/wp\/v2\/posts"}],"about":[{"href":"https:\/\/www.manaus.am.gov.br\/semcom\/wp-json\/wp\/v2\/types\/post"}],"author":[{"embeddable":true,"href":"https:\/\/www.manaus.am.gov.br\/semcom\/wp-json\/wp\/v2\/users\/39"}],"replies":[{"embeddable":true,"href":"https:\/\/www.manaus.am.gov.br\/semcom\/wp-json\/wp\/v2\/comments?post=247806"}],"version-history":[{"count":1,"href":"https:\/\/www.manaus.am.gov.br\/semcom\/wp-json\/wp\/v2\/posts\/247806\/revisions"}],"predecessor-version":[{"id":247810,"href":"https:\/\/www.manaus.am.gov.br\/semcom\/wp-json\/wp\/v2\/posts\/247806\/revisions\/247810"}],"wp:featuredmedia":[{"embeddable":true,"href":"https:\/\/www.manaus.am.gov.br\/semcom\/wp-json\/wp\/v2\/media\/247809"}],"wp:attachment":[{"href":"https:\/\/www.manaus.am.gov.br\/semcom\/wp-json\/wp\/v2\/media?parent=247806"}],"wp:term":[{"taxonomy":"category","embeddable":true,"href":"https:\/\/www.manaus.am.gov.br\/semcom\/wp-json\/wp\/v2\/categories?post=247806"},{"taxonomy":"post_tag","embeddable":true,"href":"https:\/\/www.manaus.am.gov.br\/semcom\/wp-json\/wp\/v2\/tags?post=247806"}],"curies":[{"name":"wp","href":"https:\/\/api.w.org\/{rel}","templated":true}]}}