{"id":247799,"date":"2025-10-30T17:15:15","date_gmt":"2025-10-30T21:15:15","guid":{"rendered":"https:\/\/www.manaus.am.gov.br\/semcom\/premios-campanha-nota-premiada\/"},"modified":"2025-10-30T17:15:15","modified_gmt":"2025-10-30T21:15:15","slug":"premios-campanha-nota-premiada","status":"publish","type":"post","link":"https:\/\/www.manaus.am.gov.br\/semcom\/premios-campanha-nota-premiada\/","title":{"rendered":"Prefeitura de Manaus entrega mais R$ 200 mil em pr\u00eamios aos ganhadores do oitavo sorteio da campanha Nota Premiada"},"content":{"rendered":"\n<p>Em mais uma premia\u00e7\u00e3o da campanha Nota Premiada, a Prefeitura de Manaus, por meio da Secretaria Municipal de Finan\u00e7as, Planejamento e Tecnologia da Informa\u00e7\u00e3o (Semef), entregou, nesta quinta-feira, 30\/10, os cheques simb\u00f3licos aos contemplados do oitavo sorteio do ano, que somou R$ 200 mil em pr\u00eamios. A cerim\u00f4nia ocorreu no audit\u00f3rio da Subsecretaria da Receita da Semef, localizado na avenida Japur\u00e1, no Centro, zona Sul.<\/p>\n\n\n\n<p>O coordenador do Grupo de Educa\u00e7\u00e3o Fiscal do Munic\u00edpio (GEFM), Edson Fernandes, conduziu a premia\u00e7\u00e3o que entregou cheques de R$ 5 mil a R$ 30 mil. \u201c\u00c9 muito gratificante estar aqui em mais uma entrega de pr\u00eamios da campanha Nota Premiada Manaus, tanto para as pessoas que colocaram seu CPF nas Notas Fiscais de Servi\u00e7o, quanto \u00e0s institui\u00e7\u00f5es sociais. Elas acreditaram nesse trabalho da Prefeitura de Manaus e hoje est\u00e3o aqui recebendo esses pr\u00eamios\u201d, disse.<\/p>\n\n\n\n<p>A campanha Nota Premiada Manaus incentiva a exig\u00eancia da Nota Fiscal de Servi\u00e7o Eletr\u00f4nica (NFS-e) e promove a arrecada\u00e7\u00e3o consciente e a responsabilidade social, j\u00e1 que parte do valor premiado tamb\u00e9m \u00e9 destinado a institui\u00e7\u00f5es beneficentes previamente indicadas pelos participantes no ato do cadastro.<\/p>\n\n\n\n<p>Fernandes lembrou que, para participar, o cidad\u00e3o precisa realizar um breve cadastro no site oficial da campanha (<a href=\"http:\/\/notapremiada.manaus.am.gov.br\/\" target=\"_blank\" rel=\"noreferrer noopener\">notapremiada.manaus.am.gov.br<\/a>) e pedir a NFS-e com o CPF registrado sempre que solicitar algum servi\u00e7o. Assim \u00e9 poss\u00edvel concorrer aos pr\u00eamios mensais de at\u00e9 R$ 30 mil e mais aos pr\u00eamios especiais no final do ano de at\u00e9 R$ 100 mil.<\/p>\n\n\n\n<p><strong>Pr\u00eamios<\/strong><\/p>\n\n\n\n<p>O maior pr\u00eamio do oitavo sorteio da Nota Premiada, de R$ 30 mil, foi entregue ao aposentado Ad\u00e3o Fernandes Barbosa, que duvidou quando soube da not\u00edcia, mas fez quest\u00e3o de receber seu pr\u00eamio pessoalmente. \u201cNo primeiro momento n\u00e3o acreditei, mas depois, com o contato da secretaria, vi que n\u00e3o era brincadeira e nem pegadinha. Acreditar na nota premiada vale a pena. \u00c9 um ato de cidadania\u201d, acrescentou.<\/p>\n\n\n\n<p>Ad\u00e3o indicou o Lar das Marias para o pr\u00eamio social de igual valor ao dele, R$ 30 mil. O cheque foi recebido pela assistente social da institui\u00e7\u00e3o que atende mulheres com c\u00e2ncer, Glaucia Maria Oliveira, que comemorou. \u201cSempre somos indicadas, mas essa \u00e9 primeira vez que recebemos o maior valor e, como sempre, vem em boa hora para garantirmos a prote\u00edna das nossas internas, uma das nossas maiores despesas\u201d, contou.<\/p>\n\n\n\n<p>A rela\u00e7\u00e3o completa com os ganhadores do oitavo sorteio de 2025 da campanha Nota Premiada Manaus est\u00e1 dispon\u00edvel na p\u00e1gina\u00a0<a href=\"http:\/\/notapremiada.manaus.am.gov.br\/\" target=\"_blank\" rel=\"noreferrer noopener\">http:\/\/notapremiada.manaus.am.gov.br<\/a>.<\/p>\n\n\n\n<figure class=\"wp-block-image size-large\"><img loading=\"lazy\" decoding=\"async\" width=\"1024\" height=\"683\" src=\"https:\/\/www.manaus.am.gov.br\/semcom\/wp-content\/uploads\/sites\/5\/2025\/10\/54890704280_f9567f891b_k-1024x683.jpg\" alt=\"\" class=\"wp-image-247800\" srcset=\"https:\/\/www.manaus.am.gov.br\/semcom\/wp-content\/uploads\/sites\/5\/2025\/10\/54890704280_f9567f891b_k-1024x683.jpg 1024w, https:\/\/www.manaus.am.gov.br\/semcom\/wp-content\/uploads\/sites\/5\/2025\/10\/54890704280_f9567f891b_k-300x200.jpg 300w, https:\/\/www.manaus.am.gov.br\/semcom\/wp-content\/uploads\/sites\/5\/2025\/10\/54890704280_f9567f891b_k-768x512.jpg 768w, https:\/\/www.manaus.am.gov.br\/semcom\/wp-content\/uploads\/sites\/5\/2025\/10\/54890704280_f9567f891b_k-1536x1024.jpg 1536w, https:\/\/www.manaus.am.gov.br\/semcom\/wp-content\/uploads\/sites\/5\/2025\/10\/54890704280_f9567f891b_k.jpg 2048w\" sizes=\"(max-width: 1024px) 100vw, 1024px\" \/><\/figure>\n\n\n\n<p>&#8212; &#8212; &#8212;<\/p>\n\n\n\n<p><strong>Texto \u2013 <\/strong>Anderson Farias\/Semef<\/p>\n\n\n\n<p><strong>Fotos \u2013 <\/strong>Valdo Le\u00e3o\/Semcom<\/p>\n\n\n\n<p><strong>Dispon\u00edveis em &#8211; <\/strong><a href=\"https:\/\/flic.kr\/s\/aHBqjCz3K9\">https:\/\/flic.kr\/s\/aHBqjCz3K9<\/a><\/p>\n","protected":false},"excerpt":{"rendered":"","protected":false},"author":39,"featured_media":247801,"comment_status":"closed","ping_status":"closed","sticky":false,"template":"","format":"standard","meta":{"footnotes":""},"categories":[419],"tags":[2319,17700,17701,77,157],"acf":[],"yoast_head":"<!-- This site is optimized with the Yoast SEO plugin v23.0 - https:\/\/yoast.com\/wordpress\/plugins\/seo\/ -->\n<title>Prefeitura entrega mais R$ 200 mil em pr\u00eamios da Nota Premiada<\/title>\n<meta name=\"description\" content=\"Prefeitura de Manaus entrega mais R$ 200 mil em pr\u00eamios aos ganhadores do oitavo sorteio da campanha Nota Premiada.\" \/>\n<meta name=\"robots\" content=\"index, follow, max-snippet:-1, max-image-preview:large, max-video-preview:-1\" \/>\n<link rel=\"canonical\" href=\"https:\/\/www.manaus.am.gov.br\/semcom\/premios-campanha-nota-premiada\/\" \/>\n<meta property=\"og:locale\" content=\"pt_BR\" \/>\n<meta property=\"og:type\" content=\"article\" \/>\n<meta property=\"og:title\" content=\"Prefeitura entrega mais R$ 200 mil em pr\u00eamios da Nota Premiada\" \/>\n<meta property=\"og:description\" content=\"Prefeitura de Manaus entrega mais R$ 200 mil em pr\u00eamios aos ganhadores do oitavo sorteio da campanha Nota Premiada.\" \/>\n<meta property=\"og:url\" content=\"https:\/\/www.manaus.am.gov.br\/semcom\/premios-campanha-nota-premiada\/\" \/>\n<meta property=\"og:site_name\" content=\"SEMCOM\" \/>\n<meta property=\"article:published_time\" content=\"2025-10-30T21:15:15+00:00\" \/>\n<meta property=\"og:image\" content=\"https:\/\/www.manaus.am.gov.br\/semcom\/wp-content\/uploads\/sites\/5\/2025\/10\/54890637203_ec0f2f9136_k.jpg\" \/>\n\t<meta property=\"og:image:width\" content=\"2048\" \/>\n\t<meta property=\"og:image:height\" content=\"1365\" \/>\n\t<meta property=\"og:image:type\" content=\"image\/jpeg\" \/>\n<meta name=\"author\" content=\"Bruna Greco\" \/>\n<meta name=\"twitter:card\" content=\"summary_large_image\" \/>\n<meta name=\"twitter:label1\" content=\"Written by\" \/>\n\t<meta name=\"twitter:data1\" content=\"Bruna Greco\" \/>\n\t<meta name=\"twitter:label2\" content=\"Est. reading time\" \/>\n\t<meta name=\"twitter:data2\" content=\"3 minutos\" \/>\n<script type=\"application\/ld+json\" class=\"yoast-schema-graph\">{\"@context\":\"https:\/\/schema.org\",\"@graph\":[{\"@type\":\"WebPage\",\"@id\":\"https:\/\/www.manaus.am.gov.br\/semcom\/premios-campanha-nota-premiada\/\",\"url\":\"https:\/\/www.manaus.am.gov.br\/semcom\/premios-campanha-nota-premiada\/\",\"name\":\"Prefeitura entrega mais R$ 200 mil em pr\u00eamios da Nota Premiada\",\"isPartOf\":{\"@id\":\"https:\/\/www.manaus.am.gov.br\/semcom\/#website\"},\"primaryImageOfPage\":{\"@id\":\"https:\/\/www.manaus.am.gov.br\/semcom\/premios-campanha-nota-premiada\/#primaryimage\"},\"image\":{\"@id\":\"https:\/\/www.manaus.am.gov.br\/semcom\/premios-campanha-nota-premiada\/#primaryimage\"},\"thumbnailUrl\":\"https:\/\/www.manaus.am.gov.br\/semcom\/wp-content\/uploads\/sites\/5\/2025\/10\/54890637203_ec0f2f9136_k.jpg\",\"datePublished\":\"2025-10-30T21:15:15+00:00\",\"dateModified\":\"2025-10-30T21:15:15+00:00\",\"author\":{\"@id\":\"https:\/\/www.manaus.am.gov.br\/semcom\/#\/schema\/person\/05d223aea2bf115f9883a6ff3683d81b\"},\"description\":\"Prefeitura de Manaus entrega mais R$ 200 mil em pr\u00eamios aos ganhadores do oitavo sorteio da campanha Nota Premiada.\",\"inLanguage\":\"pt-BR\",\"potentialAction\":[{\"@type\":\"ReadAction\",\"target\":[\"https:\/\/www.manaus.am.gov.br\/semcom\/premios-campanha-nota-premiada\/\"]}]},{\"@type\":\"ImageObject\",\"inLanguage\":\"pt-BR\",\"@id\":\"https:\/\/www.manaus.am.gov.br\/semcom\/premios-campanha-nota-premiada\/#primaryimage\",\"url\":\"https:\/\/www.manaus.am.gov.br\/semcom\/wp-content\/uploads\/sites\/5\/2025\/10\/54890637203_ec0f2f9136_k.jpg\",\"contentUrl\":\"https:\/\/www.manaus.am.gov.br\/semcom\/wp-content\/uploads\/sites\/5\/2025\/10\/54890637203_ec0f2f9136_k.jpg\",\"width\":2048,\"height\":1365,\"caption\":\"#paratodosverem - Ganhadores do oitavo sorteio da campanha Nota Premiada comemorando premia\u00e7\u00e3o\"},{\"@type\":\"WebSite\",\"@id\":\"https:\/\/www.manaus.am.gov.br\/semcom\/#website\",\"url\":\"https:\/\/www.manaus.am.gov.br\/semcom\/\",\"name\":\"SEMCOM\",\"description\":\"Secretaria Municipal de Comunica\u00e7\u00e3o\",\"potentialAction\":[{\"@type\":\"SearchAction\",\"target\":{\"@type\":\"EntryPoint\",\"urlTemplate\":\"https:\/\/www.manaus.am.gov.br\/semcom\/?s={search_term_string}\"},\"query-input\":\"required name=search_term_string\"}],\"inLanguage\":\"pt-BR\"},{\"@type\":\"Person\",\"@id\":\"https:\/\/www.manaus.am.gov.br\/semcom\/#\/schema\/person\/05d223aea2bf115f9883a6ff3683d81b\",\"name\":\"Bruna Greco\",\"image\":{\"@type\":\"ImageObject\",\"inLanguage\":\"pt-BR\",\"@id\":\"https:\/\/www.manaus.am.gov.br\/semcom\/#\/schema\/person\/image\/\",\"url\":\"https:\/\/secure.gravatar.com\/avatar\/9c877d1a6adc2a055330e5c09a8653ce?s=96&d=mm&r=g\",\"contentUrl\":\"https:\/\/secure.gravatar.com\/avatar\/9c877d1a6adc2a055330e5c09a8653ce?s=96&d=mm&r=g\",\"caption\":\"Bruna Greco\"}}]}<\/script>\n<!-- \/ Yoast SEO plugin. -->","yoast_head_json":{"title":"Prefeitura entrega mais R$ 200 mil em pr\u00eamios da Nota Premiada","description":"Prefeitura de Manaus entrega mais R$ 200 mil em pr\u00eamios aos ganhadores do oitavo sorteio da campanha Nota Premiada.","robots":{"index":"index","follow":"follow","max-snippet":"max-snippet:-1","max-image-preview":"max-image-preview:large","max-video-preview":"max-video-preview:-1"},"canonical":"https:\/\/www.manaus.am.gov.br\/semcom\/premios-campanha-nota-premiada\/","og_locale":"pt_BR","og_type":"article","og_title":"Prefeitura entrega mais R$ 200 mil em pr\u00eamios da Nota Premiada","og_description":"Prefeitura de Manaus entrega mais R$ 200 mil em pr\u00eamios aos ganhadores do oitavo sorteio da campanha Nota Premiada.","og_url":"https:\/\/www.manaus.am.gov.br\/semcom\/premios-campanha-nota-premiada\/","og_site_name":"SEMCOM","article_published_time":"2025-10-30T21:15:15+00:00","og_image":[{"width":2048,"height":1365,"url":"https:\/\/www.manaus.am.gov.br\/semcom\/wp-content\/uploads\/sites\/5\/2025\/10\/54890637203_ec0f2f9136_k.jpg","type":"image\/jpeg"}],"author":"Bruna Greco","twitter_card":"summary_large_image","twitter_misc":{"Written by":"Bruna Greco","Est. reading time":"3 minutos"},"schema":{"@context":"https:\/\/schema.org","@graph":[{"@type":"WebPage","@id":"https:\/\/www.manaus.am.gov.br\/semcom\/premios-campanha-nota-premiada\/","url":"https:\/\/www.manaus.am.gov.br\/semcom\/premios-campanha-nota-premiada\/","name":"Prefeitura entrega mais R$ 200 mil em pr\u00eamios da Nota Premiada","isPartOf":{"@id":"https:\/\/www.manaus.am.gov.br\/semcom\/#website"},"primaryImageOfPage":{"@id":"https:\/\/www.manaus.am.gov.br\/semcom\/premios-campanha-nota-premiada\/#primaryimage"},"image":{"@id":"https:\/\/www.manaus.am.gov.br\/semcom\/premios-campanha-nota-premiada\/#primaryimage"},"thumbnailUrl":"https:\/\/www.manaus.am.gov.br\/semcom\/wp-content\/uploads\/sites\/5\/2025\/10\/54890637203_ec0f2f9136_k.jpg","datePublished":"2025-10-30T21:15:15+00:00","dateModified":"2025-10-30T21:15:15+00:00","author":{"@id":"https:\/\/www.manaus.am.gov.br\/semcom\/#\/schema\/person\/05d223aea2bf115f9883a6ff3683d81b"},"description":"Prefeitura de Manaus entrega mais R$ 200 mil em pr\u00eamios aos ganhadores do oitavo sorteio da campanha Nota Premiada.","inLanguage":"pt-BR","potentialAction":[{"@type":"ReadAction","target":["https:\/\/www.manaus.am.gov.br\/semcom\/premios-campanha-nota-premiada\/"]}]},{"@type":"ImageObject","inLanguage":"pt-BR","@id":"https:\/\/www.manaus.am.gov.br\/semcom\/premios-campanha-nota-premiada\/#primaryimage","url":"https:\/\/www.manaus.am.gov.br\/semcom\/wp-content\/uploads\/sites\/5\/2025\/10\/54890637203_ec0f2f9136_k.jpg","contentUrl":"https:\/\/www.manaus.am.gov.br\/semcom\/wp-content\/uploads\/sites\/5\/2025\/10\/54890637203_ec0f2f9136_k.jpg","width":2048,"height":1365,"caption":"#paratodosverem - Ganhadores do oitavo sorteio da campanha Nota Premiada comemorando premia\u00e7\u00e3o"},{"@type":"WebSite","@id":"https:\/\/www.manaus.am.gov.br\/semcom\/#website","url":"https:\/\/www.manaus.am.gov.br\/semcom\/","name":"SEMCOM","description":"Secretaria Municipal de Comunica\u00e7\u00e3o","potentialAction":[{"@type":"SearchAction","target":{"@type":"EntryPoint","urlTemplate":"https:\/\/www.manaus.am.gov.br\/semcom\/?s={search_term_string}"},"query-input":"required name=search_term_string"}],"inLanguage":"pt-BR"},{"@type":"Person","@id":"https:\/\/www.manaus.am.gov.br\/semcom\/#\/schema\/person\/05d223aea2bf115f9883a6ff3683d81b","name":"Bruna Greco","image":{"@type":"ImageObject","inLanguage":"pt-BR","@id":"https:\/\/www.manaus.am.gov.br\/semcom\/#\/schema\/person\/image\/","url":"https:\/\/secure.gravatar.com\/avatar\/9c877d1a6adc2a055330e5c09a8653ce?s=96&d=mm&r=g","contentUrl":"https:\/\/secure.gravatar.com\/avatar\/9c877d1a6adc2a055330e5c09a8653ce?s=96&d=mm&r=g","caption":"Bruna Greco"}}]}},"_links":{"self":[{"href":"https:\/\/www.manaus.am.gov.br\/semcom\/wp-json\/wp\/v2\/posts\/247799"}],"collection":[{"href":"https:\/\/www.manaus.am.gov.br\/semcom\/wp-json\/wp\/v2\/posts"}],"about":[{"href":"https:\/\/www.manaus.am.gov.br\/semcom\/wp-json\/wp\/v2\/types\/post"}],"author":[{"embeddable":true,"href":"https:\/\/www.manaus.am.gov.br\/semcom\/wp-json\/wp\/v2\/users\/39"}],"replies":[{"embeddable":true,"href":"https:\/\/www.manaus.am.gov.br\/semcom\/wp-json\/wp\/v2\/comments?post=247799"}],"version-history":[{"count":1,"href":"https:\/\/www.manaus.am.gov.br\/semcom\/wp-json\/wp\/v2\/posts\/247799\/revisions"}],"predecessor-version":[{"id":247802,"href":"https:\/\/www.manaus.am.gov.br\/semcom\/wp-json\/wp\/v2\/posts\/247799\/revisions\/247802"}],"wp:featuredmedia":[{"embeddable":true,"href":"https:\/\/www.manaus.am.gov.br\/semcom\/wp-json\/wp\/v2\/media\/247801"}],"wp:attachment":[{"href":"https:\/\/www.manaus.am.gov.br\/semcom\/wp-json\/wp\/v2\/media?parent=247799"}],"wp:term":[{"taxonomy":"category","embeddable":true,"href":"https:\/\/www.manaus.am.gov.br\/semcom\/wp-json\/wp\/v2\/categories?post=247799"},{"taxonomy":"post_tag","embeddable":true,"href":"https:\/\/www.manaus.am.gov.br\/semcom\/wp-json\/wp\/v2\/tags?post=247799"}],"curies":[{"name":"wp","href":"https:\/\/api.w.org\/{rel}","templated":true}]}}