{"id":247769,"date":"2025-10-30T14:19:08","date_gmt":"2025-10-30T18:19:08","guid":{"rendered":"https:\/\/www.manaus.am.gov.br\/semcom\/plano-de-verao-bairro-taruma\/"},"modified":"2025-10-30T15:23:46","modified_gmt":"2025-10-30T18:23:46","slug":"plano-de-verao-bairro-taruma","status":"publish","type":"post","link":"https:\/\/www.manaus.am.gov.br\/semcom\/plano-de-verao-bairro-taruma\/","title":{"rendered":"&#8216;Plano de Ver\u00e3o&#8217; da Prefeitura de Manaus leva revitaliza\u00e7\u00e3o asf\u00e1ltica as ruas do bairro Tarum\u00e3"},"content":{"rendered":"\n<p>A Prefeitura de Manaus, por meio da Secretaria Municipal de Infraestrutura (Seminf), avan\u00e7a com as a\u00e7\u00f5es do &#8220;Plano de Ver\u00e3o&#8221; e leva, nesta quinta-feira, 30\/10, mais uma frente de obras ao bairro Tarum\u00e3, na zona Oeste da capital. As equipes atuam nas ruas Praia de Canoa Quebrada, Praia de S\u00e3o Vicente e \u00c1guas Claras, realizando servi\u00e7os de recupera\u00e7\u00e3o e recomposi\u00e7\u00e3o asf\u00e1ltica.<\/p>\n\n\n\n<p>O vice-prefeito e secret\u00e1rio de Obras, Renato Junior, destacou que o trabalho faz parte da estrat\u00e9gia da gest\u00e3o em garantir mobilidade e seguran\u00e7a em todas as zonas da cidade.<\/p>\n\n\n\n<p>\u201cAs equipes da Seminf est\u00e3o presentes em todas as regi\u00f5es, recuperando ruas e melhorando a malha vi\u00e1ria da nossa cidade. A determina\u00e7\u00e3o do prefeito David Almeida \u00e9 trabalhar sem pausa para devolver \u00e0 popula\u00e7\u00e3o o direito de ir e vir com seguran\u00e7a e dignidade\u201d, afirmou Renato Junior.<\/p>\n\n\n\n<p>A revitaliza\u00e7\u00e3o das vias do Tarum\u00e3 melhora as condi\u00e7\u00f5es de tr\u00e1fego, aumenta a seguran\u00e7a de motoristas e pedestres e contribui diretamente para a qualidade de vida dos moradores.<\/p>\n\n\n\n<p>\u201c\u00c9 muito importante ver a prefeitura atuando aqui. O bairro est\u00e1 em crescimento e precisa dessa aten\u00e7\u00e3o. As ruas melhorando, tudo muda, o tr\u00e2nsito, o acesso, at\u00e9 o com\u00e9rcio local\u201d, destacou o morador e barbeiro Valder Viana, de 27 anos.<\/p>\n\n\n\n<p>Com as melhorias em andamento, o bairro Tarum\u00e3 se soma a outras regi\u00f5es beneficiadas pelo Plano de Ver\u00e3o, que tem transformado a infraestrutura de Manaus com a\u00e7\u00f5es simult\u00e2neas de manuten\u00e7\u00e3o e revitaliza\u00e7\u00e3o asf\u00e1ltica. A iniciativa refor\u00e7a o compromisso da gest\u00e3o municipal em cuidar dos bairros e garantir mais conforto e seguran\u00e7a para todos os manauaras.<\/p>\n\n\n\n<figure class=\"wp-block-image size-large\"><img loading=\"lazy\" decoding=\"async\" width=\"1024\" height=\"768\" src=\"https:\/\/www.manaus.am.gov.br\/semcom\/wp-content\/uploads\/sites\/5\/2025\/10\/WhatsApp-Image-2025-10-30-at-14.14.43-2-1024x768.jpeg\" alt=\"\" class=\"wp-image-247771\" srcset=\"https:\/\/www.manaus.am.gov.br\/semcom\/wp-content\/uploads\/sites\/5\/2025\/10\/WhatsApp-Image-2025-10-30-at-14.14.43-2-1024x768.jpeg 1024w, https:\/\/www.manaus.am.gov.br\/semcom\/wp-content\/uploads\/sites\/5\/2025\/10\/WhatsApp-Image-2025-10-30-at-14.14.43-2-300x225.jpeg 300w, https:\/\/www.manaus.am.gov.br\/semcom\/wp-content\/uploads\/sites\/5\/2025\/10\/WhatsApp-Image-2025-10-30-at-14.14.43-2-768x576.jpeg 768w, https:\/\/www.manaus.am.gov.br\/semcom\/wp-content\/uploads\/sites\/5\/2025\/10\/WhatsApp-Image-2025-10-30-at-14.14.43-2-1536x1152.jpeg 1536w, https:\/\/www.manaus.am.gov.br\/semcom\/wp-content\/uploads\/sites\/5\/2025\/10\/WhatsApp-Image-2025-10-30-at-14.14.43-2-2048x1536.jpeg 2048w\" sizes=\"(max-width: 1024px) 100vw, 1024px\" \/><\/figure>\n\n\n\n<p>&#8212; &#8212; &#8212;<\/p>\n\n\n\n<p><strong>Texto<\/strong>&nbsp;&#8211; Eduarda Lira\/Seminf<\/p>\n\n\n\n<p><strong>Fotos <\/strong>&#8211; Alessandro Ara\u00fajo\/Seminf<\/p>\n","protected":false},"excerpt":{"rendered":"","protected":false},"author":39,"featured_media":247770,"comment_status":"closed","ping_status":"closed","sticky":false,"template":"","format":"standard","meta":{"footnotes":""},"categories":[46],"tags":[16000,77,17673,17691,33],"acf":[],"yoast_head":"<!-- This site is optimized with the Yoast SEO plugin v23.0 - https:\/\/yoast.com\/wordpress\/plugins\/seo\/ -->\n<title>Plano de Ver\u00e3o leva revitaliza\u00e7\u00e3o asf\u00e1ltica as ruas do Tarum\u00e3<\/title>\n<meta name=\"description\" content=\"Plano de Ver\u00e3o da Prefeitura de Manaus, por meio da Seminf, leva revitaliza\u00e7\u00e3o asf\u00e1ltica as ruas do bairro Tarum\u00e3.\" \/>\n<meta name=\"robots\" content=\"index, follow, max-snippet:-1, max-image-preview:large, max-video-preview:-1\" \/>\n<link rel=\"canonical\" href=\"https:\/\/www.manaus.am.gov.br\/semcom\/plano-de-verao-bairro-taruma\/\" \/>\n<meta property=\"og:locale\" content=\"pt_BR\" \/>\n<meta property=\"og:type\" content=\"article\" \/>\n<meta property=\"og:title\" content=\"Plano de Ver\u00e3o leva revitaliza\u00e7\u00e3o asf\u00e1ltica as ruas do Tarum\u00e3\" \/>\n<meta property=\"og:description\" content=\"Plano de Ver\u00e3o da Prefeitura de Manaus, por meio da Seminf, leva revitaliza\u00e7\u00e3o asf\u00e1ltica as ruas do bairro Tarum\u00e3.\" \/>\n<meta property=\"og:url\" content=\"https:\/\/www.manaus.am.gov.br\/semcom\/plano-de-verao-bairro-taruma\/\" \/>\n<meta property=\"og:site_name\" content=\"SEMCOM\" \/>\n<meta property=\"article:published_time\" content=\"2025-10-30T18:19:08+00:00\" \/>\n<meta property=\"article:modified_time\" content=\"2025-10-30T18:23:46+00:00\" \/>\n<meta property=\"og:image\" content=\"https:\/\/www.manaus.am.gov.br\/semcom\/wp-content\/uploads\/sites\/5\/2025\/10\/WhatsApp-Image-2025-10-30-at-14.14.43-1024x768.jpeg\" \/>\n\t<meta property=\"og:image:width\" content=\"1024\" \/>\n\t<meta property=\"og:image:height\" content=\"768\" \/>\n\t<meta property=\"og:image:type\" content=\"image\/jpeg\" \/>\n<meta name=\"author\" content=\"Bruna Greco\" \/>\n<meta name=\"twitter:card\" content=\"summary_large_image\" \/>\n<meta name=\"twitter:label1\" content=\"Written by\" \/>\n\t<meta name=\"twitter:data1\" content=\"Bruna Greco\" \/>\n\t<meta name=\"twitter:label2\" content=\"Est. reading time\" \/>\n\t<meta name=\"twitter:data2\" content=\"2 minutos\" \/>\n<script type=\"application\/ld+json\" class=\"yoast-schema-graph\">{\"@context\":\"https:\/\/schema.org\",\"@graph\":[{\"@type\":\"WebPage\",\"@id\":\"https:\/\/www.manaus.am.gov.br\/semcom\/plano-de-verao-bairro-taruma\/\",\"url\":\"https:\/\/www.manaus.am.gov.br\/semcom\/plano-de-verao-bairro-taruma\/\",\"name\":\"Plano de Ver\u00e3o leva revitaliza\u00e7\u00e3o asf\u00e1ltica as ruas do Tarum\u00e3\",\"isPartOf\":{\"@id\":\"https:\/\/www.manaus.am.gov.br\/semcom\/#website\"},\"primaryImageOfPage\":{\"@id\":\"https:\/\/www.manaus.am.gov.br\/semcom\/plano-de-verao-bairro-taruma\/#primaryimage\"},\"image\":{\"@id\":\"https:\/\/www.manaus.am.gov.br\/semcom\/plano-de-verao-bairro-taruma\/#primaryimage\"},\"thumbnailUrl\":\"https:\/\/www.manaus.am.gov.br\/semcom\/wp-content\/uploads\/sites\/5\/2025\/10\/WhatsApp-Image-2025-10-30-at-14.14.43.jpeg\",\"datePublished\":\"2025-10-30T18:19:08+00:00\",\"dateModified\":\"2025-10-30T18:23:46+00:00\",\"author\":{\"@id\":\"https:\/\/www.manaus.am.gov.br\/semcom\/#\/schema\/person\/05d223aea2bf115f9883a6ff3683d81b\"},\"description\":\"Plano de Ver\u00e3o da Prefeitura de Manaus, por meio da Seminf, leva revitaliza\u00e7\u00e3o asf\u00e1ltica as ruas do bairro Tarum\u00e3.\",\"inLanguage\":\"pt-BR\",\"potentialAction\":[{\"@type\":\"ReadAction\",\"target\":[\"https:\/\/www.manaus.am.gov.br\/semcom\/plano-de-verao-bairro-taruma\/\"]}]},{\"@type\":\"ImageObject\",\"inLanguage\":\"pt-BR\",\"@id\":\"https:\/\/www.manaus.am.gov.br\/semcom\/plano-de-verao-bairro-taruma\/#primaryimage\",\"url\":\"https:\/\/www.manaus.am.gov.br\/semcom\/wp-content\/uploads\/sites\/5\/2025\/10\/WhatsApp-Image-2025-10-30-at-14.14.43.jpeg\",\"contentUrl\":\"https:\/\/www.manaus.am.gov.br\/semcom\/wp-content\/uploads\/sites\/5\/2025\/10\/WhatsApp-Image-2025-10-30-at-14.14.43.jpeg\",\"width\":2560,\"height\":1920,\"caption\":\"#paratodosverem - Equipe da Seminf realizando os servi\u00e7os de recupera\u00e7\u00e3o asf\u00e1ltica do Plano de Ver\u00e3o em via do bairro Tarum\u00e3\"},{\"@type\":\"WebSite\",\"@id\":\"https:\/\/www.manaus.am.gov.br\/semcom\/#website\",\"url\":\"https:\/\/www.manaus.am.gov.br\/semcom\/\",\"name\":\"SEMCOM\",\"description\":\"Secretaria Municipal de Comunica\u00e7\u00e3o\",\"potentialAction\":[{\"@type\":\"SearchAction\",\"target\":{\"@type\":\"EntryPoint\",\"urlTemplate\":\"https:\/\/www.manaus.am.gov.br\/semcom\/?s={search_term_string}\"},\"query-input\":\"required name=search_term_string\"}],\"inLanguage\":\"pt-BR\"},{\"@type\":\"Person\",\"@id\":\"https:\/\/www.manaus.am.gov.br\/semcom\/#\/schema\/person\/05d223aea2bf115f9883a6ff3683d81b\",\"name\":\"Bruna Greco\",\"image\":{\"@type\":\"ImageObject\",\"inLanguage\":\"pt-BR\",\"@id\":\"https:\/\/www.manaus.am.gov.br\/semcom\/#\/schema\/person\/image\/\",\"url\":\"https:\/\/secure.gravatar.com\/avatar\/9c877d1a6adc2a055330e5c09a8653ce?s=96&d=mm&r=g\",\"contentUrl\":\"https:\/\/secure.gravatar.com\/avatar\/9c877d1a6adc2a055330e5c09a8653ce?s=96&d=mm&r=g\",\"caption\":\"Bruna Greco\"}}]}<\/script>\n<!-- \/ Yoast SEO plugin. -->","yoast_head_json":{"title":"Plano de Ver\u00e3o leva revitaliza\u00e7\u00e3o asf\u00e1ltica as ruas do Tarum\u00e3","description":"Plano de Ver\u00e3o da Prefeitura de Manaus, por meio da Seminf, leva revitaliza\u00e7\u00e3o asf\u00e1ltica as ruas do bairro Tarum\u00e3.","robots":{"index":"index","follow":"follow","max-snippet":"max-snippet:-1","max-image-preview":"max-image-preview:large","max-video-preview":"max-video-preview:-1"},"canonical":"https:\/\/www.manaus.am.gov.br\/semcom\/plano-de-verao-bairro-taruma\/","og_locale":"pt_BR","og_type":"article","og_title":"Plano de Ver\u00e3o leva revitaliza\u00e7\u00e3o asf\u00e1ltica as ruas do Tarum\u00e3","og_description":"Plano de Ver\u00e3o da Prefeitura de Manaus, por meio da Seminf, leva revitaliza\u00e7\u00e3o asf\u00e1ltica as ruas do bairro Tarum\u00e3.","og_url":"https:\/\/www.manaus.am.gov.br\/semcom\/plano-de-verao-bairro-taruma\/","og_site_name":"SEMCOM","article_published_time":"2025-10-30T18:19:08+00:00","article_modified_time":"2025-10-30T18:23:46+00:00","og_image":[{"width":1024,"height":768,"url":"https:\/\/www.manaus.am.gov.br\/semcom\/wp-content\/uploads\/sites\/5\/2025\/10\/WhatsApp-Image-2025-10-30-at-14.14.43-1024x768.jpeg","type":"image\/jpeg"}],"author":"Bruna Greco","twitter_card":"summary_large_image","twitter_misc":{"Written by":"Bruna Greco","Est. reading time":"2 minutos"},"schema":{"@context":"https:\/\/schema.org","@graph":[{"@type":"WebPage","@id":"https:\/\/www.manaus.am.gov.br\/semcom\/plano-de-verao-bairro-taruma\/","url":"https:\/\/www.manaus.am.gov.br\/semcom\/plano-de-verao-bairro-taruma\/","name":"Plano de Ver\u00e3o leva revitaliza\u00e7\u00e3o asf\u00e1ltica as ruas do Tarum\u00e3","isPartOf":{"@id":"https:\/\/www.manaus.am.gov.br\/semcom\/#website"},"primaryImageOfPage":{"@id":"https:\/\/www.manaus.am.gov.br\/semcom\/plano-de-verao-bairro-taruma\/#primaryimage"},"image":{"@id":"https:\/\/www.manaus.am.gov.br\/semcom\/plano-de-verao-bairro-taruma\/#primaryimage"},"thumbnailUrl":"https:\/\/www.manaus.am.gov.br\/semcom\/wp-content\/uploads\/sites\/5\/2025\/10\/WhatsApp-Image-2025-10-30-at-14.14.43.jpeg","datePublished":"2025-10-30T18:19:08+00:00","dateModified":"2025-10-30T18:23:46+00:00","author":{"@id":"https:\/\/www.manaus.am.gov.br\/semcom\/#\/schema\/person\/05d223aea2bf115f9883a6ff3683d81b"},"description":"Plano de Ver\u00e3o da Prefeitura de Manaus, por meio da Seminf, leva revitaliza\u00e7\u00e3o asf\u00e1ltica as ruas do bairro Tarum\u00e3.","inLanguage":"pt-BR","potentialAction":[{"@type":"ReadAction","target":["https:\/\/www.manaus.am.gov.br\/semcom\/plano-de-verao-bairro-taruma\/"]}]},{"@type":"ImageObject","inLanguage":"pt-BR","@id":"https:\/\/www.manaus.am.gov.br\/semcom\/plano-de-verao-bairro-taruma\/#primaryimage","url":"https:\/\/www.manaus.am.gov.br\/semcom\/wp-content\/uploads\/sites\/5\/2025\/10\/WhatsApp-Image-2025-10-30-at-14.14.43.jpeg","contentUrl":"https:\/\/www.manaus.am.gov.br\/semcom\/wp-content\/uploads\/sites\/5\/2025\/10\/WhatsApp-Image-2025-10-30-at-14.14.43.jpeg","width":2560,"height":1920,"caption":"#paratodosverem - Equipe da Seminf realizando os servi\u00e7os de recupera\u00e7\u00e3o asf\u00e1ltica do Plano de Ver\u00e3o em via do bairro Tarum\u00e3"},{"@type":"WebSite","@id":"https:\/\/www.manaus.am.gov.br\/semcom\/#website","url":"https:\/\/www.manaus.am.gov.br\/semcom\/","name":"SEMCOM","description":"Secretaria Municipal de Comunica\u00e7\u00e3o","potentialAction":[{"@type":"SearchAction","target":{"@type":"EntryPoint","urlTemplate":"https:\/\/www.manaus.am.gov.br\/semcom\/?s={search_term_string}"},"query-input":"required name=search_term_string"}],"inLanguage":"pt-BR"},{"@type":"Person","@id":"https:\/\/www.manaus.am.gov.br\/semcom\/#\/schema\/person\/05d223aea2bf115f9883a6ff3683d81b","name":"Bruna Greco","image":{"@type":"ImageObject","inLanguage":"pt-BR","@id":"https:\/\/www.manaus.am.gov.br\/semcom\/#\/schema\/person\/image\/","url":"https:\/\/secure.gravatar.com\/avatar\/9c877d1a6adc2a055330e5c09a8653ce?s=96&d=mm&r=g","contentUrl":"https:\/\/secure.gravatar.com\/avatar\/9c877d1a6adc2a055330e5c09a8653ce?s=96&d=mm&r=g","caption":"Bruna Greco"}}]}},"_links":{"self":[{"href":"https:\/\/www.manaus.am.gov.br\/semcom\/wp-json\/wp\/v2\/posts\/247769"}],"collection":[{"href":"https:\/\/www.manaus.am.gov.br\/semcom\/wp-json\/wp\/v2\/posts"}],"about":[{"href":"https:\/\/www.manaus.am.gov.br\/semcom\/wp-json\/wp\/v2\/types\/post"}],"author":[{"embeddable":true,"href":"https:\/\/www.manaus.am.gov.br\/semcom\/wp-json\/wp\/v2\/users\/39"}],"replies":[{"embeddable":true,"href":"https:\/\/www.manaus.am.gov.br\/semcom\/wp-json\/wp\/v2\/comments?post=247769"}],"version-history":[{"count":5,"href":"https:\/\/www.manaus.am.gov.br\/semcom\/wp-json\/wp\/v2\/posts\/247769\/revisions"}],"predecessor-version":[{"id":247776,"href":"https:\/\/www.manaus.am.gov.br\/semcom\/wp-json\/wp\/v2\/posts\/247769\/revisions\/247776"}],"wp:featuredmedia":[{"embeddable":true,"href":"https:\/\/www.manaus.am.gov.br\/semcom\/wp-json\/wp\/v2\/media\/247770"}],"wp:attachment":[{"href":"https:\/\/www.manaus.am.gov.br\/semcom\/wp-json\/wp\/v2\/media?parent=247769"}],"wp:term":[{"taxonomy":"category","embeddable":true,"href":"https:\/\/www.manaus.am.gov.br\/semcom\/wp-json\/wp\/v2\/categories?post=247769"},{"taxonomy":"post_tag","embeddable":true,"href":"https:\/\/www.manaus.am.gov.br\/semcom\/wp-json\/wp\/v2\/tags?post=247769"}],"curies":[{"name":"wp","href":"https:\/\/api.w.org\/{rel}","templated":true}]}}