{"id":247760,"date":"2025-10-29T23:23:44","date_gmt":"2025-10-30T02:23:44","guid":{"rendered":"https:\/\/www.manaus.am.gov.br\/semcom\/decoracao-de-natal-e-cantata-natalina\/"},"modified":"2025-10-29T23:23:45","modified_gmt":"2025-10-30T02:23:45","slug":"decoracao-de-natal-e-cantata-natalina","status":"publish","type":"post","link":"https:\/\/www.manaus.am.gov.br\/semcom\/decoracao-de-natal-e-cantata-natalina\/","title":{"rendered":"Prefeitura de Manaus entrega decora\u00e7\u00e3o de Natal na pra\u00e7a dos Rem\u00e9dios com Cantata Natalina"},"content":{"rendered":"\n<p>A Prefeitura de Manaus, por meio do Fundo Manaus Solid\u00e1ria (FMS), promoveu, nesta quarta-feira, 29\/10, uma Cantata Natalina que marcou a entrega oficial da decora\u00e7\u00e3o de Natal na pra\u00e7a dos Rem\u00e9dios, no Centro, zona Sul. O evento, que integra a programa\u00e7\u00e3o do projeto &#8220;Um Sonho M\u00e1gico de Natal&#8221;, reuniu fam\u00edlias manauaras na rua Miranda Le\u00e3o, um dos espa\u00e7os mais simb\u00f3licos da cidade, oferecendo lazer e uma celebra\u00e7\u00e3o antecipada das festividades de fim de ano.<\/p>\n\n\n\n<p>A programa\u00e7\u00e3o contou com a chegada do Papai Noel e com a emocionante apresenta\u00e7\u00e3o de um grupo de coral de idosas da Funda\u00e7\u00e3o de Apoio ao Idoso Dr. Thomas (FDT), que levou o sentimento de ternura e celebra\u00e7\u00e3o ao p\u00fablico presente. Em seguida, houve o acendimento das luzes dos ornamentos natalinos distribu\u00eddos pela pra\u00e7a, seguido por uma surpreendente &#8220;chuva de neve&#8221;, que completou a atmosfera m\u00e1gica da festa.<\/p>\n\n\n\n<p>A presidente do Fundo Manaus Solid\u00e1ria, Viviana Lira, destacou o esfor\u00e7o da gest\u00e3o municipal para a entrega do espa\u00e7o revitalizado e decorado. &#8220;A Prefeitura de Manaus vem trabalhando incansavelmente para que hoje, este lugar estivesse dessa forma que est\u00e1. As pessoas podem vir passear aqui, trazer sua fam\u00edlia, e agora vai estar tudo decorado de Natal, preparado com muito amor, podem vir em seguran\u00e7a, podem se sentir seguros neste local\u201d, afirmou.&nbsp;<\/p>\n\n\n\n<p>A transforma\u00e7\u00e3o da pra\u00e7a dos Rem\u00e9dios e a iniciativa natalina foram amplamente elogiadas pelos frequentadores, que destacaram o resgate do espa\u00e7o p\u00fablico. Para a aut\u00f4noma Dina da Trindade, 40, a mudan\u00e7a \u00e9 not\u00e1vel. &#8220;Eu estou achando bonito, o prefeito reformou, estava em uma condi\u00e7\u00e3o que n\u00e3o dava para ficar aqui, agora est\u00e1 melhor, mais bonito\u201d, celebrou.&nbsp;<\/p>\n\n\n\n<p>Carlos Piro, 65, do bairro \u00c1guas Claras, foi prestigiar a entrega e fez quest\u00e3o de parabenizar a gest\u00e3o pela a\u00e7\u00e3o. &#8220;Estou achando muito bom, quero parabenizar o prefeito David Almeida por essa tomada de decis\u00e3o, porque aqui h\u00e1 muito tempo que n\u00e3o era revitalizado, e o prefeito com a coragem dele fez isso aqui. Est\u00e1 de parab\u00e9ns por esse momento, isso \u00e9 uma obra de arte que ele fez\u201d.\u00a0<\/p>\n\n\n\n<p>J\u00e1 Roziane Souza, 42, que \u00e9 ex-moradora do Centro, expressou sua emo\u00e7\u00e3o com o resultado da revitaliza\u00e7\u00e3o e a a\u00e7\u00e3o festiva. &#8220;Achei a a\u00e7\u00e3o muito boa, est\u00e1 muito linda. A pra\u00e7a est\u00e1 muito bonita, muito modificada. S\u00f3 tenho a agradecer ao prefeito de Manaus e a Deus\u201d, agradeceu.&nbsp;<\/p>\n\n\n\n<p>A celebra\u00e7\u00e3o na pra\u00e7a dos Rem\u00e9dios marca o in\u00edcio das festividades do &#8220;Um Sonho M\u00e1gico de Natal&#8221;, refor\u00e7ando o compromisso da Prefeitura de Manaus em oferecer espa\u00e7os p\u00fablicos acolhedores e momentos de confraterniza\u00e7\u00e3o para a popula\u00e7\u00e3o.<\/p>\n\n\n\n<p>\u2014 \u2014 \u2014<br><strong>Texto &#8211; <\/strong>Divulga\u00e7\u00e3o \/ FMS\u00a0<br><strong>Fotos &#8211;<\/strong>\u00a0 Cl\u00f3vis Miranda\/ Semcom<br><strong>Dispon\u00edveis em &#8211;<\/strong><a href=\"https:\/\/flic.kr\/s\/aHBqjCz11C\">https:\/\/flic.kr\/s\/aHBqjCz11C<\/a><\/p>\n","protected":false},"excerpt":{"rendered":"","protected":false},"author":68,"featured_media":247761,"comment_status":"closed","ping_status":"closed","sticky":false,"template":"","format":"standard","meta":{"footnotes":""},"categories":[1884],"tags":[17688,17689,7695,17690,77],"acf":[],"yoast_head":"<!-- This site is optimized with the Yoast SEO plugin v23.0 - https:\/\/yoast.com\/wordpress\/plugins\/seo\/ -->\n<title>Prefeitura entrega decora\u00e7\u00e3o de Natal na pra\u00e7a dos Rem\u00e9dios<\/title>\n<meta name=\"description\" content=\"A Prefeitura promoveu, nesta quarta-feira, uma Cantata Natalina que marcou a entrega oficial da decora\u00e7\u00e3o de Natal na pra\u00e7a dos Rem\u00e9dios.\" \/>\n<meta name=\"robots\" content=\"index, follow, max-snippet:-1, max-image-preview:large, max-video-preview:-1\" \/>\n<link rel=\"canonical\" href=\"https:\/\/www.manaus.am.gov.br\/semcom\/decoracao-de-natal-e-cantata-natalina\/\" \/>\n<meta property=\"og:locale\" content=\"pt_BR\" \/>\n<meta property=\"og:type\" content=\"article\" \/>\n<meta property=\"og:title\" content=\"Prefeitura entrega decora\u00e7\u00e3o de Natal na pra\u00e7a dos Rem\u00e9dios\" \/>\n<meta property=\"og:description\" content=\"A Prefeitura promoveu, nesta quarta-feira, uma Cantata Natalina que marcou a entrega oficial da decora\u00e7\u00e3o de Natal na pra\u00e7a dos Rem\u00e9dios.\" \/>\n<meta property=\"og:url\" content=\"https:\/\/www.manaus.am.gov.br\/semcom\/decoracao-de-natal-e-cantata-natalina\/\" \/>\n<meta property=\"og:site_name\" content=\"SEMCOM\" \/>\n<meta property=\"article:published_time\" content=\"2025-10-30T02:23:44+00:00\" \/>\n<meta property=\"article:modified_time\" content=\"2025-10-30T02:23:45+00:00\" \/>\n<meta property=\"og:image\" content=\"https:\/\/www.manaus.am.gov.br\/semcom\/wp-content\/uploads\/sites\/5\/2025\/10\/54889185776_00dd9d0aae_c.jpg\" \/>\n\t<meta property=\"og:image:width\" content=\"799\" \/>\n\t<meta property=\"og:image:height\" content=\"533\" \/>\n\t<meta property=\"og:image:type\" content=\"image\/jpeg\" \/>\n<meta name=\"author\" content=\"bvalente\" \/>\n<meta name=\"twitter:card\" content=\"summary_large_image\" \/>\n<meta name=\"twitter:label1\" content=\"Written by\" \/>\n\t<meta name=\"twitter:data1\" content=\"bvalente\" \/>\n\t<meta name=\"twitter:label2\" content=\"Est. reading time\" \/>\n\t<meta name=\"twitter:data2\" content=\"3 minutos\" \/>\n<script type=\"application\/ld+json\" class=\"yoast-schema-graph\">{\"@context\":\"https:\/\/schema.org\",\"@graph\":[{\"@type\":\"WebPage\",\"@id\":\"https:\/\/www.manaus.am.gov.br\/semcom\/decoracao-de-natal-e-cantata-natalina\/\",\"url\":\"https:\/\/www.manaus.am.gov.br\/semcom\/decoracao-de-natal-e-cantata-natalina\/\",\"name\":\"Prefeitura entrega decora\u00e7\u00e3o de Natal na pra\u00e7a dos Rem\u00e9dios\",\"isPartOf\":{\"@id\":\"https:\/\/www.manaus.am.gov.br\/semcom\/#website\"},\"primaryImageOfPage\":{\"@id\":\"https:\/\/www.manaus.am.gov.br\/semcom\/decoracao-de-natal-e-cantata-natalina\/#primaryimage\"},\"image\":{\"@id\":\"https:\/\/www.manaus.am.gov.br\/semcom\/decoracao-de-natal-e-cantata-natalina\/#primaryimage\"},\"thumbnailUrl\":\"https:\/\/www.manaus.am.gov.br\/semcom\/wp-content\/uploads\/sites\/5\/2025\/10\/54889185776_00dd9d0aae_c.jpg\",\"datePublished\":\"2025-10-30T02:23:44+00:00\",\"dateModified\":\"2025-10-30T02:23:45+00:00\",\"author\":{\"@id\":\"https:\/\/www.manaus.am.gov.br\/semcom\/#\/schema\/person\/466a0e03ae4b6062809046bd560ac955\"},\"description\":\"A Prefeitura promoveu, nesta quarta-feira, uma Cantata Natalina que marcou a entrega oficial da decora\u00e7\u00e3o de Natal na pra\u00e7a dos Rem\u00e9dios.\",\"inLanguage\":\"pt-BR\",\"potentialAction\":[{\"@type\":\"ReadAction\",\"target\":[\"https:\/\/www.manaus.am.gov.br\/semcom\/decoracao-de-natal-e-cantata-natalina\/\"]}]},{\"@type\":\"ImageObject\",\"inLanguage\":\"pt-BR\",\"@id\":\"https:\/\/www.manaus.am.gov.br\/semcom\/decoracao-de-natal-e-cantata-natalina\/#primaryimage\",\"url\":\"https:\/\/www.manaus.am.gov.br\/semcom\/wp-content\/uploads\/sites\/5\/2025\/10\/54889185776_00dd9d0aae_c.jpg\",\"contentUrl\":\"https:\/\/www.manaus.am.gov.br\/semcom\/wp-content\/uploads\/sites\/5\/2025\/10\/54889185776_00dd9d0aae_c.jpg\",\"width\":799,\"height\":533,\"caption\":\"#paratodosverem \u2013 Presidente do FMS, ao lado do personagem do Papai Noel e da Cantata Natalina\"},{\"@type\":\"WebSite\",\"@id\":\"https:\/\/www.manaus.am.gov.br\/semcom\/#website\",\"url\":\"https:\/\/www.manaus.am.gov.br\/semcom\/\",\"name\":\"SEMCOM\",\"description\":\"Secretaria Municipal de Comunica\u00e7\u00e3o\",\"potentialAction\":[{\"@type\":\"SearchAction\",\"target\":{\"@type\":\"EntryPoint\",\"urlTemplate\":\"https:\/\/www.manaus.am.gov.br\/semcom\/?s={search_term_string}\"},\"query-input\":\"required name=search_term_string\"}],\"inLanguage\":\"pt-BR\"},{\"@type\":\"Person\",\"@id\":\"https:\/\/www.manaus.am.gov.br\/semcom\/#\/schema\/person\/466a0e03ae4b6062809046bd560ac955\",\"name\":\"bvalente\",\"image\":{\"@type\":\"ImageObject\",\"inLanguage\":\"pt-BR\",\"@id\":\"https:\/\/www.manaus.am.gov.br\/semcom\/#\/schema\/person\/image\/\",\"url\":\"https:\/\/secure.gravatar.com\/avatar\/3e69bc2b014bdad41adfec3a39de07d2?s=96&d=mm&r=g\",\"contentUrl\":\"https:\/\/secure.gravatar.com\/avatar\/3e69bc2b014bdad41adfec3a39de07d2?s=96&d=mm&r=g\",\"caption\":\"bvalente\"}}]}<\/script>\n<!-- \/ Yoast SEO plugin. -->","yoast_head_json":{"title":"Prefeitura entrega decora\u00e7\u00e3o de Natal na pra\u00e7a dos Rem\u00e9dios","description":"A Prefeitura promoveu, nesta quarta-feira, uma Cantata Natalina que marcou a entrega oficial da decora\u00e7\u00e3o de Natal na pra\u00e7a dos Rem\u00e9dios.","robots":{"index":"index","follow":"follow","max-snippet":"max-snippet:-1","max-image-preview":"max-image-preview:large","max-video-preview":"max-video-preview:-1"},"canonical":"https:\/\/www.manaus.am.gov.br\/semcom\/decoracao-de-natal-e-cantata-natalina\/","og_locale":"pt_BR","og_type":"article","og_title":"Prefeitura entrega decora\u00e7\u00e3o de Natal na pra\u00e7a dos Rem\u00e9dios","og_description":"A Prefeitura promoveu, nesta quarta-feira, uma Cantata Natalina que marcou a entrega oficial da decora\u00e7\u00e3o de Natal na pra\u00e7a dos Rem\u00e9dios.","og_url":"https:\/\/www.manaus.am.gov.br\/semcom\/decoracao-de-natal-e-cantata-natalina\/","og_site_name":"SEMCOM","article_published_time":"2025-10-30T02:23:44+00:00","article_modified_time":"2025-10-30T02:23:45+00:00","og_image":[{"width":799,"height":533,"url":"https:\/\/www.manaus.am.gov.br\/semcom\/wp-content\/uploads\/sites\/5\/2025\/10\/54889185776_00dd9d0aae_c.jpg","type":"image\/jpeg"}],"author":"bvalente","twitter_card":"summary_large_image","twitter_misc":{"Written by":"bvalente","Est. reading time":"3 minutos"},"schema":{"@context":"https:\/\/schema.org","@graph":[{"@type":"WebPage","@id":"https:\/\/www.manaus.am.gov.br\/semcom\/decoracao-de-natal-e-cantata-natalina\/","url":"https:\/\/www.manaus.am.gov.br\/semcom\/decoracao-de-natal-e-cantata-natalina\/","name":"Prefeitura entrega decora\u00e7\u00e3o de Natal na pra\u00e7a dos Rem\u00e9dios","isPartOf":{"@id":"https:\/\/www.manaus.am.gov.br\/semcom\/#website"},"primaryImageOfPage":{"@id":"https:\/\/www.manaus.am.gov.br\/semcom\/decoracao-de-natal-e-cantata-natalina\/#primaryimage"},"image":{"@id":"https:\/\/www.manaus.am.gov.br\/semcom\/decoracao-de-natal-e-cantata-natalina\/#primaryimage"},"thumbnailUrl":"https:\/\/www.manaus.am.gov.br\/semcom\/wp-content\/uploads\/sites\/5\/2025\/10\/54889185776_00dd9d0aae_c.jpg","datePublished":"2025-10-30T02:23:44+00:00","dateModified":"2025-10-30T02:23:45+00:00","author":{"@id":"https:\/\/www.manaus.am.gov.br\/semcom\/#\/schema\/person\/466a0e03ae4b6062809046bd560ac955"},"description":"A Prefeitura promoveu, nesta quarta-feira, uma Cantata Natalina que marcou a entrega oficial da decora\u00e7\u00e3o de Natal na pra\u00e7a dos Rem\u00e9dios.","inLanguage":"pt-BR","potentialAction":[{"@type":"ReadAction","target":["https:\/\/www.manaus.am.gov.br\/semcom\/decoracao-de-natal-e-cantata-natalina\/"]}]},{"@type":"ImageObject","inLanguage":"pt-BR","@id":"https:\/\/www.manaus.am.gov.br\/semcom\/decoracao-de-natal-e-cantata-natalina\/#primaryimage","url":"https:\/\/www.manaus.am.gov.br\/semcom\/wp-content\/uploads\/sites\/5\/2025\/10\/54889185776_00dd9d0aae_c.jpg","contentUrl":"https:\/\/www.manaus.am.gov.br\/semcom\/wp-content\/uploads\/sites\/5\/2025\/10\/54889185776_00dd9d0aae_c.jpg","width":799,"height":533,"caption":"#paratodosverem \u2013 Presidente do FMS, ao lado do personagem do Papai Noel e da Cantata Natalina"},{"@type":"WebSite","@id":"https:\/\/www.manaus.am.gov.br\/semcom\/#website","url":"https:\/\/www.manaus.am.gov.br\/semcom\/","name":"SEMCOM","description":"Secretaria Municipal de Comunica\u00e7\u00e3o","potentialAction":[{"@type":"SearchAction","target":{"@type":"EntryPoint","urlTemplate":"https:\/\/www.manaus.am.gov.br\/semcom\/?s={search_term_string}"},"query-input":"required name=search_term_string"}],"inLanguage":"pt-BR"},{"@type":"Person","@id":"https:\/\/www.manaus.am.gov.br\/semcom\/#\/schema\/person\/466a0e03ae4b6062809046bd560ac955","name":"bvalente","image":{"@type":"ImageObject","inLanguage":"pt-BR","@id":"https:\/\/www.manaus.am.gov.br\/semcom\/#\/schema\/person\/image\/","url":"https:\/\/secure.gravatar.com\/avatar\/3e69bc2b014bdad41adfec3a39de07d2?s=96&d=mm&r=g","contentUrl":"https:\/\/secure.gravatar.com\/avatar\/3e69bc2b014bdad41adfec3a39de07d2?s=96&d=mm&r=g","caption":"bvalente"}}]}},"_links":{"self":[{"href":"https:\/\/www.manaus.am.gov.br\/semcom\/wp-json\/wp\/v2\/posts\/247760"}],"collection":[{"href":"https:\/\/www.manaus.am.gov.br\/semcom\/wp-json\/wp\/v2\/posts"}],"about":[{"href":"https:\/\/www.manaus.am.gov.br\/semcom\/wp-json\/wp\/v2\/types\/post"}],"author":[{"embeddable":true,"href":"https:\/\/www.manaus.am.gov.br\/semcom\/wp-json\/wp\/v2\/users\/68"}],"replies":[{"embeddable":true,"href":"https:\/\/www.manaus.am.gov.br\/semcom\/wp-json\/wp\/v2\/comments?post=247760"}],"version-history":[{"count":0,"href":"https:\/\/www.manaus.am.gov.br\/semcom\/wp-json\/wp\/v2\/posts\/247760\/revisions"}],"wp:featuredmedia":[{"embeddable":true,"href":"https:\/\/www.manaus.am.gov.br\/semcom\/wp-json\/wp\/v2\/media\/247761"}],"wp:attachment":[{"href":"https:\/\/www.manaus.am.gov.br\/semcom\/wp-json\/wp\/v2\/media?parent=247760"}],"wp:term":[{"taxonomy":"category","embeddable":true,"href":"https:\/\/www.manaus.am.gov.br\/semcom\/wp-json\/wp\/v2\/categories?post=247760"},{"taxonomy":"post_tag","embeddable":true,"href":"https:\/\/www.manaus.am.gov.br\/semcom\/wp-json\/wp\/v2\/tags?post=247760"}],"curies":[{"name":"wp","href":"https:\/\/api.w.org\/{rel}","templated":true}]}}