{"id":247755,"date":"2025-10-29T19:14:06","date_gmt":"2025-10-29T22:14:06","guid":{"rendered":"https:\/\/www.manaus.am.gov.br\/semcom\/plano-de-acao-climatica-de-manaus-2\/"},"modified":"2025-10-29T19:14:08","modified_gmt":"2025-10-29T22:14:08","slug":"plano-de-acao-climatica-de-manaus-2","status":"publish","type":"post","link":"https:\/\/www.manaus.am.gov.br\/semcom\/plano-de-acao-climatica-de-manaus-2\/","title":{"rendered":"Vice-Prefeito Renato Junior apresenta o Plano de A\u00e7\u00e3o Clim\u00e1tica de Manaus para consulta p\u00fablica em evento alusivo ao Sauim-de-coleira"},"content":{"rendered":"\n<p>O vice-prefeito de Manaus, Renato Junior, realizou, nesta quarta-feira, 29\/10, a apresenta\u00e7\u00e3o do Plano de A\u00e7\u00e3o Clim\u00e1tica de Manaus, coordenado pela Secretaria Municipal de Meio Ambiente e Sustentabilidade (Semmas), o qual est\u00e1 em fase de consulta p\u00fablica. O evento aconteceu no chap\u00e9u de palha do Parque Municipal do Mindu, no bairro Parque 10 de Novembro, zona Centro-Sul.<\/p>\n\n\n\n<p>O Plano de A\u00e7\u00e3o Clim\u00e1tica \u00e9 um instrumento estrat\u00e9gico que re\u00fane diagn\u00f3sticos, metas e a\u00e7\u00f5es voltadas \u00e0 mitiga\u00e7\u00e3o das emiss\u00f5es de Gases de Efeito Estufa (GEE) e \u00e0 adapta\u00e7\u00e3o da cidade aos impactos das mudan\u00e7as clim\u00e1ticas.<\/p>\n\n\n\n<p>Durante a apresenta\u00e7\u00e3o do plano, o vice-prefeito Renato Junior, destacou os pontos positivos deste documento. \u201cOs impactos positivos para Manaus s\u00e3o muito relacionados ao futuro, e quando falo isso \u00e9 porque s\u00e3o todas as \u00e1reas, n\u00e3o somente da emiss\u00e3o de gases, mas tamb\u00e9m \u00e9 das eros\u00f5es, as \u00e1reas que se aplicam dentro do meio ambiente. Para que esse plano estivesse pronto, 21 secretarias estiveram juntas, porque tocam muitas \u00e1reas como sa\u00fade, limpeza e agricultura\u201d, afirmou o vice-prefeito.<\/p>\n\n\n\n<p>O documento foi constru\u00eddo de forma participativa, com a realiza\u00e7\u00e3o de visitas t\u00e9cnicas e oficinas com membros de \u00f3rg\u00e3os p\u00fablicos e representantes da sociedade, afirmou o titular da Semmas, Fransu\u00e1 Matos.<\/p>\n\n\n\n<p>\u201cA Prefeitura de Manaus est\u00e1 na fase final de elabora\u00e7\u00e3o de um plano important\u00edssimo para a cidade, que \u00e9 o plano de enfrentamento a mudan\u00e7as clim\u00e1ticas, \u00e9 um plano que vai proporcionar uma vis\u00e3o das pr\u00f3ximas d\u00e9cadas do que provavelmente vai acontecer em diversas \u00e1reas da cidade e quais as a\u00e7\u00f5es que a prefeitura precisa tomar para diminuir eventos como alaga\u00e7\u00f5es, como deslizamentos, como ondas de calor, como inc\u00eandios florestais, arboviroses, secas, e isso vai fazer com que a popula\u00e7\u00e3o tenha uma maior qualidade de vida\u201d, salientou Matos.<\/p>\n\n\n\n<p>Na ocasi\u00e3o, o Instituto Sauim-de-coleira entregou \u00e0 gest\u00e3o da cidade um estudo sobre as \u00e1reas priorit\u00e1rias de atua\u00e7\u00e3o para a preserva\u00e7\u00e3o da esp\u00e9cie s\u00edmbolo de Manaus, celebrada neste m\u00eas de outubro. A programa\u00e7\u00e3o do evento contou ainda com palestra, apresenta\u00e7\u00e3o de trabalhos de estudantes sobre o tema, teatro de fantoches e trilhas no parque. Estiveram presentes as crian\u00e7as do Cmei Humberto de Alencar Castelo Branco e os estudantes da escola municipal Solange Nascimento.<\/p>\n\n\n\n<p>A chefe de divis\u00e3o de \u00e1reas protegidas da Semmas, Angeline Ugart, falou sobre a import\u00e2ncia de aprender desde pequeno que o primata Sauim-de-coleira \u00e9 um elemento de riqueza e patrim\u00f4nio para a cidade de Manaus e Amazonas.<\/p>\n\n\n\n<p>\u201cEsse evento \u00e9 alusivo a um importante elemento do ecossistema amaz\u00f4nico, trata-se de um primata, \u00e9 um grande dispersor de sementes, \u00e9 um alimentador das florestas e ele \u00e9 uma identidade local. Ele \u00e9 o mascote da cidade de Manaus, ele tem um decreto de 2005 e como elemento importante no ecossistema, \u00e9 preciso levar a sociedade, a comunidade estudantil, o sentimento de prote\u00e7\u00e3o, de participa\u00e7\u00e3o na conserva\u00e7\u00e3o daquilo que \u00e9 nosso, aquilo que forma a nossa cidade, o nosso ambiente, o nosso patrim\u00f4nio ambiental e aquilo que tamb\u00e9m est\u00e1 intr\u00ednseco na nossa identidade de manauaras\u201d, frisou.<\/p>\n\n\n\n<p>Para a estudante Rebeka Nogueira, a visita no parque do Mindu \u00e9 um grande aprendizado. \u201cEu aprendi sobre a import\u00e2ncia dos animais, que eles ajudam no nosso ecossistema solar. Aprendi sobre o cuidado da floresta, que ela ajuda na nossa respira\u00e7\u00e3o, nos nossos alimentos e nos animais tamb\u00e9m\u201d, finalizou.<\/p>\n\n\n\n<p>O instrumento de gest\u00e3o se encontra dispon\u00edvel para consulta p\u00fablica at\u00e9 o dia 22 de novembro, por meio do site: <a href=\"http:\/\/bit.ly\/pacmanaus\">bit.ly\/pacmanaus<\/a>. Nele, \u00e9 poss\u00edvel acessar o plano e enviar suas sugest\u00f5es por meio de um formul\u00e1rio.<\/p>\n\n\n\n<p>&#8212; &#8212; &#8212;<br><strong>Texto \u2013<\/strong> Marcilene Frutuoso \/ Semcom<br><strong>Foto \u2013<\/strong> Jo\u00e3o Viana \/ Semcom<br><strong>Dispon\u00edveis em \u2013<\/strong> <a href=\"https:\/\/flic.kr\/s\/aHBqjCyXBj\">https:\/\/flic.kr\/s\/aHBqjCyXBj<\/a>\u00a0<\/p>\n","protected":false},"excerpt":{"rendered":"","protected":false},"author":68,"featured_media":247756,"comment_status":"closed","ping_status":"closed","sticky":false,"template":"","format":"standard","meta":{"footnotes":""},"categories":[134],"tags":[17684,979,17685,77,19],"acf":[],"yoast_head":"<!-- This site is optimized with the Yoast SEO plugin v23.0 - https:\/\/yoast.com\/wordpress\/plugins\/seo\/ -->\n<title>Vice-Prefeito apresenta o Plano de A\u00e7\u00e3o Clim\u00e1tica de Manaus<\/title>\n<meta name=\"description\" content=\"O vice-prefeito de Manaus, Renato Junior, realizou, nesta quarta-feira, 29\/10, a apresenta\u00e7\u00e3o do Plano de A\u00e7\u00e3o Clim\u00e1tica de Manaus.\" \/>\n<meta name=\"robots\" content=\"index, follow, max-snippet:-1, max-image-preview:large, max-video-preview:-1\" \/>\n<link rel=\"canonical\" href=\"https:\/\/www.manaus.am.gov.br\/semcom\/plano-de-acao-climatica-de-manaus-2\/\" \/>\n<meta property=\"og:locale\" content=\"pt_BR\" \/>\n<meta property=\"og:type\" content=\"article\" \/>\n<meta property=\"og:title\" content=\"Vice-Prefeito apresenta o Plano de A\u00e7\u00e3o Clim\u00e1tica de Manaus\" \/>\n<meta property=\"og:description\" content=\"O vice-prefeito de Manaus, Renato Junior, realizou, nesta quarta-feira, 29\/10, a apresenta\u00e7\u00e3o do Plano de A\u00e7\u00e3o Clim\u00e1tica de Manaus.\" \/>\n<meta property=\"og:url\" content=\"https:\/\/www.manaus.am.gov.br\/semcom\/plano-de-acao-climatica-de-manaus-2\/\" \/>\n<meta property=\"og:site_name\" content=\"SEMCOM\" \/>\n<meta property=\"article:published_time\" content=\"2025-10-29T22:14:06+00:00\" \/>\n<meta property=\"article:modified_time\" content=\"2025-10-29T22:14:08+00:00\" \/>\n<meta property=\"og:image\" content=\"https:\/\/www.manaus.am.gov.br\/semcom\/wp-content\/uploads\/sites\/5\/2025\/10\/WhatsApp-Image-2025-10-29-at-18.01.14-2.jpeg\" \/>\n\t<meta property=\"og:image:width\" content=\"799\" \/>\n\t<meta property=\"og:image:height\" content=\"533\" \/>\n\t<meta property=\"og:image:type\" content=\"image\/jpeg\" \/>\n<meta name=\"author\" content=\"bvalente\" \/>\n<meta name=\"twitter:card\" content=\"summary_large_image\" \/>\n<meta name=\"twitter:label1\" content=\"Written by\" \/>\n\t<meta name=\"twitter:data1\" content=\"bvalente\" \/>\n\t<meta name=\"twitter:label2\" content=\"Est. reading time\" \/>\n\t<meta name=\"twitter:data2\" content=\"4 minutos\" \/>\n<script type=\"application\/ld+json\" class=\"yoast-schema-graph\">{\"@context\":\"https:\/\/schema.org\",\"@graph\":[{\"@type\":\"WebPage\",\"@id\":\"https:\/\/www.manaus.am.gov.br\/semcom\/plano-de-acao-climatica-de-manaus-2\/\",\"url\":\"https:\/\/www.manaus.am.gov.br\/semcom\/plano-de-acao-climatica-de-manaus-2\/\",\"name\":\"Vice-Prefeito apresenta o Plano de A\u00e7\u00e3o Clim\u00e1tica de Manaus\",\"isPartOf\":{\"@id\":\"https:\/\/www.manaus.am.gov.br\/semcom\/#website\"},\"primaryImageOfPage\":{\"@id\":\"https:\/\/www.manaus.am.gov.br\/semcom\/plano-de-acao-climatica-de-manaus-2\/#primaryimage\"},\"image\":{\"@id\":\"https:\/\/www.manaus.am.gov.br\/semcom\/plano-de-acao-climatica-de-manaus-2\/#primaryimage\"},\"thumbnailUrl\":\"https:\/\/www.manaus.am.gov.br\/semcom\/wp-content\/uploads\/sites\/5\/2025\/10\/WhatsApp-Image-2025-10-29-at-18.01.14-2.jpeg\",\"datePublished\":\"2025-10-29T22:14:06+00:00\",\"dateModified\":\"2025-10-29T22:14:08+00:00\",\"author\":{\"@id\":\"https:\/\/www.manaus.am.gov.br\/semcom\/#\/schema\/person\/466a0e03ae4b6062809046bd560ac955\"},\"description\":\"O vice-prefeito de Manaus, Renato Junior, realizou, nesta quarta-feira, 29\/10, a apresenta\u00e7\u00e3o do Plano de A\u00e7\u00e3o Clim\u00e1tica de Manaus.\",\"inLanguage\":\"pt-BR\",\"potentialAction\":[{\"@type\":\"ReadAction\",\"target\":[\"https:\/\/www.manaus.am.gov.br\/semcom\/plano-de-acao-climatica-de-manaus-2\/\"]}]},{\"@type\":\"ImageObject\",\"inLanguage\":\"pt-BR\",\"@id\":\"https:\/\/www.manaus.am.gov.br\/semcom\/plano-de-acao-climatica-de-manaus-2\/#primaryimage\",\"url\":\"https:\/\/www.manaus.am.gov.br\/semcom\/wp-content\/uploads\/sites\/5\/2025\/10\/WhatsApp-Image-2025-10-29-at-18.01.14-2.jpeg\",\"contentUrl\":\"https:\/\/www.manaus.am.gov.br\/semcom\/wp-content\/uploads\/sites\/5\/2025\/10\/WhatsApp-Image-2025-10-29-at-18.01.14-2.jpeg\",\"width\":799,\"height\":533,\"caption\":\"#paratodosverem \u2013 Vice-prefeito no palco durante discurso, com autoridades\"},{\"@type\":\"WebSite\",\"@id\":\"https:\/\/www.manaus.am.gov.br\/semcom\/#website\",\"url\":\"https:\/\/www.manaus.am.gov.br\/semcom\/\",\"name\":\"SEMCOM\",\"description\":\"Secretaria Municipal de Comunica\u00e7\u00e3o\",\"potentialAction\":[{\"@type\":\"SearchAction\",\"target\":{\"@type\":\"EntryPoint\",\"urlTemplate\":\"https:\/\/www.manaus.am.gov.br\/semcom\/?s={search_term_string}\"},\"query-input\":\"required name=search_term_string\"}],\"inLanguage\":\"pt-BR\"},{\"@type\":\"Person\",\"@id\":\"https:\/\/www.manaus.am.gov.br\/semcom\/#\/schema\/person\/466a0e03ae4b6062809046bd560ac955\",\"name\":\"bvalente\",\"image\":{\"@type\":\"ImageObject\",\"inLanguage\":\"pt-BR\",\"@id\":\"https:\/\/www.manaus.am.gov.br\/semcom\/#\/schema\/person\/image\/\",\"url\":\"https:\/\/secure.gravatar.com\/avatar\/3e69bc2b014bdad41adfec3a39de07d2?s=96&d=mm&r=g\",\"contentUrl\":\"https:\/\/secure.gravatar.com\/avatar\/3e69bc2b014bdad41adfec3a39de07d2?s=96&d=mm&r=g\",\"caption\":\"bvalente\"}}]}<\/script>\n<!-- \/ Yoast SEO plugin. -->","yoast_head_json":{"title":"Vice-Prefeito apresenta o Plano de A\u00e7\u00e3o Clim\u00e1tica de Manaus","description":"O vice-prefeito de Manaus, Renato Junior, realizou, nesta quarta-feira, 29\/10, a apresenta\u00e7\u00e3o do Plano de A\u00e7\u00e3o Clim\u00e1tica de Manaus.","robots":{"index":"index","follow":"follow","max-snippet":"max-snippet:-1","max-image-preview":"max-image-preview:large","max-video-preview":"max-video-preview:-1"},"canonical":"https:\/\/www.manaus.am.gov.br\/semcom\/plano-de-acao-climatica-de-manaus-2\/","og_locale":"pt_BR","og_type":"article","og_title":"Vice-Prefeito apresenta o Plano de A\u00e7\u00e3o Clim\u00e1tica de Manaus","og_description":"O vice-prefeito de Manaus, Renato Junior, realizou, nesta quarta-feira, 29\/10, a apresenta\u00e7\u00e3o do Plano de A\u00e7\u00e3o Clim\u00e1tica de Manaus.","og_url":"https:\/\/www.manaus.am.gov.br\/semcom\/plano-de-acao-climatica-de-manaus-2\/","og_site_name":"SEMCOM","article_published_time":"2025-10-29T22:14:06+00:00","article_modified_time":"2025-10-29T22:14:08+00:00","og_image":[{"width":799,"height":533,"url":"https:\/\/www.manaus.am.gov.br\/semcom\/wp-content\/uploads\/sites\/5\/2025\/10\/WhatsApp-Image-2025-10-29-at-18.01.14-2.jpeg","type":"image\/jpeg"}],"author":"bvalente","twitter_card":"summary_large_image","twitter_misc":{"Written by":"bvalente","Est. reading time":"4 minutos"},"schema":{"@context":"https:\/\/schema.org","@graph":[{"@type":"WebPage","@id":"https:\/\/www.manaus.am.gov.br\/semcom\/plano-de-acao-climatica-de-manaus-2\/","url":"https:\/\/www.manaus.am.gov.br\/semcom\/plano-de-acao-climatica-de-manaus-2\/","name":"Vice-Prefeito apresenta o Plano de A\u00e7\u00e3o Clim\u00e1tica de Manaus","isPartOf":{"@id":"https:\/\/www.manaus.am.gov.br\/semcom\/#website"},"primaryImageOfPage":{"@id":"https:\/\/www.manaus.am.gov.br\/semcom\/plano-de-acao-climatica-de-manaus-2\/#primaryimage"},"image":{"@id":"https:\/\/www.manaus.am.gov.br\/semcom\/plano-de-acao-climatica-de-manaus-2\/#primaryimage"},"thumbnailUrl":"https:\/\/www.manaus.am.gov.br\/semcom\/wp-content\/uploads\/sites\/5\/2025\/10\/WhatsApp-Image-2025-10-29-at-18.01.14-2.jpeg","datePublished":"2025-10-29T22:14:06+00:00","dateModified":"2025-10-29T22:14:08+00:00","author":{"@id":"https:\/\/www.manaus.am.gov.br\/semcom\/#\/schema\/person\/466a0e03ae4b6062809046bd560ac955"},"description":"O vice-prefeito de Manaus, Renato Junior, realizou, nesta quarta-feira, 29\/10, a apresenta\u00e7\u00e3o do Plano de A\u00e7\u00e3o Clim\u00e1tica de Manaus.","inLanguage":"pt-BR","potentialAction":[{"@type":"ReadAction","target":["https:\/\/www.manaus.am.gov.br\/semcom\/plano-de-acao-climatica-de-manaus-2\/"]}]},{"@type":"ImageObject","inLanguage":"pt-BR","@id":"https:\/\/www.manaus.am.gov.br\/semcom\/plano-de-acao-climatica-de-manaus-2\/#primaryimage","url":"https:\/\/www.manaus.am.gov.br\/semcom\/wp-content\/uploads\/sites\/5\/2025\/10\/WhatsApp-Image-2025-10-29-at-18.01.14-2.jpeg","contentUrl":"https:\/\/www.manaus.am.gov.br\/semcom\/wp-content\/uploads\/sites\/5\/2025\/10\/WhatsApp-Image-2025-10-29-at-18.01.14-2.jpeg","width":799,"height":533,"caption":"#paratodosverem \u2013 Vice-prefeito no palco durante discurso, com autoridades"},{"@type":"WebSite","@id":"https:\/\/www.manaus.am.gov.br\/semcom\/#website","url":"https:\/\/www.manaus.am.gov.br\/semcom\/","name":"SEMCOM","description":"Secretaria Municipal de Comunica\u00e7\u00e3o","potentialAction":[{"@type":"SearchAction","target":{"@type":"EntryPoint","urlTemplate":"https:\/\/www.manaus.am.gov.br\/semcom\/?s={search_term_string}"},"query-input":"required name=search_term_string"}],"inLanguage":"pt-BR"},{"@type":"Person","@id":"https:\/\/www.manaus.am.gov.br\/semcom\/#\/schema\/person\/466a0e03ae4b6062809046bd560ac955","name":"bvalente","image":{"@type":"ImageObject","inLanguage":"pt-BR","@id":"https:\/\/www.manaus.am.gov.br\/semcom\/#\/schema\/person\/image\/","url":"https:\/\/secure.gravatar.com\/avatar\/3e69bc2b014bdad41adfec3a39de07d2?s=96&d=mm&r=g","contentUrl":"https:\/\/secure.gravatar.com\/avatar\/3e69bc2b014bdad41adfec3a39de07d2?s=96&d=mm&r=g","caption":"bvalente"}}]}},"_links":{"self":[{"href":"https:\/\/www.manaus.am.gov.br\/semcom\/wp-json\/wp\/v2\/posts\/247755"}],"collection":[{"href":"https:\/\/www.manaus.am.gov.br\/semcom\/wp-json\/wp\/v2\/posts"}],"about":[{"href":"https:\/\/www.manaus.am.gov.br\/semcom\/wp-json\/wp\/v2\/types\/post"}],"author":[{"embeddable":true,"href":"https:\/\/www.manaus.am.gov.br\/semcom\/wp-json\/wp\/v2\/users\/68"}],"replies":[{"embeddable":true,"href":"https:\/\/www.manaus.am.gov.br\/semcom\/wp-json\/wp\/v2\/comments?post=247755"}],"version-history":[{"count":0,"href":"https:\/\/www.manaus.am.gov.br\/semcom\/wp-json\/wp\/v2\/posts\/247755\/revisions"}],"wp:featuredmedia":[{"embeddable":true,"href":"https:\/\/www.manaus.am.gov.br\/semcom\/wp-json\/wp\/v2\/media\/247756"}],"wp:attachment":[{"href":"https:\/\/www.manaus.am.gov.br\/semcom\/wp-json\/wp\/v2\/media?parent=247755"}],"wp:term":[{"taxonomy":"category","embeddable":true,"href":"https:\/\/www.manaus.am.gov.br\/semcom\/wp-json\/wp\/v2\/categories?post=247755"},{"taxonomy":"post_tag","embeddable":true,"href":"https:\/\/www.manaus.am.gov.br\/semcom\/wp-json\/wp\/v2\/tags?post=247755"}],"curies":[{"name":"wp","href":"https:\/\/api.w.org\/{rel}","templated":true}]}}