{"id":247731,"date":"2025-10-29T12:35:02","date_gmt":"2025-10-29T16:35:02","guid":{"rendered":"https:\/\/www.manaus.am.gov.br\/semcom\/prefeitura-semtepi-vendas-chatgpt\/"},"modified":"2025-10-29T13:36:35","modified_gmt":"2025-10-29T16:36:35","slug":"prefeitura-semtepi-vendas-chatgpt","status":"publish","type":"post","link":"https:\/\/www.manaus.am.gov.br\/semcom\/prefeitura-semtepi-vendas-chatgpt\/","title":{"rendered":"Prefeitura de Manaus divulga lista de selecionadas para curso de estrat\u00e9gia de vendas com ChatGPT"},"content":{"rendered":"\n<p>A Prefeitura de Manaus, por meio da Secretaria Municipal do Trabalho, Empreendedorismo e Inova\u00e7\u00e3o (Semtepi), em&nbsp;parceria com o&nbsp;Ambiente Digital, divulgou, nesta quarta-feira, 29\/10, a lista das 80 mulheres selecionadas para participar do curso \u201cOutubro Rosa: Estrat\u00e9gias de Vendas para Mulheres utilizando o ChatGPT\u201d. O treinamento ser\u00e1 realizado nesta sexta-feira, 31\/10, das 9h \u00e0s 12h, no Casar\u00e3o de Inova\u00e7\u00e3o Cassina, localizado na&nbsp;<a href=\"https:\/\/www.google.com\/maps\/search\/rua%0D%0ABernardo+Ramos,+n%C2%BA+295?entry=gmail&amp;source=g\" target=\"_blank\" rel=\"noreferrer noopener\">rua Bernardo Ramos, n\u00ba 295<\/a>, Centro.&nbsp;<\/p>\n\n\n\n<p>A capacita\u00e7\u00e3o \u00e9 voltada ao fortalecimento do empreendedorismo feminino e \u00e0 inclus\u00e3o digital, incentivando o uso de ferramentas de intelig\u00eancia artificial como aliadas na comunica\u00e7\u00e3o e nas vendas.<\/p>\n\n\n\n<p>De acordo com o secret\u00e1rio da Semtepi, Alonso Oliveira, a iniciativa busca fortalecer o protagonismo feminino e incentivar o uso de novas tecnologias como ferramenta de crescimento profissional.<\/p>\n\n\n\n<p>\u201cO curso une dois pilares fundamentais das nossas pol\u00edticas p\u00fablicas: o empoderamento das mulheres e o incentivo \u00e0 inova\u00e7\u00e3o. Queremos que cada participante saia dessa experi\u00eancia com mais confian\u00e7a, conhecimento e autonomia para usar a tecnologia a favor dos seus neg\u00f3cios e sonhos\u201d, destacou Alonso.<\/p>\n\n\n\n<p>As participantes selecionadas devem comparecer ao local na data e hor\u00e1rio informados, munidas de documento oficial com foto. Quem n\u00e3o comparecer no primeiro dia de aula ser\u00e1 automaticamente substitu\u00edda por uma candidata da lista de espera.<\/p>\n\n\n\n<p>&#8212; &#8212; &#8212;<\/p>\n\n\n\n<p><strong>Texto e<\/strong> <strong>fotos\u00a0<\/strong>&#8211; Divulga\u00e7\u00e3o \/ Semtepi<\/p>\n\n\n\n<div data-wp-interactive=\"\" class=\"wp-block-file\"><object data-wp-bind--hidden=\"!selectors.core.file.hasPdfPreview\" hidden class=\"wp-block-file__embed\" data=\"https:\/\/www.manaus.am.gov.br\/semcom\/wp-content\/uploads\/sites\/5\/2025\/10\/LISTA-DE-SELECIONADOS-31-10-2025.pdf\" type=\"application\/pdf\" style=\"width:100%;height:600px\" aria-label=\"Incorporado de LISTA DE SELECIONADOS 31-10-2025.\"><\/object><a id=\"wp-block-file--media-fc510b79-b495-4855-8b2b-6f635f731cb0\" href=\"https:\/\/www.manaus.am.gov.br\/semcom\/wp-content\/uploads\/sites\/5\/2025\/10\/LISTA-DE-SELECIONADOS-31-10-2025.pdf\">LISTA DE SELECIONADOS 31-10-2025<\/a><a href=\"https:\/\/www.manaus.am.gov.br\/semcom\/wp-content\/uploads\/sites\/5\/2025\/10\/LISTA-DE-SELECIONADOS-31-10-2025.pdf\" class=\"wp-block-file__button wp-element-button\" download aria-describedby=\"wp-block-file--media-fc510b79-b495-4855-8b2b-6f635f731cb0\">Baixar<\/a><\/div>\n","protected":false},"excerpt":{"rendered":"","protected":false},"author":23,"featured_media":247732,"comment_status":"closed","ping_status":"closed","sticky":false,"template":"","format":"standard","meta":{"footnotes":""},"categories":[3085],"tags":[17676,899,5415,77,22,9080],"acf":[],"yoast_head":"<!-- This site is optimized with the Yoast SEO plugin v23.0 - https:\/\/yoast.com\/wordpress\/plugins\/seo\/ -->\n<title>Prefeitura de Manaus divulga lista de selecionadas para curso de estrat\u00e9gia de vendas com ChatGPT<\/title>\n<meta name=\"description\" content=\"A Prefeitura de Manaus, por meio da Secretaria Municipal do Trabalho, Empreendedorismo e Inova\u00e7\u00e3o (Semtepi), em parceria com o Ambiente Digital, divulgou, nesta quarta-feira, 29\/10, a lista das 80 mulheres selecionadas para participar do curso \u201cOutubro Rosa: Estrat\u00e9gias de Vendas para Mulheres utilizando o ChatGPT\u201d. O treinamento ser\u00e1 realizado nesta sexta-feira, 31\/10, das 9h \u00e0s 12h, no Casar\u00e3o de Inova\u00e7\u00e3o Cassina, localizado na rua Bernardo Ramos, n\u00ba 295, Centro.\" \/>\n<meta name=\"robots\" content=\"index, follow, max-snippet:-1, max-image-preview:large, max-video-preview:-1\" \/>\n<link rel=\"canonical\" href=\"https:\/\/www.manaus.am.gov.br\/semcom\/prefeitura-semtepi-vendas-chatgpt\/\" \/>\n<meta property=\"og:locale\" content=\"pt_BR\" \/>\n<meta property=\"og:type\" content=\"article\" \/>\n<meta property=\"og:title\" content=\"Prefeitura de Manaus divulga lista de selecionadas para curso de estrat\u00e9gia de vendas com ChatGPT\" \/>\n<meta property=\"og:description\" content=\"A Prefeitura de Manaus, por meio da Secretaria Municipal do Trabalho, Empreendedorismo e Inova\u00e7\u00e3o (Semtepi), em parceria com o Ambiente Digital, divulgou, nesta quarta-feira, 29\/10, a lista das 80 mulheres selecionadas para participar do curso \u201cOutubro Rosa: Estrat\u00e9gias de Vendas para Mulheres utilizando o ChatGPT\u201d. O treinamento ser\u00e1 realizado nesta sexta-feira, 31\/10, das 9h \u00e0s 12h, no Casar\u00e3o de Inova\u00e7\u00e3o Cassina, localizado na rua Bernardo Ramos, n\u00ba 295, Centro.\" \/>\n<meta property=\"og:url\" content=\"https:\/\/www.manaus.am.gov.br\/semcom\/prefeitura-semtepi-vendas-chatgpt\/\" \/>\n<meta property=\"og:site_name\" content=\"SEMCOM\" \/>\n<meta property=\"article:published_time\" content=\"2025-10-29T16:35:02+00:00\" \/>\n<meta property=\"article:modified_time\" content=\"2025-10-29T16:36:35+00:00\" \/>\n<meta property=\"og:image\" content=\"https:\/\/www.manaus.am.gov.br\/semcom\/wp-content\/uploads\/sites\/5\/2025\/10\/WhatsApp-Image-2025-10-29-at-12.10.05.jpeg\" \/>\n\t<meta property=\"og:image:width\" content=\"1600\" \/>\n\t<meta property=\"og:image:height\" content=\"1069\" \/>\n\t<meta property=\"og:image:type\" content=\"image\/jpeg\" \/>\n<meta name=\"author\" content=\"Adriana Costa\" \/>\n<meta name=\"twitter:card\" content=\"summary_large_image\" \/>\n<meta name=\"twitter:label1\" content=\"Written by\" \/>\n\t<meta name=\"twitter:data1\" content=\"Adriana Costa\" \/>\n\t<meta name=\"twitter:label2\" content=\"Est. reading time\" \/>\n\t<meta name=\"twitter:data2\" content=\"2 minutos\" \/>\n<script type=\"application\/ld+json\" class=\"yoast-schema-graph\">{\"@context\":\"https:\/\/schema.org\",\"@graph\":[{\"@type\":\"WebPage\",\"@id\":\"https:\/\/www.manaus.am.gov.br\/semcom\/prefeitura-semtepi-vendas-chatgpt\/\",\"url\":\"https:\/\/www.manaus.am.gov.br\/semcom\/prefeitura-semtepi-vendas-chatgpt\/\",\"name\":\"Prefeitura de Manaus divulga lista de selecionadas para curso de estrat\u00e9gia de vendas com ChatGPT\",\"isPartOf\":{\"@id\":\"https:\/\/www.manaus.am.gov.br\/semcom\/#website\"},\"primaryImageOfPage\":{\"@id\":\"https:\/\/www.manaus.am.gov.br\/semcom\/prefeitura-semtepi-vendas-chatgpt\/#primaryimage\"},\"image\":{\"@id\":\"https:\/\/www.manaus.am.gov.br\/semcom\/prefeitura-semtepi-vendas-chatgpt\/#primaryimage\"},\"thumbnailUrl\":\"https:\/\/www.manaus.am.gov.br\/semcom\/wp-content\/uploads\/sites\/5\/2025\/10\/WhatsApp-Image-2025-10-29-at-12.10.05.jpeg\",\"datePublished\":\"2025-10-29T16:35:02+00:00\",\"dateModified\":\"2025-10-29T16:36:35+00:00\",\"author\":{\"@id\":\"https:\/\/www.manaus.am.gov.br\/semcom\/#\/schema\/person\/4e49f4e267757a06ca072ec61b2b9968\"},\"description\":\"A Prefeitura de Manaus, por meio da Secretaria Municipal do Trabalho, Empreendedorismo e Inova\u00e7\u00e3o (Semtepi), em parceria com o Ambiente Digital, divulgou, nesta quarta-feira, 29\/10, a lista das 80 mulheres selecionadas para participar do curso \u201cOutubro Rosa: Estrat\u00e9gias de Vendas para Mulheres utilizando o ChatGPT\u201d. O treinamento ser\u00e1 realizado nesta sexta-feira, 31\/10, das 9h \u00e0s 12h, no Casar\u00e3o de Inova\u00e7\u00e3o Cassina, localizado na rua Bernardo Ramos, n\u00ba 295, Centro.\",\"inLanguage\":\"pt-BR\",\"potentialAction\":[{\"@type\":\"ReadAction\",\"target\":[\"https:\/\/www.manaus.am.gov.br\/semcom\/prefeitura-semtepi-vendas-chatgpt\/\"]}]},{\"@type\":\"ImageObject\",\"inLanguage\":\"pt-BR\",\"@id\":\"https:\/\/www.manaus.am.gov.br\/semcom\/prefeitura-semtepi-vendas-chatgpt\/#primaryimage\",\"url\":\"https:\/\/www.manaus.am.gov.br\/semcom\/wp-content\/uploads\/sites\/5\/2025\/10\/WhatsApp-Image-2025-10-29-at-12.10.05.jpeg\",\"contentUrl\":\"https:\/\/www.manaus.am.gov.br\/semcom\/wp-content\/uploads\/sites\/5\/2025\/10\/WhatsApp-Image-2025-10-29-at-12.10.05.jpeg\",\"width\":1600,\"height\":1069,\"caption\":\"#paratodosverem - Mulheres participam de curso da Semtepi\"},{\"@type\":\"WebSite\",\"@id\":\"https:\/\/www.manaus.am.gov.br\/semcom\/#website\",\"url\":\"https:\/\/www.manaus.am.gov.br\/semcom\/\",\"name\":\"SEMCOM\",\"description\":\"Secretaria Municipal de Comunica\u00e7\u00e3o\",\"potentialAction\":[{\"@type\":\"SearchAction\",\"target\":{\"@type\":\"EntryPoint\",\"urlTemplate\":\"https:\/\/www.manaus.am.gov.br\/semcom\/?s={search_term_string}\"},\"query-input\":\"required name=search_term_string\"}],\"inLanguage\":\"pt-BR\"},{\"@type\":\"Person\",\"@id\":\"https:\/\/www.manaus.am.gov.br\/semcom\/#\/schema\/person\/4e49f4e267757a06ca072ec61b2b9968\",\"name\":\"Adriana Costa\",\"image\":{\"@type\":\"ImageObject\",\"inLanguage\":\"pt-BR\",\"@id\":\"https:\/\/www.manaus.am.gov.br\/semcom\/#\/schema\/person\/image\/\",\"url\":\"https:\/\/secure.gravatar.com\/avatar\/576258617ef7194f718179e766d57bd4?s=96&d=mm&r=g\",\"contentUrl\":\"https:\/\/secure.gravatar.com\/avatar\/576258617ef7194f718179e766d57bd4?s=96&d=mm&r=g\",\"caption\":\"Adriana Costa\"}}]}<\/script>\n<!-- \/ Yoast SEO plugin. -->","yoast_head_json":{"title":"Prefeitura de Manaus divulga lista de selecionadas para curso de estrat\u00e9gia de vendas com ChatGPT","description":"A Prefeitura de Manaus, por meio da Secretaria Municipal do Trabalho, Empreendedorismo e Inova\u00e7\u00e3o (Semtepi), em parceria com o Ambiente Digital, divulgou, nesta quarta-feira, 29\/10, a lista das 80 mulheres selecionadas para participar do curso \u201cOutubro Rosa: Estrat\u00e9gias de Vendas para Mulheres utilizando o ChatGPT\u201d. O treinamento ser\u00e1 realizado nesta sexta-feira, 31\/10, das 9h \u00e0s 12h, no Casar\u00e3o de Inova\u00e7\u00e3o Cassina, localizado na rua Bernardo Ramos, n\u00ba 295, Centro.","robots":{"index":"index","follow":"follow","max-snippet":"max-snippet:-1","max-image-preview":"max-image-preview:large","max-video-preview":"max-video-preview:-1"},"canonical":"https:\/\/www.manaus.am.gov.br\/semcom\/prefeitura-semtepi-vendas-chatgpt\/","og_locale":"pt_BR","og_type":"article","og_title":"Prefeitura de Manaus divulga lista de selecionadas para curso de estrat\u00e9gia de vendas com ChatGPT","og_description":"A Prefeitura de Manaus, por meio da Secretaria Municipal do Trabalho, Empreendedorismo e Inova\u00e7\u00e3o (Semtepi), em parceria com o Ambiente Digital, divulgou, nesta quarta-feira, 29\/10, a lista das 80 mulheres selecionadas para participar do curso \u201cOutubro Rosa: Estrat\u00e9gias de Vendas para Mulheres utilizando o ChatGPT\u201d. O treinamento ser\u00e1 realizado nesta sexta-feira, 31\/10, das 9h \u00e0s 12h, no Casar\u00e3o de Inova\u00e7\u00e3o Cassina, localizado na rua Bernardo Ramos, n\u00ba 295, Centro.","og_url":"https:\/\/www.manaus.am.gov.br\/semcom\/prefeitura-semtepi-vendas-chatgpt\/","og_site_name":"SEMCOM","article_published_time":"2025-10-29T16:35:02+00:00","article_modified_time":"2025-10-29T16:36:35+00:00","og_image":[{"width":1600,"height":1069,"url":"https:\/\/www.manaus.am.gov.br\/semcom\/wp-content\/uploads\/sites\/5\/2025\/10\/WhatsApp-Image-2025-10-29-at-12.10.05.jpeg","type":"image\/jpeg"}],"author":"Adriana Costa","twitter_card":"summary_large_image","twitter_misc":{"Written by":"Adriana Costa","Est. reading time":"2 minutos"},"schema":{"@context":"https:\/\/schema.org","@graph":[{"@type":"WebPage","@id":"https:\/\/www.manaus.am.gov.br\/semcom\/prefeitura-semtepi-vendas-chatgpt\/","url":"https:\/\/www.manaus.am.gov.br\/semcom\/prefeitura-semtepi-vendas-chatgpt\/","name":"Prefeitura de Manaus divulga lista de selecionadas para curso de estrat\u00e9gia de vendas com ChatGPT","isPartOf":{"@id":"https:\/\/www.manaus.am.gov.br\/semcom\/#website"},"primaryImageOfPage":{"@id":"https:\/\/www.manaus.am.gov.br\/semcom\/prefeitura-semtepi-vendas-chatgpt\/#primaryimage"},"image":{"@id":"https:\/\/www.manaus.am.gov.br\/semcom\/prefeitura-semtepi-vendas-chatgpt\/#primaryimage"},"thumbnailUrl":"https:\/\/www.manaus.am.gov.br\/semcom\/wp-content\/uploads\/sites\/5\/2025\/10\/WhatsApp-Image-2025-10-29-at-12.10.05.jpeg","datePublished":"2025-10-29T16:35:02+00:00","dateModified":"2025-10-29T16:36:35+00:00","author":{"@id":"https:\/\/www.manaus.am.gov.br\/semcom\/#\/schema\/person\/4e49f4e267757a06ca072ec61b2b9968"},"description":"A Prefeitura de Manaus, por meio da Secretaria Municipal do Trabalho, Empreendedorismo e Inova\u00e7\u00e3o (Semtepi), em parceria com o Ambiente Digital, divulgou, nesta quarta-feira, 29\/10, a lista das 80 mulheres selecionadas para participar do curso \u201cOutubro Rosa: Estrat\u00e9gias de Vendas para Mulheres utilizando o ChatGPT\u201d. O treinamento ser\u00e1 realizado nesta sexta-feira, 31\/10, das 9h \u00e0s 12h, no Casar\u00e3o de Inova\u00e7\u00e3o Cassina, localizado na rua Bernardo Ramos, n\u00ba 295, Centro.","inLanguage":"pt-BR","potentialAction":[{"@type":"ReadAction","target":["https:\/\/www.manaus.am.gov.br\/semcom\/prefeitura-semtepi-vendas-chatgpt\/"]}]},{"@type":"ImageObject","inLanguage":"pt-BR","@id":"https:\/\/www.manaus.am.gov.br\/semcom\/prefeitura-semtepi-vendas-chatgpt\/#primaryimage","url":"https:\/\/www.manaus.am.gov.br\/semcom\/wp-content\/uploads\/sites\/5\/2025\/10\/WhatsApp-Image-2025-10-29-at-12.10.05.jpeg","contentUrl":"https:\/\/www.manaus.am.gov.br\/semcom\/wp-content\/uploads\/sites\/5\/2025\/10\/WhatsApp-Image-2025-10-29-at-12.10.05.jpeg","width":1600,"height":1069,"caption":"#paratodosverem - Mulheres participam de curso da Semtepi"},{"@type":"WebSite","@id":"https:\/\/www.manaus.am.gov.br\/semcom\/#website","url":"https:\/\/www.manaus.am.gov.br\/semcom\/","name":"SEMCOM","description":"Secretaria Municipal de Comunica\u00e7\u00e3o","potentialAction":[{"@type":"SearchAction","target":{"@type":"EntryPoint","urlTemplate":"https:\/\/www.manaus.am.gov.br\/semcom\/?s={search_term_string}"},"query-input":"required name=search_term_string"}],"inLanguage":"pt-BR"},{"@type":"Person","@id":"https:\/\/www.manaus.am.gov.br\/semcom\/#\/schema\/person\/4e49f4e267757a06ca072ec61b2b9968","name":"Adriana Costa","image":{"@type":"ImageObject","inLanguage":"pt-BR","@id":"https:\/\/www.manaus.am.gov.br\/semcom\/#\/schema\/person\/image\/","url":"https:\/\/secure.gravatar.com\/avatar\/576258617ef7194f718179e766d57bd4?s=96&d=mm&r=g","contentUrl":"https:\/\/secure.gravatar.com\/avatar\/576258617ef7194f718179e766d57bd4?s=96&d=mm&r=g","caption":"Adriana Costa"}}]}},"_links":{"self":[{"href":"https:\/\/www.manaus.am.gov.br\/semcom\/wp-json\/wp\/v2\/posts\/247731"}],"collection":[{"href":"https:\/\/www.manaus.am.gov.br\/semcom\/wp-json\/wp\/v2\/posts"}],"about":[{"href":"https:\/\/www.manaus.am.gov.br\/semcom\/wp-json\/wp\/v2\/types\/post"}],"author":[{"embeddable":true,"href":"https:\/\/www.manaus.am.gov.br\/semcom\/wp-json\/wp\/v2\/users\/23"}],"replies":[{"embeddable":true,"href":"https:\/\/www.manaus.am.gov.br\/semcom\/wp-json\/wp\/v2\/comments?post=247731"}],"version-history":[{"count":2,"href":"https:\/\/www.manaus.am.gov.br\/semcom\/wp-json\/wp\/v2\/posts\/247731\/revisions"}],"predecessor-version":[{"id":247735,"href":"https:\/\/www.manaus.am.gov.br\/semcom\/wp-json\/wp\/v2\/posts\/247731\/revisions\/247735"}],"wp:featuredmedia":[{"embeddable":true,"href":"https:\/\/www.manaus.am.gov.br\/semcom\/wp-json\/wp\/v2\/media\/247732"}],"wp:attachment":[{"href":"https:\/\/www.manaus.am.gov.br\/semcom\/wp-json\/wp\/v2\/media?parent=247731"}],"wp:term":[{"taxonomy":"category","embeddable":true,"href":"https:\/\/www.manaus.am.gov.br\/semcom\/wp-json\/wp\/v2\/categories?post=247731"},{"taxonomy":"post_tag","embeddable":true,"href":"https:\/\/www.manaus.am.gov.br\/semcom\/wp-json\/wp\/v2\/tags?post=247731"}],"curies":[{"name":"wp","href":"https:\/\/api.w.org\/{rel}","templated":true}]}}