{"id":247712,"date":"2025-10-29T10:22:03","date_gmt":"2025-10-29T13:22:03","guid":{"rendered":"https:\/\/www.manaus.am.gov.br\/semcom\/prefeitura-fdt-capacitacao-primeirossocorros\/"},"modified":"2025-10-29T10:22:06","modified_gmt":"2025-10-29T13:22:06","slug":"prefeitura-fdt-capacitacao-primeirossocorros","status":"publish","type":"post","link":"https:\/\/www.manaus.am.gov.br\/semcom\/prefeitura-fdt-capacitacao-primeirossocorros\/","title":{"rendered":"Prefeitura de Manaus capacita servidores do Parque Municipal do Idoso em primeiros socorros"},"content":{"rendered":"\n<p>A Prefeitura de Manaus, por meio da Funda\u00e7\u00e3o de Apoio ao Idoso Dr. Thomas (FDT), em parceria com a Secretaria Municipal de Sa\u00fade (Semsa) e o Servi\u00e7o de Atendimento M\u00f3vel de Urg\u00eancia (Samu), realizou, nesta ter\u00e7a-feira, 28\/10, uma capacita\u00e7\u00e3o em primeiros socorros voltada aos servidores do Parque Municipal do Idoso (PMI). O treinamento ocorreu no audit\u00f3rio do parque, localizado no bairro Nossa Senhora das Gra\u00e7as, zona Centro-Sul da capital.<\/p>\n\n\n\n<p>A iniciativa teve como objetivo preparar os profissionais para agir, de forma r\u00e1pida e segura, em situa\u00e7\u00f5es de emerg\u00eancia, refor\u00e7ando a prote\u00e7\u00e3o e o cuidado com o p\u00fablico idoso que frequenta o espa\u00e7o. Durante a atividade, os participantes receberam instru\u00e7\u00f5es te\u00f3ricas e pr\u00e1ticas sobre reconhecimento de parada cardiorrespirat\u00f3ria, desobstru\u00e7\u00e3o de vias a\u00e9reas e medidas iniciais de socorro at\u00e9 a chegada das equipes do Samu.<\/p>\n\n\n\n<p>O diretor-presidente da FDT, Eduardo Lucas, destacou que a a\u00e7\u00e3o integra o conjunto de medidas cont\u00ednuas da gest\u00e3o municipal voltadas \u00e0 valoriza\u00e7\u00e3o da pessoa idosa.<\/p>\n\n\n\n<p>\u201cA prefeitura tem trabalhado de forma permanente para fortalecer as pr\u00e1ticas de cuidado e preven\u00e7\u00e3o. Investir na capacita\u00e7\u00e3o dos nossos servidores \u00e9 garantir que cada profissional esteja preparado para agir com responsabilidade e seguran\u00e7a, preservando vidas e promovendo bem-estar\u201d, afirmou.<\/p>\n\n\n\n<p>A enfermeira e chefe do N\u00facleo de Sa\u00fade do Samu, Leda Sobral, ressaltou que o treinamento \u00e9 essencial para ampliar a capacidade de resposta das equipes que atuam em espa\u00e7os com grande concentra\u00e7\u00e3o de pessoas idosas.<\/p>\n\n\n\n<p>\u201c\u00c9 fundamental que todos saibam como proceder em situa\u00e7\u00f5es de emerg\u00eancia, oferecendo mais chances de sobreviv\u00eancia e seguran\u00e7a \u00e0 popula\u00e7\u00e3o at\u00e9 a chegada do Samu para dar continuidade ao atendimento\u201d, destacou a profissional.<\/p>\n\n\n\n<p>A capacita\u00e7\u00e3o refor\u00e7a o compromisso da Prefeitura de Manaus, por meio da Funda\u00e7\u00e3o Dr. Thomas, com a seguran\u00e7a, o bem-estar e a valoriza\u00e7\u00e3o da pessoa idosa, fortalecendo a integra\u00e7\u00e3o entre FDT, Semsa e Samu para aprimorar o atendimento e tornar Manaus uma cidade mais acolhedora e preparada.<\/p>\n\n\n\n<p>&#8212; &#8212; &#8212;<\/p>\n\n\n\n<p><strong>Texto e fotos <\/strong>&#8211;\u00a0Ge\u00f3rgia Varela \/ FDT<\/p>\n","protected":false},"excerpt":{"rendered":"","protected":false},"author":23,"featured_media":247713,"comment_status":"closed","ping_status":"closed","sticky":false,"template":"","format":"standard","meta":{"footnotes":""},"categories":[7843],"tags":[190,429,77,6013,1869],"acf":[],"yoast_head":"<!-- This site is optimized with the Yoast SEO plugin v23.0 - https:\/\/yoast.com\/wordpress\/plugins\/seo\/ -->\n<title>Prefeitura de Manaus capacita servidores do Parque Municipal do Idoso em primeiros socorros<\/title>\n<meta name=\"description\" content=\"A Prefeitura de Manaus, por meio da Funda\u00e7\u00e3o de Apoio ao Idoso Dr. Thomas (FDT), em parceria com a Secretaria Municipal de Sa\u00fade (Semsa) e o Servi\u00e7o de Atendimento M\u00f3vel de Urg\u00eancia (Samu), realizou, nesta ter\u00e7a-feira, 28\/10, uma capacita\u00e7\u00e3o em primeiros socorros voltada aos servidores do Parque Municipal do Idoso (PMI).\" \/>\n<meta name=\"robots\" content=\"index, follow, max-snippet:-1, max-image-preview:large, max-video-preview:-1\" \/>\n<link rel=\"canonical\" href=\"https:\/\/www.manaus.am.gov.br\/semcom\/prefeitura-fdt-capacitacao-primeirossocorros\/\" \/>\n<meta property=\"og:locale\" content=\"pt_BR\" \/>\n<meta property=\"og:type\" content=\"article\" \/>\n<meta property=\"og:title\" content=\"Prefeitura de Manaus capacita servidores do Parque Municipal do Idoso em primeiros socorros\" \/>\n<meta property=\"og:description\" content=\"A Prefeitura de Manaus, por meio da Funda\u00e7\u00e3o de Apoio ao Idoso Dr. Thomas (FDT), em parceria com a Secretaria Municipal de Sa\u00fade (Semsa) e o Servi\u00e7o de Atendimento M\u00f3vel de Urg\u00eancia (Samu), realizou, nesta ter\u00e7a-feira, 28\/10, uma capacita\u00e7\u00e3o em primeiros socorros voltada aos servidores do Parque Municipal do Idoso (PMI).\" \/>\n<meta property=\"og:url\" content=\"https:\/\/www.manaus.am.gov.br\/semcom\/prefeitura-fdt-capacitacao-primeirossocorros\/\" \/>\n<meta property=\"og:site_name\" content=\"SEMCOM\" \/>\n<meta property=\"article:published_time\" content=\"2025-10-29T13:22:03+00:00\" \/>\n<meta property=\"article:modified_time\" content=\"2025-10-29T13:22:06+00:00\" \/>\n<meta property=\"og:image\" content=\"https:\/\/www.manaus.am.gov.br\/semcom\/wp-content\/uploads\/sites\/5\/2025\/10\/a4950a65-23d3-4ec0-855b-d242087441c0.jpeg\" \/>\n\t<meta property=\"og:image:width\" content=\"3323\" \/>\n\t<meta property=\"og:image:height\" content=\"2492\" \/>\n\t<meta property=\"og:image:type\" content=\"image\/jpeg\" \/>\n<meta name=\"author\" content=\"Adriana Costa\" \/>\n<meta name=\"twitter:card\" content=\"summary_large_image\" \/>\n<meta name=\"twitter:label1\" content=\"Written by\" \/>\n\t<meta name=\"twitter:data1\" content=\"Adriana Costa\" \/>\n\t<meta name=\"twitter:label2\" content=\"Est. reading time\" \/>\n\t<meta name=\"twitter:data2\" content=\"2 minutos\" \/>\n<script type=\"application\/ld+json\" class=\"yoast-schema-graph\">{\"@context\":\"https:\/\/schema.org\",\"@graph\":[{\"@type\":\"WebPage\",\"@id\":\"https:\/\/www.manaus.am.gov.br\/semcom\/prefeitura-fdt-capacitacao-primeirossocorros\/\",\"url\":\"https:\/\/www.manaus.am.gov.br\/semcom\/prefeitura-fdt-capacitacao-primeirossocorros\/\",\"name\":\"Prefeitura de Manaus capacita servidores do Parque Municipal do Idoso em primeiros socorros\",\"isPartOf\":{\"@id\":\"https:\/\/www.manaus.am.gov.br\/semcom\/#website\"},\"primaryImageOfPage\":{\"@id\":\"https:\/\/www.manaus.am.gov.br\/semcom\/prefeitura-fdt-capacitacao-primeirossocorros\/#primaryimage\"},\"image\":{\"@id\":\"https:\/\/www.manaus.am.gov.br\/semcom\/prefeitura-fdt-capacitacao-primeirossocorros\/#primaryimage\"},\"thumbnailUrl\":\"https:\/\/www.manaus.am.gov.br\/semcom\/wp-content\/uploads\/sites\/5\/2025\/10\/a4950a65-23d3-4ec0-855b-d242087441c0.jpeg\",\"datePublished\":\"2025-10-29T13:22:03+00:00\",\"dateModified\":\"2025-10-29T13:22:06+00:00\",\"author\":{\"@id\":\"https:\/\/www.manaus.am.gov.br\/semcom\/#\/schema\/person\/4e49f4e267757a06ca072ec61b2b9968\"},\"description\":\"A Prefeitura de Manaus, por meio da Funda\u00e7\u00e3o de Apoio ao Idoso Dr. Thomas (FDT), em parceria com a Secretaria Municipal de Sa\u00fade (Semsa) e o Servi\u00e7o de Atendimento M\u00f3vel de Urg\u00eancia (Samu), realizou, nesta ter\u00e7a-feira, 28\/10, uma capacita\u00e7\u00e3o em primeiros socorros voltada aos servidores do Parque Municipal do Idoso (PMI).\",\"inLanguage\":\"pt-BR\",\"potentialAction\":[{\"@type\":\"ReadAction\",\"target\":[\"https:\/\/www.manaus.am.gov.br\/semcom\/prefeitura-fdt-capacitacao-primeirossocorros\/\"]}]},{\"@type\":\"ImageObject\",\"inLanguage\":\"pt-BR\",\"@id\":\"https:\/\/www.manaus.am.gov.br\/semcom\/prefeitura-fdt-capacitacao-primeirossocorros\/#primaryimage\",\"url\":\"https:\/\/www.manaus.am.gov.br\/semcom\/wp-content\/uploads\/sites\/5\/2025\/10\/a4950a65-23d3-4ec0-855b-d242087441c0.jpeg\",\"contentUrl\":\"https:\/\/www.manaus.am.gov.br\/semcom\/wp-content\/uploads\/sites\/5\/2025\/10\/a4950a65-23d3-4ec0-855b-d242087441c0.jpeg\",\"width\":3323,\"height\":2492,\"caption\":\"#paratodosverem - Vista lateral de p\u00fablico e palestrante em audit\u00f3rio, durante treinamento sobre primeiros socorros\"},{\"@type\":\"WebSite\",\"@id\":\"https:\/\/www.manaus.am.gov.br\/semcom\/#website\",\"url\":\"https:\/\/www.manaus.am.gov.br\/semcom\/\",\"name\":\"SEMCOM\",\"description\":\"Secretaria Municipal de Comunica\u00e7\u00e3o\",\"potentialAction\":[{\"@type\":\"SearchAction\",\"target\":{\"@type\":\"EntryPoint\",\"urlTemplate\":\"https:\/\/www.manaus.am.gov.br\/semcom\/?s={search_term_string}\"},\"query-input\":\"required name=search_term_string\"}],\"inLanguage\":\"pt-BR\"},{\"@type\":\"Person\",\"@id\":\"https:\/\/www.manaus.am.gov.br\/semcom\/#\/schema\/person\/4e49f4e267757a06ca072ec61b2b9968\",\"name\":\"Adriana Costa\",\"image\":{\"@type\":\"ImageObject\",\"inLanguage\":\"pt-BR\",\"@id\":\"https:\/\/www.manaus.am.gov.br\/semcom\/#\/schema\/person\/image\/\",\"url\":\"https:\/\/secure.gravatar.com\/avatar\/576258617ef7194f718179e766d57bd4?s=96&d=mm&r=g\",\"contentUrl\":\"https:\/\/secure.gravatar.com\/avatar\/576258617ef7194f718179e766d57bd4?s=96&d=mm&r=g\",\"caption\":\"Adriana Costa\"}}]}<\/script>\n<!-- \/ Yoast SEO plugin. -->","yoast_head_json":{"title":"Prefeitura de Manaus capacita servidores do Parque Municipal do Idoso em primeiros socorros","description":"A Prefeitura de Manaus, por meio da Funda\u00e7\u00e3o de Apoio ao Idoso Dr. Thomas (FDT), em parceria com a Secretaria Municipal de Sa\u00fade (Semsa) e o Servi\u00e7o de Atendimento M\u00f3vel de Urg\u00eancia (Samu), realizou, nesta ter\u00e7a-feira, 28\/10, uma capacita\u00e7\u00e3o em primeiros socorros voltada aos servidores do Parque Municipal do Idoso (PMI).","robots":{"index":"index","follow":"follow","max-snippet":"max-snippet:-1","max-image-preview":"max-image-preview:large","max-video-preview":"max-video-preview:-1"},"canonical":"https:\/\/www.manaus.am.gov.br\/semcom\/prefeitura-fdt-capacitacao-primeirossocorros\/","og_locale":"pt_BR","og_type":"article","og_title":"Prefeitura de Manaus capacita servidores do Parque Municipal do Idoso em primeiros socorros","og_description":"A Prefeitura de Manaus, por meio da Funda\u00e7\u00e3o de Apoio ao Idoso Dr. Thomas (FDT), em parceria com a Secretaria Municipal de Sa\u00fade (Semsa) e o Servi\u00e7o de Atendimento M\u00f3vel de Urg\u00eancia (Samu), realizou, nesta ter\u00e7a-feira, 28\/10, uma capacita\u00e7\u00e3o em primeiros socorros voltada aos servidores do Parque Municipal do Idoso (PMI).","og_url":"https:\/\/www.manaus.am.gov.br\/semcom\/prefeitura-fdt-capacitacao-primeirossocorros\/","og_site_name":"SEMCOM","article_published_time":"2025-10-29T13:22:03+00:00","article_modified_time":"2025-10-29T13:22:06+00:00","og_image":[{"width":3323,"height":2492,"url":"https:\/\/www.manaus.am.gov.br\/semcom\/wp-content\/uploads\/sites\/5\/2025\/10\/a4950a65-23d3-4ec0-855b-d242087441c0.jpeg","type":"image\/jpeg"}],"author":"Adriana Costa","twitter_card":"summary_large_image","twitter_misc":{"Written by":"Adriana Costa","Est. reading time":"2 minutos"},"schema":{"@context":"https:\/\/schema.org","@graph":[{"@type":"WebPage","@id":"https:\/\/www.manaus.am.gov.br\/semcom\/prefeitura-fdt-capacitacao-primeirossocorros\/","url":"https:\/\/www.manaus.am.gov.br\/semcom\/prefeitura-fdt-capacitacao-primeirossocorros\/","name":"Prefeitura de Manaus capacita servidores do Parque Municipal do Idoso em primeiros socorros","isPartOf":{"@id":"https:\/\/www.manaus.am.gov.br\/semcom\/#website"},"primaryImageOfPage":{"@id":"https:\/\/www.manaus.am.gov.br\/semcom\/prefeitura-fdt-capacitacao-primeirossocorros\/#primaryimage"},"image":{"@id":"https:\/\/www.manaus.am.gov.br\/semcom\/prefeitura-fdt-capacitacao-primeirossocorros\/#primaryimage"},"thumbnailUrl":"https:\/\/www.manaus.am.gov.br\/semcom\/wp-content\/uploads\/sites\/5\/2025\/10\/a4950a65-23d3-4ec0-855b-d242087441c0.jpeg","datePublished":"2025-10-29T13:22:03+00:00","dateModified":"2025-10-29T13:22:06+00:00","author":{"@id":"https:\/\/www.manaus.am.gov.br\/semcom\/#\/schema\/person\/4e49f4e267757a06ca072ec61b2b9968"},"description":"A Prefeitura de Manaus, por meio da Funda\u00e7\u00e3o de Apoio ao Idoso Dr. Thomas (FDT), em parceria com a Secretaria Municipal de Sa\u00fade (Semsa) e o Servi\u00e7o de Atendimento M\u00f3vel de Urg\u00eancia (Samu), realizou, nesta ter\u00e7a-feira, 28\/10, uma capacita\u00e7\u00e3o em primeiros socorros voltada aos servidores do Parque Municipal do Idoso (PMI).","inLanguage":"pt-BR","potentialAction":[{"@type":"ReadAction","target":["https:\/\/www.manaus.am.gov.br\/semcom\/prefeitura-fdt-capacitacao-primeirossocorros\/"]}]},{"@type":"ImageObject","inLanguage":"pt-BR","@id":"https:\/\/www.manaus.am.gov.br\/semcom\/prefeitura-fdt-capacitacao-primeirossocorros\/#primaryimage","url":"https:\/\/www.manaus.am.gov.br\/semcom\/wp-content\/uploads\/sites\/5\/2025\/10\/a4950a65-23d3-4ec0-855b-d242087441c0.jpeg","contentUrl":"https:\/\/www.manaus.am.gov.br\/semcom\/wp-content\/uploads\/sites\/5\/2025\/10\/a4950a65-23d3-4ec0-855b-d242087441c0.jpeg","width":3323,"height":2492,"caption":"#paratodosverem - Vista lateral de p\u00fablico e palestrante em audit\u00f3rio, durante treinamento sobre primeiros socorros"},{"@type":"WebSite","@id":"https:\/\/www.manaus.am.gov.br\/semcom\/#website","url":"https:\/\/www.manaus.am.gov.br\/semcom\/","name":"SEMCOM","description":"Secretaria Municipal de Comunica\u00e7\u00e3o","potentialAction":[{"@type":"SearchAction","target":{"@type":"EntryPoint","urlTemplate":"https:\/\/www.manaus.am.gov.br\/semcom\/?s={search_term_string}"},"query-input":"required name=search_term_string"}],"inLanguage":"pt-BR"},{"@type":"Person","@id":"https:\/\/www.manaus.am.gov.br\/semcom\/#\/schema\/person\/4e49f4e267757a06ca072ec61b2b9968","name":"Adriana Costa","image":{"@type":"ImageObject","inLanguage":"pt-BR","@id":"https:\/\/www.manaus.am.gov.br\/semcom\/#\/schema\/person\/image\/","url":"https:\/\/secure.gravatar.com\/avatar\/576258617ef7194f718179e766d57bd4?s=96&d=mm&r=g","contentUrl":"https:\/\/secure.gravatar.com\/avatar\/576258617ef7194f718179e766d57bd4?s=96&d=mm&r=g","caption":"Adriana Costa"}}]}},"_links":{"self":[{"href":"https:\/\/www.manaus.am.gov.br\/semcom\/wp-json\/wp\/v2\/posts\/247712"}],"collection":[{"href":"https:\/\/www.manaus.am.gov.br\/semcom\/wp-json\/wp\/v2\/posts"}],"about":[{"href":"https:\/\/www.manaus.am.gov.br\/semcom\/wp-json\/wp\/v2\/types\/post"}],"author":[{"embeddable":true,"href":"https:\/\/www.manaus.am.gov.br\/semcom\/wp-json\/wp\/v2\/users\/23"}],"replies":[{"embeddable":true,"href":"https:\/\/www.manaus.am.gov.br\/semcom\/wp-json\/wp\/v2\/comments?post=247712"}],"version-history":[{"count":0,"href":"https:\/\/www.manaus.am.gov.br\/semcom\/wp-json\/wp\/v2\/posts\/247712\/revisions"}],"wp:featuredmedia":[{"embeddable":true,"href":"https:\/\/www.manaus.am.gov.br\/semcom\/wp-json\/wp\/v2\/media\/247713"}],"wp:attachment":[{"href":"https:\/\/www.manaus.am.gov.br\/semcom\/wp-json\/wp\/v2\/media?parent=247712"}],"wp:term":[{"taxonomy":"category","embeddable":true,"href":"https:\/\/www.manaus.am.gov.br\/semcom\/wp-json\/wp\/v2\/categories?post=247712"},{"taxonomy":"post_tag","embeddable":true,"href":"https:\/\/www.manaus.am.gov.br\/semcom\/wp-json\/wp\/v2\/tags?post=247712"}],"curies":[{"name":"wp","href":"https:\/\/api.w.org\/{rel}","templated":true}]}}