{"id":247641,"date":"2025-10-26T12:41:04","date_gmt":"2025-10-26T16:41:04","guid":{"rendered":"https:\/\/www.manaus.am.gov.br\/semcom\/boi-manaus-2025-encerramento\/"},"modified":"2025-10-26T12:41:04","modified_gmt":"2025-10-26T16:41:04","slug":"boi-manaus-2025-encerramento","status":"publish","type":"post","link":"https:\/\/www.manaus.am.gov.br\/semcom\/boi-manaus-2025-encerramento\/","title":{"rendered":"\u2018Boi Manaus 2025\u2019 encerra duas noites de festa com p\u00fablico recorde e shows grandiosos"},"content":{"rendered":"\n<p>Em comemora\u00e7\u00e3o do anivers\u00e1rio de 356 anos da capital amazonense, a Prefeitura de Manaus, por meio da Funda\u00e7\u00e3o Municipal de Cultura, Turismo e Eventos (ManausCult), encerrou, nesse s\u00e1bado 25\/10, a programa\u00e7\u00e3o do \u201cBoi Manaus 2025\u201d. Reunindo mais de 40 mil participantes, sendo mais de 21 mil pessoas por noite, a festa contemplou o p\u00fablico com duas noites de alegria, tradi\u00e7\u00e3o e a energia contagiante dos bois-bumb\u00e1s e artistas locais, celebrando a cultura e a identidade manauara em grande estilo.<\/p>\n\n\n\n<p><br>O evento, que aconteceu no centro de conven\u00e7\u00f5es Professor Gilberto Mestrinho, o samb\u00f3dromo, contou com a participa\u00e7\u00e3o dos bois de Manaus, artistas locais, al\u00e9m das apresenta\u00e7\u00f5es especiais dos bois de Parintins, Garantido e Caprichoso, que encantaram o p\u00fablico com seus itens oficiais e performances completas, transformando a celebra\u00e7\u00e3o em um verdadeiro espet\u00e1culo folcl\u00f3rico.<\/p>\n\n\n\n<p><br>Para o diretor-presidente da ManausCult, Jender Lobato, o sucesso do evento demonstra a for\u00e7a da cultura popular e o orgulho da cidade em valorizar suas tradi\u00e7\u00f5es. \u201cO \u2018Boi Manaus 2025\u2019 superou as expectativas. Foram duas noites de festa, cultura e emo\u00e7\u00e3o, com total seguran\u00e7a, estrutura e um p\u00fablico vibrante. \u00c9 uma celebra\u00e7\u00e3o que refor\u00e7a o orgulho de ser manauara e mostra a grandiosidade da nossa cultura popular\u201d, destacou.<\/p>\n\n\n\n<p><br>Entre o p\u00fablico, a anima\u00e7\u00e3o e o sentimento de pertencimento foram marcantes. Iolanda Silva, que participou das duas noites do evento, celebrou a organiza\u00e7\u00e3o e a beleza da festa.<\/p>\n\n\n\n<p><br>\u201cForam duas noites inesquec\u00edveis. A energia dos bois e o clima de alegria contagiaram todo mundo. Um evento que refor\u00e7a a nossa identidade cultural e o amor por Manaus. Parab\u00e9ns a minha Manaus, com muito boi-bumb\u00e1, do jeito que a gente gosta\u201d, disparou.<\/p>\n\n\n\n<p><br>Al\u00e9m da divers\u00e3o, o \u201cBoi Manaus\u201d tamb\u00e9m movimentou a economia local. Os vendedores e empreendedores aproveitaram a oportunidade de trabalho durante o evento.<\/p>\n\n\n\n<p><br>\u201cA festa foi \u00f3tima para a gente que trabalha. Vendi muito nas duas noites e o p\u00fablico estava animado o tempo todo. Foi uma oportunidade incr\u00edvel\u201d, contou o vendedor de comidas t\u00edpicas, Francisco Almeida.<\/p>\n\n\n\n<p><br>O evento tamb\u00e9m foi marcado pela tranquilidade e seguran\u00e7a, n\u00e3o houve registro de brigas ou ocorr\u00eancias graves. O p\u00fablico p\u00f4de contar com estacionamento gratuito, estrutura refor\u00e7ada e uma programa\u00e7\u00e3o que uniu cultura e alegria.<\/p>\n\n\n\n<p><br>Encerrando com sucesso mais uma edi\u00e7\u00e3o, o \u201cBoi Manaus 2025\u201d reafirma seu lugar como um dos maiores e mais emocionantes eventos culturais do Norte do pa\u00eds, uma verdadeira celebra\u00e7\u00e3o do amor de Manaus por sua hist\u00f3ria, seu povo e seus bois.<\/p>\n\n\n\n<figure class=\"wp-block-image size-large\"><img loading=\"lazy\" decoding=\"async\" width=\"1024\" height=\"683\" src=\"https:\/\/www.manaus.am.gov.br\/semcom\/wp-content\/uploads\/sites\/5\/2025\/10\/54877913823_1f77274681_k-1024x683.jpg\" alt=\"\" class=\"wp-image-247643\" srcset=\"https:\/\/www.manaus.am.gov.br\/semcom\/wp-content\/uploads\/sites\/5\/2025\/10\/54877913823_1f77274681_k-1024x683.jpg 1024w, https:\/\/www.manaus.am.gov.br\/semcom\/wp-content\/uploads\/sites\/5\/2025\/10\/54877913823_1f77274681_k-300x200.jpg 300w, https:\/\/www.manaus.am.gov.br\/semcom\/wp-content\/uploads\/sites\/5\/2025\/10\/54877913823_1f77274681_k-768x512.jpg 768w, https:\/\/www.manaus.am.gov.br\/semcom\/wp-content\/uploads\/sites\/5\/2025\/10\/54877913823_1f77274681_k-1536x1024.jpg 1536w, https:\/\/www.manaus.am.gov.br\/semcom\/wp-content\/uploads\/sites\/5\/2025\/10\/54877913823_1f77274681_k.jpg 2048w\" sizes=\"(max-width: 1024px) 100vw, 1024px\" \/><\/figure>\n\n\n\n<p>&#8212; &#8212; &#8212;<\/p>\n\n\n\n<p><strong>Texto &#8211;<\/strong>&nbsp;J\u00e9ssica Trajano\/ManausCult<\/p>\n\n\n\n<p><strong>Fotos \u2013 <\/strong>Cl\u00f3vis Miranda\/Semcom<\/p>\n\n\n\n<p><strong>Dispon\u00edveis em &#8211; <\/strong><a href=\"https:\/\/flic.kr\/s\/aHBqjCyAPf\">https:\/\/flic.kr\/s\/aHBqjCyAPf<\/a> e <a href=\"https:\/\/flic.kr\/s\/aHBqjCyxCC\">https:\/\/flic.kr\/s\/aHBqjCyxCC<\/a><\/p>\n","protected":false},"excerpt":{"rendered":"","protected":false},"author":39,"featured_media":247642,"comment_status":"closed","ping_status":"closed","sticky":false,"template":"","format":"standard","meta":{"footnotes":""},"categories":[1884],"tags":[17583,17654,307,77,17655,17656],"acf":[],"yoast_head":"<!-- This site is optimized with the Yoast SEO plugin v23.0 - https:\/\/yoast.com\/wordpress\/plugins\/seo\/ -->\n<title>\u2018Boi Manaus\u2019 encerra com p\u00fablico recorde e shows grandiosos<\/title>\n<meta name=\"description\" content=\"\u2018Boi Manaus 2025\u2019, coordenado pela Prefeitura de Manaus, encerra duas noites de festa com p\u00fablico recorde e shows grandiosos.\" \/>\n<meta name=\"robots\" content=\"index, follow, max-snippet:-1, max-image-preview:large, max-video-preview:-1\" \/>\n<link rel=\"canonical\" href=\"https:\/\/www.manaus.am.gov.br\/semcom\/boi-manaus-2025-encerramento\/\" \/>\n<meta property=\"og:locale\" content=\"pt_BR\" \/>\n<meta property=\"og:type\" content=\"article\" \/>\n<meta property=\"og:title\" content=\"\u2018Boi Manaus\u2019 encerra com p\u00fablico recorde e shows grandiosos\" \/>\n<meta property=\"og:description\" content=\"\u2018Boi Manaus 2025\u2019, coordenado pela Prefeitura de Manaus, encerra duas noites de festa com p\u00fablico recorde e shows grandiosos.\" \/>\n<meta property=\"og:url\" content=\"https:\/\/www.manaus.am.gov.br\/semcom\/boi-manaus-2025-encerramento\/\" \/>\n<meta property=\"og:site_name\" content=\"SEMCOM\" \/>\n<meta property=\"article:published_time\" content=\"2025-10-26T16:41:04+00:00\" \/>\n<meta property=\"og:image\" content=\"https:\/\/www.manaus.am.gov.br\/semcom\/wp-content\/uploads\/sites\/5\/2025\/10\/54880205591_b83df0f216_k.jpg\" \/>\n\t<meta property=\"og:image:width\" content=\"2047\" \/>\n\t<meta property=\"og:image:height\" content=\"1365\" \/>\n\t<meta property=\"og:image:type\" content=\"image\/jpeg\" \/>\n<meta name=\"author\" content=\"Bruna Greco\" \/>\n<meta name=\"twitter:card\" content=\"summary_large_image\" \/>\n<meta name=\"twitter:label1\" content=\"Written by\" \/>\n\t<meta name=\"twitter:data1\" content=\"Bruna Greco\" \/>\n\t<meta name=\"twitter:label2\" content=\"Est. reading time\" \/>\n\t<meta name=\"twitter:data2\" content=\"3 minutos\" \/>\n<script type=\"application\/ld+json\" class=\"yoast-schema-graph\">{\"@context\":\"https:\/\/schema.org\",\"@graph\":[{\"@type\":\"WebPage\",\"@id\":\"https:\/\/www.manaus.am.gov.br\/semcom\/boi-manaus-2025-encerramento\/\",\"url\":\"https:\/\/www.manaus.am.gov.br\/semcom\/boi-manaus-2025-encerramento\/\",\"name\":\"\u2018Boi Manaus\u2019 encerra com p\u00fablico recorde e shows grandiosos\",\"isPartOf\":{\"@id\":\"https:\/\/www.manaus.am.gov.br\/semcom\/#website\"},\"primaryImageOfPage\":{\"@id\":\"https:\/\/www.manaus.am.gov.br\/semcom\/boi-manaus-2025-encerramento\/#primaryimage\"},\"image\":{\"@id\":\"https:\/\/www.manaus.am.gov.br\/semcom\/boi-manaus-2025-encerramento\/#primaryimage\"},\"thumbnailUrl\":\"https:\/\/www.manaus.am.gov.br\/semcom\/wp-content\/uploads\/sites\/5\/2025\/10\/54880205591_b83df0f216_k.jpg\",\"datePublished\":\"2025-10-26T16:41:04+00:00\",\"dateModified\":\"2025-10-26T16:41:04+00:00\",\"author\":{\"@id\":\"https:\/\/www.manaus.am.gov.br\/semcom\/#\/schema\/person\/05d223aea2bf115f9883a6ff3683d81b\"},\"description\":\"\u2018Boi Manaus 2025\u2019, coordenado pela Prefeitura de Manaus, encerra duas noites de festa com p\u00fablico recorde e shows grandiosos.\",\"inLanguage\":\"pt-BR\",\"potentialAction\":[{\"@type\":\"ReadAction\",\"target\":[\"https:\/\/www.manaus.am.gov.br\/semcom\/boi-manaus-2025-encerramento\/\"]}]},{\"@type\":\"ImageObject\",\"inLanguage\":\"pt-BR\",\"@id\":\"https:\/\/www.manaus.am.gov.br\/semcom\/boi-manaus-2025-encerramento\/#primaryimage\",\"url\":\"https:\/\/www.manaus.am.gov.br\/semcom\/wp-content\/uploads\/sites\/5\/2025\/10\/54880205591_b83df0f216_k.jpg\",\"contentUrl\":\"https:\/\/www.manaus.am.gov.br\/semcom\/wp-content\/uploads\/sites\/5\/2025\/10\/54880205591_b83df0f216_k.jpg\",\"width\":2047,\"height\":1365,\"caption\":\"#paratodosverem - Grande p\u00fablico reunido durante programa\u00e7\u00e3o de encerramento do \\\"Boi Manaus 2025\\\"\"},{\"@type\":\"WebSite\",\"@id\":\"https:\/\/www.manaus.am.gov.br\/semcom\/#website\",\"url\":\"https:\/\/www.manaus.am.gov.br\/semcom\/\",\"name\":\"SEMCOM\",\"description\":\"Secretaria Municipal de Comunica\u00e7\u00e3o\",\"potentialAction\":[{\"@type\":\"SearchAction\",\"target\":{\"@type\":\"EntryPoint\",\"urlTemplate\":\"https:\/\/www.manaus.am.gov.br\/semcom\/?s={search_term_string}\"},\"query-input\":\"required name=search_term_string\"}],\"inLanguage\":\"pt-BR\"},{\"@type\":\"Person\",\"@id\":\"https:\/\/www.manaus.am.gov.br\/semcom\/#\/schema\/person\/05d223aea2bf115f9883a6ff3683d81b\",\"name\":\"Bruna Greco\",\"image\":{\"@type\":\"ImageObject\",\"inLanguage\":\"pt-BR\",\"@id\":\"https:\/\/www.manaus.am.gov.br\/semcom\/#\/schema\/person\/image\/\",\"url\":\"https:\/\/secure.gravatar.com\/avatar\/9c877d1a6adc2a055330e5c09a8653ce?s=96&d=mm&r=g\",\"contentUrl\":\"https:\/\/secure.gravatar.com\/avatar\/9c877d1a6adc2a055330e5c09a8653ce?s=96&d=mm&r=g\",\"caption\":\"Bruna Greco\"}}]}<\/script>\n<!-- \/ Yoast SEO plugin. -->","yoast_head_json":{"title":"\u2018Boi Manaus\u2019 encerra com p\u00fablico recorde e shows grandiosos","description":"\u2018Boi Manaus 2025\u2019, coordenado pela Prefeitura de Manaus, encerra duas noites de festa com p\u00fablico recorde e shows grandiosos.","robots":{"index":"index","follow":"follow","max-snippet":"max-snippet:-1","max-image-preview":"max-image-preview:large","max-video-preview":"max-video-preview:-1"},"canonical":"https:\/\/www.manaus.am.gov.br\/semcom\/boi-manaus-2025-encerramento\/","og_locale":"pt_BR","og_type":"article","og_title":"\u2018Boi Manaus\u2019 encerra com p\u00fablico recorde e shows grandiosos","og_description":"\u2018Boi Manaus 2025\u2019, coordenado pela Prefeitura de Manaus, encerra duas noites de festa com p\u00fablico recorde e shows grandiosos.","og_url":"https:\/\/www.manaus.am.gov.br\/semcom\/boi-manaus-2025-encerramento\/","og_site_name":"SEMCOM","article_published_time":"2025-10-26T16:41:04+00:00","og_image":[{"width":2047,"height":1365,"url":"https:\/\/www.manaus.am.gov.br\/semcom\/wp-content\/uploads\/sites\/5\/2025\/10\/54880205591_b83df0f216_k.jpg","type":"image\/jpeg"}],"author":"Bruna Greco","twitter_card":"summary_large_image","twitter_misc":{"Written by":"Bruna Greco","Est. reading time":"3 minutos"},"schema":{"@context":"https:\/\/schema.org","@graph":[{"@type":"WebPage","@id":"https:\/\/www.manaus.am.gov.br\/semcom\/boi-manaus-2025-encerramento\/","url":"https:\/\/www.manaus.am.gov.br\/semcom\/boi-manaus-2025-encerramento\/","name":"\u2018Boi Manaus\u2019 encerra com p\u00fablico recorde e shows grandiosos","isPartOf":{"@id":"https:\/\/www.manaus.am.gov.br\/semcom\/#website"},"primaryImageOfPage":{"@id":"https:\/\/www.manaus.am.gov.br\/semcom\/boi-manaus-2025-encerramento\/#primaryimage"},"image":{"@id":"https:\/\/www.manaus.am.gov.br\/semcom\/boi-manaus-2025-encerramento\/#primaryimage"},"thumbnailUrl":"https:\/\/www.manaus.am.gov.br\/semcom\/wp-content\/uploads\/sites\/5\/2025\/10\/54880205591_b83df0f216_k.jpg","datePublished":"2025-10-26T16:41:04+00:00","dateModified":"2025-10-26T16:41:04+00:00","author":{"@id":"https:\/\/www.manaus.am.gov.br\/semcom\/#\/schema\/person\/05d223aea2bf115f9883a6ff3683d81b"},"description":"\u2018Boi Manaus 2025\u2019, coordenado pela Prefeitura de Manaus, encerra duas noites de festa com p\u00fablico recorde e shows grandiosos.","inLanguage":"pt-BR","potentialAction":[{"@type":"ReadAction","target":["https:\/\/www.manaus.am.gov.br\/semcom\/boi-manaus-2025-encerramento\/"]}]},{"@type":"ImageObject","inLanguage":"pt-BR","@id":"https:\/\/www.manaus.am.gov.br\/semcom\/boi-manaus-2025-encerramento\/#primaryimage","url":"https:\/\/www.manaus.am.gov.br\/semcom\/wp-content\/uploads\/sites\/5\/2025\/10\/54880205591_b83df0f216_k.jpg","contentUrl":"https:\/\/www.manaus.am.gov.br\/semcom\/wp-content\/uploads\/sites\/5\/2025\/10\/54880205591_b83df0f216_k.jpg","width":2047,"height":1365,"caption":"#paratodosverem - Grande p\u00fablico reunido durante programa\u00e7\u00e3o de encerramento do \"Boi Manaus 2025\""},{"@type":"WebSite","@id":"https:\/\/www.manaus.am.gov.br\/semcom\/#website","url":"https:\/\/www.manaus.am.gov.br\/semcom\/","name":"SEMCOM","description":"Secretaria Municipal de Comunica\u00e7\u00e3o","potentialAction":[{"@type":"SearchAction","target":{"@type":"EntryPoint","urlTemplate":"https:\/\/www.manaus.am.gov.br\/semcom\/?s={search_term_string}"},"query-input":"required name=search_term_string"}],"inLanguage":"pt-BR"},{"@type":"Person","@id":"https:\/\/www.manaus.am.gov.br\/semcom\/#\/schema\/person\/05d223aea2bf115f9883a6ff3683d81b","name":"Bruna Greco","image":{"@type":"ImageObject","inLanguage":"pt-BR","@id":"https:\/\/www.manaus.am.gov.br\/semcom\/#\/schema\/person\/image\/","url":"https:\/\/secure.gravatar.com\/avatar\/9c877d1a6adc2a055330e5c09a8653ce?s=96&d=mm&r=g","contentUrl":"https:\/\/secure.gravatar.com\/avatar\/9c877d1a6adc2a055330e5c09a8653ce?s=96&d=mm&r=g","caption":"Bruna Greco"}}]}},"_links":{"self":[{"href":"https:\/\/www.manaus.am.gov.br\/semcom\/wp-json\/wp\/v2\/posts\/247641"}],"collection":[{"href":"https:\/\/www.manaus.am.gov.br\/semcom\/wp-json\/wp\/v2\/posts"}],"about":[{"href":"https:\/\/www.manaus.am.gov.br\/semcom\/wp-json\/wp\/v2\/types\/post"}],"author":[{"embeddable":true,"href":"https:\/\/www.manaus.am.gov.br\/semcom\/wp-json\/wp\/v2\/users\/39"}],"replies":[{"embeddable":true,"href":"https:\/\/www.manaus.am.gov.br\/semcom\/wp-json\/wp\/v2\/comments?post=247641"}],"version-history":[{"count":1,"href":"https:\/\/www.manaus.am.gov.br\/semcom\/wp-json\/wp\/v2\/posts\/247641\/revisions"}],"predecessor-version":[{"id":247644,"href":"https:\/\/www.manaus.am.gov.br\/semcom\/wp-json\/wp\/v2\/posts\/247641\/revisions\/247644"}],"wp:featuredmedia":[{"embeddable":true,"href":"https:\/\/www.manaus.am.gov.br\/semcom\/wp-json\/wp\/v2\/media\/247642"}],"wp:attachment":[{"href":"https:\/\/www.manaus.am.gov.br\/semcom\/wp-json\/wp\/v2\/media?parent=247641"}],"wp:term":[{"taxonomy":"category","embeddable":true,"href":"https:\/\/www.manaus.am.gov.br\/semcom\/wp-json\/wp\/v2\/categories?post=247641"},{"taxonomy":"post_tag","embeddable":true,"href":"https:\/\/www.manaus.am.gov.br\/semcom\/wp-json\/wp\/v2\/tags?post=247641"}],"curies":[{"name":"wp","href":"https:\/\/api.w.org\/{rel}","templated":true}]}}