{"id":247625,"date":"2025-10-26T01:43:46","date_gmt":"2025-10-26T05:43:46","guid":{"rendered":"https:\/\/www.manaus.am.gov.br\/semcom\/boi-manaus-2025-2\/"},"modified":"2025-10-26T02:47:33","modified_gmt":"2025-10-26T05:47:33","slug":"boi-manaus-2025-2","status":"publish","type":"post","link":"https:\/\/www.manaus.am.gov.br\/semcom\/boi-manaus-2025-2\/","title":{"rendered":"\u2018Boi Manaus 2025\u2019 encerra no ritmo dos bumb\u00e1s a celebra\u00e7\u00e3o dos 356 anos da capital amazonense"},"content":{"rendered":"\n<p>O &#8220;Boi Manaus 2025&#8221; encerrou com muita festa da cultura regional a celebra\u00e7\u00e3o dos 356 anos da capital amazonense, na noite deste s\u00e1bado, 25\/10. O ritmo dos bumb\u00e1s animou o grande p\u00fablico que compareceu ao centro de conven\u00e7\u00f5es Professor Gilberto Mestrinho, o samb\u00f3dromo.&nbsp;<\/p>\n\n\n\n<p>O segundo dia do evento, organizado pela Prefeitura de Manaus, por meio da Funda\u00e7\u00e3o Municipal de Cultura, Turismo e Eventos (ManausCult), teve apresenta\u00e7\u00f5es dos bois-bumb\u00e1s de Manaus e de Parintins, com o ponto alto da festa sendo o show com os itens oficiais do boi Caprichoso, ocupando todo o palco do &#8220;Boi Manaus 2025&#8221;. Os bois Tira Prosa e Brilhante tamb\u00e9m se apresentaram, assim como cantores do boi-bumb\u00e1 Garantido.\u00a0<\/p>\n\n\n\n<p>O diretor-presidente da ManausCult, Jender Lobato, informou que o &#8220;Boi Manaus 2025&#8221; atraiu cerca de 50 mil pessoas nas duas noites, fechando as comemora\u00e7\u00f5es do anivers\u00e1rio da capital. &#8220;Hoje, a gente encerra as comemora\u00e7\u00f5es do anivers\u00e1rio de Manaus com o boi-bumb\u00e1 e \u00e9 um barato ver essas pessoas brincando, as pessoas de vermelho dan\u00e7ando azul, e as pessoas de azul dan\u00e7ando vermelho. Isso \u00e9 a maior felicidade que n\u00f3s podemos ter, de trazer de volta o \u2018Boi Manaus\u2019, de fazer com que a gente tenha uma ilumina\u00e7\u00e3o e uma sonoriza\u00e7\u00e3o de primeira qualidade e ao mesmo tempo trazer o grande p\u00fablico de volta&#8221;, ressaltou.&nbsp;<\/p>\n\n\n\n<p><strong>Festa azul e branca<\/strong><\/p>\n\n\n\n<p>O levantador de toadas do boi-bumb\u00e1 Caprichoso, Patrick Ara\u00fajo, parabenizou Manaus pelos 356 anos e desejou que a cidade continue valorizando a cultura da nossa terra. &#8220;Parab\u00e9ns a Manaus. Que Manaus continue assim, valorizando a nossa cultura e esse povo maravilhoso que est\u00e1 do lado do nosso boi-bumb\u00e1 Caprichoso&#8221;, parabenizou.&nbsp;<\/p>\n\n\n\n<p>O paj\u00e9 de guerra do Caprichoso, Erick Beltr\u00e3o, disse que o bumb\u00e1 fez um espet\u00e1culo padr\u00e3o. \u201cEstamos muito lisonjeados em participar do anivers\u00e1rio da cidade, e a gente trouxe um espet\u00e1culo padr\u00e3o Caprichoso de ser, que com certeza vai retomar esse t\u00edtulo no ano de 2026&#8243;.&nbsp;<\/p>\n\n\n\n<p><strong>Festa do Povo<\/strong><\/p>\n\n\n\n<p>As galeras de Caprichoso e Garantido, que n\u00e3o deixam de acompanhar os bois, n\u00e3o iam perder o encerramento do &#8220;Boi Manaus 2025&#8221;.&nbsp;<\/p>\n\n\n\n<figure class=\"wp-block-image size-full\"><img loading=\"lazy\" decoding=\"async\" width=\"799\" height=\"533\" src=\"https:\/\/www.manaus.am.gov.br\/semcom\/wp-content\/uploads\/sites\/5\/2025\/10\/54880420115_4f9e1eba2b_c.jpg\" alt=\"\" class=\"wp-image-247626\" srcset=\"https:\/\/www.manaus.am.gov.br\/semcom\/wp-content\/uploads\/sites\/5\/2025\/10\/54880420115_4f9e1eba2b_c.jpg 799w, https:\/\/www.manaus.am.gov.br\/semcom\/wp-content\/uploads\/sites\/5\/2025\/10\/54880420115_4f9e1eba2b_c-300x200.jpg 300w, https:\/\/www.manaus.am.gov.br\/semcom\/wp-content\/uploads\/sites\/5\/2025\/10\/54880420115_4f9e1eba2b_c-768x512.jpg 768w\" sizes=\"(max-width: 799px) 100vw, 799px\" \/><\/figure>\n\n\n\n<p>&#8220;Todos os eventos que t\u00eam eu estou aqui para comemorar o anivers\u00e1rio da nossa cidade e aproveitar para ver o meu boi querido, do cora\u00e7\u00e3o, que \u00e9 o Garantido&#8221;, comentou a operadora de m\u00e1quina, Jovita Viana.&nbsp;<\/p>\n\n\n\n<figure class=\"wp-block-image size-full\"><img loading=\"lazy\" decoding=\"async\" width=\"799\" height=\"533\" src=\"https:\/\/www.manaus.am.gov.br\/semcom\/wp-content\/uploads\/sites\/5\/2025\/10\/54879754746_0cfb169318_c.jpg\" alt=\"\" class=\"wp-image-247627\" srcset=\"https:\/\/www.manaus.am.gov.br\/semcom\/wp-content\/uploads\/sites\/5\/2025\/10\/54879754746_0cfb169318_c.jpg 799w, https:\/\/www.manaus.am.gov.br\/semcom\/wp-content\/uploads\/sites\/5\/2025\/10\/54879754746_0cfb169318_c-300x200.jpg 300w, https:\/\/www.manaus.am.gov.br\/semcom\/wp-content\/uploads\/sites\/5\/2025\/10\/54879754746_0cfb169318_c-768x512.jpg 768w\" sizes=\"(max-width: 799px) 100vw, 799px\" \/><\/figure>\n\n\n\n<p>A expectativa era ainda maior pelo lado da galera azul e branco para ver o megashow dos itens oficiais do Caprichoso. &#8220;Vim aqui para assistir ao meu boi Caprichoso e todos os anos tem essa festa maravilhosa que fica melhor a cada ano&#8221;, celebrou a professora M\u00e1rcia Regina.&nbsp;<\/p>\n\n\n\n<p>&#8220;O momento que a gente mais espera \u00e9 quando o boi Caprichoso entra. Eu sou f\u00e3 do Patrick Ara\u00fajo, ent\u00e3o a ansiedade \u00e9 maior ainda para ver todo mundo&#8221;, contou a artes\u00e3 Vit\u00f3ria Nery.&nbsp;<\/p>\n\n\n\n<p><strong>Gera\u00e7\u00e3o de renda<\/strong><\/p>\n\n\n\n<p>O com\u00e9rcio informal no samb\u00f3dromo, durante a festa, tamb\u00e9m foi um ponto alto do evento, com mais de 100 comerciantes tendo a oportunidade de tirarem uma renda extra. &#8220;O investimento da prefeitura \u00e9 para gerar renda aos trabalhadores da \u00e1rea do com\u00e9rcio informal. Mais ou menos 100 trabalhadores v\u00e3o ter uma renda extra para levar para casa, com a prefeitura oportunizando esse espa\u00e7o&#8221;, informou Jorge Pimentel, diretor de Com\u00e9rcio Informal da Secretaria Municipal de Agricultura, Abastecimento, Centro e Com\u00e9rcio Informal (Semacc).&nbsp;<\/p>\n\n\n\n<p>O artes\u00e3o Glaucemir Farias disse que todos os trabalhadores que atuam com artesanato esperam por eventos como esse e agradeceu a organiza\u00e7\u00e3o da prefeitura com os profissionais no samb\u00f3dromo. &#8220;A gente espera por esses eventos aqui na capital, para vender nossos trabalhos. Quero agradecer a coordena\u00e7\u00e3o, est\u00e1 dando tudo certo, todos os eventos que est\u00e3o acontecendo s\u00e3o muito elogiados pela organiza\u00e7\u00e3o&#8221;.&nbsp;<\/p>\n\n\n\n<p><strong>Estrutura<\/strong><\/p>\n\n\n\n<p>O evento teve um grande aparato de seguran\u00e7a, com cerca de 20 c\u00e2meras desde a portaria e todo o entorno do samb\u00f3dromo. A organiza\u00e7\u00e3o contou com suporte de 25 secretarias, com o aparato de seguran\u00e7a sendo formado pela Guarda Municipal, Pol\u00edcia Civil e Pol\u00edcia Militar.&nbsp;<\/p>\n\n\n\n<p>Toda a organiza\u00e7\u00e3o do evento foi coordenada pelo Centro de Coopera\u00e7\u00e3o da Cidade (CCC), atuando em conjunto com \u00f3rg\u00e3os municipais e do poder p\u00fablico estadual, em uma grande estrutura que garantiu a integridade de todos os brincantes que curtiram mais essa edi\u00e7\u00e3o do \u201cBoi Manaus&#8221;.&nbsp;<\/p>\n\n\n\n<p>A atua\u00e7\u00e3o integrada entre o Instituto Municipal de Mobilidade Urbana (IMMU), a Guarda Municipal e a Pol\u00edcia Militar coibiu a pr\u00e1tica de flanelinhas e estacionamento irregular no entorno do samb\u00f3dromo, garantindo mais comodidade para o p\u00fablico. A Prefeitura de Manaus garantiu mais de 2,6 mil vagas de estacionamento para os brincantes.<\/p>\n\n\n\n<p>&#8212; &#8212; &#8212;<br><strong>Texto \u2013<\/strong> Geraldo Farias \/ Semcom<br><strong>Fotos &#8211; <\/strong>Cl\u00f3vis Miranda \/ Semcom<br><strong>Dispon\u00edveis em &#8211; <\/strong><a href=\"https:\/\/flic.kr\/s\/aHBqjCyxCC\">https:\/\/flic.kr\/s\/aHBqjCyxCC<\/a><\/p>\n","protected":false},"excerpt":{"rendered":"","protected":false},"author":68,"featured_media":247628,"comment_status":"closed","ping_status":"closed","sticky":false,"template":"","format":"standard","meta":{"footnotes":""},"categories":[1884],"tags":[17253,307,77,17630],"acf":[],"yoast_head":"<!-- This site is optimized with the Yoast SEO plugin v23.0 - https:\/\/yoast.com\/wordpress\/plugins\/seo\/ -->\n<title>\u2018Boi Manaus 2025\u2019 encerra no ritmo dos bumb\u00e1s<\/title>\n<meta name=\"description\" content=\"O &quot;Boi Manaus 2025&quot; encerrou com muita festa da cultura regional a celebra\u00e7\u00e3o dos 356 anos da capital amazonense, na noite deste s\u00e1bado.\" \/>\n<meta name=\"robots\" content=\"index, follow, max-snippet:-1, max-image-preview:large, max-video-preview:-1\" \/>\n<link rel=\"canonical\" href=\"https:\/\/www.manaus.am.gov.br\/semcom\/boi-manaus-2025-2\/\" \/>\n<meta property=\"og:locale\" content=\"pt_BR\" \/>\n<meta property=\"og:type\" content=\"article\" \/>\n<meta property=\"og:title\" content=\"\u2018Boi Manaus 2025\u2019 encerra no ritmo dos bumb\u00e1s\" \/>\n<meta property=\"og:description\" content=\"O &quot;Boi Manaus 2025&quot; encerrou com muita festa da cultura regional a celebra\u00e7\u00e3o dos 356 anos da capital amazonense, na noite deste s\u00e1bado.\" \/>\n<meta property=\"og:url\" content=\"https:\/\/www.manaus.am.gov.br\/semcom\/boi-manaus-2025-2\/\" \/>\n<meta property=\"og:site_name\" content=\"SEMCOM\" \/>\n<meta property=\"article:published_time\" content=\"2025-10-26T05:43:46+00:00\" \/>\n<meta property=\"article:modified_time\" content=\"2025-10-26T05:47:33+00:00\" \/>\n<meta property=\"og:image\" content=\"https:\/\/www.manaus.am.gov.br\/semcom\/wp-content\/uploads\/sites\/5\/2025\/10\/54880346418_b53f1b3aca_c.jpg\" \/>\n\t<meta property=\"og:image:width\" content=\"799\" \/>\n\t<meta property=\"og:image:height\" content=\"533\" \/>\n\t<meta property=\"og:image:type\" content=\"image\/jpeg\" \/>\n<meta name=\"author\" content=\"bvalente\" \/>\n<meta name=\"twitter:card\" content=\"summary_large_image\" \/>\n<meta name=\"twitter:label1\" content=\"Written by\" \/>\n\t<meta name=\"twitter:data1\" content=\"bvalente\" \/>\n\t<meta name=\"twitter:label2\" content=\"Est. reading time\" \/>\n\t<meta name=\"twitter:data2\" content=\"5 minutos\" \/>\n<script type=\"application\/ld+json\" class=\"yoast-schema-graph\">{\"@context\":\"https:\/\/schema.org\",\"@graph\":[{\"@type\":\"WebPage\",\"@id\":\"https:\/\/www.manaus.am.gov.br\/semcom\/boi-manaus-2025-2\/\",\"url\":\"https:\/\/www.manaus.am.gov.br\/semcom\/boi-manaus-2025-2\/\",\"name\":\"\u2018Boi Manaus 2025\u2019 encerra no ritmo dos bumb\u00e1s\",\"isPartOf\":{\"@id\":\"https:\/\/www.manaus.am.gov.br\/semcom\/#website\"},\"primaryImageOfPage\":{\"@id\":\"https:\/\/www.manaus.am.gov.br\/semcom\/boi-manaus-2025-2\/#primaryimage\"},\"image\":{\"@id\":\"https:\/\/www.manaus.am.gov.br\/semcom\/boi-manaus-2025-2\/#primaryimage\"},\"thumbnailUrl\":\"https:\/\/www.manaus.am.gov.br\/semcom\/wp-content\/uploads\/sites\/5\/2025\/10\/54880346418_b53f1b3aca_c.jpg\",\"datePublished\":\"2025-10-26T05:43:46+00:00\",\"dateModified\":\"2025-10-26T05:47:33+00:00\",\"author\":{\"@id\":\"https:\/\/www.manaus.am.gov.br\/semcom\/#\/schema\/person\/466a0e03ae4b6062809046bd560ac955\"},\"description\":\"O \\\"Boi Manaus 2025\\\" encerrou com muita festa da cultura regional a celebra\u00e7\u00e3o dos 356 anos da capital amazonense, na noite deste s\u00e1bado.\",\"inLanguage\":\"pt-BR\",\"potentialAction\":[{\"@type\":\"ReadAction\",\"target\":[\"https:\/\/www.manaus.am.gov.br\/semcom\/boi-manaus-2025-2\/\"]}]},{\"@type\":\"ImageObject\",\"inLanguage\":\"pt-BR\",\"@id\":\"https:\/\/www.manaus.am.gov.br\/semcom\/boi-manaus-2025-2\/#primaryimage\",\"url\":\"https:\/\/www.manaus.am.gov.br\/semcom\/wp-content\/uploads\/sites\/5\/2025\/10\/54880346418_b53f1b3aca_c.jpg\",\"contentUrl\":\"https:\/\/www.manaus.am.gov.br\/semcom\/wp-content\/uploads\/sites\/5\/2025\/10\/54880346418_b53f1b3aca_c.jpg\",\"width\":799,\"height\":533,\"caption\":\"#paratodosverem - P\u00fablico reunido na segunda noite de programa\u00e7\u00e3o do \u201cBoi Manaus 2025\u201d, no samb\u00f3dromo\"},{\"@type\":\"WebSite\",\"@id\":\"https:\/\/www.manaus.am.gov.br\/semcom\/#website\",\"url\":\"https:\/\/www.manaus.am.gov.br\/semcom\/\",\"name\":\"SEMCOM\",\"description\":\"Secretaria Municipal de Comunica\u00e7\u00e3o\",\"potentialAction\":[{\"@type\":\"SearchAction\",\"target\":{\"@type\":\"EntryPoint\",\"urlTemplate\":\"https:\/\/www.manaus.am.gov.br\/semcom\/?s={search_term_string}\"},\"query-input\":\"required name=search_term_string\"}],\"inLanguage\":\"pt-BR\"},{\"@type\":\"Person\",\"@id\":\"https:\/\/www.manaus.am.gov.br\/semcom\/#\/schema\/person\/466a0e03ae4b6062809046bd560ac955\",\"name\":\"bvalente\",\"image\":{\"@type\":\"ImageObject\",\"inLanguage\":\"pt-BR\",\"@id\":\"https:\/\/www.manaus.am.gov.br\/semcom\/#\/schema\/person\/image\/\",\"url\":\"https:\/\/secure.gravatar.com\/avatar\/3e69bc2b014bdad41adfec3a39de07d2?s=96&d=mm&r=g\",\"contentUrl\":\"https:\/\/secure.gravatar.com\/avatar\/3e69bc2b014bdad41adfec3a39de07d2?s=96&d=mm&r=g\",\"caption\":\"bvalente\"}}]}<\/script>\n<!-- \/ Yoast SEO plugin. -->","yoast_head_json":{"title":"\u2018Boi Manaus 2025\u2019 encerra no ritmo dos bumb\u00e1s","description":"O \"Boi Manaus 2025\" encerrou com muita festa da cultura regional a celebra\u00e7\u00e3o dos 356 anos da capital amazonense, na noite deste s\u00e1bado.","robots":{"index":"index","follow":"follow","max-snippet":"max-snippet:-1","max-image-preview":"max-image-preview:large","max-video-preview":"max-video-preview:-1"},"canonical":"https:\/\/www.manaus.am.gov.br\/semcom\/boi-manaus-2025-2\/","og_locale":"pt_BR","og_type":"article","og_title":"\u2018Boi Manaus 2025\u2019 encerra no ritmo dos bumb\u00e1s","og_description":"O \"Boi Manaus 2025\" encerrou com muita festa da cultura regional a celebra\u00e7\u00e3o dos 356 anos da capital amazonense, na noite deste s\u00e1bado.","og_url":"https:\/\/www.manaus.am.gov.br\/semcom\/boi-manaus-2025-2\/","og_site_name":"SEMCOM","article_published_time":"2025-10-26T05:43:46+00:00","article_modified_time":"2025-10-26T05:47:33+00:00","og_image":[{"width":799,"height":533,"url":"https:\/\/www.manaus.am.gov.br\/semcom\/wp-content\/uploads\/sites\/5\/2025\/10\/54880346418_b53f1b3aca_c.jpg","type":"image\/jpeg"}],"author":"bvalente","twitter_card":"summary_large_image","twitter_misc":{"Written by":"bvalente","Est. reading time":"5 minutos"},"schema":{"@context":"https:\/\/schema.org","@graph":[{"@type":"WebPage","@id":"https:\/\/www.manaus.am.gov.br\/semcom\/boi-manaus-2025-2\/","url":"https:\/\/www.manaus.am.gov.br\/semcom\/boi-manaus-2025-2\/","name":"\u2018Boi Manaus 2025\u2019 encerra no ritmo dos bumb\u00e1s","isPartOf":{"@id":"https:\/\/www.manaus.am.gov.br\/semcom\/#website"},"primaryImageOfPage":{"@id":"https:\/\/www.manaus.am.gov.br\/semcom\/boi-manaus-2025-2\/#primaryimage"},"image":{"@id":"https:\/\/www.manaus.am.gov.br\/semcom\/boi-manaus-2025-2\/#primaryimage"},"thumbnailUrl":"https:\/\/www.manaus.am.gov.br\/semcom\/wp-content\/uploads\/sites\/5\/2025\/10\/54880346418_b53f1b3aca_c.jpg","datePublished":"2025-10-26T05:43:46+00:00","dateModified":"2025-10-26T05:47:33+00:00","author":{"@id":"https:\/\/www.manaus.am.gov.br\/semcom\/#\/schema\/person\/466a0e03ae4b6062809046bd560ac955"},"description":"O \"Boi Manaus 2025\" encerrou com muita festa da cultura regional a celebra\u00e7\u00e3o dos 356 anos da capital amazonense, na noite deste s\u00e1bado.","inLanguage":"pt-BR","potentialAction":[{"@type":"ReadAction","target":["https:\/\/www.manaus.am.gov.br\/semcom\/boi-manaus-2025-2\/"]}]},{"@type":"ImageObject","inLanguage":"pt-BR","@id":"https:\/\/www.manaus.am.gov.br\/semcom\/boi-manaus-2025-2\/#primaryimage","url":"https:\/\/www.manaus.am.gov.br\/semcom\/wp-content\/uploads\/sites\/5\/2025\/10\/54880346418_b53f1b3aca_c.jpg","contentUrl":"https:\/\/www.manaus.am.gov.br\/semcom\/wp-content\/uploads\/sites\/5\/2025\/10\/54880346418_b53f1b3aca_c.jpg","width":799,"height":533,"caption":"#paratodosverem - P\u00fablico reunido na segunda noite de programa\u00e7\u00e3o do \u201cBoi Manaus 2025\u201d, no samb\u00f3dromo"},{"@type":"WebSite","@id":"https:\/\/www.manaus.am.gov.br\/semcom\/#website","url":"https:\/\/www.manaus.am.gov.br\/semcom\/","name":"SEMCOM","description":"Secretaria Municipal de Comunica\u00e7\u00e3o","potentialAction":[{"@type":"SearchAction","target":{"@type":"EntryPoint","urlTemplate":"https:\/\/www.manaus.am.gov.br\/semcom\/?s={search_term_string}"},"query-input":"required name=search_term_string"}],"inLanguage":"pt-BR"},{"@type":"Person","@id":"https:\/\/www.manaus.am.gov.br\/semcom\/#\/schema\/person\/466a0e03ae4b6062809046bd560ac955","name":"bvalente","image":{"@type":"ImageObject","inLanguage":"pt-BR","@id":"https:\/\/www.manaus.am.gov.br\/semcom\/#\/schema\/person\/image\/","url":"https:\/\/secure.gravatar.com\/avatar\/3e69bc2b014bdad41adfec3a39de07d2?s=96&d=mm&r=g","contentUrl":"https:\/\/secure.gravatar.com\/avatar\/3e69bc2b014bdad41adfec3a39de07d2?s=96&d=mm&r=g","caption":"bvalente"}}]}},"_links":{"self":[{"href":"https:\/\/www.manaus.am.gov.br\/semcom\/wp-json\/wp\/v2\/posts\/247625"}],"collection":[{"href":"https:\/\/www.manaus.am.gov.br\/semcom\/wp-json\/wp\/v2\/posts"}],"about":[{"href":"https:\/\/www.manaus.am.gov.br\/semcom\/wp-json\/wp\/v2\/types\/post"}],"author":[{"embeddable":true,"href":"https:\/\/www.manaus.am.gov.br\/semcom\/wp-json\/wp\/v2\/users\/68"}],"replies":[{"embeddable":true,"href":"https:\/\/www.manaus.am.gov.br\/semcom\/wp-json\/wp\/v2\/comments?post=247625"}],"version-history":[{"count":3,"href":"https:\/\/www.manaus.am.gov.br\/semcom\/wp-json\/wp\/v2\/posts\/247625\/revisions"}],"predecessor-version":[{"id":247631,"href":"https:\/\/www.manaus.am.gov.br\/semcom\/wp-json\/wp\/v2\/posts\/247625\/revisions\/247631"}],"wp:featuredmedia":[{"embeddable":true,"href":"https:\/\/www.manaus.am.gov.br\/semcom\/wp-json\/wp\/v2\/media\/247628"}],"wp:attachment":[{"href":"https:\/\/www.manaus.am.gov.br\/semcom\/wp-json\/wp\/v2\/media?parent=247625"}],"wp:term":[{"taxonomy":"category","embeddable":true,"href":"https:\/\/www.manaus.am.gov.br\/semcom\/wp-json\/wp\/v2\/categories?post=247625"},{"taxonomy":"post_tag","embeddable":true,"href":"https:\/\/www.manaus.am.gov.br\/semcom\/wp-json\/wp\/v2\/tags?post=247625"}],"curies":[{"name":"wp","href":"https:\/\/api.w.org\/{rel}","templated":true}]}}