{"id":247603,"date":"2025-10-24T19:49:50","date_gmt":"2025-10-24T22:49:50","guid":{"rendered":"https:\/\/www.manaus.am.gov.br\/semcom\/manaus-encerra-participacao-brazil-travel-market\/"},"modified":"2025-10-24T19:49:52","modified_gmt":"2025-10-24T22:49:52","slug":"manaus-encerra-participacao-brazil-travel-market","status":"publish","type":"post","link":"https:\/\/www.manaus.am.gov.br\/semcom\/manaus-encerra-participacao-brazil-travel-market\/","title":{"rendered":"Manaus encerra participa\u00e7\u00e3o na Brazil Travel Market destacando potencial tur\u00edstico da Amaz\u00f4nia"},"content":{"rendered":"\n<p>A Prefeitura de Manaus, por meio da Funda\u00e7\u00e3o Municipal de Cultura, Turismo e Eventos (ManausCult), encerra, nesta quinta-feira, 24\/10, sua participa\u00e7\u00e3o na Brazil Travel Market (BTM), uma das maiores feiras de turismo B2B do Norte e Nordeste do Brasil, realizada em Fortaleza (CE). O evento re\u00fane expositores, operadoras de turismo, companhias a\u00e9reas e profissionais do setor de todo o pa\u00eds e do exterior, fortalecendo o interc\u00e2mbio de neg\u00f3cios e a promo\u00e7\u00e3o dos destinos tur\u00edsticos brasileiros.<\/p>\n\n\n\n<p><br>Representando a capital amazonense, a vice-presidente de Turismo da ManausCult, Oreni Braga, destacou a import\u00e2ncia da presen\u00e7a de Manaus em eventos estrat\u00e9gicos do trade nacional e internacional.<\/p>\n\n\n\n<p>\u201cEstar na BTM \u00e9 reafirmar o protagonismo de Manaus como um destino \u00fanico, que une natureza, cultura e hist\u00f3ria. \u00c9 uma oportunidade de promover nossos atrativos tur\u00edsticos, nossa gastronomia e de fortalecer parcerias que ampliem a visibilidade da cidade no mercado tur\u00edstico\u201d, afirmou Oreni.<\/p>\n\n\n\n<p><br>O estande de Manaus apresentou ao p\u00fablico o potencial da capital da Amaz\u00f4nia como porta de entrada para o turismo de natureza e de experi\u00eancias aut\u00eanticas na floresta, al\u00e9m de divulgar eventos culturais que movimentam a cidade ao longo do ano.<\/p>\n\n\n\n<p><br>Para o diretor-presidente da ManausCult, Jender Lobato, a presen\u00e7a de Manaus na feira refor\u00e7a a estrat\u00e9gia de posicionar a cidade entre os principais destinos tur\u00edsticos do pa\u00eds.<\/p>\n\n\n\n<p><br>\u201cA Prefeitura de Manaus, por meio da Manauscult, tem trabalhado para inserir a capital nas grandes vitrines do turismo nacional e internacional. Participar de feiras como a BTM \u00e9 fundamental para consolidar o destino Manaus e gerar novas oportunidades de neg\u00f3cios, atraindo visitantes e fortalecendo nossa economia criativa\u201d, ressaltou Jender.<br><br>Com expectativa de reunir mais de cinco mil profissionais do setor, a edi\u00e7\u00e3o deste ano da Brazil Travel Market consolida o evento como um marco para o turismo brasileiro. Manaus encerra sua participa\u00e7\u00e3o celebrando mais uma etapa de promo\u00e7\u00e3o e integra\u00e7\u00e3o com os grandes mercados tur\u00edsticos do Brasil e do mundo.<\/p>\n\n\n\n<p>&#8212; &#8212; &#8212;<\/p>\n\n\n\n<p><strong>Texto &#8211;<\/strong>\u00a0J\u00e9ssica Trajano\/ManausCult<\/p>\n\n\n\n<p><strong>Foto \u2013 <\/strong>Divulga\u00e7\u00e3o\/ManausCult<\/p>\n","protected":false},"excerpt":{"rendered":"","protected":false},"author":39,"featured_media":247604,"comment_status":"closed","ping_status":"closed","sticky":false,"template":"","format":"standard","meta":{"footnotes":""},"categories":[50],"tags":[17644,17645,307,17646,77],"acf":[],"yoast_head":"<!-- This site is optimized with the Yoast SEO plugin v23.0 - https:\/\/yoast.com\/wordpress\/plugins\/seo\/ -->\n<title>Manaus encerra participa\u00e7\u00e3o na Brazil Travel Market<\/title>\n<meta name=\"description\" content=\"Manaus encerra, nesta quinta-feira, 24\/10, participa\u00e7\u00e3o na Brazil Travel Market destacando potencial tur\u00edstico da Amaz\u00f4nia.\" \/>\n<meta name=\"robots\" content=\"index, follow, max-snippet:-1, max-image-preview:large, max-video-preview:-1\" \/>\n<link rel=\"canonical\" href=\"https:\/\/www.manaus.am.gov.br\/semcom\/manaus-encerra-participacao-brazil-travel-market\/\" \/>\n<meta property=\"og:locale\" content=\"pt_BR\" \/>\n<meta property=\"og:type\" content=\"article\" \/>\n<meta property=\"og:title\" content=\"Manaus encerra participa\u00e7\u00e3o na Brazil Travel Market\" \/>\n<meta property=\"og:description\" content=\"Manaus encerra, nesta quinta-feira, 24\/10, participa\u00e7\u00e3o na Brazil Travel Market destacando potencial tur\u00edstico da Amaz\u00f4nia.\" \/>\n<meta property=\"og:url\" content=\"https:\/\/www.manaus.am.gov.br\/semcom\/manaus-encerra-participacao-brazil-travel-market\/\" \/>\n<meta property=\"og:site_name\" content=\"SEMCOM\" \/>\n<meta property=\"article:published_time\" content=\"2025-10-24T22:49:50+00:00\" \/>\n<meta property=\"article:modified_time\" content=\"2025-10-24T22:49:52+00:00\" \/>\n<meta property=\"og:image\" content=\"https:\/\/www.manaus.am.gov.br\/semcom\/wp-content\/uploads\/sites\/5\/2025\/10\/0e93ac8e-5446-4108-b8da-251ed754422c.jpeg\" \/>\n\t<meta property=\"og:image:width\" content=\"4080\" \/>\n\t<meta property=\"og:image:height\" content=\"2296\" \/>\n\t<meta property=\"og:image:type\" content=\"image\/jpeg\" \/>\n<meta name=\"author\" content=\"Bruna Greco\" \/>\n<meta name=\"twitter:card\" content=\"summary_large_image\" \/>\n<meta name=\"twitter:label1\" content=\"Written by\" \/>\n\t<meta name=\"twitter:data1\" content=\"Bruna Greco\" \/>\n\t<meta name=\"twitter:label2\" content=\"Est. reading time\" \/>\n\t<meta name=\"twitter:data2\" content=\"2 minutos\" \/>\n<script type=\"application\/ld+json\" class=\"yoast-schema-graph\">{\"@context\":\"https:\/\/schema.org\",\"@graph\":[{\"@type\":\"WebPage\",\"@id\":\"https:\/\/www.manaus.am.gov.br\/semcom\/manaus-encerra-participacao-brazil-travel-market\/\",\"url\":\"https:\/\/www.manaus.am.gov.br\/semcom\/manaus-encerra-participacao-brazil-travel-market\/\",\"name\":\"Manaus encerra participa\u00e7\u00e3o na Brazil Travel Market\",\"isPartOf\":{\"@id\":\"https:\/\/www.manaus.am.gov.br\/semcom\/#website\"},\"primaryImageOfPage\":{\"@id\":\"https:\/\/www.manaus.am.gov.br\/semcom\/manaus-encerra-participacao-brazil-travel-market\/#primaryimage\"},\"image\":{\"@id\":\"https:\/\/www.manaus.am.gov.br\/semcom\/manaus-encerra-participacao-brazil-travel-market\/#primaryimage\"},\"thumbnailUrl\":\"https:\/\/www.manaus.am.gov.br\/semcom\/wp-content\/uploads\/sites\/5\/2025\/10\/0e93ac8e-5446-4108-b8da-251ed754422c.jpeg\",\"datePublished\":\"2025-10-24T22:49:50+00:00\",\"dateModified\":\"2025-10-24T22:49:52+00:00\",\"author\":{\"@id\":\"https:\/\/www.manaus.am.gov.br\/semcom\/#\/schema\/person\/05d223aea2bf115f9883a6ff3683d81b\"},\"description\":\"Manaus encerra, nesta quinta-feira, 24\/10, participa\u00e7\u00e3o na Brazil Travel Market destacando potencial tur\u00edstico da Amaz\u00f4nia.\",\"inLanguage\":\"pt-BR\",\"potentialAction\":[{\"@type\":\"ReadAction\",\"target\":[\"https:\/\/www.manaus.am.gov.br\/semcom\/manaus-encerra-participacao-brazil-travel-market\/\"]}]},{\"@type\":\"ImageObject\",\"inLanguage\":\"pt-BR\",\"@id\":\"https:\/\/www.manaus.am.gov.br\/semcom\/manaus-encerra-participacao-brazil-travel-market\/#primaryimage\",\"url\":\"https:\/\/www.manaus.am.gov.br\/semcom\/wp-content\/uploads\/sites\/5\/2025\/10\/0e93ac8e-5446-4108-b8da-251ed754422c.jpeg\",\"contentUrl\":\"https:\/\/www.manaus.am.gov.br\/semcom\/wp-content\/uploads\/sites\/5\/2025\/10\/0e93ac8e-5446-4108-b8da-251ed754422c.jpeg\",\"width\":4080,\"height\":2296,\"caption\":\"#paratodosverem - Equipe da ManausCult participando do encerramento do estande de Manaus na Brazil Travel Market (BTM), em Fortaleza\"},{\"@type\":\"WebSite\",\"@id\":\"https:\/\/www.manaus.am.gov.br\/semcom\/#website\",\"url\":\"https:\/\/www.manaus.am.gov.br\/semcom\/\",\"name\":\"SEMCOM\",\"description\":\"Secretaria Municipal de Comunica\u00e7\u00e3o\",\"potentialAction\":[{\"@type\":\"SearchAction\",\"target\":{\"@type\":\"EntryPoint\",\"urlTemplate\":\"https:\/\/www.manaus.am.gov.br\/semcom\/?s={search_term_string}\"},\"query-input\":\"required name=search_term_string\"}],\"inLanguage\":\"pt-BR\"},{\"@type\":\"Person\",\"@id\":\"https:\/\/www.manaus.am.gov.br\/semcom\/#\/schema\/person\/05d223aea2bf115f9883a6ff3683d81b\",\"name\":\"Bruna Greco\",\"image\":{\"@type\":\"ImageObject\",\"inLanguage\":\"pt-BR\",\"@id\":\"https:\/\/www.manaus.am.gov.br\/semcom\/#\/schema\/person\/image\/\",\"url\":\"https:\/\/secure.gravatar.com\/avatar\/9c877d1a6adc2a055330e5c09a8653ce?s=96&d=mm&r=g\",\"contentUrl\":\"https:\/\/secure.gravatar.com\/avatar\/9c877d1a6adc2a055330e5c09a8653ce?s=96&d=mm&r=g\",\"caption\":\"Bruna Greco\"}}]}<\/script>\n<!-- \/ Yoast SEO plugin. -->","yoast_head_json":{"title":"Manaus encerra participa\u00e7\u00e3o na Brazil Travel Market","description":"Manaus encerra, nesta quinta-feira, 24\/10, participa\u00e7\u00e3o na Brazil Travel Market destacando potencial tur\u00edstico da Amaz\u00f4nia.","robots":{"index":"index","follow":"follow","max-snippet":"max-snippet:-1","max-image-preview":"max-image-preview:large","max-video-preview":"max-video-preview:-1"},"canonical":"https:\/\/www.manaus.am.gov.br\/semcom\/manaus-encerra-participacao-brazil-travel-market\/","og_locale":"pt_BR","og_type":"article","og_title":"Manaus encerra participa\u00e7\u00e3o na Brazil Travel Market","og_description":"Manaus encerra, nesta quinta-feira, 24\/10, participa\u00e7\u00e3o na Brazil Travel Market destacando potencial tur\u00edstico da Amaz\u00f4nia.","og_url":"https:\/\/www.manaus.am.gov.br\/semcom\/manaus-encerra-participacao-brazil-travel-market\/","og_site_name":"SEMCOM","article_published_time":"2025-10-24T22:49:50+00:00","article_modified_time":"2025-10-24T22:49:52+00:00","og_image":[{"width":4080,"height":2296,"url":"https:\/\/www.manaus.am.gov.br\/semcom\/wp-content\/uploads\/sites\/5\/2025\/10\/0e93ac8e-5446-4108-b8da-251ed754422c.jpeg","type":"image\/jpeg"}],"author":"Bruna Greco","twitter_card":"summary_large_image","twitter_misc":{"Written by":"Bruna Greco","Est. reading time":"2 minutos"},"schema":{"@context":"https:\/\/schema.org","@graph":[{"@type":"WebPage","@id":"https:\/\/www.manaus.am.gov.br\/semcom\/manaus-encerra-participacao-brazil-travel-market\/","url":"https:\/\/www.manaus.am.gov.br\/semcom\/manaus-encerra-participacao-brazil-travel-market\/","name":"Manaus encerra participa\u00e7\u00e3o na Brazil Travel Market","isPartOf":{"@id":"https:\/\/www.manaus.am.gov.br\/semcom\/#website"},"primaryImageOfPage":{"@id":"https:\/\/www.manaus.am.gov.br\/semcom\/manaus-encerra-participacao-brazil-travel-market\/#primaryimage"},"image":{"@id":"https:\/\/www.manaus.am.gov.br\/semcom\/manaus-encerra-participacao-brazil-travel-market\/#primaryimage"},"thumbnailUrl":"https:\/\/www.manaus.am.gov.br\/semcom\/wp-content\/uploads\/sites\/5\/2025\/10\/0e93ac8e-5446-4108-b8da-251ed754422c.jpeg","datePublished":"2025-10-24T22:49:50+00:00","dateModified":"2025-10-24T22:49:52+00:00","author":{"@id":"https:\/\/www.manaus.am.gov.br\/semcom\/#\/schema\/person\/05d223aea2bf115f9883a6ff3683d81b"},"description":"Manaus encerra, nesta quinta-feira, 24\/10, participa\u00e7\u00e3o na Brazil Travel Market destacando potencial tur\u00edstico da Amaz\u00f4nia.","inLanguage":"pt-BR","potentialAction":[{"@type":"ReadAction","target":["https:\/\/www.manaus.am.gov.br\/semcom\/manaus-encerra-participacao-brazil-travel-market\/"]}]},{"@type":"ImageObject","inLanguage":"pt-BR","@id":"https:\/\/www.manaus.am.gov.br\/semcom\/manaus-encerra-participacao-brazil-travel-market\/#primaryimage","url":"https:\/\/www.manaus.am.gov.br\/semcom\/wp-content\/uploads\/sites\/5\/2025\/10\/0e93ac8e-5446-4108-b8da-251ed754422c.jpeg","contentUrl":"https:\/\/www.manaus.am.gov.br\/semcom\/wp-content\/uploads\/sites\/5\/2025\/10\/0e93ac8e-5446-4108-b8da-251ed754422c.jpeg","width":4080,"height":2296,"caption":"#paratodosverem - Equipe da ManausCult participando do encerramento do estande de Manaus na Brazil Travel Market (BTM), em Fortaleza"},{"@type":"WebSite","@id":"https:\/\/www.manaus.am.gov.br\/semcom\/#website","url":"https:\/\/www.manaus.am.gov.br\/semcom\/","name":"SEMCOM","description":"Secretaria Municipal de Comunica\u00e7\u00e3o","potentialAction":[{"@type":"SearchAction","target":{"@type":"EntryPoint","urlTemplate":"https:\/\/www.manaus.am.gov.br\/semcom\/?s={search_term_string}"},"query-input":"required name=search_term_string"}],"inLanguage":"pt-BR"},{"@type":"Person","@id":"https:\/\/www.manaus.am.gov.br\/semcom\/#\/schema\/person\/05d223aea2bf115f9883a6ff3683d81b","name":"Bruna Greco","image":{"@type":"ImageObject","inLanguage":"pt-BR","@id":"https:\/\/www.manaus.am.gov.br\/semcom\/#\/schema\/person\/image\/","url":"https:\/\/secure.gravatar.com\/avatar\/9c877d1a6adc2a055330e5c09a8653ce?s=96&d=mm&r=g","contentUrl":"https:\/\/secure.gravatar.com\/avatar\/9c877d1a6adc2a055330e5c09a8653ce?s=96&d=mm&r=g","caption":"Bruna Greco"}}]}},"_links":{"self":[{"href":"https:\/\/www.manaus.am.gov.br\/semcom\/wp-json\/wp\/v2\/posts\/247603"}],"collection":[{"href":"https:\/\/www.manaus.am.gov.br\/semcom\/wp-json\/wp\/v2\/posts"}],"about":[{"href":"https:\/\/www.manaus.am.gov.br\/semcom\/wp-json\/wp\/v2\/types\/post"}],"author":[{"embeddable":true,"href":"https:\/\/www.manaus.am.gov.br\/semcom\/wp-json\/wp\/v2\/users\/39"}],"replies":[{"embeddable":true,"href":"https:\/\/www.manaus.am.gov.br\/semcom\/wp-json\/wp\/v2\/comments?post=247603"}],"version-history":[{"count":0,"href":"https:\/\/www.manaus.am.gov.br\/semcom\/wp-json\/wp\/v2\/posts\/247603\/revisions"}],"wp:featuredmedia":[{"embeddable":true,"href":"https:\/\/www.manaus.am.gov.br\/semcom\/wp-json\/wp\/v2\/media\/247604"}],"wp:attachment":[{"href":"https:\/\/www.manaus.am.gov.br\/semcom\/wp-json\/wp\/v2\/media?parent=247603"}],"wp:term":[{"taxonomy":"category","embeddable":true,"href":"https:\/\/www.manaus.am.gov.br\/semcom\/wp-json\/wp\/v2\/categories?post=247603"},{"taxonomy":"post_tag","embeddable":true,"href":"https:\/\/www.manaus.am.gov.br\/semcom\/wp-json\/wp\/v2\/tags?post=247603"}],"curies":[{"name":"wp","href":"https:\/\/api.w.org\/{rel}","templated":true}]}}