{"id":247589,"date":"2025-10-24T12:10:12","date_gmt":"2025-10-24T15:10:12","guid":{"rendered":"https:\/\/www.manaus.am.gov.br\/semcom\/prefeito-celebracao-aniversariomanaus\/"},"modified":"2025-10-24T12:10:15","modified_gmt":"2025-10-24T15:10:15","slug":"prefeito-celebracao-aniversariomanaus","status":"publish","type":"post","link":"https:\/\/www.manaus.am.gov.br\/semcom\/prefeito-celebracao-aniversariomanaus\/","title":{"rendered":"Prefeito David Almeida celebra Manaus e o povo em noite hist\u00f3rica de abertura dos 356 anos da capital"},"content":{"rendered":"\n<p>A primeira noite de comemora\u00e7\u00e3o pelos 356 anos de Manaus reuniu milhares de pessoas em dois grandes eventos realizados na noite de quinta-feira, 23\/10, marcando um momento de f\u00e9, cultura e alegria para toda a cidade. O prefeito de Manaus, David Almeida, participou ativamente das celebra\u00e7\u00f5es, que mobilizaram um p\u00fablico estimado em mais de 80 mil pessoas, consolidando a data como um marco de uni\u00e3o entre diferentes express\u00f5es culturais e religiosas.<\/p>\n\n\n\n<p>O anfiteatro da Ponta Negra, na zona Oeste, recebeu o \u201cAnivers\u00e1rio Gospel\u201d, que reuniu aproximadamente 20 mil pessoas em uma noite de louvor com o minist\u00e9rio Diante do Trono, liderado por Ana Paula Valad\u00e3o. Para o prefeito David Almeida, a presen\u00e7a da banda foi um gesto de inclus\u00e3o e reconhecimento \u00e0 comunidade crist\u00e3 evang\u00e9lica, que, hoje, representa quase metade da popula\u00e7\u00e3o manauara.<\/p>\n\n\n\n<p>\u201c\u00c9 um dos maiores nomes de todos os tempos da m\u00fasica gospel no Brasil e sem d\u00favida uma das atra\u00e7\u00f5es mais importantes j\u00e1 trazidas pela prefeitura. Antes, esse p\u00fablico ficava fora das comemora\u00e7\u00f5es oficiais do anivers\u00e1rio da cidade. Desde que assumi, fiz quest\u00e3o de incluir a celebra\u00e7\u00e3o gospel, para que todos se sintam parte deste momento especial. Estou muito feliz de participar desta festa de f\u00e9 e alegria junto com o povo de Manaus\u201d, destacou o prefeito.<\/p>\n\n\n\n<p>Na sequ\u00eancia, a festa avan\u00e7ou para a alameda Alphaville, entre as zonas Leste e Norte, onde mais de 60 mil pessoas prestigiaram shows de Nadson, o Ferinha, e Klessinha, em uma das maiores concentra\u00e7\u00f5es populares j\u00e1 vistas nas comemora\u00e7\u00f5es do anivers\u00e1rio da cidade.<\/p>\n\n\n\n<p>\u201cManaus \u00e9 uma cidade que acolhe, cresce e se desenvolve, mesmo diante dos desafios. Celebrar este anivers\u00e1rio com tanta gente reunida, tanto na zona Oeste quanto nas zonas Leste e Norte, \u00e9 motivo de orgulho e alegria. Estamos oferecendo ao povo aquilo que ele merece: comemora\u00e7\u00f5es \u00e0 altura da grandeza da nossa cidade\u201d, afirmou David Almeida.<\/p>\n\n\n\n<p>O diretor-presidente da Manauscult, Jender Lobato, destacou que a primeira noite de comemora\u00e7\u00f5es pelos 356 anos de Manaus foi um retrato do trabalho integrado da prefeitura para valorizar a diversidade cultural e movimentar a economia criativa da cidade.<\/p>\n\n\n\n<p>\u201cEsta festa \u00e9 fruto de uma decis\u00e3o acertada do prefeito David Almeida de colocar o povo no centro das comemora\u00e7\u00f5es. Quando falamos do anivers\u00e1rio de Manaus, n\u00e3o falamos apenas dos artistas no palco, mas de toda uma cadeia que se mobiliza: s\u00e3o centenas de trabalhadores envolvidos na montagem das estruturas, na seguran\u00e7a, nos servi\u00e7os, na log\u00edstica, al\u00e9m de produtores, m\u00fasicos locais e grandes atra\u00e7\u00f5es nacionais. \u00c9 uma engrenagem que gera emprego, renda e autoestima para a nossa cidade\u201d, ressaltou.&nbsp;<\/p>\n\n\n\n<p>De acordo com Lobato, o \u201cAnivers\u00e1rio Gospel\u201d, com o Diante do Trono, trouxe f\u00e9 e emo\u00e7\u00e3o, e a festa nas zonas Leste e Norte, com Nadson, o Ferinha, e Klessinha, levou cultura e alegria para mais de 60 mil pessoas. \u201cTudo isso s\u00f3 \u00e9 poss\u00edvel, porque temos uma gest\u00e3o que acredita na cultura como motor de desenvolvimento e inclus\u00e3o social. Manaus merece essa grande celebra\u00e7\u00e3o\u201d, ressaltou.<\/p>\n\n\n\n<p>Al\u00e9m dos grandes shows e da emo\u00e7\u00e3o do p\u00fablico, quem trabalha nos bastidores tamb\u00e9m sente o impacto direto dessas comemora\u00e7\u00f5es.<\/p>\n\n\n\n<p>Jos\u00e9 Carlos, 44 anos, montador de palco, estava satisfeito com a festa.&nbsp; \u201cA gente passa noites aqui montando tudo para que o p\u00fablico veja a festa pronta. \u00c9 um trabalho pesado, mas gratificante, porque sabemos que fazemos parte de um momento hist\u00f3rico da cidade. Ter emprego, neste per\u00edodo, significa comida na mesa da minha fam\u00edlia\u201d, disse.<\/p>\n\n\n\n<p>Dona Ant\u00f4nia, 52 anos, vendedora ambulante da zona Norte, estava agradecida tamb\u00e9m. \u201cPara n\u00f3s que trabalhamos vendendo lanche, \u00e1gua, refrigerante, esta festa \u00e9 uma b\u00ean\u00e7\u00e3o. Hoje, consegui vender tudo antes da meia-noite. Isso ajuda muito no meu sustento e mostra que a prefeitura se preocupa tamb\u00e9m com quem vive da economia popular\u201d.<\/p>\n\n\n\n<p>Maria das Dores, 62 anos, moradora do bairro Compensa, prestigiou a festa dos 356 anos de Manaus com anima\u00e7\u00e3o. \u201cNunca pensei que fosse ver um anivers\u00e1rio da cidade onde a gente pudesse louvar a Deus junto com tantos irm\u00e3os. Hoje, eu saio daqui com o cora\u00e7\u00e3o cheio de alegria e gratid\u00e3o. Foi um presente para n\u00f3s, que somos do povo simples, mas que tamb\u00e9m queremos estar inclu\u00eddos\u201d.<\/p>\n\n\n\n<p>Lucas Henrique, 19 anos, estudante, disse estar sonhando acordado. \u201cVer a Klessinha e o Nadson cantando aqui no nosso bairro, junto com tanta gente, \u00e9 um sonho realizado que ainda nem acredito. Manaus est\u00e1 de parab\u00e9ns, porque este anivers\u00e1rio est\u00e1 mostrando que a cidade valoriza a juventude e d\u00e1 espa\u00e7o para todos\u201d.<\/p>\n\n\n\n<p>Estrutura e continuidade da programa\u00e7\u00e3o<\/p>\n\n\n\n<p>A noite contou com refor\u00e7o de seguran\u00e7a, com mais de 150 profissionais de apoio entre seguran\u00e7as privados e bombeiros civis, al\u00e9m de monitoramento em tempo real realizado pelo Centro de Coopera\u00e7\u00e3o da Cidade (CCC), garantindo a tranquilidade do p\u00fablico presente.<\/p>\n\n\n\n<p>As homenagens a Manaus seguem at\u00e9 o s\u00e1bado, 25\/10, com destaque para o \u201cBoi Manaus 2025\u201d, que celebrar\u00e1 a tradi\u00e7\u00e3o e a identidade cultural da cidade no samb\u00f3dromo. O evento ter\u00e1 a participa\u00e7\u00e3o de grandes nomes do boi-bumb\u00e1, consolidando a festa como uma das mais importantes da capital.<\/p>\n\n\n\n<p>&#8212; &#8212; &#8212;<\/p>\n\n\n\n<p><strong>Texto <\/strong>&#8211; Emanuelle Baires \/ Semcom-Prefeito<\/p>\n\n\n\n<p><strong>Fotos <\/strong>&#8211; Dhyeizo Lemos \/ Semcom-Prefeito e Jo\u00e3o Viana\/Semcom<\/p>\n\n\n\n<p><strong>Dispon\u00edveis em <\/strong>&#8211; <a href=\"https:\/\/flic.kr\/s\/aHBqjCyrVx\">https:\/\/flic.kr\/s\/aHBqjCyrVx<\/a> e <a href=\"https:\/\/flic.kr\/s\/aHBqjCyohx\">https:\/\/flic.kr\/s\/aHBqjCyohx<\/a><\/p>\n","protected":false},"excerpt":{"rendered":"","protected":false},"author":23,"featured_media":247590,"comment_status":"closed","ping_status":"closed","sticky":false,"template":"","format":"standard","meta":{"footnotes":""},"categories":[1884],"tags":[17634,7030,17635,458,484,77],"acf":[],"yoast_head":"<!-- This site is optimized with the Yoast SEO plugin v23.0 - https:\/\/yoast.com\/wordpress\/plugins\/seo\/ -->\n<title>Prefeito David Almeida celebra Manaus e o povo em noite hist\u00f3rica de abertura dos 356 anos da capital<\/title>\n<meta name=\"description\" content=\"A primeira noite de comemora\u00e7\u00e3o pelos 356 anos de Manaus reuniu milhares de pessoas em dois grandes eventos realizados na noite de quinta-feira, 23\/10, marcando um momento de f\u00e9, cultura e alegria para toda a cidade.\" \/>\n<meta name=\"robots\" content=\"index, follow, max-snippet:-1, max-image-preview:large, max-video-preview:-1\" \/>\n<link rel=\"canonical\" href=\"https:\/\/www.manaus.am.gov.br\/semcom\/prefeito-celebracao-aniversariomanaus\/\" \/>\n<meta property=\"og:locale\" content=\"pt_BR\" \/>\n<meta property=\"og:type\" content=\"article\" \/>\n<meta property=\"og:title\" content=\"Prefeito David Almeida celebra Manaus e o povo em noite hist\u00f3rica de abertura dos 356 anos da capital\" \/>\n<meta property=\"og:description\" content=\"A primeira noite de comemora\u00e7\u00e3o pelos 356 anos de Manaus reuniu milhares de pessoas em dois grandes eventos realizados na noite de quinta-feira, 23\/10, marcando um momento de f\u00e9, cultura e alegria para toda a cidade.\" \/>\n<meta property=\"og:url\" content=\"https:\/\/www.manaus.am.gov.br\/semcom\/prefeito-celebracao-aniversariomanaus\/\" \/>\n<meta property=\"og:site_name\" content=\"SEMCOM\" \/>\n<meta property=\"article:published_time\" content=\"2025-10-24T15:10:12+00:00\" \/>\n<meta property=\"article:modified_time\" content=\"2025-10-24T15:10:15+00:00\" \/>\n<meta property=\"og:image\" content=\"https:\/\/www.manaus.am.gov.br\/semcom\/wp-content\/uploads\/sites\/5\/2025\/10\/WhatsApp-Image-2025-10-24-at-11.00.59.jpeg\" \/>\n\t<meta property=\"og:image:width\" content=\"1280\" \/>\n\t<meta property=\"og:image:height\" content=\"872\" \/>\n\t<meta property=\"og:image:type\" content=\"image\/jpeg\" \/>\n<meta name=\"author\" content=\"Adriana Costa\" \/>\n<meta name=\"twitter:card\" content=\"summary_large_image\" \/>\n<meta name=\"twitter:label1\" content=\"Written by\" \/>\n\t<meta name=\"twitter:data1\" content=\"Adriana Costa\" \/>\n\t<meta name=\"twitter:label2\" content=\"Est. reading time\" \/>\n\t<meta name=\"twitter:data2\" content=\"5 minutos\" \/>\n<script type=\"application\/ld+json\" class=\"yoast-schema-graph\">{\"@context\":\"https:\/\/schema.org\",\"@graph\":[{\"@type\":\"WebPage\",\"@id\":\"https:\/\/www.manaus.am.gov.br\/semcom\/prefeito-celebracao-aniversariomanaus\/\",\"url\":\"https:\/\/www.manaus.am.gov.br\/semcom\/prefeito-celebracao-aniversariomanaus\/\",\"name\":\"Prefeito David Almeida celebra Manaus e o povo em noite hist\u00f3rica de abertura dos 356 anos da capital\",\"isPartOf\":{\"@id\":\"https:\/\/www.manaus.am.gov.br\/semcom\/#website\"},\"primaryImageOfPage\":{\"@id\":\"https:\/\/www.manaus.am.gov.br\/semcom\/prefeito-celebracao-aniversariomanaus\/#primaryimage\"},\"image\":{\"@id\":\"https:\/\/www.manaus.am.gov.br\/semcom\/prefeito-celebracao-aniversariomanaus\/#primaryimage\"},\"thumbnailUrl\":\"https:\/\/www.manaus.am.gov.br\/semcom\/wp-content\/uploads\/sites\/5\/2025\/10\/WhatsApp-Image-2025-10-24-at-11.00.59.jpeg\",\"datePublished\":\"2025-10-24T15:10:12+00:00\",\"dateModified\":\"2025-10-24T15:10:15+00:00\",\"author\":{\"@id\":\"https:\/\/www.manaus.am.gov.br\/semcom\/#\/schema\/person\/4e49f4e267757a06ca072ec61b2b9968\"},\"description\":\"A primeira noite de comemora\u00e7\u00e3o pelos 356 anos de Manaus reuniu milhares de pessoas em dois grandes eventos realizados na noite de quinta-feira, 23\/10, marcando um momento de f\u00e9, cultura e alegria para toda a cidade.\",\"inLanguage\":\"pt-BR\",\"potentialAction\":[{\"@type\":\"ReadAction\",\"target\":[\"https:\/\/www.manaus.am.gov.br\/semcom\/prefeito-celebracao-aniversariomanaus\/\"]}]},{\"@type\":\"ImageObject\",\"inLanguage\":\"pt-BR\",\"@id\":\"https:\/\/www.manaus.am.gov.br\/semcom\/prefeito-celebracao-aniversariomanaus\/#primaryimage\",\"url\":\"https:\/\/www.manaus.am.gov.br\/semcom\/wp-content\/uploads\/sites\/5\/2025\/10\/WhatsApp-Image-2025-10-24-at-11.00.59.jpeg\",\"contentUrl\":\"https:\/\/www.manaus.am.gov.br\/semcom\/wp-content\/uploads\/sites\/5\/2025\/10\/WhatsApp-Image-2025-10-24-at-11.00.59.jpeg\",\"width\":1280,\"height\":872},{\"@type\":\"WebSite\",\"@id\":\"https:\/\/www.manaus.am.gov.br\/semcom\/#website\",\"url\":\"https:\/\/www.manaus.am.gov.br\/semcom\/\",\"name\":\"SEMCOM\",\"description\":\"Secretaria Municipal de Comunica\u00e7\u00e3o\",\"potentialAction\":[{\"@type\":\"SearchAction\",\"target\":{\"@type\":\"EntryPoint\",\"urlTemplate\":\"https:\/\/www.manaus.am.gov.br\/semcom\/?s={search_term_string}\"},\"query-input\":\"required name=search_term_string\"}],\"inLanguage\":\"pt-BR\"},{\"@type\":\"Person\",\"@id\":\"https:\/\/www.manaus.am.gov.br\/semcom\/#\/schema\/person\/4e49f4e267757a06ca072ec61b2b9968\",\"name\":\"Adriana Costa\",\"image\":{\"@type\":\"ImageObject\",\"inLanguage\":\"pt-BR\",\"@id\":\"https:\/\/www.manaus.am.gov.br\/semcom\/#\/schema\/person\/image\/\",\"url\":\"https:\/\/secure.gravatar.com\/avatar\/576258617ef7194f718179e766d57bd4?s=96&d=mm&r=g\",\"contentUrl\":\"https:\/\/secure.gravatar.com\/avatar\/576258617ef7194f718179e766d57bd4?s=96&d=mm&r=g\",\"caption\":\"Adriana Costa\"}}]}<\/script>\n<!-- \/ Yoast SEO plugin. -->","yoast_head_json":{"title":"Prefeito David Almeida celebra Manaus e o povo em noite hist\u00f3rica de abertura dos 356 anos da capital","description":"A primeira noite de comemora\u00e7\u00e3o pelos 356 anos de Manaus reuniu milhares de pessoas em dois grandes eventos realizados na noite de quinta-feira, 23\/10, marcando um momento de f\u00e9, cultura e alegria para toda a cidade.","robots":{"index":"index","follow":"follow","max-snippet":"max-snippet:-1","max-image-preview":"max-image-preview:large","max-video-preview":"max-video-preview:-1"},"canonical":"https:\/\/www.manaus.am.gov.br\/semcom\/prefeito-celebracao-aniversariomanaus\/","og_locale":"pt_BR","og_type":"article","og_title":"Prefeito David Almeida celebra Manaus e o povo em noite hist\u00f3rica de abertura dos 356 anos da capital","og_description":"A primeira noite de comemora\u00e7\u00e3o pelos 356 anos de Manaus reuniu milhares de pessoas em dois grandes eventos realizados na noite de quinta-feira, 23\/10, marcando um momento de f\u00e9, cultura e alegria para toda a cidade.","og_url":"https:\/\/www.manaus.am.gov.br\/semcom\/prefeito-celebracao-aniversariomanaus\/","og_site_name":"SEMCOM","article_published_time":"2025-10-24T15:10:12+00:00","article_modified_time":"2025-10-24T15:10:15+00:00","og_image":[{"width":1280,"height":872,"url":"https:\/\/www.manaus.am.gov.br\/semcom\/wp-content\/uploads\/sites\/5\/2025\/10\/WhatsApp-Image-2025-10-24-at-11.00.59.jpeg","type":"image\/jpeg"}],"author":"Adriana Costa","twitter_card":"summary_large_image","twitter_misc":{"Written by":"Adriana Costa","Est. reading time":"5 minutos"},"schema":{"@context":"https:\/\/schema.org","@graph":[{"@type":"WebPage","@id":"https:\/\/www.manaus.am.gov.br\/semcom\/prefeito-celebracao-aniversariomanaus\/","url":"https:\/\/www.manaus.am.gov.br\/semcom\/prefeito-celebracao-aniversariomanaus\/","name":"Prefeito David Almeida celebra Manaus e o povo em noite hist\u00f3rica de abertura dos 356 anos da capital","isPartOf":{"@id":"https:\/\/www.manaus.am.gov.br\/semcom\/#website"},"primaryImageOfPage":{"@id":"https:\/\/www.manaus.am.gov.br\/semcom\/prefeito-celebracao-aniversariomanaus\/#primaryimage"},"image":{"@id":"https:\/\/www.manaus.am.gov.br\/semcom\/prefeito-celebracao-aniversariomanaus\/#primaryimage"},"thumbnailUrl":"https:\/\/www.manaus.am.gov.br\/semcom\/wp-content\/uploads\/sites\/5\/2025\/10\/WhatsApp-Image-2025-10-24-at-11.00.59.jpeg","datePublished":"2025-10-24T15:10:12+00:00","dateModified":"2025-10-24T15:10:15+00:00","author":{"@id":"https:\/\/www.manaus.am.gov.br\/semcom\/#\/schema\/person\/4e49f4e267757a06ca072ec61b2b9968"},"description":"A primeira noite de comemora\u00e7\u00e3o pelos 356 anos de Manaus reuniu milhares de pessoas em dois grandes eventos realizados na noite de quinta-feira, 23\/10, marcando um momento de f\u00e9, cultura e alegria para toda a cidade.","inLanguage":"pt-BR","potentialAction":[{"@type":"ReadAction","target":["https:\/\/www.manaus.am.gov.br\/semcom\/prefeito-celebracao-aniversariomanaus\/"]}]},{"@type":"ImageObject","inLanguage":"pt-BR","@id":"https:\/\/www.manaus.am.gov.br\/semcom\/prefeito-celebracao-aniversariomanaus\/#primaryimage","url":"https:\/\/www.manaus.am.gov.br\/semcom\/wp-content\/uploads\/sites\/5\/2025\/10\/WhatsApp-Image-2025-10-24-at-11.00.59.jpeg","contentUrl":"https:\/\/www.manaus.am.gov.br\/semcom\/wp-content\/uploads\/sites\/5\/2025\/10\/WhatsApp-Image-2025-10-24-at-11.00.59.jpeg","width":1280,"height":872},{"@type":"WebSite","@id":"https:\/\/www.manaus.am.gov.br\/semcom\/#website","url":"https:\/\/www.manaus.am.gov.br\/semcom\/","name":"SEMCOM","description":"Secretaria Municipal de Comunica\u00e7\u00e3o","potentialAction":[{"@type":"SearchAction","target":{"@type":"EntryPoint","urlTemplate":"https:\/\/www.manaus.am.gov.br\/semcom\/?s={search_term_string}"},"query-input":"required name=search_term_string"}],"inLanguage":"pt-BR"},{"@type":"Person","@id":"https:\/\/www.manaus.am.gov.br\/semcom\/#\/schema\/person\/4e49f4e267757a06ca072ec61b2b9968","name":"Adriana Costa","image":{"@type":"ImageObject","inLanguage":"pt-BR","@id":"https:\/\/www.manaus.am.gov.br\/semcom\/#\/schema\/person\/image\/","url":"https:\/\/secure.gravatar.com\/avatar\/576258617ef7194f718179e766d57bd4?s=96&d=mm&r=g","contentUrl":"https:\/\/secure.gravatar.com\/avatar\/576258617ef7194f718179e766d57bd4?s=96&d=mm&r=g","caption":"Adriana Costa"}}]}},"_links":{"self":[{"href":"https:\/\/www.manaus.am.gov.br\/semcom\/wp-json\/wp\/v2\/posts\/247589"}],"collection":[{"href":"https:\/\/www.manaus.am.gov.br\/semcom\/wp-json\/wp\/v2\/posts"}],"about":[{"href":"https:\/\/www.manaus.am.gov.br\/semcom\/wp-json\/wp\/v2\/types\/post"}],"author":[{"embeddable":true,"href":"https:\/\/www.manaus.am.gov.br\/semcom\/wp-json\/wp\/v2\/users\/23"}],"replies":[{"embeddable":true,"href":"https:\/\/www.manaus.am.gov.br\/semcom\/wp-json\/wp\/v2\/comments?post=247589"}],"version-history":[{"count":0,"href":"https:\/\/www.manaus.am.gov.br\/semcom\/wp-json\/wp\/v2\/posts\/247589\/revisions"}],"wp:featuredmedia":[{"embeddable":true,"href":"https:\/\/www.manaus.am.gov.br\/semcom\/wp-json\/wp\/v2\/media\/247590"}],"wp:attachment":[{"href":"https:\/\/www.manaus.am.gov.br\/semcom\/wp-json\/wp\/v2\/media?parent=247589"}],"wp:term":[{"taxonomy":"category","embeddable":true,"href":"https:\/\/www.manaus.am.gov.br\/semcom\/wp-json\/wp\/v2\/categories?post=247589"},{"taxonomy":"post_tag","embeddable":true,"href":"https:\/\/www.manaus.am.gov.br\/semcom\/wp-json\/wp\/v2\/tags?post=247589"}],"curies":[{"name":"wp","href":"https:\/\/api.w.org\/{rel}","templated":true}]}}